{"id":1238,"date":"2025-02-27T17:06:55","date_gmt":"2025-02-27T15:06:55","guid":{"rendered":"https:\/\/canalregionaltv.md\/?p=1238"},"modified":"2025-02-27T17:06:55","modified_gmt":"2025-02-27T15:06:55","slug":"mai-potrivit-pentru-un-barbat-fiica-lui-ramzan-kadirov-se-retrage-din-politica","status":"publish","type":"post","link":"https:\/\/canalregionaltv.md\/?p=1238","title":{"rendered":"\u201eMai potrivit pentru un b\u0103rbat\u201d: Fiica lui Ramzan Kad\u00eerov se retrage din politic\u0103"},"content":{"rendered":"<h3 data-start=\"943\" data-end=\"1017\">Fiica liderului cecen <a href=\"https:\/\/nordnews.md\/tag\/kadirov\/\">Ramzan Kad\u00eerov<\/a>, Ai\u0219at Kad\u00eerova, a anun\u021bat c\u0103 se retrage din func\u021bia de vice-prim-ministru al Republicii Cecene. Pe o re\u021bea de socializare, ea a declarat c\u0103\u00a0\u201e<em>aceast\u0103 munc\u0103 este mai potrivit\u0103 pentru un b\u0103rbat puternic<\/em>\u201d. Acest anun\u021b a fost pe 26 februarie, scrie <span><a href=\"https:\/\/meduza.io\/\">Meduza<\/a><\/span>.<\/h3>\n<p data-start=\"943\" data-end=\"1017\">Ai\u0219at Kad\u00eerova de\u021binea func\u021bia de prim-ministru din anul 2023. \u00cen trecut, ea a fost Ministru al Culturii. \u00cen anun\u021bul s\u0103u, ea a ajuns la concluzia c\u0103 va aduce mai mult beneficiu regiunii prin implicarea \u00een proiecte de afaceri. Kad\u00eerova a afirmat c\u0103 se va \u00eentoarce \u00een domeniul modei.<\/p>\n<blockquote>\n<p data-start=\"943\" data-end=\"1017\"><em>Aceast\u0103 munc\u0103 a fost o experien\u021b\u0103 important\u0103 pentru mine. [\u2026] Dar eu consider c\u0103 aceast\u0103 func\u021bie este mai potrivit\u0103 pentru un b\u0103rbat puternic.<\/em><\/p>\n<p data-start=\"943\" data-end=\"1017\"><strong>a declarat Ai\u0219at Kad\u00eerova<\/strong><\/p>\n<\/blockquote>\n<blockquote class=\"instagram-media\" data-instgrm-captioned=\"\" data-instgrm-permalink=\"https:\/\/www.instagram.com\/reel\/DGjK5MOoWv2\/?utm_source=ig_embed&amp;utm_campaign=loading\" data-instgrm-version=\"14\">\n<div>\n<p>\u00a0<\/p>\n<div>\n<div><\/div>\n<div>\n<div><\/div>\n<div><\/div>\n<\/div>\n<\/div>\n<div><\/div>\n<div><\/div>\n<div>\n<div>View this post on Instagram<\/div>\n<\/div>\n<div><\/div>\n<div>\n<div>\n<div><\/div>\n<div><\/div>\n<div><\/div>\n<\/div>\n<div>\n<div><\/div>\n<div><\/div>\n<\/div>\n<div>\n<div><\/div>\n<div><\/div>\n<div><\/div>\n<\/div>\n<\/div>\n<div>\n<div><\/div>\n<div><\/div>\n<\/div>\n<p>\u00a0<\/p>\n<p><a href=\"https:\/\/www.instagram.com\/reel\/DGjK5MOoWv2\/?utm_source=ig_embed&amp;utm_campaign=loading\" target=\"_blank\" rel=\"noopener\">A post shared by @ayshatkadyrova<\/a><\/p>\n<\/div>\n<\/blockquote>\n<p data-start=\"1760\" data-end=\"2150\">Fiica lui Kad\u00eerov, la fel ca \u0219i ceilal\u021bi copii ai liderului, a fost decorat\u0103 cu numeroase premii. Printre acestea se num\u0103r\u0103 medalia \u201ePentru merite deosebite fa\u021b\u0103 de Republica Cecen\u0103\u201d, medalia \u201ePentru ap\u0103rarea drepturilor omului\u201d, insigna \u201ePentru distinc\u021bie \u00een munc\u0103\u201d \u0219i Ordinul Kad\u00eerov, cea mai \u00eenalt\u0103 distinc\u021bie a republicii. \u00cen septembrie 2023, ea a primit \u0219i medalia ordinului \u201ePentru merite deosebite fa\u021b\u0103 de Patrie\u201d de gradul II.<\/p>\n<p>Articolul <a href=\"https:\/\/nordnews.md\/stiri-externe\/mai-potrivit-pentru-un-barbat-fiica-lui-ramzan-kadirov-se-retrage-din-politica\/\">\u201eMai potrivit pentru un b\u0103rbat\u201d: Fiica lui Ramzan Kad\u00eerov se retrage din politic\u0103<\/a> apare prima dat\u0103 \u00een <a href=\"https:\/\/nordnews.md\/\">NordNews<\/a>.<\/p>","protected":false},"excerpt":{"rendered":"<p>Fiica liderului cecen Ramzan Kad\u00eerov, Ai\u0219at Kad\u00eerova, a anun\u021bat c\u0103 se retrage din func\u021bia de vice-prim-ministru al Republicii Cecene. Pe o re\u021bea de socializare, ea [&hellip;]<\/p>\n","protected":false},"author":1,"featured_media":0,"comment_status":"open","ping_status":"closed","sticky":false,"template":"","format":"standard","meta":{"footnotes":""},"categories":[1],"tags":[],"class_list":["post-1238","post","type-post","status-publish","format-standard","hentry","category-uncategorized"],"yoast_head":"<!-- This site is optimized with the Yoast SEO plugin v21.3 - https:\/\/yoast.com\/wordpress\/plugins\/seo\/ -->\n<title>\u201eMai potrivit pentru un b\u0103rbat\u201d: Fiica lui Ramzan Kad\u00eerov se retrage din politic\u0103 - Canal Regional<\/title>\n<meta name=\"robots\" content=\"index, follow, max-snippet:-1, max-image-preview:large, max-video-preview:-1\" \/>\n<link rel=\"canonical\" href=\"https:\/\/canalregionaltv.md\/?p=1238\" \/>\n<meta property=\"og:locale\" content=\"en_US\" \/>\n<meta property=\"og:type\" content=\"article\" \/>\n<meta property=\"og:title\" content=\"\u201eMai potrivit pentru un b\u0103rbat\u201d: Fiica lui Ramzan Kad\u00eerov se retrage din politic\u0103 - Canal Regional\" \/>\n<meta property=\"og:description\" content=\"Fiica liderului cecen Ramzan Kad\u00eerov, Ai\u0219at Kad\u00eerova, a anun\u021bat c\u0103 se retrage din func\u021bia de vice-prim-ministru al Republicii Cecene. Pe o re\u021bea de socializare, ea [&hellip;]\" \/>\n<meta property=\"og:url\" content=\"https:\/\/canalregionaltv.md\/?p=1238\" \/>\n<meta property=\"og:site_name\" content=\"Canal Regional\" \/>\n<meta property=\"article:author\" content=\"Canal Regional, Canal Regional TV\" \/>\n<meta property=\"article:published_time\" content=\"2025-02-27T15:06:55+00:00\" \/>\n<meta name=\"author\" content=\"admin_axts737o\" \/>\n<meta name=\"twitter:card\" content=\"summary_large_image\" \/>\n<meta name=\"twitter:label1\" content=\"Written by\" \/>\n\t<meta name=\"twitter:data1\" content=\"admin_axts737o\" \/>\n\t<meta name=\"twitter:label2\" content=\"Est. reading time\" \/>\n\t<meta name=\"twitter:data2\" content=\"1 minute\" \/>\n<script type=\"application\/ld+json\" class=\"yoast-schema-graph\">{\"@context\":\"https:\/\/schema.org\",\"@graph\":[{\"@type\":\"Article\",\"@id\":\"https:\/\/canalregionaltv.md\/?p=1238#article\",\"isPartOf\":{\"@id\":\"https:\/\/canalregionaltv.md\/?p=1238\"},\"author\":{\"name\":\"admin_axts737o\",\"@id\":\"https:\/\/canalregionaltv.md\/#\/schema\/person\/96db60230b2eedd2fd6d09d267f32f8f\"},\"headline\":\"\u201eMai potrivit pentru un b\u0103rbat\u201d: Fiica lui Ramzan Kad\u00eerov se retrage din politic\u0103\",\"datePublished\":\"2025-02-27T15:06:55+00:00\",\"dateModified\":\"2025-02-27T15:06:55+00:00\",\"mainEntityOfPage\":{\"@id\":\"https:\/\/canalregionaltv.md\/?p=1238\"},\"wordCount\":254,\"commentCount\":0,\"publisher\":{\"@id\":\"https:\/\/canalregionaltv.md\/#organization\"},\"inLanguage\":\"en-US\",\"potentialAction\":[{\"@type\":\"CommentAction\",\"name\":\"Comment\",\"target\":[\"https:\/\/canalregionaltv.md\/?p=1238#respond\"]}]},{\"@type\":\"WebPage\",\"@id\":\"https:\/\/canalregionaltv.md\/?p=1238\",\"url\":\"https:\/\/canalregionaltv.md\/?p=1238\",\"name\":\"\u201eMai potrivit pentru un b\u0103rbat\u201d: Fiica lui Ramzan Kad\u00eerov se retrage din politic\u0103 - Canal Regional\",\"isPartOf\":{\"@id\":\"https:\/\/canalregionaltv.md\/#website\"},\"datePublished\":\"2025-02-27T15:06:55+00:00\",\"dateModified\":\"2025-02-27T15:06:55+00:00\",\"breadcrumb\":{\"@id\":\"https:\/\/canalregionaltv.md\/?p=1238#breadcrumb\"},\"inLanguage\":\"en-US\",\"potentialAction\":[{\"@type\":\"ReadAction\",\"target\":[\"https:\/\/canalregionaltv.md\/?p=1238\"]}]},{\"@type\":\"BreadcrumbList\",\"@id\":\"https:\/\/canalregionaltv.md\/?p=1238#breadcrumb\",\"itemListElement\":[{\"@type\":\"ListItem\",\"position\":1,\"name\":\"Home\",\"item\":\"https:\/\/canalregionaltv.md\/\"},{\"@type\":\"ListItem\",\"position\":2,\"name\":\"\u201eMai potrivit pentru un b\u0103rbat\u201d: Fiica lui Ramzan Kad\u00eerov se retrage din politic\u0103\"}]},{\"@type\":\"WebSite\",\"@id\":\"https:\/\/canalregionaltv.md\/#website\",\"url\":\"https:\/\/canalregionaltv.md\/\",\"name\":\"Canal Regional\",\"description\":\"Canal Regional\",\"publisher\":{\"@id\":\"https:\/\/canalregionaltv.md\/#organization\"},\"potentialAction\":[{\"@type\":\"SearchAction\",\"target\":{\"@type\":\"EntryPoint\",\"urlTemplate\":\"https:\/\/canalregionaltv.md\/?s={search_term_string}\"},\"query-input\":\"required name=search_term_string\"}],\"inLanguage\":\"en-US\"},{\"@type\":\"Organization\",\"@id\":\"https:\/\/canalregionaltv.md\/#organization\",\"name\":\"Canal Regional\",\"url\":\"https:\/\/canalregionaltv.md\/\",\"logo\":{\"@type\":\"ImageObject\",\"inLanguage\":\"en-US\",\"@id\":\"https:\/\/canalregionaltv.md\/#\/schema\/logo\/image\/\",\"url\":\"https:\/\/canalregionaltv.md\/wp-content\/uploads\/2023\/10\/Logo_r.png\",\"contentUrl\":\"https:\/\/canalregionaltv.md\/wp-content\/uploads\/2023\/10\/Logo_r.png\",\"width\":403,\"height\":112,\"caption\":\"Canal Regional\"},\"image\":{\"@id\":\"https:\/\/canalregionaltv.md\/#\/schema\/logo\/image\/\"}},{\"@type\":\"Person\",\"@id\":\"https:\/\/canalregionaltv.md\/#\/schema\/person\/96db60230b2eedd2fd6d09d267f32f8f\",\"name\":\"admin_axts737o\",\"image\":{\"@type\":\"ImageObject\",\"inLanguage\":\"en-US\",\"@id\":\"https:\/\/canalregionaltv.md\/#\/schema\/person\/image\/\",\"url\":\"https:\/\/secure.gravatar.com\/avatar\/409e62ddd56f511fb1262f27a1535ee7719603a42e55b11651be97d388418cae?s=96&d=mm&r=g\",\"contentUrl\":\"https:\/\/secure.gravatar.com\/avatar\/409e62ddd56f511fb1262f27a1535ee7719603a42e55b11651be97d388418cae?s=96&d=mm&r=g\",\"caption\":\"admin_axts737o\"},\"sameAs\":[\"https:\/\/canalregionaltv.md\",\"Canal Regional, Canal Regional TV\",\"canal Regional\"],\"url\":\"https:\/\/canalregionaltv.md\/?author=1\"}]}<\/script>\n<!-- \/ Yoast SEO plugin. -->","yoast_head_json":{"title":"\u201eMai potrivit pentru un b\u0103rbat\u201d: Fiica lui Ramzan Kad\u00eerov se retrage din politic\u0103 - Canal Regional","robots":{"index":"index","follow":"follow","max-snippet":"max-snippet:-1","max-image-preview":"max-image-preview:large","max-video-preview":"max-video-preview:-1"},"canonical":"https:\/\/canalregionaltv.md\/?p=1238","og_locale":"en_US","og_type":"article","og_title":"\u201eMai potrivit pentru un b\u0103rbat\u201d: Fiica lui Ramzan Kad\u00eerov se retrage din politic\u0103 - Canal Regional","og_description":"Fiica liderului cecen Ramzan Kad\u00eerov, Ai\u0219at Kad\u00eerova, a anun\u021bat c\u0103 se retrage din func\u021bia de vice-prim-ministru al Republicii Cecene. Pe o re\u021bea de socializare, ea [&hellip;]","og_url":"https:\/\/canalregionaltv.md\/?p=1238","og_site_name":"Canal Regional","article_author":"Canal Regional, Canal Regional TV","article_published_time":"2025-02-27T15:06:55+00:00","author":"admin_axts737o","twitter_card":"summary_large_image","twitter_misc":{"Written by":"admin_axts737o","Est. reading time":"1 minute"},"schema":{"@context":"https:\/\/schema.org","@graph":[{"@type":"Article","@id":"https:\/\/canalregionaltv.md\/?p=1238#article","isPartOf":{"@id":"https:\/\/canalregionaltv.md\/?p=1238"},"author":{"name":"admin_axts737o","@id":"https:\/\/canalregionaltv.md\/#\/schema\/person\/96db60230b2eedd2fd6d09d267f32f8f"},"headline":"\u201eMai potrivit pentru un b\u0103rbat\u201d: Fiica lui Ramzan Kad\u00eerov se retrage din politic\u0103","datePublished":"2025-02-27T15:06:55+00:00","dateModified":"2025-02-27T15:06:55+00:00","mainEntityOfPage":{"@id":"https:\/\/canalregionaltv.md\/?p=1238"},"wordCount":254,"commentCount":0,"publisher":{"@id":"https:\/\/canalregionaltv.md\/#organization"},"inLanguage":"en-US","potentialAction":[{"@type":"CommentAction","name":"Comment","target":["https:\/\/canalregionaltv.md\/?p=1238#respond"]}]},{"@type":"WebPage","@id":"https:\/\/canalregionaltv.md\/?p=1238","url":"https:\/\/canalregionaltv.md\/?p=1238","name":"\u201eMai potrivit pentru un b\u0103rbat\u201d: Fiica lui Ramzan Kad\u00eerov se retrage din politic\u0103 - Canal Regional","isPartOf":{"@id":"https:\/\/canalregionaltv.md\/#website"},"datePublished":"2025-02-27T15:06:55+00:00","dateModified":"2025-02-27T15:06:55+00:00","breadcrumb":{"@id":"https:\/\/canalregionaltv.md\/?p=1238#breadcrumb"},"inLanguage":"en-US","potentialAction":[{"@type":"ReadAction","target":["https:\/\/canalregionaltv.md\/?p=1238"]}]},{"@type":"BreadcrumbList","@id":"https:\/\/canalregionaltv.md\/?p=1238#breadcrumb","itemListElement":[{"@type":"ListItem","position":1,"name":"Home","item":"https:\/\/canalregionaltv.md\/"},{"@type":"ListItem","position":2,"name":"\u201eMai potrivit pentru un b\u0103rbat\u201d: Fiica lui Ramzan Kad\u00eerov se retrage din politic\u0103"}]},{"@type":"WebSite","@id":"https:\/\/canalregionaltv.md\/#website","url":"https:\/\/canalregionaltv.md\/","name":"Canal Regional","description":"Canal Regional","publisher":{"@id":"https:\/\/canalregionaltv.md\/#organization"},"potentialAction":[{"@type":"SearchAction","target":{"@type":"EntryPoint","urlTemplate":"https:\/\/canalregionaltv.md\/?s={search_term_string}"},"query-input":"required name=search_term_string"}],"inLanguage":"en-US"},{"@type":"Organization","@id":"https:\/\/canalregionaltv.md\/#organization","name":"Canal Regional","url":"https:\/\/canalregionaltv.md\/","logo":{"@type":"ImageObject","inLanguage":"en-US","@id":"https:\/\/canalregionaltv.md\/#\/schema\/logo\/image\/","url":"https:\/\/canalregionaltv.md\/wp-content\/uploads\/2023\/10\/Logo_r.png","contentUrl":"https:\/\/canalregionaltv.md\/wp-content\/uploads\/2023\/10\/Logo_r.png","width":403,"height":112,"caption":"Canal Regional"},"image":{"@id":"https:\/\/canalregionaltv.md\/#\/schema\/logo\/image\/"}},{"@type":"Person","@id":"https:\/\/canalregionaltv.md\/#\/schema\/person\/96db60230b2eedd2fd6d09d267f32f8f","name":"admin_axts737o","image":{"@type":"ImageObject","inLanguage":"en-US","@id":"https:\/\/canalregionaltv.md\/#\/schema\/person\/image\/","url":"https:\/\/secure.gravatar.com\/avatar\/409e62ddd56f511fb1262f27a1535ee7719603a42e55b11651be97d388418cae?s=96&d=mm&r=g","contentUrl":"https:\/\/secure.gravatar.com\/avatar\/409e62ddd56f511fb1262f27a1535ee7719603a42e55b11651be97d388418cae?s=96&d=mm&r=g","caption":"admin_axts737o"},"sameAs":["https:\/\/canalregionaltv.md","Canal Regional, Canal Regional TV","canal Regional"],"url":"https:\/\/canalregionaltv.md\/?author=1"}]}},"_links":{"self":[{"href":"https:\/\/canalregionaltv.md\/index.php?rest_route=\/wp\/v2\/posts\/1238","targetHints":{"allow":["GET"]}}],"collection":[{"href":"https:\/\/canalregionaltv.md\/index.php?rest_route=\/wp\/v2\/posts"}],"about":[{"href":"https:\/\/canalregionaltv.md\/index.php?rest_route=\/wp\/v2\/types\/post"}],"author":[{"embeddable":true,"href":"https:\/\/canalregionaltv.md\/index.php?rest_route=\/wp\/v2\/users\/1"}],"replies":[{"embeddable":true,"href":"https:\/\/canalregionaltv.md\/index.php?rest_route=%2Fwp%2Fv2%2Fcomments&post=1238"}],"version-history":[{"count":0,"href":"https:\/\/canalregionaltv.md\/index.php?rest_route=\/wp\/v2\/posts\/1238\/revisions"}],"wp:attachment":[{"href":"https:\/\/canalregionaltv.md\/index.php?rest_route=%2Fwp%2Fv2%2Fmedia&parent=1238"}],"wp:term":[{"taxonomy":"category","embeddable":true,"href":"https:\/\/canalregionaltv.md\/index.php?rest_route=%2Fwp%2Fv2%2Fcategories&post=1238"},{"taxonomy":"post_tag","embeddable":true,"href":"https:\/\/canalregionaltv.md\/index.php?rest_route=%2Fwp%2Fv2%2Ftags&post=1238"}],"curies":[{"name":"wp","href":"https:\/\/api.w.org\/{rel}","templated":true}]}}