{"id":3037,"date":"2026-04-25T17:03:07","date_gmt":"2026-04-25T15:03:07","guid":{"rendered":"https:\/\/canalregionaltv.md\/?p=3037"},"modified":"2026-04-25T17:03:07","modified_gmt":"2026-04-25T15:03:07","slug":"studiu-privind-impactul-legislatiei-ue-asupra-autoritatilor-locale-din-moldova-lansat","status":"publish","type":"post","link":"https:\/\/canalregionaltv.md\/?p=3037","title":{"rendered":"Studiu privind impactul legisla\u021biei UE asupra autorit\u0103\u021bilor locale din Moldova, lansat"},"content":{"rendered":"<h3 data-start=\"91\" data-end=\"523\">Un studiu de evaluare a impactului legisla\u021biei Uniunii Europene asupra activit\u0103\u021bii autorit\u0103\u021bilor administra\u021biei publice locale din <span class=\"hover:entity-accent entity-underline inline cursor-pointer align-baseline\"><span class=\"whitespace-normal\">Republica Moldova<\/span><\/span> urmeaz\u0103 s\u0103 fie realizat \u00een urm\u0103toarele luni. Ini\u021biativa vizeaz\u0103 identificarea obliga\u021biilor care revin autorit\u0103\u021bilor locale \u00een procesul de implementare a acquis-ului comunitar, precum \u0219i a domeniilor care necesit\u0103 ajust\u0103ri pentru alinierea la standardele europene.<\/h3>\n<p><img loading=\"lazy\" decoding=\"async\" class=\"alignnone size-full wp-image-356479\" src=\"https:\/\/nordnews.md\/wp-content\/uploads\/2026\/04\/dbu_3688.jpg\" alt=\"\" width=\"1137\" height=\"652\" \/><\/p>\n<p data-start=\"553\" data-end=\"890\">Analiza va fi realizat\u0103 de <span class=\"hover:entity-accent entity-underline inline cursor-pointer align-baseline\"><span class=\"whitespace-normal\">SALAR International<\/span><\/span>, \u00een cadrul proiectului moldo-suedez \u201ePACE Local: Administra\u021bie Public\u0103 Local\u0103, Implicare Cet\u0103\u021beneasc\u0103\u201d, implementat cu sprijinul Guvernului Suediei \u0219i \u00een parteneriat cu Re\u021beaua Ambasadorilor Locali pentru Integrare European\u0103 a <span class=\"hover:entity-accent entity-underline inline cursor-pointer align-baseline\"><span class=\"whitespace-normal\">Congresului Autorit\u0103\u021bilor Locale din Moldova<\/span><\/span> (CALM).<\/p>\n<p data-start=\"892\" data-end=\"1025\">Procesul va implica exper\u021bi na\u021bionali \u0219i interna\u021bionali, dar \u0219i reprezentan\u021bi ai autorit\u0103\u021bilor locale din diferite regiuni ale \u021b\u0103rii.<\/p>\n<p data-start=\"1052\" data-end=\"1370\">Potrivit <span class=\"hover:entity-accent entity-underline inline cursor-pointer align-baseline\"><span class=\"whitespace-normal\">Comitetul European al Regiunilor<\/span><\/span>, p\u00e2n\u0103 la 70% din legisla\u021bia european\u0103 influen\u021beaz\u0103 direct activitatea autorit\u0103\u021bilor locale. Printre domeniile cu impact major se num\u0103r\u0103 achizi\u021biile publice, protec\u021bia mediului, gestionarea de\u0219eurilor, politica regional\u0103, accesul la fonduri europene \u0219i ajutoarele de stat.<\/p>\n<p data-start=\"1372\" data-end=\"1795\">Expertul SALAR International, <span class=\"hover:entity-accent entity-underline inline cursor-pointer align-baseline\"><span class=\"whitespace-normal\">David Young<\/span><\/span>, a precizat c\u0103 astfel de evalu\u0103ri au fost realizate \u0219i \u00een alte state aflate pe parcurs european, precum <span class=\"hover:entity-accent entity-underline inline cursor-pointer align-baseline\"><span class=\"whitespace-normal\">Croa\u021bia<\/span><\/span>, <span class=\"hover:entity-accent entity-underline inline cursor-pointer align-baseline\"><span class=\"whitespace-normal\">Bosnia \u0219i Her\u021begovina<\/span><\/span> \u0219i <span class=\"hover:entity-accent entity-underline inline cursor-pointer align-baseline\"><span class=\"whitespace-normal\">Ucraina<\/span><\/span>. Potrivit acestuia, identificarea domeniilor ce necesit\u0103 ajust\u0103ri este esen\u021bial\u0103 inclusiv pentru negocierea perioadelor de tranzi\u021bie.<\/p>\n<p data-start=\"1852\" data-end=\"2141\">\u0218eful Biroului de Integrare European\u0103, <span class=\"hover:entity-accent entity-underline inline cursor-pointer align-baseline\"><span class=\"whitespace-normal\">Ghenadie Marian<\/span><\/span>, a subliniat c\u0103 implicarea autorit\u0103\u021bilor locale este crucial\u0103 pentru avansarea parcursului european, iar o mai bun\u0103 \u00een\u021belegere a acquis-ului comunitar va \u00eembun\u0103t\u0103\u021bi cooperarea dintre nivelul central \u0219i cel local.<\/p>\n<p data-start=\"2143\" data-end=\"2413\">La r\u00e2ndul s\u0103u, primara de Cruze\u0219ti \u0219i vicepre\u0219edinta CALM, <span class=\"hover:entity-accent entity-underline inline cursor-pointer align-baseline\"><span class=\"whitespace-normal\">Violeta Crudu<\/span><\/span>, a declarat c\u0103 studiul va sprijini participarea activ\u0103 a primarilor \u00een procesul de aderare la UE \u0219i va contribui la consolidarea capacit\u0103\u021bilor administrative la nivel local.<\/p>\n<p data-start=\"2430\" data-end=\"2657\">Rezultatele studiului ar urma s\u0103 ofere autorit\u0103\u021bilor locale instrumente concrete pentru implementarea legisla\u021biei europene \u0219i valorificarea oportunit\u0103\u021bilor oferite de procesul de integrare, facilit\u00e2nd dezvoltarea comunit\u0103\u021bilor.<\/p>\n<p>Articolul <a href=\"https:\/\/nordnews.md\/stiri-nationale\/social\/studiu-legislatie-ue-autoritati-locale-moldova\/\">Studiu privind impactul legisla\u021biei UE asupra autorit\u0103\u021bilor locale din Moldova, lansat<\/a> apare prima dat\u0103 \u00een <a href=\"https:\/\/nordnews.md\/\">NordNews<\/a>.<\/p>","protected":false},"excerpt":{"rendered":"<p>Un studiu de evaluare a impactului legisla\u021biei Uniunii Europene asupra activit\u0103\u021bii autorit\u0103\u021bilor administra\u021biei publice locale din Republica Moldova urmeaz\u0103 s\u0103 fie realizat \u00een urm\u0103toarele luni. [&hellip;]<\/p>\n","protected":false},"author":1,"featured_media":0,"comment_status":"open","ping_status":"closed","sticky":false,"template":"","format":"standard","meta":{"footnotes":""},"categories":[1],"tags":[],"class_list":["post-3037","post","type-post","status-publish","format-standard","hentry","category-uncategorized"],"yoast_head":"<!-- This site is optimized with the Yoast SEO plugin v21.3 - https:\/\/yoast.com\/wordpress\/plugins\/seo\/ -->\n<title>Studiu privind impactul legisla\u021biei UE asupra autorit\u0103\u021bilor locale din Moldova, lansat - Canal Regional<\/title>\n<meta name=\"robots\" content=\"index, follow, max-snippet:-1, max-image-preview:large, max-video-preview:-1\" \/>\n<link rel=\"canonical\" href=\"https:\/\/canalregionaltv.md\/?p=3037\" \/>\n<meta property=\"og:locale\" content=\"en_US\" \/>\n<meta property=\"og:type\" content=\"article\" \/>\n<meta property=\"og:title\" content=\"Studiu privind impactul legisla\u021biei UE asupra autorit\u0103\u021bilor locale din Moldova, lansat - Canal Regional\" \/>\n<meta property=\"og:description\" content=\"Un studiu de evaluare a impactului legisla\u021biei Uniunii Europene asupra activit\u0103\u021bii autorit\u0103\u021bilor administra\u021biei publice locale din Republica Moldova urmeaz\u0103 s\u0103 fie realizat \u00een urm\u0103toarele luni. [&hellip;]\" \/>\n<meta property=\"og:url\" content=\"https:\/\/canalregionaltv.md\/?p=3037\" \/>\n<meta property=\"og:site_name\" content=\"Canal Regional\" \/>\n<meta property=\"article:author\" content=\"Canal Regional, Canal Regional TV\" \/>\n<meta property=\"article:published_time\" content=\"2026-04-25T15:03:07+00:00\" \/>\n<meta property=\"og:image\" content=\"https:\/\/nordnews.md\/wp-content\/uploads\/2026\/04\/dbu_3688.jpg\" \/>\n<meta name=\"author\" content=\"admin_axts737o\" \/>\n<meta name=\"twitter:card\" content=\"summary_large_image\" \/>\n<meta name=\"twitter:label1\" content=\"Written by\" \/>\n\t<meta name=\"twitter:data1\" content=\"admin_axts737o\" \/>\n\t<meta name=\"twitter:label2\" content=\"Est. reading time\" \/>\n\t<meta name=\"twitter:data2\" content=\"2 minutes\" \/>\n<script type=\"application\/ld+json\" class=\"yoast-schema-graph\">{\"@context\":\"https:\/\/schema.org\",\"@graph\":[{\"@type\":\"Article\",\"@id\":\"https:\/\/canalregionaltv.md\/?p=3037#article\",\"isPartOf\":{\"@id\":\"https:\/\/canalregionaltv.md\/?p=3037\"},\"author\":{\"name\":\"admin_axts737o\",\"@id\":\"https:\/\/canalregionaltv.md\/#\/schema\/person\/96db60230b2eedd2fd6d09d267f32f8f\"},\"headline\":\"Studiu privind impactul legisla\u021biei UE asupra autorit\u0103\u021bilor locale din Moldova, lansat\",\"datePublished\":\"2026-04-25T15:03:07+00:00\",\"dateModified\":\"2026-04-25T15:03:07+00:00\",\"mainEntityOfPage\":{\"@id\":\"https:\/\/canalregionaltv.md\/?p=3037\"},\"wordCount\":368,\"commentCount\":0,\"publisher\":{\"@id\":\"https:\/\/canalregionaltv.md\/#organization\"},\"inLanguage\":\"en-US\",\"potentialAction\":[{\"@type\":\"CommentAction\",\"name\":\"Comment\",\"target\":[\"https:\/\/canalregionaltv.md\/?p=3037#respond\"]}]},{\"@type\":\"WebPage\",\"@id\":\"https:\/\/canalregionaltv.md\/?p=3037\",\"url\":\"https:\/\/canalregionaltv.md\/?p=3037\",\"name\":\"Studiu privind impactul legisla\u021biei UE asupra autorit\u0103\u021bilor locale din Moldova, lansat - Canal Regional\",\"isPartOf\":{\"@id\":\"https:\/\/canalregionaltv.md\/#website\"},\"datePublished\":\"2026-04-25T15:03:07+00:00\",\"dateModified\":\"2026-04-25T15:03:07+00:00\",\"breadcrumb\":{\"@id\":\"https:\/\/canalregionaltv.md\/?p=3037#breadcrumb\"},\"inLanguage\":\"en-US\",\"potentialAction\":[{\"@type\":\"ReadAction\",\"target\":[\"https:\/\/canalregionaltv.md\/?p=3037\"]}]},{\"@type\":\"BreadcrumbList\",\"@id\":\"https:\/\/canalregionaltv.md\/?p=3037#breadcrumb\",\"itemListElement\":[{\"@type\":\"ListItem\",\"position\":1,\"name\":\"Home\",\"item\":\"https:\/\/canalregionaltv.md\/\"},{\"@type\":\"ListItem\",\"position\":2,\"name\":\"Studiu privind impactul legisla\u021biei UE asupra autorit\u0103\u021bilor locale din Moldova, lansat\"}]},{\"@type\":\"WebSite\",\"@id\":\"https:\/\/canalregionaltv.md\/#website\",\"url\":\"https:\/\/canalregionaltv.md\/\",\"name\":\"Canal Regional\",\"description\":\"Canal Regional\",\"publisher\":{\"@id\":\"https:\/\/canalregionaltv.md\/#organization\"},\"potentialAction\":[{\"@type\":\"SearchAction\",\"target\":{\"@type\":\"EntryPoint\",\"urlTemplate\":\"https:\/\/canalregionaltv.md\/?s={search_term_string}\"},\"query-input\":\"required name=search_term_string\"}],\"inLanguage\":\"en-US\"},{\"@type\":\"Organization\",\"@id\":\"https:\/\/canalregionaltv.md\/#organization\",\"name\":\"Canal Regional\",\"url\":\"https:\/\/canalregionaltv.md\/\",\"logo\":{\"@type\":\"ImageObject\",\"inLanguage\":\"en-US\",\"@id\":\"https:\/\/canalregionaltv.md\/#\/schema\/logo\/image\/\",\"url\":\"https:\/\/canalregionaltv.md\/wp-content\/uploads\/2023\/10\/Logo_r.png\",\"contentUrl\":\"https:\/\/canalregionaltv.md\/wp-content\/uploads\/2023\/10\/Logo_r.png\",\"width\":403,\"height\":112,\"caption\":\"Canal Regional\"},\"image\":{\"@id\":\"https:\/\/canalregionaltv.md\/#\/schema\/logo\/image\/\"}},{\"@type\":\"Person\",\"@id\":\"https:\/\/canalregionaltv.md\/#\/schema\/person\/96db60230b2eedd2fd6d09d267f32f8f\",\"name\":\"admin_axts737o\",\"image\":{\"@type\":\"ImageObject\",\"inLanguage\":\"en-US\",\"@id\":\"https:\/\/canalregionaltv.md\/#\/schema\/person\/image\/\",\"url\":\"https:\/\/secure.gravatar.com\/avatar\/409e62ddd56f511fb1262f27a1535ee7719603a42e55b11651be97d388418cae?s=96&d=mm&r=g\",\"contentUrl\":\"https:\/\/secure.gravatar.com\/avatar\/409e62ddd56f511fb1262f27a1535ee7719603a42e55b11651be97d388418cae?s=96&d=mm&r=g\",\"caption\":\"admin_axts737o\"},\"sameAs\":[\"https:\/\/canalregionaltv.md\",\"Canal Regional, Canal Regional TV\",\"canal Regional\"],\"url\":\"https:\/\/canalregionaltv.md\/?author=1\"}]}<\/script>\n<!-- \/ Yoast SEO plugin. -->","yoast_head_json":{"title":"Studiu privind impactul legisla\u021biei UE asupra autorit\u0103\u021bilor locale din Moldova, lansat - Canal Regional","robots":{"index":"index","follow":"follow","max-snippet":"max-snippet:-1","max-image-preview":"max-image-preview:large","max-video-preview":"max-video-preview:-1"},"canonical":"https:\/\/canalregionaltv.md\/?p=3037","og_locale":"en_US","og_type":"article","og_title":"Studiu privind impactul legisla\u021biei UE asupra autorit\u0103\u021bilor locale din Moldova, lansat - Canal Regional","og_description":"Un studiu de evaluare a impactului legisla\u021biei Uniunii Europene asupra activit\u0103\u021bii autorit\u0103\u021bilor administra\u021biei publice locale din Republica Moldova urmeaz\u0103 s\u0103 fie realizat \u00een urm\u0103toarele luni. [&hellip;]","og_url":"https:\/\/canalregionaltv.md\/?p=3037","og_site_name":"Canal Regional","article_author":"Canal Regional, Canal Regional TV","article_published_time":"2026-04-25T15:03:07+00:00","og_image":[{"url":"https:\/\/nordnews.md\/wp-content\/uploads\/2026\/04\/dbu_3688.jpg"}],"author":"admin_axts737o","twitter_card":"summary_large_image","twitter_misc":{"Written by":"admin_axts737o","Est. reading time":"2 minutes"},"schema":{"@context":"https:\/\/schema.org","@graph":[{"@type":"Article","@id":"https:\/\/canalregionaltv.md\/?p=3037#article","isPartOf":{"@id":"https:\/\/canalregionaltv.md\/?p=3037"},"author":{"name":"admin_axts737o","@id":"https:\/\/canalregionaltv.md\/#\/schema\/person\/96db60230b2eedd2fd6d09d267f32f8f"},"headline":"Studiu privind impactul legisla\u021biei UE asupra autorit\u0103\u021bilor locale din Moldova, lansat","datePublished":"2026-04-25T15:03:07+00:00","dateModified":"2026-04-25T15:03:07+00:00","mainEntityOfPage":{"@id":"https:\/\/canalregionaltv.md\/?p=3037"},"wordCount":368,"commentCount":0,"publisher":{"@id":"https:\/\/canalregionaltv.md\/#organization"},"inLanguage":"en-US","potentialAction":[{"@type":"CommentAction","name":"Comment","target":["https:\/\/canalregionaltv.md\/?p=3037#respond"]}]},{"@type":"WebPage","@id":"https:\/\/canalregionaltv.md\/?p=3037","url":"https:\/\/canalregionaltv.md\/?p=3037","name":"Studiu privind impactul legisla\u021biei UE asupra autorit\u0103\u021bilor locale din Moldova, lansat - Canal Regional","isPartOf":{"@id":"https:\/\/canalregionaltv.md\/#website"},"datePublished":"2026-04-25T15:03:07+00:00","dateModified":"2026-04-25T15:03:07+00:00","breadcrumb":{"@id":"https:\/\/canalregionaltv.md\/?p=3037#breadcrumb"},"inLanguage":"en-US","potentialAction":[{"@type":"ReadAction","target":["https:\/\/canalregionaltv.md\/?p=3037"]}]},{"@type":"BreadcrumbList","@id":"https:\/\/canalregionaltv.md\/?p=3037#breadcrumb","itemListElement":[{"@type":"ListItem","position":1,"name":"Home","item":"https:\/\/canalregionaltv.md\/"},{"@type":"ListItem","position":2,"name":"Studiu privind impactul legisla\u021biei UE asupra autorit\u0103\u021bilor locale din Moldova, lansat"}]},{"@type":"WebSite","@id":"https:\/\/canalregionaltv.md\/#website","url":"https:\/\/canalregionaltv.md\/","name":"Canal Regional","description":"Canal Regional","publisher":{"@id":"https:\/\/canalregionaltv.md\/#organization"},"potentialAction":[{"@type":"SearchAction","target":{"@type":"EntryPoint","urlTemplate":"https:\/\/canalregionaltv.md\/?s={search_term_string}"},"query-input":"required name=search_term_string"}],"inLanguage":"en-US"},{"@type":"Organization","@id":"https:\/\/canalregionaltv.md\/#organization","name":"Canal Regional","url":"https:\/\/canalregionaltv.md\/","logo":{"@type":"ImageObject","inLanguage":"en-US","@id":"https:\/\/canalregionaltv.md\/#\/schema\/logo\/image\/","url":"https:\/\/canalregionaltv.md\/wp-content\/uploads\/2023\/10\/Logo_r.png","contentUrl":"https:\/\/canalregionaltv.md\/wp-content\/uploads\/2023\/10\/Logo_r.png","width":403,"height":112,"caption":"Canal Regional"},"image":{"@id":"https:\/\/canalregionaltv.md\/#\/schema\/logo\/image\/"}},{"@type":"Person","@id":"https:\/\/canalregionaltv.md\/#\/schema\/person\/96db60230b2eedd2fd6d09d267f32f8f","name":"admin_axts737o","image":{"@type":"ImageObject","inLanguage":"en-US","@id":"https:\/\/canalregionaltv.md\/#\/schema\/person\/image\/","url":"https:\/\/secure.gravatar.com\/avatar\/409e62ddd56f511fb1262f27a1535ee7719603a42e55b11651be97d388418cae?s=96&d=mm&r=g","contentUrl":"https:\/\/secure.gravatar.com\/avatar\/409e62ddd56f511fb1262f27a1535ee7719603a42e55b11651be97d388418cae?s=96&d=mm&r=g","caption":"admin_axts737o"},"sameAs":["https:\/\/canalregionaltv.md","Canal Regional, Canal Regional TV","canal Regional"],"url":"https:\/\/canalregionaltv.md\/?author=1"}]}},"_links":{"self":[{"href":"https:\/\/canalregionaltv.md\/index.php?rest_route=\/wp\/v2\/posts\/3037","targetHints":{"allow":["GET"]}}],"collection":[{"href":"https:\/\/canalregionaltv.md\/index.php?rest_route=\/wp\/v2\/posts"}],"about":[{"href":"https:\/\/canalregionaltv.md\/index.php?rest_route=\/wp\/v2\/types\/post"}],"author":[{"embeddable":true,"href":"https:\/\/canalregionaltv.md\/index.php?rest_route=\/wp\/v2\/users\/1"}],"replies":[{"embeddable":true,"href":"https:\/\/canalregionaltv.md\/index.php?rest_route=%2Fwp%2Fv2%2Fcomments&post=3037"}],"version-history":[{"count":0,"href":"https:\/\/canalregionaltv.md\/index.php?rest_route=\/wp\/v2\/posts\/3037\/revisions"}],"wp:attachment":[{"href":"https:\/\/canalregionaltv.md\/index.php?rest_route=%2Fwp%2Fv2%2Fmedia&parent=3037"}],"wp:term":[{"taxonomy":"category","embeddable":true,"href":"https:\/\/canalregionaltv.md\/index.php?rest_route=%2Fwp%2Fv2%2Fcategories&post=3037"},{"taxonomy":"post_tag","embeddable":true,"href":"https:\/\/canalregionaltv.md\/index.php?rest_route=%2Fwp%2Fv2%2Ftags&post=3037"}],"curies":[{"name":"wp","href":"https:\/\/api.w.org\/{rel}","templated":true}]}}