{"id":3039,"date":"2026-04-25T17:03:07","date_gmt":"2026-04-25T15:03:07","guid":{"rendered":"https:\/\/canalregionaltv.md\/?p=3039"},"modified":"2026-04-25T17:03:07","modified_gmt":"2026-04-25T15:03:07","slug":"extradat-din-romania-fostul-adjunct-sis-ajunge-in-penitenciarul-13","status":"publish","type":"post","link":"https:\/\/canalregionaltv.md\/?p=3039","title":{"rendered":"Extr\u0103dat din Rom\u00e2nia, fostul adjunct SIS ajunge \u00een Penitenciarul 13"},"content":{"rendered":"<h3 data-start=\"89\" data-end=\"341\">Fostul director adjunct al Serviciului de Informa\u021bii \u0219i Securitate (SIS), <span class=\"hover:entity-accent entity-underline inline cursor-pointer align-baseline\"><span class=\"whitespace-normal\">Alexandru Balan<\/span><\/span>, a fost extr\u0103dat \u00een Republica Moldova \u0219i plasat \u00een deten\u021bie. Acesta a fost adus vineri \u00een \u021bar\u0103 \u0219i \u00eencarcerat \u00een Penitenciarul nr. 13 din Chi\u0219in\u0103u.<\/h3>\n<p data-start=\"343\" data-end=\"565\">Transferul a avut loc la punctul de trecere a frontierei Albi\u021ba\u2013Leu\u0219eni, unde autorit\u0103\u021bile din Rom\u00e2nia \u0219i Republica Moldova au efectuat procedurile de predare. Dup\u0103 extr\u0103dare, Balan a fost audiat de autorit\u0103\u021bile moldovene.<\/p>\n<p data-start=\"567\" data-end=\"810\">Fostul oficial a fost condamnat \u00een lips\u0103, pe 15 aprilie, de o instan\u021b\u0103 din Chi\u0219in\u0103u, la un an \u0219i \u0219ase luni de \u00eenchisoare pentru tentativ\u0103 de divulgare a secretului de stat. Acesta va r\u0103m\u00e2ne \u00een deten\u021bie p\u00e2n\u0103 la r\u0103m\u00e2nerea definitiv\u0103 a sentin\u021bei.<\/p>\n<p data-start=\"812\" data-end=\"981\">Extr\u0103darea a fost aprobat\u0103 de instan\u021bele din Rom\u00e2nia, unde Balan fusese re\u021binut \u00een septembrie 2025. \u00cen statul vecin, el este vizat \u0219i \u00eentr-un dosar de tr\u0103dare de patrie.<\/p>\n<p data-start=\"983\" data-end=\"1096\">Potrivit anchetei, fostul adjunct SIS este suspectat c\u0103 ar fi transmis informa\u021bii unor agen\u021bi ai KGB din Belarus.<\/p>\n<hr \/>\n<h4 data-start=\"983\" data-end=\"1096\">Citi\u021bi \u0219i:<\/h4>\n<h4 class=\"is-title post-title\"><span><a href=\"https:\/\/nordnews.md\/investigatii\/reteaua-ascunsa-a-tradarii-cum-se-leaga-alexandru-balan-de-renato-usatii-prin-familia-cazacu-in-umbra-scandalurilor-de-coruptie-si-spionaj\/\">Re\u021beaua ascuns\u0103 a tr\u0103d\u0103rii: Cum se leag\u0103 Alexandru B\u0103lan de Renato Usat\u00eei prin familia Cazacu, \u00een umbra scandalurilor de corup\u021bie \u0219i spionaj<\/a><\/span><\/h4>\n<p>Articolul <a href=\"https:\/\/nordnews.md\/stiri-nationale\/politic\/extradat-din-romania-fostul-adjunct-sis-ajunge-in-penitenciarul-13\/\">Extr\u0103dat din Rom\u00e2nia, fostul adjunct SIS ajunge \u00een Penitenciarul 13<\/a> apare prima dat\u0103 \u00een <a href=\"https:\/\/nordnews.md\/\">NordNews<\/a>.<\/p>","protected":false},"excerpt":{"rendered":"<p>Fostul director adjunct al Serviciului de Informa\u021bii \u0219i Securitate (SIS), Alexandru Balan, a fost extr\u0103dat \u00een Republica Moldova \u0219i plasat \u00een deten\u021bie. Acesta a fost [&hellip;]<\/p>\n","protected":false},"author":1,"featured_media":0,"comment_status":"open","ping_status":"closed","sticky":false,"template":"","format":"standard","meta":{"footnotes":""},"categories":[1],"tags":[],"class_list":["post-3039","post","type-post","status-publish","format-standard","hentry","category-uncategorized"],"yoast_head":"<!-- This site is optimized with the Yoast SEO plugin v21.3 - https:\/\/yoast.com\/wordpress\/plugins\/seo\/ -->\n<title>Extr\u0103dat din Rom\u00e2nia, fostul adjunct SIS ajunge \u00een Penitenciarul 13 - Canal Regional<\/title>\n<meta name=\"robots\" content=\"index, follow, max-snippet:-1, max-image-preview:large, max-video-preview:-1\" \/>\n<link rel=\"canonical\" href=\"https:\/\/canalregionaltv.md\/?p=3039\" \/>\n<meta property=\"og:locale\" content=\"en_US\" \/>\n<meta property=\"og:type\" content=\"article\" \/>\n<meta property=\"og:title\" content=\"Extr\u0103dat din Rom\u00e2nia, fostul adjunct SIS ajunge \u00een Penitenciarul 13 - Canal Regional\" \/>\n<meta property=\"og:description\" content=\"Fostul director adjunct al Serviciului de Informa\u021bii \u0219i Securitate (SIS), Alexandru Balan, a fost extr\u0103dat \u00een Republica Moldova \u0219i plasat \u00een deten\u021bie. Acesta a fost [&hellip;]\" \/>\n<meta property=\"og:url\" content=\"https:\/\/canalregionaltv.md\/?p=3039\" \/>\n<meta property=\"og:site_name\" content=\"Canal Regional\" \/>\n<meta property=\"article:author\" content=\"Canal Regional, Canal Regional TV\" \/>\n<meta property=\"article:published_time\" content=\"2026-04-25T15:03:07+00:00\" \/>\n<meta name=\"author\" content=\"admin_axts737o\" \/>\n<meta name=\"twitter:card\" content=\"summary_large_image\" \/>\n<meta name=\"twitter:label1\" content=\"Written by\" \/>\n\t<meta name=\"twitter:data1\" content=\"admin_axts737o\" \/>\n\t<meta name=\"twitter:label2\" content=\"Est. reading time\" \/>\n\t<meta name=\"twitter:data2\" content=\"1 minute\" \/>\n<script type=\"application\/ld+json\" class=\"yoast-schema-graph\">{\"@context\":\"https:\/\/schema.org\",\"@graph\":[{\"@type\":\"Article\",\"@id\":\"https:\/\/canalregionaltv.md\/?p=3039#article\",\"isPartOf\":{\"@id\":\"https:\/\/canalregionaltv.md\/?p=3039\"},\"author\":{\"name\":\"admin_axts737o\",\"@id\":\"https:\/\/canalregionaltv.md\/#\/schema\/person\/96db60230b2eedd2fd6d09d267f32f8f\"},\"headline\":\"Extr\u0103dat din Rom\u00e2nia, fostul adjunct SIS ajunge \u00een Penitenciarul 13\",\"datePublished\":\"2026-04-25T15:03:07+00:00\",\"dateModified\":\"2026-04-25T15:03:07+00:00\",\"mainEntityOfPage\":{\"@id\":\"https:\/\/canalregionaltv.md\/?p=3039\"},\"wordCount\":241,\"commentCount\":0,\"publisher\":{\"@id\":\"https:\/\/canalregionaltv.md\/#organization\"},\"inLanguage\":\"en-US\",\"potentialAction\":[{\"@type\":\"CommentAction\",\"name\":\"Comment\",\"target\":[\"https:\/\/canalregionaltv.md\/?p=3039#respond\"]}]},{\"@type\":\"WebPage\",\"@id\":\"https:\/\/canalregionaltv.md\/?p=3039\",\"url\":\"https:\/\/canalregionaltv.md\/?p=3039\",\"name\":\"Extr\u0103dat din Rom\u00e2nia, fostul adjunct SIS ajunge \u00een Penitenciarul 13 - Canal Regional\",\"isPartOf\":{\"@id\":\"https:\/\/canalregionaltv.md\/#website\"},\"datePublished\":\"2026-04-25T15:03:07+00:00\",\"dateModified\":\"2026-04-25T15:03:07+00:00\",\"breadcrumb\":{\"@id\":\"https:\/\/canalregionaltv.md\/?p=3039#breadcrumb\"},\"inLanguage\":\"en-US\",\"potentialAction\":[{\"@type\":\"ReadAction\",\"target\":[\"https:\/\/canalregionaltv.md\/?p=3039\"]}]},{\"@type\":\"BreadcrumbList\",\"@id\":\"https:\/\/canalregionaltv.md\/?p=3039#breadcrumb\",\"itemListElement\":[{\"@type\":\"ListItem\",\"position\":1,\"name\":\"Home\",\"item\":\"https:\/\/canalregionaltv.md\/\"},{\"@type\":\"ListItem\",\"position\":2,\"name\":\"Extr\u0103dat din Rom\u00e2nia, fostul adjunct SIS ajunge \u00een Penitenciarul 13\"}]},{\"@type\":\"WebSite\",\"@id\":\"https:\/\/canalregionaltv.md\/#website\",\"url\":\"https:\/\/canalregionaltv.md\/\",\"name\":\"Canal Regional\",\"description\":\"Canal Regional\",\"publisher\":{\"@id\":\"https:\/\/canalregionaltv.md\/#organization\"},\"potentialAction\":[{\"@type\":\"SearchAction\",\"target\":{\"@type\":\"EntryPoint\",\"urlTemplate\":\"https:\/\/canalregionaltv.md\/?s={search_term_string}\"},\"query-input\":\"required name=search_term_string\"}],\"inLanguage\":\"en-US\"},{\"@type\":\"Organization\",\"@id\":\"https:\/\/canalregionaltv.md\/#organization\",\"name\":\"Canal Regional\",\"url\":\"https:\/\/canalregionaltv.md\/\",\"logo\":{\"@type\":\"ImageObject\",\"inLanguage\":\"en-US\",\"@id\":\"https:\/\/canalregionaltv.md\/#\/schema\/logo\/image\/\",\"url\":\"https:\/\/canalregionaltv.md\/wp-content\/uploads\/2023\/10\/Logo_r.png\",\"contentUrl\":\"https:\/\/canalregionaltv.md\/wp-content\/uploads\/2023\/10\/Logo_r.png\",\"width\":403,\"height\":112,\"caption\":\"Canal Regional\"},\"image\":{\"@id\":\"https:\/\/canalregionaltv.md\/#\/schema\/logo\/image\/\"}},{\"@type\":\"Person\",\"@id\":\"https:\/\/canalregionaltv.md\/#\/schema\/person\/96db60230b2eedd2fd6d09d267f32f8f\",\"name\":\"admin_axts737o\",\"image\":{\"@type\":\"ImageObject\",\"inLanguage\":\"en-US\",\"@id\":\"https:\/\/canalregionaltv.md\/#\/schema\/person\/image\/\",\"url\":\"https:\/\/secure.gravatar.com\/avatar\/409e62ddd56f511fb1262f27a1535ee7719603a42e55b11651be97d388418cae?s=96&d=mm&r=g\",\"contentUrl\":\"https:\/\/secure.gravatar.com\/avatar\/409e62ddd56f511fb1262f27a1535ee7719603a42e55b11651be97d388418cae?s=96&d=mm&r=g\",\"caption\":\"admin_axts737o\"},\"sameAs\":[\"https:\/\/canalregionaltv.md\",\"Canal Regional, Canal Regional TV\",\"canal Regional\"],\"url\":\"https:\/\/canalregionaltv.md\/?author=1\"}]}<\/script>\n<!-- \/ Yoast SEO plugin. -->","yoast_head_json":{"title":"Extr\u0103dat din Rom\u00e2nia, fostul adjunct SIS ajunge \u00een Penitenciarul 13 - Canal Regional","robots":{"index":"index","follow":"follow","max-snippet":"max-snippet:-1","max-image-preview":"max-image-preview:large","max-video-preview":"max-video-preview:-1"},"canonical":"https:\/\/canalregionaltv.md\/?p=3039","og_locale":"en_US","og_type":"article","og_title":"Extr\u0103dat din Rom\u00e2nia, fostul adjunct SIS ajunge \u00een Penitenciarul 13 - Canal Regional","og_description":"Fostul director adjunct al Serviciului de Informa\u021bii \u0219i Securitate (SIS), Alexandru Balan, a fost extr\u0103dat \u00een Republica Moldova \u0219i plasat \u00een deten\u021bie. Acesta a fost [&hellip;]","og_url":"https:\/\/canalregionaltv.md\/?p=3039","og_site_name":"Canal Regional","article_author":"Canal Regional, Canal Regional TV","article_published_time":"2026-04-25T15:03:07+00:00","author":"admin_axts737o","twitter_card":"summary_large_image","twitter_misc":{"Written by":"admin_axts737o","Est. reading time":"1 minute"},"schema":{"@context":"https:\/\/schema.org","@graph":[{"@type":"Article","@id":"https:\/\/canalregionaltv.md\/?p=3039#article","isPartOf":{"@id":"https:\/\/canalregionaltv.md\/?p=3039"},"author":{"name":"admin_axts737o","@id":"https:\/\/canalregionaltv.md\/#\/schema\/person\/96db60230b2eedd2fd6d09d267f32f8f"},"headline":"Extr\u0103dat din Rom\u00e2nia, fostul adjunct SIS ajunge \u00een Penitenciarul 13","datePublished":"2026-04-25T15:03:07+00:00","dateModified":"2026-04-25T15:03:07+00:00","mainEntityOfPage":{"@id":"https:\/\/canalregionaltv.md\/?p=3039"},"wordCount":241,"commentCount":0,"publisher":{"@id":"https:\/\/canalregionaltv.md\/#organization"},"inLanguage":"en-US","potentialAction":[{"@type":"CommentAction","name":"Comment","target":["https:\/\/canalregionaltv.md\/?p=3039#respond"]}]},{"@type":"WebPage","@id":"https:\/\/canalregionaltv.md\/?p=3039","url":"https:\/\/canalregionaltv.md\/?p=3039","name":"Extr\u0103dat din Rom\u00e2nia, fostul adjunct SIS ajunge \u00een Penitenciarul 13 - Canal Regional","isPartOf":{"@id":"https:\/\/canalregionaltv.md\/#website"},"datePublished":"2026-04-25T15:03:07+00:00","dateModified":"2026-04-25T15:03:07+00:00","breadcrumb":{"@id":"https:\/\/canalregionaltv.md\/?p=3039#breadcrumb"},"inLanguage":"en-US","potentialAction":[{"@type":"ReadAction","target":["https:\/\/canalregionaltv.md\/?p=3039"]}]},{"@type":"BreadcrumbList","@id":"https:\/\/canalregionaltv.md\/?p=3039#breadcrumb","itemListElement":[{"@type":"ListItem","position":1,"name":"Home","item":"https:\/\/canalregionaltv.md\/"},{"@type":"ListItem","position":2,"name":"Extr\u0103dat din Rom\u00e2nia, fostul adjunct SIS ajunge \u00een Penitenciarul 13"}]},{"@type":"WebSite","@id":"https:\/\/canalregionaltv.md\/#website","url":"https:\/\/canalregionaltv.md\/","name":"Canal Regional","description":"Canal Regional","publisher":{"@id":"https:\/\/canalregionaltv.md\/#organization"},"potentialAction":[{"@type":"SearchAction","target":{"@type":"EntryPoint","urlTemplate":"https:\/\/canalregionaltv.md\/?s={search_term_string}"},"query-input":"required name=search_term_string"}],"inLanguage":"en-US"},{"@type":"Organization","@id":"https:\/\/canalregionaltv.md\/#organization","name":"Canal Regional","url":"https:\/\/canalregionaltv.md\/","logo":{"@type":"ImageObject","inLanguage":"en-US","@id":"https:\/\/canalregionaltv.md\/#\/schema\/logo\/image\/","url":"https:\/\/canalregionaltv.md\/wp-content\/uploads\/2023\/10\/Logo_r.png","contentUrl":"https:\/\/canalregionaltv.md\/wp-content\/uploads\/2023\/10\/Logo_r.png","width":403,"height":112,"caption":"Canal Regional"},"image":{"@id":"https:\/\/canalregionaltv.md\/#\/schema\/logo\/image\/"}},{"@type":"Person","@id":"https:\/\/canalregionaltv.md\/#\/schema\/person\/96db60230b2eedd2fd6d09d267f32f8f","name":"admin_axts737o","image":{"@type":"ImageObject","inLanguage":"en-US","@id":"https:\/\/canalregionaltv.md\/#\/schema\/person\/image\/","url":"https:\/\/secure.gravatar.com\/avatar\/409e62ddd56f511fb1262f27a1535ee7719603a42e55b11651be97d388418cae?s=96&d=mm&r=g","contentUrl":"https:\/\/secure.gravatar.com\/avatar\/409e62ddd56f511fb1262f27a1535ee7719603a42e55b11651be97d388418cae?s=96&d=mm&r=g","caption":"admin_axts737o"},"sameAs":["https:\/\/canalregionaltv.md","Canal Regional, Canal Regional TV","canal Regional"],"url":"https:\/\/canalregionaltv.md\/?author=1"}]}},"_links":{"self":[{"href":"https:\/\/canalregionaltv.md\/index.php?rest_route=\/wp\/v2\/posts\/3039","targetHints":{"allow":["GET"]}}],"collection":[{"href":"https:\/\/canalregionaltv.md\/index.php?rest_route=\/wp\/v2\/posts"}],"about":[{"href":"https:\/\/canalregionaltv.md\/index.php?rest_route=\/wp\/v2\/types\/post"}],"author":[{"embeddable":true,"href":"https:\/\/canalregionaltv.md\/index.php?rest_route=\/wp\/v2\/users\/1"}],"replies":[{"embeddable":true,"href":"https:\/\/canalregionaltv.md\/index.php?rest_route=%2Fwp%2Fv2%2Fcomments&post=3039"}],"version-history":[{"count":0,"href":"https:\/\/canalregionaltv.md\/index.php?rest_route=\/wp\/v2\/posts\/3039\/revisions"}],"wp:attachment":[{"href":"https:\/\/canalregionaltv.md\/index.php?rest_route=%2Fwp%2Fv2%2Fmedia&parent=3039"}],"wp:term":[{"taxonomy":"category","embeddable":true,"href":"https:\/\/canalregionaltv.md\/index.php?rest_route=%2Fwp%2Fv2%2Fcategories&post=3039"},{"taxonomy":"post_tag","embeddable":true,"href":"https:\/\/canalregionaltv.md\/index.php?rest_route=%2Fwp%2Fv2%2Ftags&post=3039"}],"curies":[{"name":"wp","href":"https:\/\/api.w.org\/{rel}","templated":true}]}}