{"id":3040,"date":"2026-04-25T17:03:08","date_gmt":"2026-04-25T15:03:08","guid":{"rendered":"https:\/\/canalregionaltv.md\/?p=3040"},"modified":"2026-04-25T17:03:08","modified_gmt":"2026-04-25T15:03:08","slug":"video-strada-31-august-din-balti-va-fi-in-sfarsit-reparata-autoritatile-au-demarat-lucrarile","status":"publish","type":"post","link":"https:\/\/canalregionaltv.md\/?p=3040","title":{"rendered":"VIDEO\u00a0Strada 31 August din B\u0103l\u021bi va fi, \u00een sf\u00e2r\u0219it, reparat\u0103. Autorit\u0103\u021bile au demarat lucr\u0103rile"},"content":{"rendered":"<h3 data-start=\"0\" data-end=\"421\">Repara\u021bia mult a\u0219teptat\u0103 a str\u0103zii 31 August din B\u0103l\u021bi a \u00eenceput. Una dintre principalele artere de centur\u0103, pe care circul\u0103 zilnic transport greu \u0219i vehicule de marf\u0103, a intrat \u00een \u0219antier \u00eencep\u00e2nd cu 23 aprilie. Traficul de pe tronsonul dintre str\u0103zile Independen\u021bei \u0219i \u0218tefan cel Mare a fost deja \u00eenchis. Lucr\u0103rile vin dup\u0103 ani de degradare a carosabilului \u0219i numeroase apeluri din partea \u0219oferilor \u0219i localnicilor.<\/h3>\n<p>\n<em data-start=\"423\" data-end=\"733\">\u201eTransportul greu nu va putea circula pe strada 31 August \u0219i v\u0103 rog foarte mult pe to\u021bi participan\u021bii la trafic s\u0103 cunoasc\u0103 acest lucru. Ave\u021bi intr\u0103ri din partea satului R\u0103u\u021bel, ave\u021bi intr\u0103ri din partea raionului Glodeni. A\u0219a c\u0103 v\u0103 rog s\u0103 utiliza\u021bi acele drumuri pentru ca s\u0103 nu fie alte probleme \u00een trafic.\u201d<\/em>, a spus Alexandr Petkov, primar de B\u0103l\u021bi.<\/p>\n<p data-start=\"777\" data-end=\"940\"><strong data-start=\"777\" data-end=\"940\">\u00cen prezent, pe \u0219antier lucreaz\u0103 CET-Nord, care reabiliteaz\u0103 re\u021belele termice de pe tronsonul vizat. Aceste lucr\u0103ri preced modernizarea propriu-zis\u0103 a drumului.<\/strong><\/p>\n<p data-start=\"777\" data-end=\"940\"><em>\u201eLucr\u0103rile sunt planificate pentru perioada <strong>24 aprilie \u2013 30 august 2026<\/strong> \u0219i includ demolarea unui c\u0103min termic \u00eenvechit, modernizarea unor por\u021biuni de re\u021bea \u0219i instalarea de echipamente noi. Aceast\u0103 abordare permite evitarea unor interven\u021bii repetate asupra carosabilului dup\u0103 reabilitarea str\u0103zii\u201d,\u00a0<\/em>a comunicat pentru jurnali\u0219tii NordNews, CET-Nord.<\/p>\n<p data-start=\"942\" data-end=\"1223\"><strong data-start=\"942\" data-end=\"1223\">Ulterior, repara\u021bia va avea loc \u00een trei etape, pe o lungime total\u0103 de aproape 2 kilometri. Prima etap\u0103 vizeaz\u0103 un sector de aproximativ 380 de metri, unde va fi construit un carosabil din beton. Localnicii spun c\u0103 abia a\u0219teapt\u0103 ziua \u00een care vor putea circula pe noul carosabil.<\/strong><\/p>\n<p data-start=\"1225\" data-end=\"1372\"><em data-start=\"1225\" data-end=\"1351\">\u201eCatastrof\u0103 a fost aici. Permanent cu \u00abp\u00e2ntecele\u00bb ma\u0219inii r\u0103neau to\u021bi drumul. Am mai v\u0103zut discuri de la roat\u0103, e groaznic.\u201d<\/em>, a spus un locuitor.<\/p>\n<p data-start=\"1374\" data-end=\"1587\"><em data-start=\"1374\" data-end=\"1558\">\u201eEu m\u0103 g\u00e2ndesc c\u0103 asta e bine. Drumurile sunt foarte rele. Locuiesc la un cap\u0103t al str\u0103zii 31 August \u0219i situa\u021bia e de jale. Bun\u0103 hot\u0103r\u00e2re. C\u00e2te oleac\u0103 se vor face drumurile \u00een ora\u0219.\u201d<\/em>, a declarat un alt locuitor.<\/p>\n<p data-start=\"1589\" data-end=\"1655\"><strong data-start=\"1589\" data-end=\"1655\">Unii localnici sunt, \u00eens\u0103, nemul\u021bumi\u021bi de blocarea traficului.<\/strong><\/p>\n<p data-start=\"1657\" data-end=\"1899\"><em data-start=\"1657\" data-end=\"1873\">\u201eS\u0103 recunoa\u0219tem, ast\u0103zi a fost destul de greu s\u0103 treci pe acest tronson de pe strada Pu\u0219kin. Dar ce alternativ\u0103 am\u2026 Nu o s\u0103 ocolesc zona. Nu \u0219tiu c\u00e2t va dura, dar sper s\u0103 fie gata p\u00e2n\u0103 la sf\u00e2r\u0219itul lunii august.\u201d<\/em>, a comunicat un locuitor.<\/p>\n<p data-start=\"1901\" data-end=\"2115\"><em data-start=\"1901\" data-end=\"2090\">\u201eDeja repara\u021biile din aceast\u0103 zon\u0103 creeaz\u0103 dificult\u0103\u021bi. Este imposibil s\u0103 circuli. Strada Pu\u0219kin este aglomerat\u0103, se formeaz\u0103 ambuteiaje. Pe strada \u0218tefan cel Mare situa\u021bia este aceea\u0219i.\u201d<\/em>, a spus un alt locuitor.<\/p>\n<p data-start=\"2117\" data-end=\"2336\" data-is-last-node=\"\" data-is-only-node=\"\"><strong data-start=\"2117\" data-end=\"2336\" data-is-last-node=\"\">Costul primei etape dep\u0103\u0219e\u0219te 10 milioane de lei, iar lucr\u0103rile sunt finan\u021bate inclusiv de Oficiul Na\u021bional de Dezvoltare Regional\u0103 \u0219i Local\u0103. Autorit\u0103\u021bile promit finalizarea acestui tronson p\u00e2n\u0103 la sf\u00e2r\u0219itul verii.<\/strong><\/p>\n<p>Articolul <a href=\"https:\/\/nordnews.md\/stiri-locale\/balti\/strada-31-august-din-balti-va-fi-in-sfarsit-reparata-autoritatile-au-demarat-lucrarile\/\">&lt;span class=&#8221;badge-status&#8221; style=&#8221;background: #ff1813;&#8221;&gt;VIDEO&lt;\/span&gt;\u00a0Strada 31 August din B\u0103l\u021bi va fi, \u00een sf\u00e2r\u0219it, reparat\u0103. Autorit\u0103\u021bile au demarat lucr\u0103rile<\/a> apare prima dat\u0103 \u00een <a href=\"https:\/\/nordnews.md\/\">NordNews<\/a>.<\/p>","protected":false},"excerpt":{"rendered":"<p>Repara\u021bia mult a\u0219teptat\u0103 a str\u0103zii 31 August din B\u0103l\u021bi a \u00eenceput. Una dintre principalele artere de centur\u0103, pe care circul\u0103 zilnic transport greu \u0219i vehicule [&hellip;]<\/p>\n","protected":false},"author":1,"featured_media":0,"comment_status":"open","ping_status":"closed","sticky":false,"template":"","format":"standard","meta":{"footnotes":""},"categories":[1],"tags":[],"class_list":["post-3040","post","type-post","status-publish","format-standard","hentry","category-uncategorized"],"yoast_head":"<!-- This site is optimized with the Yoast SEO plugin v21.3 - https:\/\/yoast.com\/wordpress\/plugins\/seo\/ -->\n<title>VIDEO\u00a0Strada 31 August din B\u0103l\u021bi va fi, \u00een sf\u00e2r\u0219it, reparat\u0103. Autorit\u0103\u021bile au demarat lucr\u0103rile - Canal Regional<\/title>\n<meta name=\"robots\" content=\"index, follow, max-snippet:-1, max-image-preview:large, max-video-preview:-1\" \/>\n<link rel=\"canonical\" href=\"https:\/\/canalregionaltv.md\/?p=3040\" \/>\n<meta property=\"og:locale\" content=\"en_US\" \/>\n<meta property=\"og:type\" content=\"article\" \/>\n<meta property=\"og:title\" content=\"VIDEO\u00a0Strada 31 August din B\u0103l\u021bi va fi, \u00een sf\u00e2r\u0219it, reparat\u0103. Autorit\u0103\u021bile au demarat lucr\u0103rile - Canal Regional\" \/>\n<meta property=\"og:description\" content=\"Repara\u021bia mult a\u0219teptat\u0103 a str\u0103zii 31 August din B\u0103l\u021bi a \u00eenceput. Una dintre principalele artere de centur\u0103, pe care circul\u0103 zilnic transport greu \u0219i vehicule [&hellip;]\" \/>\n<meta property=\"og:url\" content=\"https:\/\/canalregionaltv.md\/?p=3040\" \/>\n<meta property=\"og:site_name\" content=\"Canal Regional\" \/>\n<meta property=\"article:author\" content=\"Canal Regional, Canal Regional TV\" \/>\n<meta property=\"article:published_time\" content=\"2026-04-25T15:03:08+00:00\" \/>\n<meta name=\"author\" content=\"admin_axts737o\" \/>\n<meta name=\"twitter:card\" content=\"summary_large_image\" \/>\n<meta name=\"twitter:label1\" content=\"Written by\" \/>\n\t<meta name=\"twitter:data1\" content=\"admin_axts737o\" \/>\n\t<meta name=\"twitter:label2\" content=\"Est. reading time\" \/>\n\t<meta name=\"twitter:data2\" content=\"3 minutes\" \/>\n<script type=\"application\/ld+json\" class=\"yoast-schema-graph\">{\"@context\":\"https:\/\/schema.org\",\"@graph\":[{\"@type\":\"Article\",\"@id\":\"https:\/\/canalregionaltv.md\/?p=3040#article\",\"isPartOf\":{\"@id\":\"https:\/\/canalregionaltv.md\/?p=3040\"},\"author\":{\"name\":\"admin_axts737o\",\"@id\":\"https:\/\/canalregionaltv.md\/#\/schema\/person\/96db60230b2eedd2fd6d09d267f32f8f\"},\"headline\":\"VIDEO\u00a0Strada 31 August din B\u0103l\u021bi va fi, \u00een sf\u00e2r\u0219it, reparat\u0103. Autorit\u0103\u021bile au demarat lucr\u0103rile\",\"datePublished\":\"2026-04-25T15:03:08+00:00\",\"dateModified\":\"2026-04-25T15:03:08+00:00\",\"mainEntityOfPage\":{\"@id\":\"https:\/\/canalregionaltv.md\/?p=3040\"},\"wordCount\":531,\"commentCount\":0,\"publisher\":{\"@id\":\"https:\/\/canalregionaltv.md\/#organization\"},\"inLanguage\":\"en-US\",\"potentialAction\":[{\"@type\":\"CommentAction\",\"name\":\"Comment\",\"target\":[\"https:\/\/canalregionaltv.md\/?p=3040#respond\"]}]},{\"@type\":\"WebPage\",\"@id\":\"https:\/\/canalregionaltv.md\/?p=3040\",\"url\":\"https:\/\/canalregionaltv.md\/?p=3040\",\"name\":\"VIDEO\u00a0Strada 31 August din B\u0103l\u021bi va fi, \u00een sf\u00e2r\u0219it, reparat\u0103. Autorit\u0103\u021bile au demarat lucr\u0103rile - Canal Regional\",\"isPartOf\":{\"@id\":\"https:\/\/canalregionaltv.md\/#website\"},\"datePublished\":\"2026-04-25T15:03:08+00:00\",\"dateModified\":\"2026-04-25T15:03:08+00:00\",\"breadcrumb\":{\"@id\":\"https:\/\/canalregionaltv.md\/?p=3040#breadcrumb\"},\"inLanguage\":\"en-US\",\"potentialAction\":[{\"@type\":\"ReadAction\",\"target\":[\"https:\/\/canalregionaltv.md\/?p=3040\"]}]},{\"@type\":\"BreadcrumbList\",\"@id\":\"https:\/\/canalregionaltv.md\/?p=3040#breadcrumb\",\"itemListElement\":[{\"@type\":\"ListItem\",\"position\":1,\"name\":\"Home\",\"item\":\"https:\/\/canalregionaltv.md\/\"},{\"@type\":\"ListItem\",\"position\":2,\"name\":\"VIDEO\u00a0Strada 31 August din B\u0103l\u021bi va fi, \u00een sf\u00e2r\u0219it, reparat\u0103. Autorit\u0103\u021bile au demarat lucr\u0103rile\"}]},{\"@type\":\"WebSite\",\"@id\":\"https:\/\/canalregionaltv.md\/#website\",\"url\":\"https:\/\/canalregionaltv.md\/\",\"name\":\"Canal Regional\",\"description\":\"Canal Regional\",\"publisher\":{\"@id\":\"https:\/\/canalregionaltv.md\/#organization\"},\"potentialAction\":[{\"@type\":\"SearchAction\",\"target\":{\"@type\":\"EntryPoint\",\"urlTemplate\":\"https:\/\/canalregionaltv.md\/?s={search_term_string}\"},\"query-input\":\"required name=search_term_string\"}],\"inLanguage\":\"en-US\"},{\"@type\":\"Organization\",\"@id\":\"https:\/\/canalregionaltv.md\/#organization\",\"name\":\"Canal Regional\",\"url\":\"https:\/\/canalregionaltv.md\/\",\"logo\":{\"@type\":\"ImageObject\",\"inLanguage\":\"en-US\",\"@id\":\"https:\/\/canalregionaltv.md\/#\/schema\/logo\/image\/\",\"url\":\"https:\/\/canalregionaltv.md\/wp-content\/uploads\/2023\/10\/Logo_r.png\",\"contentUrl\":\"https:\/\/canalregionaltv.md\/wp-content\/uploads\/2023\/10\/Logo_r.png\",\"width\":403,\"height\":112,\"caption\":\"Canal Regional\"},\"image\":{\"@id\":\"https:\/\/canalregionaltv.md\/#\/schema\/logo\/image\/\"}},{\"@type\":\"Person\",\"@id\":\"https:\/\/canalregionaltv.md\/#\/schema\/person\/96db60230b2eedd2fd6d09d267f32f8f\",\"name\":\"admin_axts737o\",\"image\":{\"@type\":\"ImageObject\",\"inLanguage\":\"en-US\",\"@id\":\"https:\/\/canalregionaltv.md\/#\/schema\/person\/image\/\",\"url\":\"https:\/\/secure.gravatar.com\/avatar\/409e62ddd56f511fb1262f27a1535ee7719603a42e55b11651be97d388418cae?s=96&d=mm&r=g\",\"contentUrl\":\"https:\/\/secure.gravatar.com\/avatar\/409e62ddd56f511fb1262f27a1535ee7719603a42e55b11651be97d388418cae?s=96&d=mm&r=g\",\"caption\":\"admin_axts737o\"},\"sameAs\":[\"https:\/\/canalregionaltv.md\",\"Canal Regional, Canal Regional TV\",\"canal Regional\"],\"url\":\"https:\/\/canalregionaltv.md\/?author=1\"}]}<\/script>\n<!-- \/ Yoast SEO plugin. -->","yoast_head_json":{"title":"VIDEO\u00a0Strada 31 August din B\u0103l\u021bi va fi, \u00een sf\u00e2r\u0219it, reparat\u0103. Autorit\u0103\u021bile au demarat lucr\u0103rile - Canal Regional","robots":{"index":"index","follow":"follow","max-snippet":"max-snippet:-1","max-image-preview":"max-image-preview:large","max-video-preview":"max-video-preview:-1"},"canonical":"https:\/\/canalregionaltv.md\/?p=3040","og_locale":"en_US","og_type":"article","og_title":"VIDEO\u00a0Strada 31 August din B\u0103l\u021bi va fi, \u00een sf\u00e2r\u0219it, reparat\u0103. Autorit\u0103\u021bile au demarat lucr\u0103rile - Canal Regional","og_description":"Repara\u021bia mult a\u0219teptat\u0103 a str\u0103zii 31 August din B\u0103l\u021bi a \u00eenceput. Una dintre principalele artere de centur\u0103, pe care circul\u0103 zilnic transport greu \u0219i vehicule [&hellip;]","og_url":"https:\/\/canalregionaltv.md\/?p=3040","og_site_name":"Canal Regional","article_author":"Canal Regional, Canal Regional TV","article_published_time":"2026-04-25T15:03:08+00:00","author":"admin_axts737o","twitter_card":"summary_large_image","twitter_misc":{"Written by":"admin_axts737o","Est. reading time":"3 minutes"},"schema":{"@context":"https:\/\/schema.org","@graph":[{"@type":"Article","@id":"https:\/\/canalregionaltv.md\/?p=3040#article","isPartOf":{"@id":"https:\/\/canalregionaltv.md\/?p=3040"},"author":{"name":"admin_axts737o","@id":"https:\/\/canalregionaltv.md\/#\/schema\/person\/96db60230b2eedd2fd6d09d267f32f8f"},"headline":"VIDEO\u00a0Strada 31 August din B\u0103l\u021bi va fi, \u00een sf\u00e2r\u0219it, reparat\u0103. Autorit\u0103\u021bile au demarat lucr\u0103rile","datePublished":"2026-04-25T15:03:08+00:00","dateModified":"2026-04-25T15:03:08+00:00","mainEntityOfPage":{"@id":"https:\/\/canalregionaltv.md\/?p=3040"},"wordCount":531,"commentCount":0,"publisher":{"@id":"https:\/\/canalregionaltv.md\/#organization"},"inLanguage":"en-US","potentialAction":[{"@type":"CommentAction","name":"Comment","target":["https:\/\/canalregionaltv.md\/?p=3040#respond"]}]},{"@type":"WebPage","@id":"https:\/\/canalregionaltv.md\/?p=3040","url":"https:\/\/canalregionaltv.md\/?p=3040","name":"VIDEO\u00a0Strada 31 August din B\u0103l\u021bi va fi, \u00een sf\u00e2r\u0219it, reparat\u0103. Autorit\u0103\u021bile au demarat lucr\u0103rile - Canal Regional","isPartOf":{"@id":"https:\/\/canalregionaltv.md\/#website"},"datePublished":"2026-04-25T15:03:08+00:00","dateModified":"2026-04-25T15:03:08+00:00","breadcrumb":{"@id":"https:\/\/canalregionaltv.md\/?p=3040#breadcrumb"},"inLanguage":"en-US","potentialAction":[{"@type":"ReadAction","target":["https:\/\/canalregionaltv.md\/?p=3040"]}]},{"@type":"BreadcrumbList","@id":"https:\/\/canalregionaltv.md\/?p=3040#breadcrumb","itemListElement":[{"@type":"ListItem","position":1,"name":"Home","item":"https:\/\/canalregionaltv.md\/"},{"@type":"ListItem","position":2,"name":"VIDEO\u00a0Strada 31 August din B\u0103l\u021bi va fi, \u00een sf\u00e2r\u0219it, reparat\u0103. Autorit\u0103\u021bile au demarat lucr\u0103rile"}]},{"@type":"WebSite","@id":"https:\/\/canalregionaltv.md\/#website","url":"https:\/\/canalregionaltv.md\/","name":"Canal Regional","description":"Canal Regional","publisher":{"@id":"https:\/\/canalregionaltv.md\/#organization"},"potentialAction":[{"@type":"SearchAction","target":{"@type":"EntryPoint","urlTemplate":"https:\/\/canalregionaltv.md\/?s={search_term_string}"},"query-input":"required name=search_term_string"}],"inLanguage":"en-US"},{"@type":"Organization","@id":"https:\/\/canalregionaltv.md\/#organization","name":"Canal Regional","url":"https:\/\/canalregionaltv.md\/","logo":{"@type":"ImageObject","inLanguage":"en-US","@id":"https:\/\/canalregionaltv.md\/#\/schema\/logo\/image\/","url":"https:\/\/canalregionaltv.md\/wp-content\/uploads\/2023\/10\/Logo_r.png","contentUrl":"https:\/\/canalregionaltv.md\/wp-content\/uploads\/2023\/10\/Logo_r.png","width":403,"height":112,"caption":"Canal Regional"},"image":{"@id":"https:\/\/canalregionaltv.md\/#\/schema\/logo\/image\/"}},{"@type":"Person","@id":"https:\/\/canalregionaltv.md\/#\/schema\/person\/96db60230b2eedd2fd6d09d267f32f8f","name":"admin_axts737o","image":{"@type":"ImageObject","inLanguage":"en-US","@id":"https:\/\/canalregionaltv.md\/#\/schema\/person\/image\/","url":"https:\/\/secure.gravatar.com\/avatar\/409e62ddd56f511fb1262f27a1535ee7719603a42e55b11651be97d388418cae?s=96&d=mm&r=g","contentUrl":"https:\/\/secure.gravatar.com\/avatar\/409e62ddd56f511fb1262f27a1535ee7719603a42e55b11651be97d388418cae?s=96&d=mm&r=g","caption":"admin_axts737o"},"sameAs":["https:\/\/canalregionaltv.md","Canal Regional, Canal Regional TV","canal Regional"],"url":"https:\/\/canalregionaltv.md\/?author=1"}]}},"_links":{"self":[{"href":"https:\/\/canalregionaltv.md\/index.php?rest_route=\/wp\/v2\/posts\/3040","targetHints":{"allow":["GET"]}}],"collection":[{"href":"https:\/\/canalregionaltv.md\/index.php?rest_route=\/wp\/v2\/posts"}],"about":[{"href":"https:\/\/canalregionaltv.md\/index.php?rest_route=\/wp\/v2\/types\/post"}],"author":[{"embeddable":true,"href":"https:\/\/canalregionaltv.md\/index.php?rest_route=\/wp\/v2\/users\/1"}],"replies":[{"embeddable":true,"href":"https:\/\/canalregionaltv.md\/index.php?rest_route=%2Fwp%2Fv2%2Fcomments&post=3040"}],"version-history":[{"count":0,"href":"https:\/\/canalregionaltv.md\/index.php?rest_route=\/wp\/v2\/posts\/3040\/revisions"}],"wp:attachment":[{"href":"https:\/\/canalregionaltv.md\/index.php?rest_route=%2Fwp%2Fv2%2Fmedia&parent=3040"}],"wp:term":[{"taxonomy":"category","embeddable":true,"href":"https:\/\/canalregionaltv.md\/index.php?rest_route=%2Fwp%2Fv2%2Fcategories&post=3040"},{"taxonomy":"post_tag","embeddable":true,"href":"https:\/\/canalregionaltv.md\/index.php?rest_route=%2Fwp%2Fv2%2Ftags&post=3040"}],"curies":[{"name":"wp","href":"https:\/\/api.w.org\/{rel}","templated":true}]}}