{"id":3041,"date":"2026-04-26T17:03:14","date_gmt":"2026-04-26T15:03:14","guid":{"rendered":"https:\/\/canalregionaltv.md\/?p=3041"},"modified":"2026-04-26T17:03:14","modified_gmt":"2026-04-26T15:03:14","slug":"zboruri-afectate-si-trafic-ingreunat-spre-aeroportul-chisinau","status":"publish","type":"post","link":"https:\/\/canalregionaltv.md\/?p=3041","title":{"rendered":"Zboruri afectate \u0219i trafic \u00eengreunat spre Aeroportul Chi\u0219in\u0103u"},"content":{"rendered":"<h3>V\u00e2ntul puternic, pentru care meteorologii au emis cod portocaliu pe \u00eentreg teritoriul Republicii Moldova, provoac\u0103 perturb\u0103ri majore \u00een mai multe regiuni ale \u021b\u0103rii, inclusiv \u00een municipiul Chi\u0219in\u0103u.<\/h3>\n<p>Pe 26 aprilie, rafalele violente au dobor\u00e2t mai mul\u021bi copaci pe bulevardul Dacia, pe direc\u021bia spre Aeroportul Interna\u021bional \u201eEugen Doga\u201d Chi\u0219in\u0103u, afect\u00e2nd circula\u021bia rutier\u0103 \u0219i sporind pericolele pentru \u0219oferi.<\/p>\n<p>Poli\u021bia a informat c\u0103 arborii c\u0103zu\u021bi au ajuns pe acostament, iar participan\u021bii la trafic sunt \u00eendemna\u021bi s\u0103 manifeste maxim\u0103 pruden\u021b\u0103.<\/p>\n<p>\u00cen contextul condi\u021biilor meteorologice severe, reprezentan\u021bii Aeroportului Interna\u021bional \u201eEugen Doga\u201d avertizeaz\u0103 pasagerii c\u0103 sunt posibile \u00eent\u00e2rzieri sau anul\u0103ri ale unor zboruri.<\/p>\n<blockquote>\n<p>\u201e<em>V\u0103 \u00eendemn\u0103m s\u0103 monitoriza\u021bi \u00een permanen\u021b\u0103 statutul zborului dumneavoastr\u0103 pe tabloul online al aeroportului <a href=\"https:\/\/l.facebook.com\/l.php?u=https%3A%2F%2Fairport.md%2Fen%2Fpassenger%2Fonline-panel%3Ffbclid%3DIwZXh0bgNhZW0CMTAAYnJpZBExM3ZMU09mMjlSNVlHRTYyNXNydGMGYXBwX2lkEDIyMjAzOTE3ODgyMDA4OTIAAR5N8Lja_utQIFHdrDktpk1aiIbYgcG0gtfaesiBcI-Yn2kfhLNO-cTphF6CYA_aem_0-dJjkmZcNg8Tn95OuNDSw&amp;h=AT7qKCAL0C2YrshoGUchl7DaEB9JZkOCtY4xysdZpakcTjmiao7f9Ya6pLFxSowmQHmsWp1RtoX3uzukr6gsOGr8I-2KjYF0h5mIc4VlpUBtzJ0SpaOlFF4YCVOqiqQPHH6FtGw9AQimKYVb4A&amp;__tn__=-UK-R&amp;c%5B0%5D=AT4D1CthVvvXw_kgx5tawIODQY0Rneh2N5OFZmZfdujaEjG7XJ89pI-rIvsXw4IkN2LZwjlyWMAgnahp2rIfXZs6JFTDcWj68i5BW_QHsJQuv0bVgrroxs5Y-uj-NHTNMkmxeeHHNKhj0Yb9A45vC6a84O0_dRuQEQcDnQ75uvHZMaZant8kw4KhZpaCvRNR-vH98Te4-4W3qT52Rs30ZVVgEkjMrA\" target=\"_blank\" rel=\"noreferrer noopener\">https:\/\/airport.md\/en\/passenger\/online-panel<\/a>, precum \u0219i notific\u0103rile transmise de compania aerian\u0103 cu care ave\u021bi planificat zborul\u201d, <\/em>scrie Aaeroportul.<\/p>\n<\/blockquote>\n<p>Potrivit Serviciului Hidrometeorologic de Stat, codul portocaliu este valabil p\u00e2n\u0103 la ora 21:00. Cele mai puternice rafale au fost \u00eenregistrate la Soroca, unde viteza v\u00e2ntului a atins 25 m\/s, iar \u00een Chi\u0219in\u0103u s-au raportat rafale de p\u00e2n\u0103 la 27 m\/s.<\/p>\n<p>De\u0219i intensitatea maxim\u0103 se resimte \u00een orele amiezii, meteorologii avertizeaz\u0103 c\u0103 pe parcursul nop\u021bii se vor men\u021bine local intensific\u0103ri ale v\u00e2ntului, \u00eens\u0103 de o severitate mai redus\u0103.<\/p>\n<p>Totodat\u0103, sc\u0103derea temperaturilor a determinat emiterea unui cod galben de \u00eenghe\u021buri pentru urm\u0103toarele dou\u0103 nop\u021bi, cu temperaturi minime de p\u00e2n\u0103 la -3\u00b0C.<\/p>\n<p>Autorit\u0103\u021bile recomand\u0103 popula\u021biei s\u0103 evite deplas\u0103rile neesen\u021biale, s\u0103 nu parcheze sub copaci \u0219i s\u0103 urm\u0103reasc\u0103 exclusiv sursele oficiale de informare pentru actualiz\u0103ri privind situa\u021bia meteo.<\/p>\n<p>Articolul <a href=\"https:\/\/nordnews.md\/stiri-nationale\/social\/zboruri-afectate-si-trafic-ingreunat-spre-aeroportul-chisinau\/\">Zboruri afectate \u0219i trafic \u00eengreunat spre Aeroportul Chi\u0219in\u0103u<\/a> apare prima dat\u0103 \u00een <a href=\"https:\/\/nordnews.md\/\">NordNews<\/a>.<\/p>","protected":false},"excerpt":{"rendered":"<p>V\u00e2ntul puternic, pentru care meteorologii au emis cod portocaliu pe \u00eentreg teritoriul Republicii Moldova, provoac\u0103 perturb\u0103ri majore \u00een mai multe regiuni ale \u021b\u0103rii, inclusiv \u00een [&hellip;]<\/p>\n","protected":false},"author":1,"featured_media":0,"comment_status":"open","ping_status":"closed","sticky":false,"template":"","format":"standard","meta":{"footnotes":""},"categories":[1],"tags":[],"class_list":["post-3041","post","type-post","status-publish","format-standard","hentry","category-uncategorized"],"yoast_head":"<!-- This site is optimized with the Yoast SEO plugin v21.3 - https:\/\/yoast.com\/wordpress\/plugins\/seo\/ -->\n<title>Zboruri afectate \u0219i trafic \u00eengreunat spre Aeroportul Chi\u0219in\u0103u - Canal Regional<\/title>\n<meta name=\"robots\" content=\"index, follow, max-snippet:-1, max-image-preview:large, max-video-preview:-1\" \/>\n<link rel=\"canonical\" href=\"https:\/\/canalregionaltv.md\/?p=3041\" \/>\n<meta property=\"og:locale\" content=\"en_US\" \/>\n<meta property=\"og:type\" content=\"article\" \/>\n<meta property=\"og:title\" content=\"Zboruri afectate \u0219i trafic \u00eengreunat spre Aeroportul Chi\u0219in\u0103u - Canal Regional\" \/>\n<meta property=\"og:description\" content=\"V\u00e2ntul puternic, pentru care meteorologii au emis cod portocaliu pe \u00eentreg teritoriul Republicii Moldova, provoac\u0103 perturb\u0103ri majore \u00een mai multe regiuni ale \u021b\u0103rii, inclusiv \u00een [&hellip;]\" \/>\n<meta property=\"og:url\" content=\"https:\/\/canalregionaltv.md\/?p=3041\" \/>\n<meta property=\"og:site_name\" content=\"Canal Regional\" \/>\n<meta property=\"article:author\" content=\"Canal Regional, Canal Regional TV\" \/>\n<meta property=\"article:published_time\" content=\"2026-04-26T15:03:14+00:00\" \/>\n<meta name=\"author\" content=\"admin_axts737o\" \/>\n<meta name=\"twitter:card\" content=\"summary_large_image\" \/>\n<meta name=\"twitter:label1\" content=\"Written by\" \/>\n\t<meta name=\"twitter:data1\" content=\"admin_axts737o\" \/>\n\t<meta name=\"twitter:label2\" content=\"Est. reading time\" \/>\n\t<meta name=\"twitter:data2\" content=\"2 minutes\" \/>\n<script type=\"application\/ld+json\" class=\"yoast-schema-graph\">{\"@context\":\"https:\/\/schema.org\",\"@graph\":[{\"@type\":\"Article\",\"@id\":\"https:\/\/canalregionaltv.md\/?p=3041#article\",\"isPartOf\":{\"@id\":\"https:\/\/canalregionaltv.md\/?p=3041\"},\"author\":{\"name\":\"admin_axts737o\",\"@id\":\"https:\/\/canalregionaltv.md\/#\/schema\/person\/96db60230b2eedd2fd6d09d267f32f8f\"},\"headline\":\"Zboruri afectate \u0219i trafic \u00eengreunat spre Aeroportul Chi\u0219in\u0103u\",\"datePublished\":\"2026-04-26T15:03:14+00:00\",\"dateModified\":\"2026-04-26T15:03:14+00:00\",\"mainEntityOfPage\":{\"@id\":\"https:\/\/canalregionaltv.md\/?p=3041\"},\"wordCount\":318,\"commentCount\":0,\"publisher\":{\"@id\":\"https:\/\/canalregionaltv.md\/#organization\"},\"inLanguage\":\"en-US\",\"potentialAction\":[{\"@type\":\"CommentAction\",\"name\":\"Comment\",\"target\":[\"https:\/\/canalregionaltv.md\/?p=3041#respond\"]}]},{\"@type\":\"WebPage\",\"@id\":\"https:\/\/canalregionaltv.md\/?p=3041\",\"url\":\"https:\/\/canalregionaltv.md\/?p=3041\",\"name\":\"Zboruri afectate \u0219i trafic \u00eengreunat spre Aeroportul Chi\u0219in\u0103u - Canal Regional\",\"isPartOf\":{\"@id\":\"https:\/\/canalregionaltv.md\/#website\"},\"datePublished\":\"2026-04-26T15:03:14+00:00\",\"dateModified\":\"2026-04-26T15:03:14+00:00\",\"breadcrumb\":{\"@id\":\"https:\/\/canalregionaltv.md\/?p=3041#breadcrumb\"},\"inLanguage\":\"en-US\",\"potentialAction\":[{\"@type\":\"ReadAction\",\"target\":[\"https:\/\/canalregionaltv.md\/?p=3041\"]}]},{\"@type\":\"BreadcrumbList\",\"@id\":\"https:\/\/canalregionaltv.md\/?p=3041#breadcrumb\",\"itemListElement\":[{\"@type\":\"ListItem\",\"position\":1,\"name\":\"Home\",\"item\":\"https:\/\/canalregionaltv.md\/\"},{\"@type\":\"ListItem\",\"position\":2,\"name\":\"Zboruri afectate \u0219i trafic \u00eengreunat spre Aeroportul Chi\u0219in\u0103u\"}]},{\"@type\":\"WebSite\",\"@id\":\"https:\/\/canalregionaltv.md\/#website\",\"url\":\"https:\/\/canalregionaltv.md\/\",\"name\":\"Canal Regional\",\"description\":\"Canal Regional\",\"publisher\":{\"@id\":\"https:\/\/canalregionaltv.md\/#organization\"},\"potentialAction\":[{\"@type\":\"SearchAction\",\"target\":{\"@type\":\"EntryPoint\",\"urlTemplate\":\"https:\/\/canalregionaltv.md\/?s={search_term_string}\"},\"query-input\":\"required name=search_term_string\"}],\"inLanguage\":\"en-US\"},{\"@type\":\"Organization\",\"@id\":\"https:\/\/canalregionaltv.md\/#organization\",\"name\":\"Canal Regional\",\"url\":\"https:\/\/canalregionaltv.md\/\",\"logo\":{\"@type\":\"ImageObject\",\"inLanguage\":\"en-US\",\"@id\":\"https:\/\/canalregionaltv.md\/#\/schema\/logo\/image\/\",\"url\":\"https:\/\/canalregionaltv.md\/wp-content\/uploads\/2023\/10\/Logo_r.png\",\"contentUrl\":\"https:\/\/canalregionaltv.md\/wp-content\/uploads\/2023\/10\/Logo_r.png\",\"width\":403,\"height\":112,\"caption\":\"Canal Regional\"},\"image\":{\"@id\":\"https:\/\/canalregionaltv.md\/#\/schema\/logo\/image\/\"}},{\"@type\":\"Person\",\"@id\":\"https:\/\/canalregionaltv.md\/#\/schema\/person\/96db60230b2eedd2fd6d09d267f32f8f\",\"name\":\"admin_axts737o\",\"image\":{\"@type\":\"ImageObject\",\"inLanguage\":\"en-US\",\"@id\":\"https:\/\/canalregionaltv.md\/#\/schema\/person\/image\/\",\"url\":\"https:\/\/secure.gravatar.com\/avatar\/409e62ddd56f511fb1262f27a1535ee7719603a42e55b11651be97d388418cae?s=96&d=mm&r=g\",\"contentUrl\":\"https:\/\/secure.gravatar.com\/avatar\/409e62ddd56f511fb1262f27a1535ee7719603a42e55b11651be97d388418cae?s=96&d=mm&r=g\",\"caption\":\"admin_axts737o\"},\"sameAs\":[\"https:\/\/canalregionaltv.md\",\"Canal Regional, Canal Regional TV\",\"canal Regional\"],\"url\":\"https:\/\/canalregionaltv.md\/?author=1\"}]}<\/script>\n<!-- \/ Yoast SEO plugin. -->","yoast_head_json":{"title":"Zboruri afectate \u0219i trafic \u00eengreunat spre Aeroportul Chi\u0219in\u0103u - Canal Regional","robots":{"index":"index","follow":"follow","max-snippet":"max-snippet:-1","max-image-preview":"max-image-preview:large","max-video-preview":"max-video-preview:-1"},"canonical":"https:\/\/canalregionaltv.md\/?p=3041","og_locale":"en_US","og_type":"article","og_title":"Zboruri afectate \u0219i trafic \u00eengreunat spre Aeroportul Chi\u0219in\u0103u - Canal Regional","og_description":"V\u00e2ntul puternic, pentru care meteorologii au emis cod portocaliu pe \u00eentreg teritoriul Republicii Moldova, provoac\u0103 perturb\u0103ri majore \u00een mai multe regiuni ale \u021b\u0103rii, inclusiv \u00een [&hellip;]","og_url":"https:\/\/canalregionaltv.md\/?p=3041","og_site_name":"Canal Regional","article_author":"Canal Regional, Canal Regional TV","article_published_time":"2026-04-26T15:03:14+00:00","author":"admin_axts737o","twitter_card":"summary_large_image","twitter_misc":{"Written by":"admin_axts737o","Est. reading time":"2 minutes"},"schema":{"@context":"https:\/\/schema.org","@graph":[{"@type":"Article","@id":"https:\/\/canalregionaltv.md\/?p=3041#article","isPartOf":{"@id":"https:\/\/canalregionaltv.md\/?p=3041"},"author":{"name":"admin_axts737o","@id":"https:\/\/canalregionaltv.md\/#\/schema\/person\/96db60230b2eedd2fd6d09d267f32f8f"},"headline":"Zboruri afectate \u0219i trafic \u00eengreunat spre Aeroportul Chi\u0219in\u0103u","datePublished":"2026-04-26T15:03:14+00:00","dateModified":"2026-04-26T15:03:14+00:00","mainEntityOfPage":{"@id":"https:\/\/canalregionaltv.md\/?p=3041"},"wordCount":318,"commentCount":0,"publisher":{"@id":"https:\/\/canalregionaltv.md\/#organization"},"inLanguage":"en-US","potentialAction":[{"@type":"CommentAction","name":"Comment","target":["https:\/\/canalregionaltv.md\/?p=3041#respond"]}]},{"@type":"WebPage","@id":"https:\/\/canalregionaltv.md\/?p=3041","url":"https:\/\/canalregionaltv.md\/?p=3041","name":"Zboruri afectate \u0219i trafic \u00eengreunat spre Aeroportul Chi\u0219in\u0103u - Canal Regional","isPartOf":{"@id":"https:\/\/canalregionaltv.md\/#website"},"datePublished":"2026-04-26T15:03:14+00:00","dateModified":"2026-04-26T15:03:14+00:00","breadcrumb":{"@id":"https:\/\/canalregionaltv.md\/?p=3041#breadcrumb"},"inLanguage":"en-US","potentialAction":[{"@type":"ReadAction","target":["https:\/\/canalregionaltv.md\/?p=3041"]}]},{"@type":"BreadcrumbList","@id":"https:\/\/canalregionaltv.md\/?p=3041#breadcrumb","itemListElement":[{"@type":"ListItem","position":1,"name":"Home","item":"https:\/\/canalregionaltv.md\/"},{"@type":"ListItem","position":2,"name":"Zboruri afectate \u0219i trafic \u00eengreunat spre Aeroportul Chi\u0219in\u0103u"}]},{"@type":"WebSite","@id":"https:\/\/canalregionaltv.md\/#website","url":"https:\/\/canalregionaltv.md\/","name":"Canal Regional","description":"Canal Regional","publisher":{"@id":"https:\/\/canalregionaltv.md\/#organization"},"potentialAction":[{"@type":"SearchAction","target":{"@type":"EntryPoint","urlTemplate":"https:\/\/canalregionaltv.md\/?s={search_term_string}"},"query-input":"required name=search_term_string"}],"inLanguage":"en-US"},{"@type":"Organization","@id":"https:\/\/canalregionaltv.md\/#organization","name":"Canal Regional","url":"https:\/\/canalregionaltv.md\/","logo":{"@type":"ImageObject","inLanguage":"en-US","@id":"https:\/\/canalregionaltv.md\/#\/schema\/logo\/image\/","url":"https:\/\/canalregionaltv.md\/wp-content\/uploads\/2023\/10\/Logo_r.png","contentUrl":"https:\/\/canalregionaltv.md\/wp-content\/uploads\/2023\/10\/Logo_r.png","width":403,"height":112,"caption":"Canal Regional"},"image":{"@id":"https:\/\/canalregionaltv.md\/#\/schema\/logo\/image\/"}},{"@type":"Person","@id":"https:\/\/canalregionaltv.md\/#\/schema\/person\/96db60230b2eedd2fd6d09d267f32f8f","name":"admin_axts737o","image":{"@type":"ImageObject","inLanguage":"en-US","@id":"https:\/\/canalregionaltv.md\/#\/schema\/person\/image\/","url":"https:\/\/secure.gravatar.com\/avatar\/409e62ddd56f511fb1262f27a1535ee7719603a42e55b11651be97d388418cae?s=96&d=mm&r=g","contentUrl":"https:\/\/secure.gravatar.com\/avatar\/409e62ddd56f511fb1262f27a1535ee7719603a42e55b11651be97d388418cae?s=96&d=mm&r=g","caption":"admin_axts737o"},"sameAs":["https:\/\/canalregionaltv.md","Canal Regional, Canal Regional TV","canal Regional"],"url":"https:\/\/canalregionaltv.md\/?author=1"}]}},"_links":{"self":[{"href":"https:\/\/canalregionaltv.md\/index.php?rest_route=\/wp\/v2\/posts\/3041","targetHints":{"allow":["GET"]}}],"collection":[{"href":"https:\/\/canalregionaltv.md\/index.php?rest_route=\/wp\/v2\/posts"}],"about":[{"href":"https:\/\/canalregionaltv.md\/index.php?rest_route=\/wp\/v2\/types\/post"}],"author":[{"embeddable":true,"href":"https:\/\/canalregionaltv.md\/index.php?rest_route=\/wp\/v2\/users\/1"}],"replies":[{"embeddable":true,"href":"https:\/\/canalregionaltv.md\/index.php?rest_route=%2Fwp%2Fv2%2Fcomments&post=3041"}],"version-history":[{"count":0,"href":"https:\/\/canalregionaltv.md\/index.php?rest_route=\/wp\/v2\/posts\/3041\/revisions"}],"wp:attachment":[{"href":"https:\/\/canalregionaltv.md\/index.php?rest_route=%2Fwp%2Fv2%2Fmedia&parent=3041"}],"wp:term":[{"taxonomy":"category","embeddable":true,"href":"https:\/\/canalregionaltv.md\/index.php?rest_route=%2Fwp%2Fv2%2Fcategories&post=3041"},{"taxonomy":"post_tag","embeddable":true,"href":"https:\/\/canalregionaltv.md\/index.php?rest_route=%2Fwp%2Fv2%2Ftags&post=3041"}],"curies":[{"name":"wp","href":"https:\/\/api.w.org\/{rel}","templated":true}]}}