{"id":3042,"date":"2026-04-26T17:03:14","date_gmt":"2026-04-26T15:03:14","guid":{"rendered":"https:\/\/canalregionaltv.md\/?p=3042"},"modified":"2026-04-26T17:03:14","modified_gmt":"2026-04-26T15:03:14","slug":"video-foto-cod-portocaliu-de-furtuna-baltiul-lovit-de-copaci-doborati-si-fire-rupte","status":"publish","type":"post","link":"https:\/\/canalregionaltv.md\/?p=3042","title":{"rendered":"VIDEO | FOTO\u00a0Cod portocaliu de furtun\u0103: B\u0103l\u021biul, lovit de copaci dobor\u00e2\u021bi \u0219i fire rupte"},"content":{"rendered":"<h3>V\u00e2ntul puternic, pentru care a fost emis cod portocaliu de pericol meteorologic pe \u00eentreg teritoriul \u021b\u0103rii, a provocat ast\u0103zi, 26 aprilie, c\u0103deri de copaci \u0219i pagube infrastructurii \u00een municipiul B\u0103l\u021bi \u0219i \u00een mai multe raioane din nordul Republicii Moldova.<\/h3>\n\n<p>Potrivit serviciilor de urgen\u021b\u0103, cazuri de copaci dobor\u00e2\u021bi au fost \u00eenregistrate \u00een raioanele R\u00ee\u0219cani, B\u0103l\u021bi, F\u0103le\u0219ti \u0219i Soroca. \u00cen municipiul B\u0103l\u021bi, rafalele puternice au provocat blocaje \u00een trafic \u0219i au creat pericole pentru locuitori.<\/p>\n<p>Pe strada Cicikalo, mai mul\u021bi copaci au c\u0103zut pe carosabil, bloc\u00e2nd circula\u021bia troleibuzelor. Pasagerii au fost nevoi\u021bi s\u0103 coboare \u0219i s\u0103-\u0219i continue drumul pe jos.<\/p>\n<p>Pe strada \u0218tefan cel Mare, \u00een apropierea liceului \u201eMihai Eminescu\u201d, un copac s-a pr\u0103bu\u0219it peste un automobil. Un alt incident a avut loc pe stradela Tuhacevschi, unde v\u00e2ntul a smuls un brad din r\u0103d\u0103cini, acesta c\u0103z\u00e2nd peste drumul de acces \u00eentr-o curte, bloc\u00e2nd par\u021bial trecerea \u0219i ating\u00e2nd firele electrice.<\/p>\n<p>Un alt caz a fost raportat pe strada Sf\u00e2ntul Nicolae, unde un copac de mari dimensiuni a c\u0103zut peste firele electrice.<\/p>\n<p>Autorit\u0103\u021bile municipale au anun\u021bat c\u0103 toate serviciile sunt \u00een stare de alert\u0103 sporit\u0103.<\/p>\n<blockquote>\n<p><em>\u201eV\u0103 rog s\u0103 manifesta\u021bi maxim\u0103 pruden\u021b\u0103: nu l\u0103sa\u021bi automobilele sub copaci, r\u0103m\u00e2ne\u021bi acas\u0103 dac\u0103 este posibil \u0219i evita\u021bi apropierea de copaci, panouri publicitare \u0219i linii electrice\u201d,<\/em> a men\u021bionat primarul municipiului B\u0103l\u021bi, Alexandr Petkov, \u00eentr-o postare pe Facebook.<\/p>\n<\/blockquote>\n<p>\u0218oferii sunt \u00eendemna\u021bi s\u0103 circule cu maxim\u0103 aten\u021bie, s\u0103 respecte distan\u021ba \u0219i s\u0103 \u021bin\u0103 cont de eventualele obstacole de pe carosabil.<\/p>\n<p>\u00cen cazul observ\u0103rii copacilor c\u0103zu\u021bi sau a firelor electrice rupte, cet\u0103\u021benii sunt ruga\u021bi s\u0103 apeleze imediat serviciul 112 sau s\u0103 informeze cel mai apropiat echipaj de poli\u021bie.<\/p>\n<p>Meteorologii avertizeaz\u0103 c\u0103 rafalele de v\u00e2nt continu\u0103 s\u0103 se intensifice, iar situa\u021bia r\u0103m\u00e2ne periculoas\u0103.<\/p>\n\n<p>Articolul <a href=\"https:\/\/nordnews.md\/stiri-locale\/cod-portocaliu-de-furtuna-baltiul-lovit-de-copaci-doborati-si-fire-rupte\/\">&lt;span class=&#8221;badge-status&#8221; style=&#8221;background: #ff1813;&#8221;&gt;VIDEO | FOTO&lt;\/span&gt;\u00a0Cod portocaliu de furtun\u0103: B\u0103l\u021biul, lovit de copaci dobor\u00e2\u021bi \u0219i fire rupte<\/a> apare prima dat\u0103 \u00een <a href=\"https:\/\/nordnews.md\/\">NordNews<\/a>.<\/p>","protected":false},"excerpt":{"rendered":"<p>V\u00e2ntul puternic, pentru care a fost emis cod portocaliu de pericol meteorologic pe \u00eentreg teritoriul \u021b\u0103rii, a provocat ast\u0103zi, 26 aprilie, c\u0103deri de copaci \u0219i [&hellip;]<\/p>\n","protected":false},"author":1,"featured_media":0,"comment_status":"open","ping_status":"closed","sticky":false,"template":"","format":"standard","meta":{"footnotes":""},"categories":[1],"tags":[],"class_list":["post-3042","post","type-post","status-publish","format-standard","hentry","category-uncategorized"],"yoast_head":"<!-- This site is optimized with the Yoast SEO plugin v21.3 - https:\/\/yoast.com\/wordpress\/plugins\/seo\/ -->\n<title>VIDEO | FOTO\u00a0Cod portocaliu de furtun\u0103: B\u0103l\u021biul, lovit de copaci dobor\u00e2\u021bi \u0219i fire rupte - Canal Regional<\/title>\n<meta name=\"robots\" content=\"index, follow, max-snippet:-1, max-image-preview:large, max-video-preview:-1\" \/>\n<link rel=\"canonical\" href=\"https:\/\/canalregionaltv.md\/?p=3042\" \/>\n<meta property=\"og:locale\" content=\"en_US\" \/>\n<meta property=\"og:type\" content=\"article\" \/>\n<meta property=\"og:title\" content=\"VIDEO | FOTO\u00a0Cod portocaliu de furtun\u0103: B\u0103l\u021biul, lovit de copaci dobor\u00e2\u021bi \u0219i fire rupte - Canal Regional\" \/>\n<meta property=\"og:description\" content=\"V\u00e2ntul puternic, pentru care a fost emis cod portocaliu de pericol meteorologic pe \u00eentreg teritoriul \u021b\u0103rii, a provocat ast\u0103zi, 26 aprilie, c\u0103deri de copaci \u0219i [&hellip;]\" \/>\n<meta property=\"og:url\" content=\"https:\/\/canalregionaltv.md\/?p=3042\" \/>\n<meta property=\"og:site_name\" content=\"Canal Regional\" \/>\n<meta property=\"article:author\" content=\"Canal Regional, Canal Regional TV\" \/>\n<meta property=\"article:published_time\" content=\"2026-04-26T15:03:14+00:00\" \/>\n<meta name=\"author\" content=\"admin_axts737o\" \/>\n<meta name=\"twitter:card\" content=\"summary_large_image\" \/>\n<meta name=\"twitter:label1\" content=\"Written by\" \/>\n\t<meta name=\"twitter:data1\" content=\"admin_axts737o\" \/>\n\t<meta name=\"twitter:label2\" content=\"Est. reading time\" \/>\n\t<meta name=\"twitter:data2\" content=\"2 minutes\" \/>\n<script type=\"application\/ld+json\" class=\"yoast-schema-graph\">{\"@context\":\"https:\/\/schema.org\",\"@graph\":[{\"@type\":\"Article\",\"@id\":\"https:\/\/canalregionaltv.md\/?p=3042#article\",\"isPartOf\":{\"@id\":\"https:\/\/canalregionaltv.md\/?p=3042\"},\"author\":{\"name\":\"admin_axts737o\",\"@id\":\"https:\/\/canalregionaltv.md\/#\/schema\/person\/96db60230b2eedd2fd6d09d267f32f8f\"},\"headline\":\"VIDEO | FOTO\u00a0Cod portocaliu de furtun\u0103: B\u0103l\u021biul, lovit de copaci dobor\u00e2\u021bi \u0219i fire rupte\",\"datePublished\":\"2026-04-26T15:03:14+00:00\",\"dateModified\":\"2026-04-26T15:03:14+00:00\",\"mainEntityOfPage\":{\"@id\":\"https:\/\/canalregionaltv.md\/?p=3042\"},\"wordCount\":386,\"commentCount\":0,\"publisher\":{\"@id\":\"https:\/\/canalregionaltv.md\/#organization\"},\"inLanguage\":\"en-US\",\"potentialAction\":[{\"@type\":\"CommentAction\",\"name\":\"Comment\",\"target\":[\"https:\/\/canalregionaltv.md\/?p=3042#respond\"]}]},{\"@type\":\"WebPage\",\"@id\":\"https:\/\/canalregionaltv.md\/?p=3042\",\"url\":\"https:\/\/canalregionaltv.md\/?p=3042\",\"name\":\"VIDEO | FOTO\u00a0Cod portocaliu de furtun\u0103: B\u0103l\u021biul, lovit de copaci dobor\u00e2\u021bi \u0219i fire rupte - Canal Regional\",\"isPartOf\":{\"@id\":\"https:\/\/canalregionaltv.md\/#website\"},\"datePublished\":\"2026-04-26T15:03:14+00:00\",\"dateModified\":\"2026-04-26T15:03:14+00:00\",\"breadcrumb\":{\"@id\":\"https:\/\/canalregionaltv.md\/?p=3042#breadcrumb\"},\"inLanguage\":\"en-US\",\"potentialAction\":[{\"@type\":\"ReadAction\",\"target\":[\"https:\/\/canalregionaltv.md\/?p=3042\"]}]},{\"@type\":\"BreadcrumbList\",\"@id\":\"https:\/\/canalregionaltv.md\/?p=3042#breadcrumb\",\"itemListElement\":[{\"@type\":\"ListItem\",\"position\":1,\"name\":\"Home\",\"item\":\"https:\/\/canalregionaltv.md\/\"},{\"@type\":\"ListItem\",\"position\":2,\"name\":\"VIDEO | FOTO\u00a0Cod portocaliu de furtun\u0103: B\u0103l\u021biul, lovit de copaci dobor\u00e2\u021bi \u0219i fire rupte\"}]},{\"@type\":\"WebSite\",\"@id\":\"https:\/\/canalregionaltv.md\/#website\",\"url\":\"https:\/\/canalregionaltv.md\/\",\"name\":\"Canal Regional\",\"description\":\"Canal Regional\",\"publisher\":{\"@id\":\"https:\/\/canalregionaltv.md\/#organization\"},\"potentialAction\":[{\"@type\":\"SearchAction\",\"target\":{\"@type\":\"EntryPoint\",\"urlTemplate\":\"https:\/\/canalregionaltv.md\/?s={search_term_string}\"},\"query-input\":\"required name=search_term_string\"}],\"inLanguage\":\"en-US\"},{\"@type\":\"Organization\",\"@id\":\"https:\/\/canalregionaltv.md\/#organization\",\"name\":\"Canal Regional\",\"url\":\"https:\/\/canalregionaltv.md\/\",\"logo\":{\"@type\":\"ImageObject\",\"inLanguage\":\"en-US\",\"@id\":\"https:\/\/canalregionaltv.md\/#\/schema\/logo\/image\/\",\"url\":\"https:\/\/canalregionaltv.md\/wp-content\/uploads\/2023\/10\/Logo_r.png\",\"contentUrl\":\"https:\/\/canalregionaltv.md\/wp-content\/uploads\/2023\/10\/Logo_r.png\",\"width\":403,\"height\":112,\"caption\":\"Canal Regional\"},\"image\":{\"@id\":\"https:\/\/canalregionaltv.md\/#\/schema\/logo\/image\/\"}},{\"@type\":\"Person\",\"@id\":\"https:\/\/canalregionaltv.md\/#\/schema\/person\/96db60230b2eedd2fd6d09d267f32f8f\",\"name\":\"admin_axts737o\",\"image\":{\"@type\":\"ImageObject\",\"inLanguage\":\"en-US\",\"@id\":\"https:\/\/canalregionaltv.md\/#\/schema\/person\/image\/\",\"url\":\"https:\/\/secure.gravatar.com\/avatar\/409e62ddd56f511fb1262f27a1535ee7719603a42e55b11651be97d388418cae?s=96&d=mm&r=g\",\"contentUrl\":\"https:\/\/secure.gravatar.com\/avatar\/409e62ddd56f511fb1262f27a1535ee7719603a42e55b11651be97d388418cae?s=96&d=mm&r=g\",\"caption\":\"admin_axts737o\"},\"sameAs\":[\"https:\/\/canalregionaltv.md\",\"Canal Regional, Canal Regional TV\",\"canal Regional\"],\"url\":\"https:\/\/canalregionaltv.md\/?author=1\"}]}<\/script>\n<!-- \/ Yoast SEO plugin. -->","yoast_head_json":{"title":"VIDEO | FOTO\u00a0Cod portocaliu de furtun\u0103: B\u0103l\u021biul, lovit de copaci dobor\u00e2\u021bi \u0219i fire rupte - Canal Regional","robots":{"index":"index","follow":"follow","max-snippet":"max-snippet:-1","max-image-preview":"max-image-preview:large","max-video-preview":"max-video-preview:-1"},"canonical":"https:\/\/canalregionaltv.md\/?p=3042","og_locale":"en_US","og_type":"article","og_title":"VIDEO | FOTO\u00a0Cod portocaliu de furtun\u0103: B\u0103l\u021biul, lovit de copaci dobor\u00e2\u021bi \u0219i fire rupte - Canal Regional","og_description":"V\u00e2ntul puternic, pentru care a fost emis cod portocaliu de pericol meteorologic pe \u00eentreg teritoriul \u021b\u0103rii, a provocat ast\u0103zi, 26 aprilie, c\u0103deri de copaci \u0219i [&hellip;]","og_url":"https:\/\/canalregionaltv.md\/?p=3042","og_site_name":"Canal Regional","article_author":"Canal Regional, Canal Regional TV","article_published_time":"2026-04-26T15:03:14+00:00","author":"admin_axts737o","twitter_card":"summary_large_image","twitter_misc":{"Written by":"admin_axts737o","Est. reading time":"2 minutes"},"schema":{"@context":"https:\/\/schema.org","@graph":[{"@type":"Article","@id":"https:\/\/canalregionaltv.md\/?p=3042#article","isPartOf":{"@id":"https:\/\/canalregionaltv.md\/?p=3042"},"author":{"name":"admin_axts737o","@id":"https:\/\/canalregionaltv.md\/#\/schema\/person\/96db60230b2eedd2fd6d09d267f32f8f"},"headline":"VIDEO | FOTO\u00a0Cod portocaliu de furtun\u0103: B\u0103l\u021biul, lovit de copaci dobor\u00e2\u021bi \u0219i fire rupte","datePublished":"2026-04-26T15:03:14+00:00","dateModified":"2026-04-26T15:03:14+00:00","mainEntityOfPage":{"@id":"https:\/\/canalregionaltv.md\/?p=3042"},"wordCount":386,"commentCount":0,"publisher":{"@id":"https:\/\/canalregionaltv.md\/#organization"},"inLanguage":"en-US","potentialAction":[{"@type":"CommentAction","name":"Comment","target":["https:\/\/canalregionaltv.md\/?p=3042#respond"]}]},{"@type":"WebPage","@id":"https:\/\/canalregionaltv.md\/?p=3042","url":"https:\/\/canalregionaltv.md\/?p=3042","name":"VIDEO | FOTO\u00a0Cod portocaliu de furtun\u0103: B\u0103l\u021biul, lovit de copaci dobor\u00e2\u021bi \u0219i fire rupte - Canal Regional","isPartOf":{"@id":"https:\/\/canalregionaltv.md\/#website"},"datePublished":"2026-04-26T15:03:14+00:00","dateModified":"2026-04-26T15:03:14+00:00","breadcrumb":{"@id":"https:\/\/canalregionaltv.md\/?p=3042#breadcrumb"},"inLanguage":"en-US","potentialAction":[{"@type":"ReadAction","target":["https:\/\/canalregionaltv.md\/?p=3042"]}]},{"@type":"BreadcrumbList","@id":"https:\/\/canalregionaltv.md\/?p=3042#breadcrumb","itemListElement":[{"@type":"ListItem","position":1,"name":"Home","item":"https:\/\/canalregionaltv.md\/"},{"@type":"ListItem","position":2,"name":"VIDEO | FOTO\u00a0Cod portocaliu de furtun\u0103: B\u0103l\u021biul, lovit de copaci dobor\u00e2\u021bi \u0219i fire rupte"}]},{"@type":"WebSite","@id":"https:\/\/canalregionaltv.md\/#website","url":"https:\/\/canalregionaltv.md\/","name":"Canal Regional","description":"Canal Regional","publisher":{"@id":"https:\/\/canalregionaltv.md\/#organization"},"potentialAction":[{"@type":"SearchAction","target":{"@type":"EntryPoint","urlTemplate":"https:\/\/canalregionaltv.md\/?s={search_term_string}"},"query-input":"required name=search_term_string"}],"inLanguage":"en-US"},{"@type":"Organization","@id":"https:\/\/canalregionaltv.md\/#organization","name":"Canal Regional","url":"https:\/\/canalregionaltv.md\/","logo":{"@type":"ImageObject","inLanguage":"en-US","@id":"https:\/\/canalregionaltv.md\/#\/schema\/logo\/image\/","url":"https:\/\/canalregionaltv.md\/wp-content\/uploads\/2023\/10\/Logo_r.png","contentUrl":"https:\/\/canalregionaltv.md\/wp-content\/uploads\/2023\/10\/Logo_r.png","width":403,"height":112,"caption":"Canal Regional"},"image":{"@id":"https:\/\/canalregionaltv.md\/#\/schema\/logo\/image\/"}},{"@type":"Person","@id":"https:\/\/canalregionaltv.md\/#\/schema\/person\/96db60230b2eedd2fd6d09d267f32f8f","name":"admin_axts737o","image":{"@type":"ImageObject","inLanguage":"en-US","@id":"https:\/\/canalregionaltv.md\/#\/schema\/person\/image\/","url":"https:\/\/secure.gravatar.com\/avatar\/409e62ddd56f511fb1262f27a1535ee7719603a42e55b11651be97d388418cae?s=96&d=mm&r=g","contentUrl":"https:\/\/secure.gravatar.com\/avatar\/409e62ddd56f511fb1262f27a1535ee7719603a42e55b11651be97d388418cae?s=96&d=mm&r=g","caption":"admin_axts737o"},"sameAs":["https:\/\/canalregionaltv.md","Canal Regional, Canal Regional TV","canal Regional"],"url":"https:\/\/canalregionaltv.md\/?author=1"}]}},"_links":{"self":[{"href":"https:\/\/canalregionaltv.md\/index.php?rest_route=\/wp\/v2\/posts\/3042","targetHints":{"allow":["GET"]}}],"collection":[{"href":"https:\/\/canalregionaltv.md\/index.php?rest_route=\/wp\/v2\/posts"}],"about":[{"href":"https:\/\/canalregionaltv.md\/index.php?rest_route=\/wp\/v2\/types\/post"}],"author":[{"embeddable":true,"href":"https:\/\/canalregionaltv.md\/index.php?rest_route=\/wp\/v2\/users\/1"}],"replies":[{"embeddable":true,"href":"https:\/\/canalregionaltv.md\/index.php?rest_route=%2Fwp%2Fv2%2Fcomments&post=3042"}],"version-history":[{"count":0,"href":"https:\/\/canalregionaltv.md\/index.php?rest_route=\/wp\/v2\/posts\/3042\/revisions"}],"wp:attachment":[{"href":"https:\/\/canalregionaltv.md\/index.php?rest_route=%2Fwp%2Fv2%2Fmedia&parent=3042"}],"wp:term":[{"taxonomy":"category","embeddable":true,"href":"https:\/\/canalregionaltv.md\/index.php?rest_route=%2Fwp%2Fv2%2Fcategories&post=3042"},{"taxonomy":"post_tag","embeddable":true,"href":"https:\/\/canalregionaltv.md\/index.php?rest_route=%2Fwp%2Fv2%2Ftags&post=3042"}],"curies":[{"name":"wp","href":"https:\/\/api.w.org\/{rel}","templated":true}]}}