{"id":3043,"date":"2026-04-26T17:03:14","date_gmt":"2026-04-26T15:03:14","guid":{"rendered":"https:\/\/canalregionaltv.md\/?p=3043"},"modified":"2026-04-26T17:03:14","modified_gmt":"2026-04-26T15:03:14","slug":"noi-reguli-pentru-gradinitele-si-scolile-private-din-moldova","status":"publish","type":"post","link":"https:\/\/canalregionaltv.md\/?p=3043","title":{"rendered":"Noi reguli pentru gr\u0103dini\u021bele \u0219i \u0219colile private din Moldova"},"content":{"rendered":"<h3>\u0218colile \u0219i gr\u0103dini\u021bele private din Moldova vor func\u021biona pe baza unei autoriza\u021bii provizorii valabile trei ani \u0219i vor fi evaluate periodic. \u00cen acest sens, Ministerul Educa\u021biei \u0219i Cercet\u0103rii a aprobat o nou\u0103 metodologie care stabile\u0219te un sistem unificat \u0219i complet de autorizare, acreditare \u0219i certificare a calit\u0103\u021bii \u00een \u00eenv\u0103\u021b\u0103m\u00e2ntul privat, transmite IPN.<\/h3>\n<p>Noua metodologie stabile\u0219te etapele obligatorii pentru func\u021bionarea unei institu\u021bii private: autorizarea provizorie, acreditarea \u0219i evaluarea periodic\u0103 pentru ob\u021binerea certificatului de calitate. Autorizarea provizorie permite deschiderea institu\u021biei, timp \u00een care aceasta trebuie s\u0103 demonstreze respectarea standardelor minime privind infrastructura, siguran\u021ba \u0219i capacitatea institu\u021bional\u0103. Ulterior, acreditarea confer\u0103 dreptul de a organiza examene \u0219i de a elibera acte de studii recunoscute oficial.<\/p>\n<p>Metodologia stabile\u0219te \u0219i criterii clare de evaluare: o \u0219coal\u0103 este considerat\u0103 conform\u0103 dac\u0103 atinge cel pu\u021bin 70% din standardele de calitate, iar pentru ob\u021binerea certificatului de calitate trebuie s\u0103 dep\u0103\u0219easc\u0103 pragul de 90%. Certificatul de calitate se acord\u0103 doar institu\u021biilor care au trecut prin cel pu\u021bin dou\u0103 cicluri consecutive de acreditare \u0219i este reevaluat o dat\u0103 la \u0219apte ani.<\/p>\n<p>Evalu\u0103rile nu se bazeaz\u0103 doar pe documente, ci includ vizite \u00een institu\u021bii, observarea lec\u021biilor, interviuri cu elevi, p\u0103rin\u021bi \u0219i profesori, precum \u0219i analiza rezultatelor \u0219colare comparate cu media na\u021bional\u0103.<\/p>\n<p>MEC precizeaz\u0103 c\u0103 metodologia este obligatorie pentru to\u021bi prestatorii priva\u021bi de servicii educa\u021bionale, iar rezultatele evalu\u0103rilor vor fi f\u0103cute publice.<\/p>\n<p>Articolul <a href=\"https:\/\/nordnews.md\/stiri-nationale\/social\/noi-reguli-pentru-gradinitele-si-scolile-private-din-moldova\/\">Noi reguli pentru gr\u0103dini\u021bele \u0219i \u0219colile private din Moldova<\/a> apare prima dat\u0103 \u00een <a href=\"https:\/\/nordnews.md\/\">NordNews<\/a>.<\/p>","protected":false},"excerpt":{"rendered":"<p>\u0218colile \u0219i gr\u0103dini\u021bele private din Moldova vor func\u021biona pe baza unei autoriza\u021bii provizorii valabile trei ani \u0219i vor fi evaluate periodic. \u00cen acest sens, Ministerul [&hellip;]<\/p>\n","protected":false},"author":1,"featured_media":0,"comment_status":"open","ping_status":"closed","sticky":false,"template":"","format":"standard","meta":{"footnotes":""},"categories":[1],"tags":[],"class_list":["post-3043","post","type-post","status-publish","format-standard","hentry","category-uncategorized"],"yoast_head":"<!-- This site is optimized with the Yoast SEO plugin v21.3 - https:\/\/yoast.com\/wordpress\/plugins\/seo\/ -->\n<title>Noi reguli pentru gr\u0103dini\u021bele \u0219i \u0219colile private din Moldova - Canal Regional<\/title>\n<meta name=\"robots\" content=\"index, follow, max-snippet:-1, max-image-preview:large, max-video-preview:-1\" \/>\n<link rel=\"canonical\" href=\"https:\/\/canalregionaltv.md\/?p=3043\" \/>\n<meta property=\"og:locale\" content=\"en_US\" \/>\n<meta property=\"og:type\" content=\"article\" \/>\n<meta property=\"og:title\" content=\"Noi reguli pentru gr\u0103dini\u021bele \u0219i \u0219colile private din Moldova - Canal Regional\" \/>\n<meta property=\"og:description\" content=\"\u0218colile \u0219i gr\u0103dini\u021bele private din Moldova vor func\u021biona pe baza unei autoriza\u021bii provizorii valabile trei ani \u0219i vor fi evaluate periodic. \u00cen acest sens, Ministerul [&hellip;]\" \/>\n<meta property=\"og:url\" content=\"https:\/\/canalregionaltv.md\/?p=3043\" \/>\n<meta property=\"og:site_name\" content=\"Canal Regional\" \/>\n<meta property=\"article:author\" content=\"Canal Regional, Canal Regional TV\" \/>\n<meta property=\"article:published_time\" content=\"2026-04-26T15:03:14+00:00\" \/>\n<meta name=\"author\" content=\"admin_axts737o\" \/>\n<meta name=\"twitter:card\" content=\"summary_large_image\" \/>\n<meta name=\"twitter:label1\" content=\"Written by\" \/>\n\t<meta name=\"twitter:data1\" content=\"admin_axts737o\" \/>\n\t<meta name=\"twitter:label2\" content=\"Est. reading time\" \/>\n\t<meta name=\"twitter:data2\" content=\"1 minute\" \/>\n<script type=\"application\/ld+json\" class=\"yoast-schema-graph\">{\"@context\":\"https:\/\/schema.org\",\"@graph\":[{\"@type\":\"Article\",\"@id\":\"https:\/\/canalregionaltv.md\/?p=3043#article\",\"isPartOf\":{\"@id\":\"https:\/\/canalregionaltv.md\/?p=3043\"},\"author\":{\"name\":\"admin_axts737o\",\"@id\":\"https:\/\/canalregionaltv.md\/#\/schema\/person\/96db60230b2eedd2fd6d09d267f32f8f\"},\"headline\":\"Noi reguli pentru gr\u0103dini\u021bele \u0219i \u0219colile private din Moldova\",\"datePublished\":\"2026-04-26T15:03:14+00:00\",\"dateModified\":\"2026-04-26T15:03:14+00:00\",\"mainEntityOfPage\":{\"@id\":\"https:\/\/canalregionaltv.md\/?p=3043\"},\"wordCount\":279,\"commentCount\":0,\"publisher\":{\"@id\":\"https:\/\/canalregionaltv.md\/#organization\"},\"inLanguage\":\"en-US\",\"potentialAction\":[{\"@type\":\"CommentAction\",\"name\":\"Comment\",\"target\":[\"https:\/\/canalregionaltv.md\/?p=3043#respond\"]}]},{\"@type\":\"WebPage\",\"@id\":\"https:\/\/canalregionaltv.md\/?p=3043\",\"url\":\"https:\/\/canalregionaltv.md\/?p=3043\",\"name\":\"Noi reguli pentru gr\u0103dini\u021bele \u0219i \u0219colile private din Moldova - Canal Regional\",\"isPartOf\":{\"@id\":\"https:\/\/canalregionaltv.md\/#website\"},\"datePublished\":\"2026-04-26T15:03:14+00:00\",\"dateModified\":\"2026-04-26T15:03:14+00:00\",\"breadcrumb\":{\"@id\":\"https:\/\/canalregionaltv.md\/?p=3043#breadcrumb\"},\"inLanguage\":\"en-US\",\"potentialAction\":[{\"@type\":\"ReadAction\",\"target\":[\"https:\/\/canalregionaltv.md\/?p=3043\"]}]},{\"@type\":\"BreadcrumbList\",\"@id\":\"https:\/\/canalregionaltv.md\/?p=3043#breadcrumb\",\"itemListElement\":[{\"@type\":\"ListItem\",\"position\":1,\"name\":\"Home\",\"item\":\"https:\/\/canalregionaltv.md\/\"},{\"@type\":\"ListItem\",\"position\":2,\"name\":\"Noi reguli pentru gr\u0103dini\u021bele \u0219i \u0219colile private din Moldova\"}]},{\"@type\":\"WebSite\",\"@id\":\"https:\/\/canalregionaltv.md\/#website\",\"url\":\"https:\/\/canalregionaltv.md\/\",\"name\":\"Canal Regional\",\"description\":\"Canal Regional\",\"publisher\":{\"@id\":\"https:\/\/canalregionaltv.md\/#organization\"},\"potentialAction\":[{\"@type\":\"SearchAction\",\"target\":{\"@type\":\"EntryPoint\",\"urlTemplate\":\"https:\/\/canalregionaltv.md\/?s={search_term_string}\"},\"query-input\":\"required name=search_term_string\"}],\"inLanguage\":\"en-US\"},{\"@type\":\"Organization\",\"@id\":\"https:\/\/canalregionaltv.md\/#organization\",\"name\":\"Canal Regional\",\"url\":\"https:\/\/canalregionaltv.md\/\",\"logo\":{\"@type\":\"ImageObject\",\"inLanguage\":\"en-US\",\"@id\":\"https:\/\/canalregionaltv.md\/#\/schema\/logo\/image\/\",\"url\":\"https:\/\/canalregionaltv.md\/wp-content\/uploads\/2023\/10\/Logo_r.png\",\"contentUrl\":\"https:\/\/canalregionaltv.md\/wp-content\/uploads\/2023\/10\/Logo_r.png\",\"width\":403,\"height\":112,\"caption\":\"Canal Regional\"},\"image\":{\"@id\":\"https:\/\/canalregionaltv.md\/#\/schema\/logo\/image\/\"}},{\"@type\":\"Person\",\"@id\":\"https:\/\/canalregionaltv.md\/#\/schema\/person\/96db60230b2eedd2fd6d09d267f32f8f\",\"name\":\"admin_axts737o\",\"image\":{\"@type\":\"ImageObject\",\"inLanguage\":\"en-US\",\"@id\":\"https:\/\/canalregionaltv.md\/#\/schema\/person\/image\/\",\"url\":\"https:\/\/secure.gravatar.com\/avatar\/409e62ddd56f511fb1262f27a1535ee7719603a42e55b11651be97d388418cae?s=96&d=mm&r=g\",\"contentUrl\":\"https:\/\/secure.gravatar.com\/avatar\/409e62ddd56f511fb1262f27a1535ee7719603a42e55b11651be97d388418cae?s=96&d=mm&r=g\",\"caption\":\"admin_axts737o\"},\"sameAs\":[\"https:\/\/canalregionaltv.md\",\"Canal Regional, Canal Regional TV\",\"canal Regional\"],\"url\":\"https:\/\/canalregionaltv.md\/?author=1\"}]}<\/script>\n<!-- \/ Yoast SEO plugin. -->","yoast_head_json":{"title":"Noi reguli pentru gr\u0103dini\u021bele \u0219i \u0219colile private din Moldova - Canal Regional","robots":{"index":"index","follow":"follow","max-snippet":"max-snippet:-1","max-image-preview":"max-image-preview:large","max-video-preview":"max-video-preview:-1"},"canonical":"https:\/\/canalregionaltv.md\/?p=3043","og_locale":"en_US","og_type":"article","og_title":"Noi reguli pentru gr\u0103dini\u021bele \u0219i \u0219colile private din Moldova - Canal Regional","og_description":"\u0218colile \u0219i gr\u0103dini\u021bele private din Moldova vor func\u021biona pe baza unei autoriza\u021bii provizorii valabile trei ani \u0219i vor fi evaluate periodic. \u00cen acest sens, Ministerul [&hellip;]","og_url":"https:\/\/canalregionaltv.md\/?p=3043","og_site_name":"Canal Regional","article_author":"Canal Regional, Canal Regional TV","article_published_time":"2026-04-26T15:03:14+00:00","author":"admin_axts737o","twitter_card":"summary_large_image","twitter_misc":{"Written by":"admin_axts737o","Est. reading time":"1 minute"},"schema":{"@context":"https:\/\/schema.org","@graph":[{"@type":"Article","@id":"https:\/\/canalregionaltv.md\/?p=3043#article","isPartOf":{"@id":"https:\/\/canalregionaltv.md\/?p=3043"},"author":{"name":"admin_axts737o","@id":"https:\/\/canalregionaltv.md\/#\/schema\/person\/96db60230b2eedd2fd6d09d267f32f8f"},"headline":"Noi reguli pentru gr\u0103dini\u021bele \u0219i \u0219colile private din Moldova","datePublished":"2026-04-26T15:03:14+00:00","dateModified":"2026-04-26T15:03:14+00:00","mainEntityOfPage":{"@id":"https:\/\/canalregionaltv.md\/?p=3043"},"wordCount":279,"commentCount":0,"publisher":{"@id":"https:\/\/canalregionaltv.md\/#organization"},"inLanguage":"en-US","potentialAction":[{"@type":"CommentAction","name":"Comment","target":["https:\/\/canalregionaltv.md\/?p=3043#respond"]}]},{"@type":"WebPage","@id":"https:\/\/canalregionaltv.md\/?p=3043","url":"https:\/\/canalregionaltv.md\/?p=3043","name":"Noi reguli pentru gr\u0103dini\u021bele \u0219i \u0219colile private din Moldova - Canal Regional","isPartOf":{"@id":"https:\/\/canalregionaltv.md\/#website"},"datePublished":"2026-04-26T15:03:14+00:00","dateModified":"2026-04-26T15:03:14+00:00","breadcrumb":{"@id":"https:\/\/canalregionaltv.md\/?p=3043#breadcrumb"},"inLanguage":"en-US","potentialAction":[{"@type":"ReadAction","target":["https:\/\/canalregionaltv.md\/?p=3043"]}]},{"@type":"BreadcrumbList","@id":"https:\/\/canalregionaltv.md\/?p=3043#breadcrumb","itemListElement":[{"@type":"ListItem","position":1,"name":"Home","item":"https:\/\/canalregionaltv.md\/"},{"@type":"ListItem","position":2,"name":"Noi reguli pentru gr\u0103dini\u021bele \u0219i \u0219colile private din Moldova"}]},{"@type":"WebSite","@id":"https:\/\/canalregionaltv.md\/#website","url":"https:\/\/canalregionaltv.md\/","name":"Canal Regional","description":"Canal Regional","publisher":{"@id":"https:\/\/canalregionaltv.md\/#organization"},"potentialAction":[{"@type":"SearchAction","target":{"@type":"EntryPoint","urlTemplate":"https:\/\/canalregionaltv.md\/?s={search_term_string}"},"query-input":"required name=search_term_string"}],"inLanguage":"en-US"},{"@type":"Organization","@id":"https:\/\/canalregionaltv.md\/#organization","name":"Canal Regional","url":"https:\/\/canalregionaltv.md\/","logo":{"@type":"ImageObject","inLanguage":"en-US","@id":"https:\/\/canalregionaltv.md\/#\/schema\/logo\/image\/","url":"https:\/\/canalregionaltv.md\/wp-content\/uploads\/2023\/10\/Logo_r.png","contentUrl":"https:\/\/canalregionaltv.md\/wp-content\/uploads\/2023\/10\/Logo_r.png","width":403,"height":112,"caption":"Canal Regional"},"image":{"@id":"https:\/\/canalregionaltv.md\/#\/schema\/logo\/image\/"}},{"@type":"Person","@id":"https:\/\/canalregionaltv.md\/#\/schema\/person\/96db60230b2eedd2fd6d09d267f32f8f","name":"admin_axts737o","image":{"@type":"ImageObject","inLanguage":"en-US","@id":"https:\/\/canalregionaltv.md\/#\/schema\/person\/image\/","url":"https:\/\/secure.gravatar.com\/avatar\/409e62ddd56f511fb1262f27a1535ee7719603a42e55b11651be97d388418cae?s=96&d=mm&r=g","contentUrl":"https:\/\/secure.gravatar.com\/avatar\/409e62ddd56f511fb1262f27a1535ee7719603a42e55b11651be97d388418cae?s=96&d=mm&r=g","caption":"admin_axts737o"},"sameAs":["https:\/\/canalregionaltv.md","Canal Regional, Canal Regional TV","canal Regional"],"url":"https:\/\/canalregionaltv.md\/?author=1"}]}},"_links":{"self":[{"href":"https:\/\/canalregionaltv.md\/index.php?rest_route=\/wp\/v2\/posts\/3043","targetHints":{"allow":["GET"]}}],"collection":[{"href":"https:\/\/canalregionaltv.md\/index.php?rest_route=\/wp\/v2\/posts"}],"about":[{"href":"https:\/\/canalregionaltv.md\/index.php?rest_route=\/wp\/v2\/types\/post"}],"author":[{"embeddable":true,"href":"https:\/\/canalregionaltv.md\/index.php?rest_route=\/wp\/v2\/users\/1"}],"replies":[{"embeddable":true,"href":"https:\/\/canalregionaltv.md\/index.php?rest_route=%2Fwp%2Fv2%2Fcomments&post=3043"}],"version-history":[{"count":0,"href":"https:\/\/canalregionaltv.md\/index.php?rest_route=\/wp\/v2\/posts\/3043\/revisions"}],"wp:attachment":[{"href":"https:\/\/canalregionaltv.md\/index.php?rest_route=%2Fwp%2Fv2%2Fmedia&parent=3043"}],"wp:term":[{"taxonomy":"category","embeddable":true,"href":"https:\/\/canalregionaltv.md\/index.php?rest_route=%2Fwp%2Fv2%2Fcategories&post=3043"},{"taxonomy":"post_tag","embeddable":true,"href":"https:\/\/canalregionaltv.md\/index.php?rest_route=%2Fwp%2Fv2%2Ftags&post=3043"}],"curies":[{"name":"wp","href":"https:\/\/api.w.org\/{rel}","templated":true}]}}