{"id":3044,"date":"2026-04-26T17:03:14","date_gmt":"2026-04-26T15:03:14","guid":{"rendered":"https:\/\/canalregionaltv.md\/?p=3044"},"modified":"2026-04-26T17:03:14","modified_gmt":"2026-04-26T15:03:14","slug":"focuri-de-arma-in-timpul-dineului-anual-al-corespondentilor-de-la-casa-alba-donald-si-melania-trump-au-fost-evacuati","status":"publish","type":"post","link":"https:\/\/canalregionaltv.md\/?p=3044","title":{"rendered":"Focuri de arm\u0103, \u00een timpul dineului anual al coresponden\u021bilor de la Casa Alb\u0103. Donald \u015fi Melania Trump au fost evacua\u0163i"},"content":{"rendered":"<h3>Focuri de arm\u0103 au fost trase \u00een timpul dineului anual al coresponden\u021bilor de la Casa Alb\u0103, eveniment desf\u0103\u0219urat la Washington. Pre\u0219edintele SUA, Donald Trump, \u0219i so\u021bia sa, Melania Trump, au fost evacua\u021bi de urgen\u021b\u0103 de agen\u021bii Serviciului Secret, transmite IPN cu referire la Digi24.<\/h3>\n<p>Potrivit sursei\u00a0<a href=\"https:\/\/www.digi24.ro\/amphtml\/stiri\/externe\/video-focuri-de-arma-la-dineul-corespondentilor-de-la-casa-alba-donald-si-melania-trump-au-fost-evacuati-si-sunt-in-siguranta-3744725\" target=\"_blank\" rel=\"noopener\" data-saferedirecturl=\"https:\/\/www.google.com\/url?q=https:\/\/www.digi24.ro\/amphtml\/stiri\/externe\/video-focuri-de-arma-la-dineul-corespondentilor-de-la-casa-alba-donald-si-melania-trump-au-fost-evacuati-si-sunt-in-siguranta-3744725&amp;source=gmail&amp;ust=1777276168629000&amp;usg=AOvVaw0sK1sJwEeX0kQmcPv7lP_O\">citate<\/a>, la evenimentul de s\u00e2mb\u0103t\u0103 sear\u0103 au participat aproximativ 2 600 de persoane, inclusiv jurnali\u0219ti \u0219i oficiali. \u00cen momentul \u00een care s-au auzit focurile de arm\u0103, participan\u021bii au fost \u00eendruma\u021bi s\u0103 se ad\u0103posteasc\u0103, iar for\u021bele de ordine au intervenit prompt. Pre\u0219edintele american \u0219i prima doamn\u0103 au fost evacua\u021bi \u00een siguran\u021b\u0103 \u0219i nu se afl\u0103 \u00een pericol.<\/p>\n<p>Conform informa\u021biilor ulterioare, atacatorul ar fi un b\u0103rbat de 31 de ani din California, profesor, \u00eenarmat cu o pu\u0219c\u0103 de v\u00e2n\u0103toare. Acesta a \u00eencercat s\u0103 p\u0103trund\u0103 prin cordonul de securitate \u0219i a tras \u00een direc\u021bia unui agent al Serviciului Secret. Agentul nu a fost r\u0103nit, glon\u021bul fiind oprit de echipamentul de protec\u021bie.<\/p>\n<p>Autorit\u0103\u021bile americane au anun\u021bat c\u0103 suspectul a fost neutralizat \u0219i re\u021binut, iar incidentul este tratat preliminar ca unul izolat. Poli\u021bia a instituit un perimetru de securitate \u00een centrul Washingtonului, iar ancheta continu\u0103 pentru a stabili circumstan\u021bele exacte.<\/p>\n<p>Ulterior, Donald Trump a declarat c\u0103 interven\u021bia rapid\u0103 a Serviciului Secret a prevenit o posibil\u0103 tragedie. Potrivit lui, astfel de incidente eviden\u021biaz\u0103 importan\u021ba m\u0103surilor stricte de securitate la evenimente publice.<\/p>\n<p>Articolul <a href=\"https:\/\/nordnews.md\/stiri-externe\/sua\/focuri-de-arma-in-timpul-dineului-anual-al-corespondentilor-de-la-casa-alba-donald-si-melania-trump-au-fost-evacuati\/\">Focuri de arm\u0103, \u00een timpul dineului anual al coresponden\u021bilor de la Casa Alb\u0103. Donald \u015fi Melania Trump au fost evacua\u0163i<\/a> apare prima dat\u0103 \u00een <a href=\"https:\/\/nordnews.md\/\">NordNews<\/a>.<\/p>","protected":false},"excerpt":{"rendered":"<p>Focuri de arm\u0103 au fost trase \u00een timpul dineului anual al coresponden\u021bilor de la Casa Alb\u0103, eveniment desf\u0103\u0219urat la Washington. Pre\u0219edintele SUA, Donald Trump, \u0219i [&hellip;]<\/p>\n","protected":false},"author":1,"featured_media":0,"comment_status":"open","ping_status":"closed","sticky":false,"template":"","format":"standard","meta":{"footnotes":""},"categories":[1],"tags":[],"class_list":["post-3044","post","type-post","status-publish","format-standard","hentry","category-uncategorized"],"yoast_head":"<!-- This site is optimized with the Yoast SEO plugin v21.3 - https:\/\/yoast.com\/wordpress\/plugins\/seo\/ -->\n<title>Focuri de arm\u0103, \u00een timpul dineului anual al coresponden\u021bilor de la Casa Alb\u0103. Donald \u015fi Melania Trump au fost evacua\u0163i - Canal Regional<\/title>\n<meta name=\"robots\" content=\"index, follow, max-snippet:-1, max-image-preview:large, max-video-preview:-1\" \/>\n<link rel=\"canonical\" href=\"https:\/\/canalregionaltv.md\/?p=3044\" \/>\n<meta property=\"og:locale\" content=\"en_US\" \/>\n<meta property=\"og:type\" content=\"article\" \/>\n<meta property=\"og:title\" content=\"Focuri de arm\u0103, \u00een timpul dineului anual al coresponden\u021bilor de la Casa Alb\u0103. Donald \u015fi Melania Trump au fost evacua\u0163i - Canal Regional\" \/>\n<meta property=\"og:description\" content=\"Focuri de arm\u0103 au fost trase \u00een timpul dineului anual al coresponden\u021bilor de la Casa Alb\u0103, eveniment desf\u0103\u0219urat la Washington. Pre\u0219edintele SUA, Donald Trump, \u0219i [&hellip;]\" \/>\n<meta property=\"og:url\" content=\"https:\/\/canalregionaltv.md\/?p=3044\" \/>\n<meta property=\"og:site_name\" content=\"Canal Regional\" \/>\n<meta property=\"article:author\" content=\"Canal Regional, Canal Regional TV\" \/>\n<meta property=\"article:published_time\" content=\"2026-04-26T15:03:14+00:00\" \/>\n<meta name=\"author\" content=\"admin_axts737o\" \/>\n<meta name=\"twitter:card\" content=\"summary_large_image\" \/>\n<meta name=\"twitter:label1\" content=\"Written by\" \/>\n\t<meta name=\"twitter:data1\" content=\"admin_axts737o\" \/>\n\t<meta name=\"twitter:label2\" content=\"Est. reading time\" \/>\n\t<meta name=\"twitter:data2\" content=\"1 minute\" \/>\n<script type=\"application\/ld+json\" class=\"yoast-schema-graph\">{\"@context\":\"https:\/\/schema.org\",\"@graph\":[{\"@type\":\"Article\",\"@id\":\"https:\/\/canalregionaltv.md\/?p=3044#article\",\"isPartOf\":{\"@id\":\"https:\/\/canalregionaltv.md\/?p=3044\"},\"author\":{\"name\":\"admin_axts737o\",\"@id\":\"https:\/\/canalregionaltv.md\/#\/schema\/person\/96db60230b2eedd2fd6d09d267f32f8f\"},\"headline\":\"Focuri de arm\u0103, \u00een timpul dineului anual al coresponden\u021bilor de la Casa Alb\u0103. Donald \u015fi Melania Trump au fost evacua\u0163i\",\"datePublished\":\"2026-04-26T15:03:14+00:00\",\"dateModified\":\"2026-04-26T15:03:14+00:00\",\"mainEntityOfPage\":{\"@id\":\"https:\/\/canalregionaltv.md\/?p=3044\"},\"wordCount\":302,\"commentCount\":0,\"publisher\":{\"@id\":\"https:\/\/canalregionaltv.md\/#organization\"},\"inLanguage\":\"en-US\",\"potentialAction\":[{\"@type\":\"CommentAction\",\"name\":\"Comment\",\"target\":[\"https:\/\/canalregionaltv.md\/?p=3044#respond\"]}]},{\"@type\":\"WebPage\",\"@id\":\"https:\/\/canalregionaltv.md\/?p=3044\",\"url\":\"https:\/\/canalregionaltv.md\/?p=3044\",\"name\":\"Focuri de arm\u0103, \u00een timpul dineului anual al coresponden\u021bilor de la Casa Alb\u0103. Donald \u015fi Melania Trump au fost evacua\u0163i - Canal Regional\",\"isPartOf\":{\"@id\":\"https:\/\/canalregionaltv.md\/#website\"},\"datePublished\":\"2026-04-26T15:03:14+00:00\",\"dateModified\":\"2026-04-26T15:03:14+00:00\",\"breadcrumb\":{\"@id\":\"https:\/\/canalregionaltv.md\/?p=3044#breadcrumb\"},\"inLanguage\":\"en-US\",\"potentialAction\":[{\"@type\":\"ReadAction\",\"target\":[\"https:\/\/canalregionaltv.md\/?p=3044\"]}]},{\"@type\":\"BreadcrumbList\",\"@id\":\"https:\/\/canalregionaltv.md\/?p=3044#breadcrumb\",\"itemListElement\":[{\"@type\":\"ListItem\",\"position\":1,\"name\":\"Home\",\"item\":\"https:\/\/canalregionaltv.md\/\"},{\"@type\":\"ListItem\",\"position\":2,\"name\":\"Focuri de arm\u0103, \u00een timpul dineului anual al coresponden\u021bilor de la Casa Alb\u0103. Donald \u015fi Melania Trump au fost evacua\u0163i\"}]},{\"@type\":\"WebSite\",\"@id\":\"https:\/\/canalregionaltv.md\/#website\",\"url\":\"https:\/\/canalregionaltv.md\/\",\"name\":\"Canal Regional\",\"description\":\"Canal Regional\",\"publisher\":{\"@id\":\"https:\/\/canalregionaltv.md\/#organization\"},\"potentialAction\":[{\"@type\":\"SearchAction\",\"target\":{\"@type\":\"EntryPoint\",\"urlTemplate\":\"https:\/\/canalregionaltv.md\/?s={search_term_string}\"},\"query-input\":\"required name=search_term_string\"}],\"inLanguage\":\"en-US\"},{\"@type\":\"Organization\",\"@id\":\"https:\/\/canalregionaltv.md\/#organization\",\"name\":\"Canal Regional\",\"url\":\"https:\/\/canalregionaltv.md\/\",\"logo\":{\"@type\":\"ImageObject\",\"inLanguage\":\"en-US\",\"@id\":\"https:\/\/canalregionaltv.md\/#\/schema\/logo\/image\/\",\"url\":\"https:\/\/canalregionaltv.md\/wp-content\/uploads\/2023\/10\/Logo_r.png\",\"contentUrl\":\"https:\/\/canalregionaltv.md\/wp-content\/uploads\/2023\/10\/Logo_r.png\",\"width\":403,\"height\":112,\"caption\":\"Canal Regional\"},\"image\":{\"@id\":\"https:\/\/canalregionaltv.md\/#\/schema\/logo\/image\/\"}},{\"@type\":\"Person\",\"@id\":\"https:\/\/canalregionaltv.md\/#\/schema\/person\/96db60230b2eedd2fd6d09d267f32f8f\",\"name\":\"admin_axts737o\",\"image\":{\"@type\":\"ImageObject\",\"inLanguage\":\"en-US\",\"@id\":\"https:\/\/canalregionaltv.md\/#\/schema\/person\/image\/\",\"url\":\"https:\/\/secure.gravatar.com\/avatar\/409e62ddd56f511fb1262f27a1535ee7719603a42e55b11651be97d388418cae?s=96&d=mm&r=g\",\"contentUrl\":\"https:\/\/secure.gravatar.com\/avatar\/409e62ddd56f511fb1262f27a1535ee7719603a42e55b11651be97d388418cae?s=96&d=mm&r=g\",\"caption\":\"admin_axts737o\"},\"sameAs\":[\"https:\/\/canalregionaltv.md\",\"Canal Regional, Canal Regional TV\",\"canal Regional\"],\"url\":\"https:\/\/canalregionaltv.md\/?author=1\"}]}<\/script>\n<!-- \/ Yoast SEO plugin. -->","yoast_head_json":{"title":"Focuri de arm\u0103, \u00een timpul dineului anual al coresponden\u021bilor de la Casa Alb\u0103. Donald \u015fi Melania Trump au fost evacua\u0163i - Canal Regional","robots":{"index":"index","follow":"follow","max-snippet":"max-snippet:-1","max-image-preview":"max-image-preview:large","max-video-preview":"max-video-preview:-1"},"canonical":"https:\/\/canalregionaltv.md\/?p=3044","og_locale":"en_US","og_type":"article","og_title":"Focuri de arm\u0103, \u00een timpul dineului anual al coresponden\u021bilor de la Casa Alb\u0103. Donald \u015fi Melania Trump au fost evacua\u0163i - Canal Regional","og_description":"Focuri de arm\u0103 au fost trase \u00een timpul dineului anual al coresponden\u021bilor de la Casa Alb\u0103, eveniment desf\u0103\u0219urat la Washington. Pre\u0219edintele SUA, Donald Trump, \u0219i [&hellip;]","og_url":"https:\/\/canalregionaltv.md\/?p=3044","og_site_name":"Canal Regional","article_author":"Canal Regional, Canal Regional TV","article_published_time":"2026-04-26T15:03:14+00:00","author":"admin_axts737o","twitter_card":"summary_large_image","twitter_misc":{"Written by":"admin_axts737o","Est. reading time":"1 minute"},"schema":{"@context":"https:\/\/schema.org","@graph":[{"@type":"Article","@id":"https:\/\/canalregionaltv.md\/?p=3044#article","isPartOf":{"@id":"https:\/\/canalregionaltv.md\/?p=3044"},"author":{"name":"admin_axts737o","@id":"https:\/\/canalregionaltv.md\/#\/schema\/person\/96db60230b2eedd2fd6d09d267f32f8f"},"headline":"Focuri de arm\u0103, \u00een timpul dineului anual al coresponden\u021bilor de la Casa Alb\u0103. Donald \u015fi Melania Trump au fost evacua\u0163i","datePublished":"2026-04-26T15:03:14+00:00","dateModified":"2026-04-26T15:03:14+00:00","mainEntityOfPage":{"@id":"https:\/\/canalregionaltv.md\/?p=3044"},"wordCount":302,"commentCount":0,"publisher":{"@id":"https:\/\/canalregionaltv.md\/#organization"},"inLanguage":"en-US","potentialAction":[{"@type":"CommentAction","name":"Comment","target":["https:\/\/canalregionaltv.md\/?p=3044#respond"]}]},{"@type":"WebPage","@id":"https:\/\/canalregionaltv.md\/?p=3044","url":"https:\/\/canalregionaltv.md\/?p=3044","name":"Focuri de arm\u0103, \u00een timpul dineului anual al coresponden\u021bilor de la Casa Alb\u0103. Donald \u015fi Melania Trump au fost evacua\u0163i - Canal Regional","isPartOf":{"@id":"https:\/\/canalregionaltv.md\/#website"},"datePublished":"2026-04-26T15:03:14+00:00","dateModified":"2026-04-26T15:03:14+00:00","breadcrumb":{"@id":"https:\/\/canalregionaltv.md\/?p=3044#breadcrumb"},"inLanguage":"en-US","potentialAction":[{"@type":"ReadAction","target":["https:\/\/canalregionaltv.md\/?p=3044"]}]},{"@type":"BreadcrumbList","@id":"https:\/\/canalregionaltv.md\/?p=3044#breadcrumb","itemListElement":[{"@type":"ListItem","position":1,"name":"Home","item":"https:\/\/canalregionaltv.md\/"},{"@type":"ListItem","position":2,"name":"Focuri de arm\u0103, \u00een timpul dineului anual al coresponden\u021bilor de la Casa Alb\u0103. Donald \u015fi Melania Trump au fost evacua\u0163i"}]},{"@type":"WebSite","@id":"https:\/\/canalregionaltv.md\/#website","url":"https:\/\/canalregionaltv.md\/","name":"Canal Regional","description":"Canal Regional","publisher":{"@id":"https:\/\/canalregionaltv.md\/#organization"},"potentialAction":[{"@type":"SearchAction","target":{"@type":"EntryPoint","urlTemplate":"https:\/\/canalregionaltv.md\/?s={search_term_string}"},"query-input":"required name=search_term_string"}],"inLanguage":"en-US"},{"@type":"Organization","@id":"https:\/\/canalregionaltv.md\/#organization","name":"Canal Regional","url":"https:\/\/canalregionaltv.md\/","logo":{"@type":"ImageObject","inLanguage":"en-US","@id":"https:\/\/canalregionaltv.md\/#\/schema\/logo\/image\/","url":"https:\/\/canalregionaltv.md\/wp-content\/uploads\/2023\/10\/Logo_r.png","contentUrl":"https:\/\/canalregionaltv.md\/wp-content\/uploads\/2023\/10\/Logo_r.png","width":403,"height":112,"caption":"Canal Regional"},"image":{"@id":"https:\/\/canalregionaltv.md\/#\/schema\/logo\/image\/"}},{"@type":"Person","@id":"https:\/\/canalregionaltv.md\/#\/schema\/person\/96db60230b2eedd2fd6d09d267f32f8f","name":"admin_axts737o","image":{"@type":"ImageObject","inLanguage":"en-US","@id":"https:\/\/canalregionaltv.md\/#\/schema\/person\/image\/","url":"https:\/\/secure.gravatar.com\/avatar\/409e62ddd56f511fb1262f27a1535ee7719603a42e55b11651be97d388418cae?s=96&d=mm&r=g","contentUrl":"https:\/\/secure.gravatar.com\/avatar\/409e62ddd56f511fb1262f27a1535ee7719603a42e55b11651be97d388418cae?s=96&d=mm&r=g","caption":"admin_axts737o"},"sameAs":["https:\/\/canalregionaltv.md","Canal Regional, Canal Regional TV","canal Regional"],"url":"https:\/\/canalregionaltv.md\/?author=1"}]}},"_links":{"self":[{"href":"https:\/\/canalregionaltv.md\/index.php?rest_route=\/wp\/v2\/posts\/3044","targetHints":{"allow":["GET"]}}],"collection":[{"href":"https:\/\/canalregionaltv.md\/index.php?rest_route=\/wp\/v2\/posts"}],"about":[{"href":"https:\/\/canalregionaltv.md\/index.php?rest_route=\/wp\/v2\/types\/post"}],"author":[{"embeddable":true,"href":"https:\/\/canalregionaltv.md\/index.php?rest_route=\/wp\/v2\/users\/1"}],"replies":[{"embeddable":true,"href":"https:\/\/canalregionaltv.md\/index.php?rest_route=%2Fwp%2Fv2%2Fcomments&post=3044"}],"version-history":[{"count":0,"href":"https:\/\/canalregionaltv.md\/index.php?rest_route=\/wp\/v2\/posts\/3044\/revisions"}],"wp:attachment":[{"href":"https:\/\/canalregionaltv.md\/index.php?rest_route=%2Fwp%2Fv2%2Fmedia&parent=3044"}],"wp:term":[{"taxonomy":"category","embeddable":true,"href":"https:\/\/canalregionaltv.md\/index.php?rest_route=%2Fwp%2Fv2%2Fcategories&post=3044"},{"taxonomy":"post_tag","embeddable":true,"href":"https:\/\/canalregionaltv.md\/index.php?rest_route=%2Fwp%2Fv2%2Ftags&post=3044"}],"curies":[{"name":"wp","href":"https:\/\/api.w.org\/{rel}","templated":true}]}}