{"id":3046,"date":"2026-04-27T17:03:43","date_gmt":"2026-04-27T15:03:43","guid":{"rendered":"https:\/\/canalregionaltv.md\/?p=3046"},"modified":"2026-04-27T17:03:43","modified_gmt":"2026-04-27T15:03:43","slug":"video-ziua-europei-2026-in-republica-moldova-europa-esti-tu-pace-libertate-crestere","status":"publish","type":"post","link":"https:\/\/canalregionaltv.md\/?p=3046","title":{"rendered":"VIDEO\u00a0Ziua Europei 2026 \u00een Republica Moldova: \u201eEuropa e\u0219ti TU: Pace. Libertate. Cre\u0219tere.\u201d"},"content":{"rendered":"<h3 dir=\"ltr\">Ziua Europei va fi marcat\u0103 al\u0103turi de cet\u0103\u021benii Republicii Moldova printr-o serie de evenimente culturale \u0219i interactive, care vor reflecta sprijinul Uniunii Europene \u0219i oportunit\u0103\u021bile oferite prin Planul UE de Cre\u0219tere pentru Moldova<\/h3>\n<p dir=\"ltr\">La 9 mai 1950, ministrul francez al afacerilor externe, Robert Schuman, a rostit un discurs istoric \u0219i a prezentat un plan pentru o cooperare mai profund\u0103 \u00een Europa. Declara\u021bia Schuman a deschis calea c\u0103tre o nou\u0103 er\u0103 de pace, integrare \u0219i cooperare pe \u00eentreg continentul, pun\u00e2nd bazele Uniunii Europene.<\/p>\n<p dir=\"ltr\">\n<\/p><p dir=\"ltr\">Ziua Europei este un prilej de a celebra aceste valori \u0219i de a reafirma importan\u021ba lor fundamental\u0103 pentru bun\u0103starea \u0219i siguran\u021ba oamenilor. Cu acest prilej,\u00a0 Delega\u021bia Uniunii Europene \u00een Republica Moldova, \u00eempreun\u0103 cu Statele membre ale UE, au preg\u0103tit un program amplu de evenimente culturale, educative \u0219i interactive. Totodat\u0103, evenimentele vor oferi publicului ocazia de a descoperi mai aproape sprijinul Uniunii Europene pentru Republica Moldova, inclusiv oportunit\u0103\u021bi oferite de Planul UE de Cre\u0219tere pentru Moldova.<\/p>\n<p dir=\"ltr\">Punctele culminante ale programului din acest an sunt dou\u0103 evenimente de amploare: Or\u0103\u0219elul European la Chi\u0219in\u0103u \u2013 pe 9 mai \u0219i Or\u0103\u0219elul European la Soroca, pe 16 mai.<\/p>\n<blockquote>\n<p dir=\"ltr\">\u201eEste o onoare s\u0103 celebrez pentru prima dat\u0103 Ziua Europei \u00een Republica Moldova, o \u021bar\u0103 care impresioneaz\u0103 prin frumuse\u021bea sa, prin bog\u0103\u021bia culturii \u0219i tradi\u021biilor sale, prin poten\u021bialul s\u0103u de cre\u0219tere \u0219i, mai ales, prin oamenii s\u0103i extraordinari. Moldova traverseaz\u0103 un moment istoric pe calea sa c\u0103tre Uniunea European\u0103 \u2013 un proces profund de transformare, menit s\u0103 aduc\u0103 beneficii concrete cet\u0103\u021benilor: investi\u021bii, locuri de munc\u0103 mai bune \u0219i mai multe oportunit\u0103\u021bi. S\u0103 valorific\u0103m pe deplin aceast\u0103 oportunitate istoric\u0103 \u2013 pentru pace, pentru libertate, pentru cre\u0219tere\u201d, a declarat Iwona Pi\u00f3rko, Ambasadoarea Uniunii Europene \u00een Republica Moldova.<\/p>\n<\/blockquote>\n<p dir=\"ltr\">\u00cen capitala Republicii Moldova, Ziua Europei va fi s\u0103rb\u0103torit\u0103 pe 9 mai printr-un eveniment devenit deja tradi\u021bional \u2013 Or\u0103\u0219elul European din Chi\u0219in\u0103u (Pia\u021ba Marii Adun\u0103ri Na\u021bionale), care \u00ee\u0219i va deschide por\u021bile pentru vizitatori \u00eencep\u00e2nd cu ora 13:00. Or\u0103\u0219elul European va reuni 22 de state membre ale Uniunii Europene, 35 de proiecte finan\u021bate de UE, precum \u0219i institu\u021bii publice din Republica Moldova. Programul de zi va include activit\u0103\u021bi pentru toate v\u00e2rstele, de la jocuri \u0219i concursuri tematice pentru copii p\u00e2n\u0103 la activit\u0103\u021bi interactive pentru publicul larg. \u00cen acela\u0219i timp, scena Or\u0103\u0219elului European va deveni un spa\u021biu al diversit\u0103\u021bii culturale europene, g\u0103zduind momente artistice inspirate din tradi\u021biile statelor membre ale Uniunii Europene \u2013 de la dansuri irlandeze, flamenco spaniol \u0219i folclor maghiar, p\u00e2n\u0103 la muzic\u0103 francez\u0103 \u0219i greceasc\u0103.<\/p>\n<p dir=\"ltr\">\u00cen seara zilei de 9 mai, publicul este a\u0219teptat la un concert de excep\u021bie, sus\u021binut de Gabriel Nebunu, Minelli din Rom\u00e2nia, Alternosfera \u0219i al\u021bi arti\u0219ti de renume din Republica Moldova.<\/p>\n<p dir=\"ltr\">La Soroca, publicul este invitat s\u0103 participe la Or\u0103\u0219elul European (str. \u0218tefan cel Mare 5) pe 16 mai, \u00eencep\u00e2nd cu ora 14:00, , pentru a descoperi statele membre ale Uniunii Europene, diversitatea culturilor \u0219i tradi\u021biilor acestora, precum \u0219i proiectele implementate cu sprijinul UE pentru dezvoltarea local\u0103. Evenimentul va culmina cu un concert, care-\u0219i propune s\u0103 celebreze talentele n\u0103scute \u00een Republica Moldova, \u00een cadrul c\u0103ruia vor evolua Gabriel Nebunu, forma\u021bia Akord \u0219i Carla\u2019s Dreams.<\/p>\n<p dir=\"ltr\">\u00cen ambele localit\u0103\u021bi, vizitatorii vor putea descoperi buc\u0103t\u0103ria european\u0103 \u0219i se vor bucura activit\u0103\u021bi culturale \u0219i interactive dedicate tuturor genera\u021biilor \u2013 copiilor, tinerilor, maturilor, dar \u0219i seniorilor, care sunt a\u0219tepta\u021bi cu dansuri, activit\u0103\u021bi de me\u0219te\u0219ug\u0103rit popular \u0219i multe alte momente speciale.<\/p>\n<p dir=\"ltr\">Programul \u00een ambele localit\u0103\u021bi va include \u0219i \u00eent\u00e2lniri cu scriitoarea Ionela Had\u00e2rc\u0103, care va oferi vizitatorilor \u00een dar volumul s\u0103u \u201ePre\u021bul z\u00e2mbetului\u201d, publicat cu sprijinul financiar al Uniunii Europene.<\/p>\n<p dir=\"ltr\">Totodat\u0103, Festivalul de Film \u0219i Cultur\u0103 European\u0103 va avea loc \u00een mai multe localit\u0103\u021bi ale Republicii Moldova, inclusiv sate \u0219i ora\u0219e, \u00een perioada 9-31 mai. Intrarea este gratuit\u0103 pentru to\u021bi cei care doresc s\u0103 descopere filmele, dansurile, expozi\u021biile \u0219i muzica european\u0103.<\/p>\n<p dir=\"ltr\">Evenimentele din acest an au loc \u00eentr-un moment important pentru Republica Moldova, marcat de avansarea procesului de aderare la Uniunea European\u0103 \u0219i de implementarea Planului UE de Cre\u0219tere pentru Moldova, care sprijin\u0103 dezvoltarea economic\u0103 \u0219i reformele \u00een beneficiul cet\u0103\u021benilor.<\/p>\n<p dir=\"ltr\">Agenda evenimentelor este disponibil\u0103 pe <a href=\"https:\/\/eu4moldova.eu\/europe-day-2026-ro\/\">https:\/\/eu4moldova.eu\/europe-day-2026-ro\/<\/a>. V\u0103 invit\u0103m s\u0103 participa\u021bi la aceste evenimente de anvergur\u0103 organizate cu ocazia Zilei Europei!<\/p>\n<p dir=\"ltr\">Programul Zilei Europei va fi reflectat \u0219i pe re\u021belele de socializare ale Delega\u021biei Uniunii Europene \u00een Republica Moldova:<\/p>\n<ul>\n<li dir=\"ltr\">\n<p dir=\"ltr\" role=\"presentation\"><a href=\"https:\/\/www.facebook.com\/EUDelegationMoldova\">https:\/\/www.facebook.com\/EUDelegationMoldova<\/a><\/p>\n<\/li>\n<li dir=\"ltr\">\n<p dir=\"ltr\" role=\"presentation\">https:\/\/www.instagram.com\/euinmoldova\/<\/p>\n<\/li>\n<li dir=\"ltr\">\n<p dir=\"ltr\" role=\"presentation\"><a href=\"https:\/\/x.com\/EUinMoldova\">https:\/\/x.com\/EUinMoldova<\/a><\/p>\n<\/li>\n<li dir=\"ltr\">\n<p dir=\"ltr\" role=\"presentation\"><a href=\"https:\/\/t.me\/euinmoldova\">https:\/\/t.me\/euinmoldova<\/a><\/p>\n<\/li>\n<li dir=\"ltr\">\n<p dir=\"ltr\" role=\"presentation\"><a href=\"https:\/\/www.youtube.com\/@EUDelegationMoldova\">https:\/\/www.youtube.com\/@EUDelegationMoldova<\/a><\/p>\n<\/li>\n<li dir=\"ltr\">\n<p dir=\"ltr\" role=\"presentation\">\n<blockquote class=\"tiktok-embed\" cite=\"https:\/\/www.tiktok.com\/@euinmoldova\" data-unique-id=\"euinmoldova\" data-embed-from=\"oembed\" data-embed-type=\"creator\">\n<section> <a target=\"_blank\" href=\"https:\/\/www.tiktok.com\/@euinmoldova?refer=creator_embed\">@euinmoldova<\/a> <\/section>\n<\/blockquote>\n<\/p><\/li>\n<li dir=\"ltr\">\n<p dir=\"ltr\" role=\"presentation\"><a href=\"https:\/\/ok.ru\/europapentrumoldova\">https:\/\/ok.ru\/europapentrumoldova<\/a><\/p>\n<\/li>\n<\/ul>\n<p>\u00a0<\/p>\n<p dir=\"ltr\">Pentru informa\u021bii suplimentare, v\u0103 rug\u0103m s\u0103 contacta\u021bi proiectul \u201eVizibilitate \u0219i Comunicare UE \u00een Republica Moldova 2025 \u2013 2026\u201d: Svetlana Japal\u0103u, <a href=\"mailto:svetlana.japalau@eu4moldova.eu\">svetlana.japalau@eu4moldova.eu<\/a>, tel. +373-69181004; Natalia Ionel, <a href=\"blank\">natalia.ionel@eu4moldova<\/a>.eu, tel. +373-78193027.<\/p>\n<p>Articolul <a href=\"https:\/\/nordnews.md\/stiri-nationale\/ziua-europei-2026-in-republica-moldova-europa-esti-tu-pace-libertate-crestere\/\">&lt;span class=&#8221;badge-status&#8221; style=&#8221;background: #ff1813;&#8221;&gt;VIDEO&lt;\/span&gt;\u00a0Ziua Europei 2026 \u00een Republica Moldova: \u201eEuropa e\u0219ti TU: Pace. Libertate. Cre\u0219tere.\u201d<\/a> apare prima dat\u0103 \u00een <a href=\"https:\/\/nordnews.md\/\">NordNews<\/a>.<\/p>","protected":false},"excerpt":{"rendered":"<p>Ziua Europei va fi marcat\u0103 al\u0103turi de cet\u0103\u021benii Republicii Moldova printr-o serie de evenimente culturale \u0219i interactive, care vor reflecta sprijinul Uniunii Europene \u0219i oportunit\u0103\u021bile [&hellip;]<\/p>\n","protected":false},"author":1,"featured_media":0,"comment_status":"open","ping_status":"closed","sticky":false,"template":"","format":"standard","meta":{"footnotes":""},"categories":[1],"tags":[],"class_list":["post-3046","post","type-post","status-publish","format-standard","hentry","category-uncategorized"],"yoast_head":"<!-- This site is optimized with the Yoast SEO plugin v21.3 - https:\/\/yoast.com\/wordpress\/plugins\/seo\/ -->\n<title>VIDEO\u00a0Ziua Europei 2026 \u00een Republica Moldova: \u201eEuropa e\u0219ti TU: Pace. Libertate. Cre\u0219tere.\u201d - Canal Regional<\/title>\n<meta name=\"robots\" content=\"index, follow, max-snippet:-1, max-image-preview:large, max-video-preview:-1\" \/>\n<link rel=\"canonical\" href=\"https:\/\/canalregionaltv.md\/?p=3046\" \/>\n<meta property=\"og:locale\" content=\"en_US\" \/>\n<meta property=\"og:type\" content=\"article\" \/>\n<meta property=\"og:title\" content=\"VIDEO\u00a0Ziua Europei 2026 \u00een Republica Moldova: \u201eEuropa e\u0219ti TU: Pace. Libertate. Cre\u0219tere.\u201d - Canal Regional\" \/>\n<meta property=\"og:description\" content=\"Ziua Europei va fi marcat\u0103 al\u0103turi de cet\u0103\u021benii Republicii Moldova printr-o serie de evenimente culturale \u0219i interactive, care vor reflecta sprijinul Uniunii Europene \u0219i oportunit\u0103\u021bile [&hellip;]\" \/>\n<meta property=\"og:url\" content=\"https:\/\/canalregionaltv.md\/?p=3046\" \/>\n<meta property=\"og:site_name\" content=\"Canal Regional\" \/>\n<meta property=\"article:author\" content=\"Canal Regional, Canal Regional TV\" \/>\n<meta property=\"article:published_time\" content=\"2026-04-27T15:03:43+00:00\" \/>\n<meta name=\"author\" content=\"admin_axts737o\" \/>\n<meta name=\"twitter:card\" content=\"summary_large_image\" \/>\n<meta name=\"twitter:label1\" content=\"Written by\" \/>\n\t<meta name=\"twitter:data1\" content=\"admin_axts737o\" \/>\n\t<meta name=\"twitter:label2\" content=\"Est. reading time\" \/>\n\t<meta name=\"twitter:data2\" content=\"4 minutes\" \/>\n<script type=\"application\/ld+json\" class=\"yoast-schema-graph\">{\"@context\":\"https:\/\/schema.org\",\"@graph\":[{\"@type\":\"Article\",\"@id\":\"https:\/\/canalregionaltv.md\/?p=3046#article\",\"isPartOf\":{\"@id\":\"https:\/\/canalregionaltv.md\/?p=3046\"},\"author\":{\"name\":\"admin_axts737o\",\"@id\":\"https:\/\/canalregionaltv.md\/#\/schema\/person\/96db60230b2eedd2fd6d09d267f32f8f\"},\"headline\":\"VIDEO\u00a0Ziua Europei 2026 \u00een Republica Moldova: \u201eEuropa e\u0219ti TU: Pace. Libertate. Cre\u0219tere.\u201d\",\"datePublished\":\"2026-04-27T15:03:43+00:00\",\"dateModified\":\"2026-04-27T15:03:43+00:00\",\"mainEntityOfPage\":{\"@id\":\"https:\/\/canalregionaltv.md\/?p=3046\"},\"wordCount\":891,\"commentCount\":0,\"publisher\":{\"@id\":\"https:\/\/canalregionaltv.md\/#organization\"},\"inLanguage\":\"en-US\",\"potentialAction\":[{\"@type\":\"CommentAction\",\"name\":\"Comment\",\"target\":[\"https:\/\/canalregionaltv.md\/?p=3046#respond\"]}]},{\"@type\":\"WebPage\",\"@id\":\"https:\/\/canalregionaltv.md\/?p=3046\",\"url\":\"https:\/\/canalregionaltv.md\/?p=3046\",\"name\":\"VIDEO\u00a0Ziua Europei 2026 \u00een Republica Moldova: \u201eEuropa e\u0219ti TU: Pace. Libertate. Cre\u0219tere.\u201d - Canal Regional\",\"isPartOf\":{\"@id\":\"https:\/\/canalregionaltv.md\/#website\"},\"datePublished\":\"2026-04-27T15:03:43+00:00\",\"dateModified\":\"2026-04-27T15:03:43+00:00\",\"breadcrumb\":{\"@id\":\"https:\/\/canalregionaltv.md\/?p=3046#breadcrumb\"},\"inLanguage\":\"en-US\",\"potentialAction\":[{\"@type\":\"ReadAction\",\"target\":[\"https:\/\/canalregionaltv.md\/?p=3046\"]}]},{\"@type\":\"BreadcrumbList\",\"@id\":\"https:\/\/canalregionaltv.md\/?p=3046#breadcrumb\",\"itemListElement\":[{\"@type\":\"ListItem\",\"position\":1,\"name\":\"Home\",\"item\":\"https:\/\/canalregionaltv.md\/\"},{\"@type\":\"ListItem\",\"position\":2,\"name\":\"VIDEO\u00a0Ziua Europei 2026 \u00een Republica Moldova: \u201eEuropa e\u0219ti TU: Pace. Libertate. Cre\u0219tere.\u201d\"}]},{\"@type\":\"WebSite\",\"@id\":\"https:\/\/canalregionaltv.md\/#website\",\"url\":\"https:\/\/canalregionaltv.md\/\",\"name\":\"Canal Regional\",\"description\":\"Canal Regional\",\"publisher\":{\"@id\":\"https:\/\/canalregionaltv.md\/#organization\"},\"potentialAction\":[{\"@type\":\"SearchAction\",\"target\":{\"@type\":\"EntryPoint\",\"urlTemplate\":\"https:\/\/canalregionaltv.md\/?s={search_term_string}\"},\"query-input\":\"required name=search_term_string\"}],\"inLanguage\":\"en-US\"},{\"@type\":\"Organization\",\"@id\":\"https:\/\/canalregionaltv.md\/#organization\",\"name\":\"Canal Regional\",\"url\":\"https:\/\/canalregionaltv.md\/\",\"logo\":{\"@type\":\"ImageObject\",\"inLanguage\":\"en-US\",\"@id\":\"https:\/\/canalregionaltv.md\/#\/schema\/logo\/image\/\",\"url\":\"https:\/\/canalregionaltv.md\/wp-content\/uploads\/2023\/10\/Logo_r.png\",\"contentUrl\":\"https:\/\/canalregionaltv.md\/wp-content\/uploads\/2023\/10\/Logo_r.png\",\"width\":403,\"height\":112,\"caption\":\"Canal Regional\"},\"image\":{\"@id\":\"https:\/\/canalregionaltv.md\/#\/schema\/logo\/image\/\"}},{\"@type\":\"Person\",\"@id\":\"https:\/\/canalregionaltv.md\/#\/schema\/person\/96db60230b2eedd2fd6d09d267f32f8f\",\"name\":\"admin_axts737o\",\"image\":{\"@type\":\"ImageObject\",\"inLanguage\":\"en-US\",\"@id\":\"https:\/\/canalregionaltv.md\/#\/schema\/person\/image\/\",\"url\":\"https:\/\/secure.gravatar.com\/avatar\/409e62ddd56f511fb1262f27a1535ee7719603a42e55b11651be97d388418cae?s=96&d=mm&r=g\",\"contentUrl\":\"https:\/\/secure.gravatar.com\/avatar\/409e62ddd56f511fb1262f27a1535ee7719603a42e55b11651be97d388418cae?s=96&d=mm&r=g\",\"caption\":\"admin_axts737o\"},\"sameAs\":[\"https:\/\/canalregionaltv.md\",\"Canal Regional, Canal Regional TV\",\"canal Regional\"],\"url\":\"https:\/\/canalregionaltv.md\/?author=1\"}]}<\/script>\n<!-- \/ Yoast SEO plugin. -->","yoast_head_json":{"title":"VIDEO\u00a0Ziua Europei 2026 \u00een Republica Moldova: \u201eEuropa e\u0219ti TU: Pace. Libertate. Cre\u0219tere.\u201d - Canal Regional","robots":{"index":"index","follow":"follow","max-snippet":"max-snippet:-1","max-image-preview":"max-image-preview:large","max-video-preview":"max-video-preview:-1"},"canonical":"https:\/\/canalregionaltv.md\/?p=3046","og_locale":"en_US","og_type":"article","og_title":"VIDEO\u00a0Ziua Europei 2026 \u00een Republica Moldova: \u201eEuropa e\u0219ti TU: Pace. Libertate. Cre\u0219tere.\u201d - Canal Regional","og_description":"Ziua Europei va fi marcat\u0103 al\u0103turi de cet\u0103\u021benii Republicii Moldova printr-o serie de evenimente culturale \u0219i interactive, care vor reflecta sprijinul Uniunii Europene \u0219i oportunit\u0103\u021bile [&hellip;]","og_url":"https:\/\/canalregionaltv.md\/?p=3046","og_site_name":"Canal Regional","article_author":"Canal Regional, Canal Regional TV","article_published_time":"2026-04-27T15:03:43+00:00","author":"admin_axts737o","twitter_card":"summary_large_image","twitter_misc":{"Written by":"admin_axts737o","Est. reading time":"4 minutes"},"schema":{"@context":"https:\/\/schema.org","@graph":[{"@type":"Article","@id":"https:\/\/canalregionaltv.md\/?p=3046#article","isPartOf":{"@id":"https:\/\/canalregionaltv.md\/?p=3046"},"author":{"name":"admin_axts737o","@id":"https:\/\/canalregionaltv.md\/#\/schema\/person\/96db60230b2eedd2fd6d09d267f32f8f"},"headline":"VIDEO\u00a0Ziua Europei 2026 \u00een Republica Moldova: \u201eEuropa e\u0219ti TU: Pace. Libertate. Cre\u0219tere.\u201d","datePublished":"2026-04-27T15:03:43+00:00","dateModified":"2026-04-27T15:03:43+00:00","mainEntityOfPage":{"@id":"https:\/\/canalregionaltv.md\/?p=3046"},"wordCount":891,"commentCount":0,"publisher":{"@id":"https:\/\/canalregionaltv.md\/#organization"},"inLanguage":"en-US","potentialAction":[{"@type":"CommentAction","name":"Comment","target":["https:\/\/canalregionaltv.md\/?p=3046#respond"]}]},{"@type":"WebPage","@id":"https:\/\/canalregionaltv.md\/?p=3046","url":"https:\/\/canalregionaltv.md\/?p=3046","name":"VIDEO\u00a0Ziua Europei 2026 \u00een Republica Moldova: \u201eEuropa e\u0219ti TU: Pace. Libertate. Cre\u0219tere.\u201d - Canal Regional","isPartOf":{"@id":"https:\/\/canalregionaltv.md\/#website"},"datePublished":"2026-04-27T15:03:43+00:00","dateModified":"2026-04-27T15:03:43+00:00","breadcrumb":{"@id":"https:\/\/canalregionaltv.md\/?p=3046#breadcrumb"},"inLanguage":"en-US","potentialAction":[{"@type":"ReadAction","target":["https:\/\/canalregionaltv.md\/?p=3046"]}]},{"@type":"BreadcrumbList","@id":"https:\/\/canalregionaltv.md\/?p=3046#breadcrumb","itemListElement":[{"@type":"ListItem","position":1,"name":"Home","item":"https:\/\/canalregionaltv.md\/"},{"@type":"ListItem","position":2,"name":"VIDEO\u00a0Ziua Europei 2026 \u00een Republica Moldova: \u201eEuropa e\u0219ti TU: Pace. Libertate. Cre\u0219tere.\u201d"}]},{"@type":"WebSite","@id":"https:\/\/canalregionaltv.md\/#website","url":"https:\/\/canalregionaltv.md\/","name":"Canal Regional","description":"Canal Regional","publisher":{"@id":"https:\/\/canalregionaltv.md\/#organization"},"potentialAction":[{"@type":"SearchAction","target":{"@type":"EntryPoint","urlTemplate":"https:\/\/canalregionaltv.md\/?s={search_term_string}"},"query-input":"required name=search_term_string"}],"inLanguage":"en-US"},{"@type":"Organization","@id":"https:\/\/canalregionaltv.md\/#organization","name":"Canal Regional","url":"https:\/\/canalregionaltv.md\/","logo":{"@type":"ImageObject","inLanguage":"en-US","@id":"https:\/\/canalregionaltv.md\/#\/schema\/logo\/image\/","url":"https:\/\/canalregionaltv.md\/wp-content\/uploads\/2023\/10\/Logo_r.png","contentUrl":"https:\/\/canalregionaltv.md\/wp-content\/uploads\/2023\/10\/Logo_r.png","width":403,"height":112,"caption":"Canal Regional"},"image":{"@id":"https:\/\/canalregionaltv.md\/#\/schema\/logo\/image\/"}},{"@type":"Person","@id":"https:\/\/canalregionaltv.md\/#\/schema\/person\/96db60230b2eedd2fd6d09d267f32f8f","name":"admin_axts737o","image":{"@type":"ImageObject","inLanguage":"en-US","@id":"https:\/\/canalregionaltv.md\/#\/schema\/person\/image\/","url":"https:\/\/secure.gravatar.com\/avatar\/409e62ddd56f511fb1262f27a1535ee7719603a42e55b11651be97d388418cae?s=96&d=mm&r=g","contentUrl":"https:\/\/secure.gravatar.com\/avatar\/409e62ddd56f511fb1262f27a1535ee7719603a42e55b11651be97d388418cae?s=96&d=mm&r=g","caption":"admin_axts737o"},"sameAs":["https:\/\/canalregionaltv.md","Canal Regional, Canal Regional TV","canal Regional"],"url":"https:\/\/canalregionaltv.md\/?author=1"}]}},"_links":{"self":[{"href":"https:\/\/canalregionaltv.md\/index.php?rest_route=\/wp\/v2\/posts\/3046","targetHints":{"allow":["GET"]}}],"collection":[{"href":"https:\/\/canalregionaltv.md\/index.php?rest_route=\/wp\/v2\/posts"}],"about":[{"href":"https:\/\/canalregionaltv.md\/index.php?rest_route=\/wp\/v2\/types\/post"}],"author":[{"embeddable":true,"href":"https:\/\/canalregionaltv.md\/index.php?rest_route=\/wp\/v2\/users\/1"}],"replies":[{"embeddable":true,"href":"https:\/\/canalregionaltv.md\/index.php?rest_route=%2Fwp%2Fv2%2Fcomments&post=3046"}],"version-history":[{"count":0,"href":"https:\/\/canalregionaltv.md\/index.php?rest_route=\/wp\/v2\/posts\/3046\/revisions"}],"wp:attachment":[{"href":"https:\/\/canalregionaltv.md\/index.php?rest_route=%2Fwp%2Fv2%2Fmedia&parent=3046"}],"wp:term":[{"taxonomy":"category","embeddable":true,"href":"https:\/\/canalregionaltv.md\/index.php?rest_route=%2Fwp%2Fv2%2Fcategories&post=3046"},{"taxonomy":"post_tag","embeddable":true,"href":"https:\/\/canalregionaltv.md\/index.php?rest_route=%2Fwp%2Fv2%2Ftags&post=3046"}],"curies":[{"name":"wp","href":"https:\/\/api.w.org\/{rel}","templated":true}]}}