{"id":3047,"date":"2026-04-27T17:03:44","date_gmt":"2026-04-27T15:03:44","guid":{"rendered":"https:\/\/canalregionaltv.md\/?p=3047"},"modified":"2026-04-27T17:03:44","modified_gmt":"2026-04-27T15:03:44","slug":"video-tricolorul-sarbatorit-la-balti-36-de-ani-de-la-adoptarea-drapelului-de-stat","status":"publish","type":"post","link":"https:\/\/canalregionaltv.md\/?p=3047","title":{"rendered":"VIDEO\u00a0Tricolorul, s\u0103rb\u0103torit la B\u0103l\u021bi. 36 de ani de la adoptarea Drapelului de Stat"},"content":{"rendered":"<h3>B\u0103l\u021biul a \u00eembr\u0103cat, ast\u0103zi, culorile tricolorului. Locuitorii municipiului au marcat Ziua Drapelului de Stat, s\u0103rb\u0103torit\u0103 anual pe 27 aprilie \u00een \u00eentreaga \u021bar\u0103. Institu\u021biile de \u00eenv\u0103\u021b\u0103m\u00e2nt \u0219i cultur\u0103 au organizat activit\u0103\u021bi dedicate acestui simbol al suveranit\u0103\u021bii \u0219i identit\u0103\u021bii na\u021bionale. Oamenii spun c\u0103 tricolorul reflect\u0103 valorile \u0219i m\u00e2ndria poporului.<\/h3>\n\n<blockquote>\n<p><em>\u201eS\u0103 \u0219tim de unde sunt originile. Fiecare cet\u0103\u021bean trebuie s\u0103 \u0219tie de unde a pornit, care sunt valorile, asta este esen\u021ba poporului nostru, cred eu\u201d<\/em>, Ana Cu\u0219cenco, dirijor al Corului Ars-Nova al Colegiului de Muzic\u0103 \u0219i Pedagogie din B\u0103l\u021bi.<\/p>\n<\/blockquote>\n<blockquote>\n<p data-start=\"713\" data-end=\"909\"><em>\u201ePentru mine, drapelul na\u021bional simbolizeaz\u0103 m\u00e2ndria \u021b\u0103rii noastre, m\u00e2ndria poporului nostru. Trebuie s\u0103-l p\u0103str\u0103m \u0219i s\u0103 purt\u0103m acest drapel cu m\u00e2ndrie\u201d<\/em>, Snejana, locuitoare a mun. B\u0103l\u021bi.<\/p>\n<\/blockquote>\n<blockquote>\n<p data-start=\"911\" data-end=\"1171\"><em>\u201eEste foarte important s\u0103 comemor\u0103m drapelul nostru, al Republicii Moldova, deoarece trebuie s\u0103 \u0219tim cine sunt str\u0103mo\u0219ii no\u0219tri \u0219i s\u0103 le spunem copiilor cine suntem noi\u201d<\/em>, Aliona Ivanov, membr\u0103 a Corului Ars-Nova al Colegiului de Muzic\u0103 \u0219i Pedagogie din B\u0103l\u021bi.<\/p>\n<\/blockquote>\n<p>Drapelul Republicii Moldova este format din trei culori cu semnifica\u021bii distincte: albastrul simbolizeaz\u0103 loialitatea \u0219i adev\u0103rul, galbenul \u2013 bel\u0219ugul, iar ro\u0219ul \u2013 curajul \u0219i jertfa pentru libertate. \u00cempreun\u0103, ele reflect\u0103 unitatea trecutului, prezentului \u0219i viitorului.<\/p>\n<blockquote>\n<p><em>\u201eAceste culori prind via\u021b\u0103 prin oamenii ora\u0219ului nostru. Sportivii b\u0103l\u021beni duc aceste culori peste hotare, ridic\u00e2nd drapelul pe cele mai \u00eenalte trepte ale podiumului. Elevii no\u0219tri reprezint\u0103 cu m\u00e2ndrie Moldova la olimpiadele interna\u021bionale, ob\u021bin\u00e2nd rezultate de top \u0219i demonstr\u00e2nd c\u0103 viitorul nostru este \u00een m\u00e2ini sigure\u201d, <\/em>Alexandr Petkov, primarul mun. B\u0103l\u021bi.<\/p>\n<\/blockquote>\n<p>Drapelul de stat al Republicii Moldova a fost adoptat pe 27 aprilie 1990.<\/p>\n<p>\u00a0<\/p>\n<p>Articolul <a href=\"https:\/\/nordnews.md\/stiri-locale\/tricolorul-sarbatorit-la-balti-36-de-ani-de-la-adoptarea-drapelului-de-stat\/\">&lt;span class=&#8221;badge-status&#8221; style=&#8221;background: #ff1813;&#8221;&gt;VIDEO&lt;\/span&gt;\u00a0Tricolorul, s\u0103rb\u0103torit la B\u0103l\u021bi. 36 de ani de la adoptarea Drapelului de Stat<\/a> apare prima dat\u0103 \u00een <a href=\"https:\/\/nordnews.md\/\">NordNews<\/a>.<\/p>","protected":false},"excerpt":{"rendered":"<p>B\u0103l\u021biul a \u00eembr\u0103cat, ast\u0103zi, culorile tricolorului. Locuitorii municipiului au marcat Ziua Drapelului de Stat, s\u0103rb\u0103torit\u0103 anual pe 27 aprilie \u00een \u00eentreaga \u021bar\u0103. Institu\u021biile de \u00eenv\u0103\u021b\u0103m\u00e2nt [&hellip;]<\/p>\n","protected":false},"author":1,"featured_media":0,"comment_status":"open","ping_status":"closed","sticky":false,"template":"","format":"standard","meta":{"footnotes":""},"categories":[1],"tags":[],"class_list":["post-3047","post","type-post","status-publish","format-standard","hentry","category-uncategorized"],"yoast_head":"<!-- This site is optimized with the Yoast SEO plugin v21.3 - https:\/\/yoast.com\/wordpress\/plugins\/seo\/ -->\n<title>VIDEO\u00a0Tricolorul, s\u0103rb\u0103torit la B\u0103l\u021bi. 36 de ani de la adoptarea Drapelului de Stat - Canal Regional<\/title>\n<meta name=\"robots\" content=\"index, follow, max-snippet:-1, max-image-preview:large, max-video-preview:-1\" \/>\n<link rel=\"canonical\" href=\"https:\/\/canalregionaltv.md\/?p=3047\" \/>\n<meta property=\"og:locale\" content=\"en_US\" \/>\n<meta property=\"og:type\" content=\"article\" \/>\n<meta property=\"og:title\" content=\"VIDEO\u00a0Tricolorul, s\u0103rb\u0103torit la B\u0103l\u021bi. 36 de ani de la adoptarea Drapelului de Stat - Canal Regional\" \/>\n<meta property=\"og:description\" content=\"B\u0103l\u021biul a \u00eembr\u0103cat, ast\u0103zi, culorile tricolorului. Locuitorii municipiului au marcat Ziua Drapelului de Stat, s\u0103rb\u0103torit\u0103 anual pe 27 aprilie \u00een \u00eentreaga \u021bar\u0103. Institu\u021biile de \u00eenv\u0103\u021b\u0103m\u00e2nt [&hellip;]\" \/>\n<meta property=\"og:url\" content=\"https:\/\/canalregionaltv.md\/?p=3047\" \/>\n<meta property=\"og:site_name\" content=\"Canal Regional\" \/>\n<meta property=\"article:author\" content=\"Canal Regional, Canal Regional TV\" \/>\n<meta property=\"article:published_time\" content=\"2026-04-27T15:03:44+00:00\" \/>\n<meta name=\"author\" content=\"admin_axts737o\" \/>\n<meta name=\"twitter:card\" content=\"summary_large_image\" \/>\n<meta name=\"twitter:label1\" content=\"Written by\" \/>\n\t<meta name=\"twitter:data1\" content=\"admin_axts737o\" \/>\n\t<meta name=\"twitter:label2\" content=\"Est. reading time\" \/>\n\t<meta name=\"twitter:data2\" content=\"2 minutes\" \/>\n<script type=\"application\/ld+json\" class=\"yoast-schema-graph\">{\"@context\":\"https:\/\/schema.org\",\"@graph\":[{\"@type\":\"Article\",\"@id\":\"https:\/\/canalregionaltv.md\/?p=3047#article\",\"isPartOf\":{\"@id\":\"https:\/\/canalregionaltv.md\/?p=3047\"},\"author\":{\"name\":\"admin_axts737o\",\"@id\":\"https:\/\/canalregionaltv.md\/#\/schema\/person\/96db60230b2eedd2fd6d09d267f32f8f\"},\"headline\":\"VIDEO\u00a0Tricolorul, s\u0103rb\u0103torit la B\u0103l\u021bi. 36 de ani de la adoptarea Drapelului de Stat\",\"datePublished\":\"2026-04-27T15:03:44+00:00\",\"dateModified\":\"2026-04-27T15:03:44+00:00\",\"mainEntityOfPage\":{\"@id\":\"https:\/\/canalregionaltv.md\/?p=3047\"},\"wordCount\":349,\"commentCount\":0,\"publisher\":{\"@id\":\"https:\/\/canalregionaltv.md\/#organization\"},\"inLanguage\":\"en-US\",\"potentialAction\":[{\"@type\":\"CommentAction\",\"name\":\"Comment\",\"target\":[\"https:\/\/canalregionaltv.md\/?p=3047#respond\"]}]},{\"@type\":\"WebPage\",\"@id\":\"https:\/\/canalregionaltv.md\/?p=3047\",\"url\":\"https:\/\/canalregionaltv.md\/?p=3047\",\"name\":\"VIDEO\u00a0Tricolorul, s\u0103rb\u0103torit la B\u0103l\u021bi. 36 de ani de la adoptarea Drapelului de Stat - Canal Regional\",\"isPartOf\":{\"@id\":\"https:\/\/canalregionaltv.md\/#website\"},\"datePublished\":\"2026-04-27T15:03:44+00:00\",\"dateModified\":\"2026-04-27T15:03:44+00:00\",\"breadcrumb\":{\"@id\":\"https:\/\/canalregionaltv.md\/?p=3047#breadcrumb\"},\"inLanguage\":\"en-US\",\"potentialAction\":[{\"@type\":\"ReadAction\",\"target\":[\"https:\/\/canalregionaltv.md\/?p=3047\"]}]},{\"@type\":\"BreadcrumbList\",\"@id\":\"https:\/\/canalregionaltv.md\/?p=3047#breadcrumb\",\"itemListElement\":[{\"@type\":\"ListItem\",\"position\":1,\"name\":\"Home\",\"item\":\"https:\/\/canalregionaltv.md\/\"},{\"@type\":\"ListItem\",\"position\":2,\"name\":\"VIDEO\u00a0Tricolorul, s\u0103rb\u0103torit la B\u0103l\u021bi. 36 de ani de la adoptarea Drapelului de Stat\"}]},{\"@type\":\"WebSite\",\"@id\":\"https:\/\/canalregionaltv.md\/#website\",\"url\":\"https:\/\/canalregionaltv.md\/\",\"name\":\"Canal Regional\",\"description\":\"Canal Regional\",\"publisher\":{\"@id\":\"https:\/\/canalregionaltv.md\/#organization\"},\"potentialAction\":[{\"@type\":\"SearchAction\",\"target\":{\"@type\":\"EntryPoint\",\"urlTemplate\":\"https:\/\/canalregionaltv.md\/?s={search_term_string}\"},\"query-input\":\"required name=search_term_string\"}],\"inLanguage\":\"en-US\"},{\"@type\":\"Organization\",\"@id\":\"https:\/\/canalregionaltv.md\/#organization\",\"name\":\"Canal Regional\",\"url\":\"https:\/\/canalregionaltv.md\/\",\"logo\":{\"@type\":\"ImageObject\",\"inLanguage\":\"en-US\",\"@id\":\"https:\/\/canalregionaltv.md\/#\/schema\/logo\/image\/\",\"url\":\"https:\/\/canalregionaltv.md\/wp-content\/uploads\/2023\/10\/Logo_r.png\",\"contentUrl\":\"https:\/\/canalregionaltv.md\/wp-content\/uploads\/2023\/10\/Logo_r.png\",\"width\":403,\"height\":112,\"caption\":\"Canal Regional\"},\"image\":{\"@id\":\"https:\/\/canalregionaltv.md\/#\/schema\/logo\/image\/\"}},{\"@type\":\"Person\",\"@id\":\"https:\/\/canalregionaltv.md\/#\/schema\/person\/96db60230b2eedd2fd6d09d267f32f8f\",\"name\":\"admin_axts737o\",\"image\":{\"@type\":\"ImageObject\",\"inLanguage\":\"en-US\",\"@id\":\"https:\/\/canalregionaltv.md\/#\/schema\/person\/image\/\",\"url\":\"https:\/\/secure.gravatar.com\/avatar\/409e62ddd56f511fb1262f27a1535ee7719603a42e55b11651be97d388418cae?s=96&d=mm&r=g\",\"contentUrl\":\"https:\/\/secure.gravatar.com\/avatar\/409e62ddd56f511fb1262f27a1535ee7719603a42e55b11651be97d388418cae?s=96&d=mm&r=g\",\"caption\":\"admin_axts737o\"},\"sameAs\":[\"https:\/\/canalregionaltv.md\",\"Canal Regional, Canal Regional TV\",\"canal Regional\"],\"url\":\"https:\/\/canalregionaltv.md\/?author=1\"}]}<\/script>\n<!-- \/ Yoast SEO plugin. -->","yoast_head_json":{"title":"VIDEO\u00a0Tricolorul, s\u0103rb\u0103torit la B\u0103l\u021bi. 36 de ani de la adoptarea Drapelului de Stat - Canal Regional","robots":{"index":"index","follow":"follow","max-snippet":"max-snippet:-1","max-image-preview":"max-image-preview:large","max-video-preview":"max-video-preview:-1"},"canonical":"https:\/\/canalregionaltv.md\/?p=3047","og_locale":"en_US","og_type":"article","og_title":"VIDEO\u00a0Tricolorul, s\u0103rb\u0103torit la B\u0103l\u021bi. 36 de ani de la adoptarea Drapelului de Stat - Canal Regional","og_description":"B\u0103l\u021biul a \u00eembr\u0103cat, ast\u0103zi, culorile tricolorului. Locuitorii municipiului au marcat Ziua Drapelului de Stat, s\u0103rb\u0103torit\u0103 anual pe 27 aprilie \u00een \u00eentreaga \u021bar\u0103. Institu\u021biile de \u00eenv\u0103\u021b\u0103m\u00e2nt [&hellip;]","og_url":"https:\/\/canalregionaltv.md\/?p=3047","og_site_name":"Canal Regional","article_author":"Canal Regional, Canal Regional TV","article_published_time":"2026-04-27T15:03:44+00:00","author":"admin_axts737o","twitter_card":"summary_large_image","twitter_misc":{"Written by":"admin_axts737o","Est. reading time":"2 minutes"},"schema":{"@context":"https:\/\/schema.org","@graph":[{"@type":"Article","@id":"https:\/\/canalregionaltv.md\/?p=3047#article","isPartOf":{"@id":"https:\/\/canalregionaltv.md\/?p=3047"},"author":{"name":"admin_axts737o","@id":"https:\/\/canalregionaltv.md\/#\/schema\/person\/96db60230b2eedd2fd6d09d267f32f8f"},"headline":"VIDEO\u00a0Tricolorul, s\u0103rb\u0103torit la B\u0103l\u021bi. 36 de ani de la adoptarea Drapelului de Stat","datePublished":"2026-04-27T15:03:44+00:00","dateModified":"2026-04-27T15:03:44+00:00","mainEntityOfPage":{"@id":"https:\/\/canalregionaltv.md\/?p=3047"},"wordCount":349,"commentCount":0,"publisher":{"@id":"https:\/\/canalregionaltv.md\/#organization"},"inLanguage":"en-US","potentialAction":[{"@type":"CommentAction","name":"Comment","target":["https:\/\/canalregionaltv.md\/?p=3047#respond"]}]},{"@type":"WebPage","@id":"https:\/\/canalregionaltv.md\/?p=3047","url":"https:\/\/canalregionaltv.md\/?p=3047","name":"VIDEO\u00a0Tricolorul, s\u0103rb\u0103torit la B\u0103l\u021bi. 36 de ani de la adoptarea Drapelului de Stat - Canal Regional","isPartOf":{"@id":"https:\/\/canalregionaltv.md\/#website"},"datePublished":"2026-04-27T15:03:44+00:00","dateModified":"2026-04-27T15:03:44+00:00","breadcrumb":{"@id":"https:\/\/canalregionaltv.md\/?p=3047#breadcrumb"},"inLanguage":"en-US","potentialAction":[{"@type":"ReadAction","target":["https:\/\/canalregionaltv.md\/?p=3047"]}]},{"@type":"BreadcrumbList","@id":"https:\/\/canalregionaltv.md\/?p=3047#breadcrumb","itemListElement":[{"@type":"ListItem","position":1,"name":"Home","item":"https:\/\/canalregionaltv.md\/"},{"@type":"ListItem","position":2,"name":"VIDEO\u00a0Tricolorul, s\u0103rb\u0103torit la B\u0103l\u021bi. 36 de ani de la adoptarea Drapelului de Stat"}]},{"@type":"WebSite","@id":"https:\/\/canalregionaltv.md\/#website","url":"https:\/\/canalregionaltv.md\/","name":"Canal Regional","description":"Canal Regional","publisher":{"@id":"https:\/\/canalregionaltv.md\/#organization"},"potentialAction":[{"@type":"SearchAction","target":{"@type":"EntryPoint","urlTemplate":"https:\/\/canalregionaltv.md\/?s={search_term_string}"},"query-input":"required name=search_term_string"}],"inLanguage":"en-US"},{"@type":"Organization","@id":"https:\/\/canalregionaltv.md\/#organization","name":"Canal Regional","url":"https:\/\/canalregionaltv.md\/","logo":{"@type":"ImageObject","inLanguage":"en-US","@id":"https:\/\/canalregionaltv.md\/#\/schema\/logo\/image\/","url":"https:\/\/canalregionaltv.md\/wp-content\/uploads\/2023\/10\/Logo_r.png","contentUrl":"https:\/\/canalregionaltv.md\/wp-content\/uploads\/2023\/10\/Logo_r.png","width":403,"height":112,"caption":"Canal Regional"},"image":{"@id":"https:\/\/canalregionaltv.md\/#\/schema\/logo\/image\/"}},{"@type":"Person","@id":"https:\/\/canalregionaltv.md\/#\/schema\/person\/96db60230b2eedd2fd6d09d267f32f8f","name":"admin_axts737o","image":{"@type":"ImageObject","inLanguage":"en-US","@id":"https:\/\/canalregionaltv.md\/#\/schema\/person\/image\/","url":"https:\/\/secure.gravatar.com\/avatar\/409e62ddd56f511fb1262f27a1535ee7719603a42e55b11651be97d388418cae?s=96&d=mm&r=g","contentUrl":"https:\/\/secure.gravatar.com\/avatar\/409e62ddd56f511fb1262f27a1535ee7719603a42e55b11651be97d388418cae?s=96&d=mm&r=g","caption":"admin_axts737o"},"sameAs":["https:\/\/canalregionaltv.md","Canal Regional, Canal Regional TV","canal Regional"],"url":"https:\/\/canalregionaltv.md\/?author=1"}]}},"_links":{"self":[{"href":"https:\/\/canalregionaltv.md\/index.php?rest_route=\/wp\/v2\/posts\/3047","targetHints":{"allow":["GET"]}}],"collection":[{"href":"https:\/\/canalregionaltv.md\/index.php?rest_route=\/wp\/v2\/posts"}],"about":[{"href":"https:\/\/canalregionaltv.md\/index.php?rest_route=\/wp\/v2\/types\/post"}],"author":[{"embeddable":true,"href":"https:\/\/canalregionaltv.md\/index.php?rest_route=\/wp\/v2\/users\/1"}],"replies":[{"embeddable":true,"href":"https:\/\/canalregionaltv.md\/index.php?rest_route=%2Fwp%2Fv2%2Fcomments&post=3047"}],"version-history":[{"count":0,"href":"https:\/\/canalregionaltv.md\/index.php?rest_route=\/wp\/v2\/posts\/3047\/revisions"}],"wp:attachment":[{"href":"https:\/\/canalregionaltv.md\/index.php?rest_route=%2Fwp%2Fv2%2Fmedia&parent=3047"}],"wp:term":[{"taxonomy":"category","embeddable":true,"href":"https:\/\/canalregionaltv.md\/index.php?rest_route=%2Fwp%2Fv2%2Fcategories&post=3047"},{"taxonomy":"post_tag","embeddable":true,"href":"https:\/\/canalregionaltv.md\/index.php?rest_route=%2Fwp%2Fv2%2Ftags&post=3047"}],"curies":[{"name":"wp","href":"https:\/\/api.w.org\/{rel}","templated":true}]}}