{"id":3048,"date":"2026-04-27T17:03:44","date_gmt":"2026-04-27T15:03:44","guid":{"rendered":"https:\/\/canalregionaltv.md\/?p=3048"},"modified":"2026-04-27T17:03:44","modified_gmt":"2026-04-27T15:03:44","slug":"licitatie-suspecta-la-moldelectrica-patru-persoane-retinute","status":"publish","type":"post","link":"https:\/\/canalregionaltv.md\/?p=3048","title":{"rendered":"Licita\u021bie suspect\u0103 la Moldelectrica: patru persoane re\u021binute"},"content":{"rendered":"<h3 data-start=\"113\" data-end=\"339\">Patru persoane au fost re\u021binute, pe 27 aprilie, iar alte \u0219ase sunt vizate de anchet\u0103, dup\u0103 perchezi\u021bii \u00eentr-un dosar ce vizeaz\u0103 gestionarea ilegal\u0103 a de\u0219eurilor periculoase \u0219i trucarea unei licita\u021bii la <span class=\"hover:entity-accent entity-underline inline cursor-pointer align-baseline\"><span class=\"whitespace-normal\">Moldelectrica<\/span><\/span>. \u00cen urma perchezi\u021biilor efectuate de ofi\u021berii CNA, oamenii legii au ridicat documente \u0219i bunuri considerate relevante pentru anchet\u0103.<\/h3>\n<p data-start=\"617\" data-end=\"895\">Potrivit <strong><a href=\"https:\/\/cna.md\/ro\/comunicate-de-presa\/perchezitii-intr-un-dosar-privind-gestionarea-ilegala-deseurilor-periculoase-si\">investiga\u021biei<\/a><\/strong>, cazul vizeaz\u0103 o licita\u021bie organizat\u0103 de Moldelectrica pentru servicii de colectare \u0219i valorificare a de\u0219eurilor periculoase. Anchetatorii sus\u021bin c\u0103 procedura ar fi fost trucat\u0103, iar contractul ar fi ajuns la un agent economic f\u0103r\u0103 autoriza\u021biile necesare.<\/p>\n<p data-start=\"897\" data-end=\"1058\">Aceast\u0103 situa\u021bie ar fi creat un risc real pentru s\u0103n\u0103tatea popula\u021biei \u0219i pentru mediul \u00eenconjur\u0103tor, \u00een condi\u021biile \u00een care este vorba despre de\u0219euri periculoase.<\/p>\n<p data-start=\"1060\" data-end=\"1139\">Valoarea contractelor atribuite \u00een aceste condi\u021bii dep\u0103\u0219e\u0219te 4 milioane de lei.<\/p>\n<p data-start=\"1141\" data-end=\"1370\">\u00cen total, patru persoane au fost re\u021binute, iar alte \u0219ase au fost citate pentru audieri \u00een calitate de b\u0103nui\u021bi. Ancheta este \u00een desf\u0103\u0219urare, iar procurorii anun\u021b\u0103 c\u0103 vor reveni cu detalii, cu respectarea prezum\u021biei de nevinov\u0103\u021bie.<\/p>\n<p>Articolul <a href=\"https:\/\/nordnews.md\/stiri-nationale\/social\/licitatie-suspecta-la-moldelectrica-patru-persoane-retinute\/\">Licita\u021bie suspect\u0103 la Moldelectrica: patru persoane re\u021binute<\/a> apare prima dat\u0103 \u00een <a href=\"https:\/\/nordnews.md\/\">NordNews<\/a>.<\/p>","protected":false},"excerpt":{"rendered":"<p>Patru persoane au fost re\u021binute, pe 27 aprilie, iar alte \u0219ase sunt vizate de anchet\u0103, dup\u0103 perchezi\u021bii \u00eentr-un dosar ce vizeaz\u0103 gestionarea ilegal\u0103 a de\u0219eurilor [&hellip;]<\/p>\n","protected":false},"author":1,"featured_media":0,"comment_status":"open","ping_status":"closed","sticky":false,"template":"","format":"standard","meta":{"footnotes":""},"categories":[1],"tags":[],"class_list":["post-3048","post","type-post","status-publish","format-standard","hentry","category-uncategorized"],"yoast_head":"<!-- This site is optimized with the Yoast SEO plugin v21.3 - https:\/\/yoast.com\/wordpress\/plugins\/seo\/ -->\n<title>Licita\u021bie suspect\u0103 la Moldelectrica: patru persoane re\u021binute - Canal Regional<\/title>\n<meta name=\"robots\" content=\"index, follow, max-snippet:-1, max-image-preview:large, max-video-preview:-1\" \/>\n<link rel=\"canonical\" href=\"https:\/\/canalregionaltv.md\/?p=3048\" \/>\n<meta property=\"og:locale\" content=\"en_US\" \/>\n<meta property=\"og:type\" content=\"article\" \/>\n<meta property=\"og:title\" content=\"Licita\u021bie suspect\u0103 la Moldelectrica: patru persoane re\u021binute - Canal Regional\" \/>\n<meta property=\"og:description\" content=\"Patru persoane au fost re\u021binute, pe 27 aprilie, iar alte \u0219ase sunt vizate de anchet\u0103, dup\u0103 perchezi\u021bii \u00eentr-un dosar ce vizeaz\u0103 gestionarea ilegal\u0103 a de\u0219eurilor [&hellip;]\" \/>\n<meta property=\"og:url\" content=\"https:\/\/canalregionaltv.md\/?p=3048\" \/>\n<meta property=\"og:site_name\" content=\"Canal Regional\" \/>\n<meta property=\"article:author\" content=\"Canal Regional, Canal Regional TV\" \/>\n<meta property=\"article:published_time\" content=\"2026-04-27T15:03:44+00:00\" \/>\n<meta name=\"author\" content=\"admin_axts737o\" \/>\n<meta name=\"twitter:card\" content=\"summary_large_image\" \/>\n<meta name=\"twitter:label1\" content=\"Written by\" \/>\n\t<meta name=\"twitter:data1\" content=\"admin_axts737o\" \/>\n\t<meta name=\"twitter:label2\" content=\"Est. reading time\" \/>\n\t<meta name=\"twitter:data2\" content=\"1 minute\" \/>\n<script type=\"application\/ld+json\" class=\"yoast-schema-graph\">{\"@context\":\"https:\/\/schema.org\",\"@graph\":[{\"@type\":\"Article\",\"@id\":\"https:\/\/canalregionaltv.md\/?p=3048#article\",\"isPartOf\":{\"@id\":\"https:\/\/canalregionaltv.md\/?p=3048\"},\"author\":{\"name\":\"admin_axts737o\",\"@id\":\"https:\/\/canalregionaltv.md\/#\/schema\/person\/96db60230b2eedd2fd6d09d267f32f8f\"},\"headline\":\"Licita\u021bie suspect\u0103 la Moldelectrica: patru persoane re\u021binute\",\"datePublished\":\"2026-04-27T15:03:44+00:00\",\"dateModified\":\"2026-04-27T15:03:44+00:00\",\"mainEntityOfPage\":{\"@id\":\"https:\/\/canalregionaltv.md\/?p=3048\"},\"wordCount\":209,\"commentCount\":0,\"publisher\":{\"@id\":\"https:\/\/canalregionaltv.md\/#organization\"},\"inLanguage\":\"en-US\",\"potentialAction\":[{\"@type\":\"CommentAction\",\"name\":\"Comment\",\"target\":[\"https:\/\/canalregionaltv.md\/?p=3048#respond\"]}]},{\"@type\":\"WebPage\",\"@id\":\"https:\/\/canalregionaltv.md\/?p=3048\",\"url\":\"https:\/\/canalregionaltv.md\/?p=3048\",\"name\":\"Licita\u021bie suspect\u0103 la Moldelectrica: patru persoane re\u021binute - Canal Regional\",\"isPartOf\":{\"@id\":\"https:\/\/canalregionaltv.md\/#website\"},\"datePublished\":\"2026-04-27T15:03:44+00:00\",\"dateModified\":\"2026-04-27T15:03:44+00:00\",\"breadcrumb\":{\"@id\":\"https:\/\/canalregionaltv.md\/?p=3048#breadcrumb\"},\"inLanguage\":\"en-US\",\"potentialAction\":[{\"@type\":\"ReadAction\",\"target\":[\"https:\/\/canalregionaltv.md\/?p=3048\"]}]},{\"@type\":\"BreadcrumbList\",\"@id\":\"https:\/\/canalregionaltv.md\/?p=3048#breadcrumb\",\"itemListElement\":[{\"@type\":\"ListItem\",\"position\":1,\"name\":\"Home\",\"item\":\"https:\/\/canalregionaltv.md\/\"},{\"@type\":\"ListItem\",\"position\":2,\"name\":\"Licita\u021bie suspect\u0103 la Moldelectrica: patru persoane re\u021binute\"}]},{\"@type\":\"WebSite\",\"@id\":\"https:\/\/canalregionaltv.md\/#website\",\"url\":\"https:\/\/canalregionaltv.md\/\",\"name\":\"Canal Regional\",\"description\":\"Canal Regional\",\"publisher\":{\"@id\":\"https:\/\/canalregionaltv.md\/#organization\"},\"potentialAction\":[{\"@type\":\"SearchAction\",\"target\":{\"@type\":\"EntryPoint\",\"urlTemplate\":\"https:\/\/canalregionaltv.md\/?s={search_term_string}\"},\"query-input\":\"required name=search_term_string\"}],\"inLanguage\":\"en-US\"},{\"@type\":\"Organization\",\"@id\":\"https:\/\/canalregionaltv.md\/#organization\",\"name\":\"Canal Regional\",\"url\":\"https:\/\/canalregionaltv.md\/\",\"logo\":{\"@type\":\"ImageObject\",\"inLanguage\":\"en-US\",\"@id\":\"https:\/\/canalregionaltv.md\/#\/schema\/logo\/image\/\",\"url\":\"https:\/\/canalregionaltv.md\/wp-content\/uploads\/2023\/10\/Logo_r.png\",\"contentUrl\":\"https:\/\/canalregionaltv.md\/wp-content\/uploads\/2023\/10\/Logo_r.png\",\"width\":403,\"height\":112,\"caption\":\"Canal Regional\"},\"image\":{\"@id\":\"https:\/\/canalregionaltv.md\/#\/schema\/logo\/image\/\"}},{\"@type\":\"Person\",\"@id\":\"https:\/\/canalregionaltv.md\/#\/schema\/person\/96db60230b2eedd2fd6d09d267f32f8f\",\"name\":\"admin_axts737o\",\"image\":{\"@type\":\"ImageObject\",\"inLanguage\":\"en-US\",\"@id\":\"https:\/\/canalregionaltv.md\/#\/schema\/person\/image\/\",\"url\":\"https:\/\/secure.gravatar.com\/avatar\/409e62ddd56f511fb1262f27a1535ee7719603a42e55b11651be97d388418cae?s=96&d=mm&r=g\",\"contentUrl\":\"https:\/\/secure.gravatar.com\/avatar\/409e62ddd56f511fb1262f27a1535ee7719603a42e55b11651be97d388418cae?s=96&d=mm&r=g\",\"caption\":\"admin_axts737o\"},\"sameAs\":[\"https:\/\/canalregionaltv.md\",\"Canal Regional, Canal Regional TV\",\"canal Regional\"],\"url\":\"https:\/\/canalregionaltv.md\/?author=1\"}]}<\/script>\n<!-- \/ Yoast SEO plugin. -->","yoast_head_json":{"title":"Licita\u021bie suspect\u0103 la Moldelectrica: patru persoane re\u021binute - Canal Regional","robots":{"index":"index","follow":"follow","max-snippet":"max-snippet:-1","max-image-preview":"max-image-preview:large","max-video-preview":"max-video-preview:-1"},"canonical":"https:\/\/canalregionaltv.md\/?p=3048","og_locale":"en_US","og_type":"article","og_title":"Licita\u021bie suspect\u0103 la Moldelectrica: patru persoane re\u021binute - Canal Regional","og_description":"Patru persoane au fost re\u021binute, pe 27 aprilie, iar alte \u0219ase sunt vizate de anchet\u0103, dup\u0103 perchezi\u021bii \u00eentr-un dosar ce vizeaz\u0103 gestionarea ilegal\u0103 a de\u0219eurilor [&hellip;]","og_url":"https:\/\/canalregionaltv.md\/?p=3048","og_site_name":"Canal Regional","article_author":"Canal Regional, Canal Regional TV","article_published_time":"2026-04-27T15:03:44+00:00","author":"admin_axts737o","twitter_card":"summary_large_image","twitter_misc":{"Written by":"admin_axts737o","Est. reading time":"1 minute"},"schema":{"@context":"https:\/\/schema.org","@graph":[{"@type":"Article","@id":"https:\/\/canalregionaltv.md\/?p=3048#article","isPartOf":{"@id":"https:\/\/canalregionaltv.md\/?p=3048"},"author":{"name":"admin_axts737o","@id":"https:\/\/canalregionaltv.md\/#\/schema\/person\/96db60230b2eedd2fd6d09d267f32f8f"},"headline":"Licita\u021bie suspect\u0103 la Moldelectrica: patru persoane re\u021binute","datePublished":"2026-04-27T15:03:44+00:00","dateModified":"2026-04-27T15:03:44+00:00","mainEntityOfPage":{"@id":"https:\/\/canalregionaltv.md\/?p=3048"},"wordCount":209,"commentCount":0,"publisher":{"@id":"https:\/\/canalregionaltv.md\/#organization"},"inLanguage":"en-US","potentialAction":[{"@type":"CommentAction","name":"Comment","target":["https:\/\/canalregionaltv.md\/?p=3048#respond"]}]},{"@type":"WebPage","@id":"https:\/\/canalregionaltv.md\/?p=3048","url":"https:\/\/canalregionaltv.md\/?p=3048","name":"Licita\u021bie suspect\u0103 la Moldelectrica: patru persoane re\u021binute - Canal Regional","isPartOf":{"@id":"https:\/\/canalregionaltv.md\/#website"},"datePublished":"2026-04-27T15:03:44+00:00","dateModified":"2026-04-27T15:03:44+00:00","breadcrumb":{"@id":"https:\/\/canalregionaltv.md\/?p=3048#breadcrumb"},"inLanguage":"en-US","potentialAction":[{"@type":"ReadAction","target":["https:\/\/canalregionaltv.md\/?p=3048"]}]},{"@type":"BreadcrumbList","@id":"https:\/\/canalregionaltv.md\/?p=3048#breadcrumb","itemListElement":[{"@type":"ListItem","position":1,"name":"Home","item":"https:\/\/canalregionaltv.md\/"},{"@type":"ListItem","position":2,"name":"Licita\u021bie suspect\u0103 la Moldelectrica: patru persoane re\u021binute"}]},{"@type":"WebSite","@id":"https:\/\/canalregionaltv.md\/#website","url":"https:\/\/canalregionaltv.md\/","name":"Canal Regional","description":"Canal Regional","publisher":{"@id":"https:\/\/canalregionaltv.md\/#organization"},"potentialAction":[{"@type":"SearchAction","target":{"@type":"EntryPoint","urlTemplate":"https:\/\/canalregionaltv.md\/?s={search_term_string}"},"query-input":"required name=search_term_string"}],"inLanguage":"en-US"},{"@type":"Organization","@id":"https:\/\/canalregionaltv.md\/#organization","name":"Canal Regional","url":"https:\/\/canalregionaltv.md\/","logo":{"@type":"ImageObject","inLanguage":"en-US","@id":"https:\/\/canalregionaltv.md\/#\/schema\/logo\/image\/","url":"https:\/\/canalregionaltv.md\/wp-content\/uploads\/2023\/10\/Logo_r.png","contentUrl":"https:\/\/canalregionaltv.md\/wp-content\/uploads\/2023\/10\/Logo_r.png","width":403,"height":112,"caption":"Canal Regional"},"image":{"@id":"https:\/\/canalregionaltv.md\/#\/schema\/logo\/image\/"}},{"@type":"Person","@id":"https:\/\/canalregionaltv.md\/#\/schema\/person\/96db60230b2eedd2fd6d09d267f32f8f","name":"admin_axts737o","image":{"@type":"ImageObject","inLanguage":"en-US","@id":"https:\/\/canalregionaltv.md\/#\/schema\/person\/image\/","url":"https:\/\/secure.gravatar.com\/avatar\/409e62ddd56f511fb1262f27a1535ee7719603a42e55b11651be97d388418cae?s=96&d=mm&r=g","contentUrl":"https:\/\/secure.gravatar.com\/avatar\/409e62ddd56f511fb1262f27a1535ee7719603a42e55b11651be97d388418cae?s=96&d=mm&r=g","caption":"admin_axts737o"},"sameAs":["https:\/\/canalregionaltv.md","Canal Regional, Canal Regional TV","canal Regional"],"url":"https:\/\/canalregionaltv.md\/?author=1"}]}},"_links":{"self":[{"href":"https:\/\/canalregionaltv.md\/index.php?rest_route=\/wp\/v2\/posts\/3048","targetHints":{"allow":["GET"]}}],"collection":[{"href":"https:\/\/canalregionaltv.md\/index.php?rest_route=\/wp\/v2\/posts"}],"about":[{"href":"https:\/\/canalregionaltv.md\/index.php?rest_route=\/wp\/v2\/types\/post"}],"author":[{"embeddable":true,"href":"https:\/\/canalregionaltv.md\/index.php?rest_route=\/wp\/v2\/users\/1"}],"replies":[{"embeddable":true,"href":"https:\/\/canalregionaltv.md\/index.php?rest_route=%2Fwp%2Fv2%2Fcomments&post=3048"}],"version-history":[{"count":0,"href":"https:\/\/canalregionaltv.md\/index.php?rest_route=\/wp\/v2\/posts\/3048\/revisions"}],"wp:attachment":[{"href":"https:\/\/canalregionaltv.md\/index.php?rest_route=%2Fwp%2Fv2%2Fmedia&parent=3048"}],"wp:term":[{"taxonomy":"category","embeddable":true,"href":"https:\/\/canalregionaltv.md\/index.php?rest_route=%2Fwp%2Fv2%2Fcategories&post=3048"},{"taxonomy":"post_tag","embeddable":true,"href":"https:\/\/canalregionaltv.md\/index.php?rest_route=%2Fwp%2Fv2%2Ftags&post=3048"}],"curies":[{"name":"wp","href":"https:\/\/api.w.org\/{rel}","templated":true}]}}