{"id":3049,"date":"2026-04-27T17:03:44","date_gmt":"2026-04-27T15:03:44","guid":{"rendered":"https:\/\/canalregionaltv.md\/?p=3049"},"modified":"2026-04-27T17:03:44","modified_gmt":"2026-04-27T15:03:44","slug":"video-cu-sprijinul-uniunii-europene-serviciul-social-locuinta-protejata-din-glodeni-devine-un-model-de-eficienta-energetica-si-incluziune-sociala","status":"publish","type":"post","link":"https:\/\/canalregionaltv.md\/?p=3049","title":{"rendered":"VIDEO\u00a0Cu sprijinul Uniunii Europene, Serviciul social \u201eLocuin\u021ba Protejat\u0103\u201d din Glodeni devine un model de eficien\u021b\u0103 energetic\u0103 \u0219i incluziune social\u0103"},"content":{"rendered":"<h4><span>Asigurarea unor condi\u021bii de trai sigure \u0219i confortabile pentru persoanele din grupurile vulnerabile reprezint\u0103 o prioritate pentru autorit\u0103\u021bi \u0219i institu\u021biile sociale, acestea fiind esen\u021biale pentru dezvoltarea serviciilor sociale din \u021bar\u0103.<\/span><\/h4>\n\n<p><span>\u00cen acest context, Serviciul social \u201eLocuin\u021b\u0103 Protejat\u0103\u201d din Glodeni a beneficiat de lucr\u0103ri de eficientizare energetic\u0103 a cl\u0103dirii, prin intermediul proiectului \u201eParteneriate locale pentru eficien\u021ba energetic\u0103 \u00een serviciile sociale\u201d, implementat cu suportul financiar al Uniunii Europene, cofinan\u021bat \u0219i implementat de Funda\u021bia Soros Moldova, I.P. Keystone Moldova \u0219i A.O. \u201eFondul de Inova\u021bii Sociale din Moldova\u201d. Datorit\u0103 acestei interven\u021bii, cl\u0103direa a fost transformat\u0103 \u00eentr-un spa\u021biu cu un confort termic sporit pe tot parcursul anului. Mai mult dec\u00e2t at\u00e2t, consumul de energie a fost redus semnificativ, resursele financiare economisite la facturi vor putea fi direc\u021bionate acum spre \u00eembun\u0103t\u0103\u021birea calit\u0103\u021bii vie\u021bii beneficiarilor.<\/span><\/p>\n<p><span>Pentru beneficiarii\u00a0 din cadrul serviciului social \u201eLocuin\u021ba Protejat\u0103\u201d din Glodeni, sprijinul oferit \u00eenseamn\u0103 mai mult dec\u00e2t un simplu confort termic, aceasta \u00eenseamn\u0103 siguran\u021ba unui c\u0103min, care le sus\u021bine parcursul spre o via\u021b\u0103 independent\u0103. Aici, oamenii dep\u0103\u0219esc greut\u0103\u021bile trecutului \u0219i \u00eenva\u021b\u0103 din nou s\u0103 aib\u0103 \u00eencredere.<\/span><\/p>\n<p><span>Gheorghe, unul dintre beneficiari, descrie importan\u021ba acestui loc pentru el, dup\u0103 ce a trecut printr-o tragedie personal\u0103. La r\u00e2ndul s\u0103u, Ludmila subliniaz\u0103 modul, \u00een care serviciul o ajut\u0103 s\u0103 se implice activ \u00een via\u021ba de zi cu zi, av\u00e2nd parte de sus\u021binerea speciali\u0219tilor din cadrul Locuin\u021bei protejate.<\/span><\/p>\n<p><span>Dincolo de \u00eembun\u0103t\u0103\u021birea condi\u021biilor fizice de trai, proiectul a inclus \u0219i o component\u0103 de cre\u0219tere a calit\u0103\u021bii serviciilor oferite <\/span><span>\u00een conformitate cu standardele minime de calitate. Aceasta a fost realizat\u0103 <\/span><span>cu suportul tehnic \u0219i metodologic din partea A.O. \u201eSolidarii neamului\u201d \u0219i I.P. Keystone Moldova\u00a0 \u0219i includ profesionalizarea personalului la fel \u0219i dezvoltarea abilit\u0103\u021bilor de via\u021b\u0103 independent\u0103 ale beneficiarilor.<\/span><\/p>\n<p><span>Succesul acestui proiect demonstreaz\u0103 impactul direct asupra comunit\u0103\u021bii al parteneriatelor locale. Astfel, Serviciul social \u201eLocuin\u021b\u0103 Protejat\u0103\u201d din Glodeni devine nu doar un spa\u021biu eficient \u0219i prietenos, ci \u0219i un pilon de suport comunitar, care respect\u0103 drepturile \u0219i demnitatea fiec\u0103rei persoane, totul fiind posibil printr-o colaborare str\u00e2ns\u0103 \u00eentre societatea civil\u0103 \u0219i autorit\u0103\u021bile locale.<\/span><\/p>\n<p><i><span>***<\/span><\/i><span><br \/>\n<\/span><i><span>Acest material a fost realizat cu suportul financiar al Uniunii Europene. Videoul face parte din campania de comunicare \u201eUtiliz\u0103m energia eficient\u201d\u00a0 desf\u0103\u0219urat\u0103 \u00een cadrul proiectului \u201eParteneriate locale pentru eficien\u021ba energetic\u0103 \u00een serviciile sociale\u201d, implementat din sursele Uniunii Europene, cofinan\u021bat \u0219i implementat de Funda\u021bia Soros Moldova, \u00een parteneriat cu I.P. Keystone Moldova \u0219i AO \u201eFondul de Inova\u021bii Sociale din Moldova\u201d.<\/span><\/i><\/p>\n<p><i><span>Con\u021binutul acestui video apar\u021bine autorilor \u0219i nu reflect\u0103 \u00een mod necesar opinia Uniunii Europene \u0219i a Funda\u021biei Soros Moldova.<\/span><\/i><\/p>\n<p>Articolul <a href=\"https:\/\/nordnews.md\/stiri-nationale\/social\/cu-sprijinul-uniunii-europene-serviciul-social-locuinta-protejata-din-glodeni-devine-un-model-de-eficienta-energetica-si-incluziune-sociala\/\">&lt;span class=&#8221;badge-status&#8221; style=&#8221;background: #ff1813;&#8221;&gt;VIDEO&lt;\/span&gt;\u00a0Cu sprijinul Uniunii Europene, Serviciul social \u201eLocuin\u021ba Protejat\u0103\u201d din Glodeni devine un model de eficien\u021b\u0103 energetic\u0103 \u0219i incluziune social\u0103<\/a> apare prima dat\u0103 \u00een <a href=\"https:\/\/nordnews.md\/\">NordNews<\/a>.<\/p>","protected":false},"excerpt":{"rendered":"<p>Asigurarea unor condi\u021bii de trai sigure \u0219i confortabile pentru persoanele din grupurile vulnerabile reprezint\u0103 o prioritate pentru autorit\u0103\u021bi \u0219i institu\u021biile sociale, acestea fiind esen\u021biale pentru [&hellip;]<\/p>\n","protected":false},"author":1,"featured_media":0,"comment_status":"open","ping_status":"closed","sticky":false,"template":"","format":"standard","meta":{"footnotes":""},"categories":[1],"tags":[],"class_list":["post-3049","post","type-post","status-publish","format-standard","hentry","category-uncategorized"],"yoast_head":"<!-- This site is optimized with the Yoast SEO plugin v21.3 - https:\/\/yoast.com\/wordpress\/plugins\/seo\/ -->\n<title>VIDEO\u00a0Cu sprijinul Uniunii Europene, Serviciul social \u201eLocuin\u021ba Protejat\u0103\u201d din Glodeni devine un model de eficien\u021b\u0103 energetic\u0103 \u0219i incluziune social\u0103 - Canal Regional<\/title>\n<meta name=\"robots\" content=\"index, follow, max-snippet:-1, max-image-preview:large, max-video-preview:-1\" \/>\n<link rel=\"canonical\" href=\"https:\/\/canalregionaltv.md\/?p=3049\" \/>\n<meta property=\"og:locale\" content=\"en_US\" \/>\n<meta property=\"og:type\" content=\"article\" \/>\n<meta property=\"og:title\" content=\"VIDEO\u00a0Cu sprijinul Uniunii Europene, Serviciul social \u201eLocuin\u021ba Protejat\u0103\u201d din Glodeni devine un model de eficien\u021b\u0103 energetic\u0103 \u0219i incluziune social\u0103 - Canal Regional\" \/>\n<meta property=\"og:description\" content=\"Asigurarea unor condi\u021bii de trai sigure \u0219i confortabile pentru persoanele din grupurile vulnerabile reprezint\u0103 o prioritate pentru autorit\u0103\u021bi \u0219i institu\u021biile sociale, acestea fiind esen\u021biale pentru [&hellip;]\" \/>\n<meta property=\"og:url\" content=\"https:\/\/canalregionaltv.md\/?p=3049\" \/>\n<meta property=\"og:site_name\" content=\"Canal Regional\" \/>\n<meta property=\"article:author\" content=\"Canal Regional, Canal Regional TV\" \/>\n<meta property=\"article:published_time\" content=\"2026-04-27T15:03:44+00:00\" \/>\n<meta name=\"author\" content=\"admin_axts737o\" \/>\n<meta name=\"twitter:card\" content=\"summary_large_image\" \/>\n<meta name=\"twitter:label1\" content=\"Written by\" \/>\n\t<meta name=\"twitter:data1\" content=\"admin_axts737o\" \/>\n\t<meta name=\"twitter:label2\" content=\"Est. reading time\" \/>\n\t<meta name=\"twitter:data2\" content=\"3 minutes\" \/>\n<script type=\"application\/ld+json\" class=\"yoast-schema-graph\">{\"@context\":\"https:\/\/schema.org\",\"@graph\":[{\"@type\":\"Article\",\"@id\":\"https:\/\/canalregionaltv.md\/?p=3049#article\",\"isPartOf\":{\"@id\":\"https:\/\/canalregionaltv.md\/?p=3049\"},\"author\":{\"name\":\"admin_axts737o\",\"@id\":\"https:\/\/canalregionaltv.md\/#\/schema\/person\/96db60230b2eedd2fd6d09d267f32f8f\"},\"headline\":\"VIDEO\u00a0Cu sprijinul Uniunii Europene, Serviciul social \u201eLocuin\u021ba Protejat\u0103\u201d din Glodeni devine un model de eficien\u021b\u0103 energetic\u0103 \u0219i incluziune social\u0103\",\"datePublished\":\"2026-04-27T15:03:44+00:00\",\"dateModified\":\"2026-04-27T15:03:44+00:00\",\"mainEntityOfPage\":{\"@id\":\"https:\/\/canalregionaltv.md\/?p=3049\"},\"wordCount\":527,\"commentCount\":0,\"publisher\":{\"@id\":\"https:\/\/canalregionaltv.md\/#organization\"},\"inLanguage\":\"en-US\",\"potentialAction\":[{\"@type\":\"CommentAction\",\"name\":\"Comment\",\"target\":[\"https:\/\/canalregionaltv.md\/?p=3049#respond\"]}]},{\"@type\":\"WebPage\",\"@id\":\"https:\/\/canalregionaltv.md\/?p=3049\",\"url\":\"https:\/\/canalregionaltv.md\/?p=3049\",\"name\":\"VIDEO\u00a0Cu sprijinul Uniunii Europene, Serviciul social \u201eLocuin\u021ba Protejat\u0103\u201d din Glodeni devine un model de eficien\u021b\u0103 energetic\u0103 \u0219i incluziune social\u0103 - Canal Regional\",\"isPartOf\":{\"@id\":\"https:\/\/canalregionaltv.md\/#website\"},\"datePublished\":\"2026-04-27T15:03:44+00:00\",\"dateModified\":\"2026-04-27T15:03:44+00:00\",\"breadcrumb\":{\"@id\":\"https:\/\/canalregionaltv.md\/?p=3049#breadcrumb\"},\"inLanguage\":\"en-US\",\"potentialAction\":[{\"@type\":\"ReadAction\",\"target\":[\"https:\/\/canalregionaltv.md\/?p=3049\"]}]},{\"@type\":\"BreadcrumbList\",\"@id\":\"https:\/\/canalregionaltv.md\/?p=3049#breadcrumb\",\"itemListElement\":[{\"@type\":\"ListItem\",\"position\":1,\"name\":\"Home\",\"item\":\"https:\/\/canalregionaltv.md\/\"},{\"@type\":\"ListItem\",\"position\":2,\"name\":\"VIDEO\u00a0Cu sprijinul Uniunii Europene, Serviciul social \u201eLocuin\u021ba Protejat\u0103\u201d din Glodeni devine un model de eficien\u021b\u0103 energetic\u0103 \u0219i incluziune social\u0103\"}]},{\"@type\":\"WebSite\",\"@id\":\"https:\/\/canalregionaltv.md\/#website\",\"url\":\"https:\/\/canalregionaltv.md\/\",\"name\":\"Canal Regional\",\"description\":\"Canal Regional\",\"publisher\":{\"@id\":\"https:\/\/canalregionaltv.md\/#organization\"},\"potentialAction\":[{\"@type\":\"SearchAction\",\"target\":{\"@type\":\"EntryPoint\",\"urlTemplate\":\"https:\/\/canalregionaltv.md\/?s={search_term_string}\"},\"query-input\":\"required name=search_term_string\"}],\"inLanguage\":\"en-US\"},{\"@type\":\"Organization\",\"@id\":\"https:\/\/canalregionaltv.md\/#organization\",\"name\":\"Canal Regional\",\"url\":\"https:\/\/canalregionaltv.md\/\",\"logo\":{\"@type\":\"ImageObject\",\"inLanguage\":\"en-US\",\"@id\":\"https:\/\/canalregionaltv.md\/#\/schema\/logo\/image\/\",\"url\":\"https:\/\/canalregionaltv.md\/wp-content\/uploads\/2023\/10\/Logo_r.png\",\"contentUrl\":\"https:\/\/canalregionaltv.md\/wp-content\/uploads\/2023\/10\/Logo_r.png\",\"width\":403,\"height\":112,\"caption\":\"Canal Regional\"},\"image\":{\"@id\":\"https:\/\/canalregionaltv.md\/#\/schema\/logo\/image\/\"}},{\"@type\":\"Person\",\"@id\":\"https:\/\/canalregionaltv.md\/#\/schema\/person\/96db60230b2eedd2fd6d09d267f32f8f\",\"name\":\"admin_axts737o\",\"image\":{\"@type\":\"ImageObject\",\"inLanguage\":\"en-US\",\"@id\":\"https:\/\/canalregionaltv.md\/#\/schema\/person\/image\/\",\"url\":\"https:\/\/secure.gravatar.com\/avatar\/409e62ddd56f511fb1262f27a1535ee7719603a42e55b11651be97d388418cae?s=96&d=mm&r=g\",\"contentUrl\":\"https:\/\/secure.gravatar.com\/avatar\/409e62ddd56f511fb1262f27a1535ee7719603a42e55b11651be97d388418cae?s=96&d=mm&r=g\",\"caption\":\"admin_axts737o\"},\"sameAs\":[\"https:\/\/canalregionaltv.md\",\"Canal Regional, Canal Regional TV\",\"canal Regional\"],\"url\":\"https:\/\/canalregionaltv.md\/?author=1\"}]}<\/script>\n<!-- \/ Yoast SEO plugin. -->","yoast_head_json":{"title":"VIDEO\u00a0Cu sprijinul Uniunii Europene, Serviciul social \u201eLocuin\u021ba Protejat\u0103\u201d din Glodeni devine un model de eficien\u021b\u0103 energetic\u0103 \u0219i incluziune social\u0103 - Canal Regional","robots":{"index":"index","follow":"follow","max-snippet":"max-snippet:-1","max-image-preview":"max-image-preview:large","max-video-preview":"max-video-preview:-1"},"canonical":"https:\/\/canalregionaltv.md\/?p=3049","og_locale":"en_US","og_type":"article","og_title":"VIDEO\u00a0Cu sprijinul Uniunii Europene, Serviciul social \u201eLocuin\u021ba Protejat\u0103\u201d din Glodeni devine un model de eficien\u021b\u0103 energetic\u0103 \u0219i incluziune social\u0103 - Canal Regional","og_description":"Asigurarea unor condi\u021bii de trai sigure \u0219i confortabile pentru persoanele din grupurile vulnerabile reprezint\u0103 o prioritate pentru autorit\u0103\u021bi \u0219i institu\u021biile sociale, acestea fiind esen\u021biale pentru [&hellip;]","og_url":"https:\/\/canalregionaltv.md\/?p=3049","og_site_name":"Canal Regional","article_author":"Canal Regional, Canal Regional TV","article_published_time":"2026-04-27T15:03:44+00:00","author":"admin_axts737o","twitter_card":"summary_large_image","twitter_misc":{"Written by":"admin_axts737o","Est. reading time":"3 minutes"},"schema":{"@context":"https:\/\/schema.org","@graph":[{"@type":"Article","@id":"https:\/\/canalregionaltv.md\/?p=3049#article","isPartOf":{"@id":"https:\/\/canalregionaltv.md\/?p=3049"},"author":{"name":"admin_axts737o","@id":"https:\/\/canalregionaltv.md\/#\/schema\/person\/96db60230b2eedd2fd6d09d267f32f8f"},"headline":"VIDEO\u00a0Cu sprijinul Uniunii Europene, Serviciul social \u201eLocuin\u021ba Protejat\u0103\u201d din Glodeni devine un model de eficien\u021b\u0103 energetic\u0103 \u0219i incluziune social\u0103","datePublished":"2026-04-27T15:03:44+00:00","dateModified":"2026-04-27T15:03:44+00:00","mainEntityOfPage":{"@id":"https:\/\/canalregionaltv.md\/?p=3049"},"wordCount":527,"commentCount":0,"publisher":{"@id":"https:\/\/canalregionaltv.md\/#organization"},"inLanguage":"en-US","potentialAction":[{"@type":"CommentAction","name":"Comment","target":["https:\/\/canalregionaltv.md\/?p=3049#respond"]}]},{"@type":"WebPage","@id":"https:\/\/canalregionaltv.md\/?p=3049","url":"https:\/\/canalregionaltv.md\/?p=3049","name":"VIDEO\u00a0Cu sprijinul Uniunii Europene, Serviciul social \u201eLocuin\u021ba Protejat\u0103\u201d din Glodeni devine un model de eficien\u021b\u0103 energetic\u0103 \u0219i incluziune social\u0103 - Canal Regional","isPartOf":{"@id":"https:\/\/canalregionaltv.md\/#website"},"datePublished":"2026-04-27T15:03:44+00:00","dateModified":"2026-04-27T15:03:44+00:00","breadcrumb":{"@id":"https:\/\/canalregionaltv.md\/?p=3049#breadcrumb"},"inLanguage":"en-US","potentialAction":[{"@type":"ReadAction","target":["https:\/\/canalregionaltv.md\/?p=3049"]}]},{"@type":"BreadcrumbList","@id":"https:\/\/canalregionaltv.md\/?p=3049#breadcrumb","itemListElement":[{"@type":"ListItem","position":1,"name":"Home","item":"https:\/\/canalregionaltv.md\/"},{"@type":"ListItem","position":2,"name":"VIDEO\u00a0Cu sprijinul Uniunii Europene, Serviciul social \u201eLocuin\u021ba Protejat\u0103\u201d din Glodeni devine un model de eficien\u021b\u0103 energetic\u0103 \u0219i incluziune social\u0103"}]},{"@type":"WebSite","@id":"https:\/\/canalregionaltv.md\/#website","url":"https:\/\/canalregionaltv.md\/","name":"Canal Regional","description":"Canal Regional","publisher":{"@id":"https:\/\/canalregionaltv.md\/#organization"},"potentialAction":[{"@type":"SearchAction","target":{"@type":"EntryPoint","urlTemplate":"https:\/\/canalregionaltv.md\/?s={search_term_string}"},"query-input":"required name=search_term_string"}],"inLanguage":"en-US"},{"@type":"Organization","@id":"https:\/\/canalregionaltv.md\/#organization","name":"Canal Regional","url":"https:\/\/canalregionaltv.md\/","logo":{"@type":"ImageObject","inLanguage":"en-US","@id":"https:\/\/canalregionaltv.md\/#\/schema\/logo\/image\/","url":"https:\/\/canalregionaltv.md\/wp-content\/uploads\/2023\/10\/Logo_r.png","contentUrl":"https:\/\/canalregionaltv.md\/wp-content\/uploads\/2023\/10\/Logo_r.png","width":403,"height":112,"caption":"Canal Regional"},"image":{"@id":"https:\/\/canalregionaltv.md\/#\/schema\/logo\/image\/"}},{"@type":"Person","@id":"https:\/\/canalregionaltv.md\/#\/schema\/person\/96db60230b2eedd2fd6d09d267f32f8f","name":"admin_axts737o","image":{"@type":"ImageObject","inLanguage":"en-US","@id":"https:\/\/canalregionaltv.md\/#\/schema\/person\/image\/","url":"https:\/\/secure.gravatar.com\/avatar\/409e62ddd56f511fb1262f27a1535ee7719603a42e55b11651be97d388418cae?s=96&d=mm&r=g","contentUrl":"https:\/\/secure.gravatar.com\/avatar\/409e62ddd56f511fb1262f27a1535ee7719603a42e55b11651be97d388418cae?s=96&d=mm&r=g","caption":"admin_axts737o"},"sameAs":["https:\/\/canalregionaltv.md","Canal Regional, Canal Regional TV","canal Regional"],"url":"https:\/\/canalregionaltv.md\/?author=1"}]}},"_links":{"self":[{"href":"https:\/\/canalregionaltv.md\/index.php?rest_route=\/wp\/v2\/posts\/3049","targetHints":{"allow":["GET"]}}],"collection":[{"href":"https:\/\/canalregionaltv.md\/index.php?rest_route=\/wp\/v2\/posts"}],"about":[{"href":"https:\/\/canalregionaltv.md\/index.php?rest_route=\/wp\/v2\/types\/post"}],"author":[{"embeddable":true,"href":"https:\/\/canalregionaltv.md\/index.php?rest_route=\/wp\/v2\/users\/1"}],"replies":[{"embeddable":true,"href":"https:\/\/canalregionaltv.md\/index.php?rest_route=%2Fwp%2Fv2%2Fcomments&post=3049"}],"version-history":[{"count":0,"href":"https:\/\/canalregionaltv.md\/index.php?rest_route=\/wp\/v2\/posts\/3049\/revisions"}],"wp:attachment":[{"href":"https:\/\/canalregionaltv.md\/index.php?rest_route=%2Fwp%2Fv2%2Fmedia&parent=3049"}],"wp:term":[{"taxonomy":"category","embeddable":true,"href":"https:\/\/canalregionaltv.md\/index.php?rest_route=%2Fwp%2Fv2%2Fcategories&post=3049"},{"taxonomy":"post_tag","embeddable":true,"href":"https:\/\/canalregionaltv.md\/index.php?rest_route=%2Fwp%2Fv2%2Ftags&post=3049"}],"curies":[{"name":"wp","href":"https:\/\/api.w.org\/{rel}","templated":true}]}}