{"id":3052,"date":"2026-04-28T17:04:25","date_gmt":"2026-04-28T15:04:25","guid":{"rendered":"https:\/\/canalregionaltv.md\/?p=3052"},"modified":"2026-04-28T17:04:25","modified_gmt":"2026-04-28T15:04:25","slug":"persoane-decedate-au-primit-compensatii-energetice-de-peste-183-de-mii-de-lei","status":"publish","type":"post","link":"https:\/\/canalregionaltv.md\/?p=3052","title":{"rendered":"Persoane decedate au primit compensa\u021bii energetice de peste 183 de mii de lei"},"content":{"rendered":"<h3>Peste 200 de persoane decedate au primit anul trecut compensa\u021bii la facturile pentru energie. Potrivit unui raport de audit al Cur\u021bii de Conturi, pl\u0103\u021bile nejustificate au dep\u0103\u0219it 183 de mii de lei. Reprezentan\u021bii Ministerului Muncii \u0219i Protec\u021biei Sociale sus\u021bin c\u0103 situa\u021bia a fost cauzat\u0103 de dificult\u0103\u021bi tehnice \u0219i de lipsa interoperabilit\u0103\u021bii unor baze de date la acel moment, transmite IPN.<\/h3>\n<p>Auditorii au mai constatat c\u0103 la Fondul de reducere a vulnerabilit\u0103\u021bii energetice, au fost efectuate transferuri de peste 244 de milioane de lei pentru compensarea facturilor consumatorilor casnici, f\u0103r\u0103 acte de conciliere cu furnizorii de servicii. Pre\u0219edinta Cur\u021bii de Conturi, Tatiana \u0218evciuc, a subliniat c\u0103 asigurarea trasabilit\u0103\u021bii fiec\u0103rui leu cheltuit reprezint\u0103 o prioritate.<\/p>\n<blockquote>\n<p><em>\u201eEste singura cale prin care putem proteja conformitatea \u0219i eficien\u021ba utiliz\u0103rii banului public \u0219i garanta cet\u0103\u021benilor c\u0103 sistemul nostru de protec\u021bie social\u0103 este imun la diverse erori de raportare care pot ap\u0103rea\u201d<\/em>, a declarat \u0218evciuc.<\/p>\n<\/blockquote>\n<p>\u00cen replic\u0103, reprezentan\u021bii MMPS au explicat c\u0103 mecanismul de compensare a vulnerabilit\u0103\u021bii energetice a fost implementat rapid, ca r\u0103spuns la situa\u021bia de criz\u0103, cu sprijinul partenerilor de dezvoltare, iar institu\u021bia \u0219i-a asumat recuperarea sumelor achitate nejustificat \u0219i ajustarea procedurilor de control intern.<\/p>\n<p>Auditorii au mai identificat \u0219i cheltuieli nejustificate, dep\u0103\u0219iri ale limitelor bugetare \u0219i acordarea unor sporuri sau premii f\u0103r\u0103 documente justificative clare. \u00cen consecin\u021b\u0103, Curtea de Conturi a emis o opinie de audit cu rezerve \u0219i a recomandat Ministerului s\u0103 ia m\u0103surile necesare pentru remedierea deficien\u021belor \u0219i recuperarea sumelor achitate neconform. MMPS \u0219i-a reiterat angajamentul de a corecta problemele identificate.<\/p>\n<p>Articolul <a href=\"https:\/\/nordnews.md\/stiri-nationale\/social\/compensatii-energie-persoane-decedate-moldova\/\">Persoane decedate au primit compensa\u021bii energetice de peste 183 de mii de lei<\/a> apare prima dat\u0103 \u00een <a href=\"https:\/\/nordnews.md\/\">NordNews<\/a>.<\/p>","protected":false},"excerpt":{"rendered":"<p>Peste 200 de persoane decedate au primit anul trecut compensa\u021bii la facturile pentru energie. Potrivit unui raport de audit al Cur\u021bii de Conturi, pl\u0103\u021bile nejustificate [&hellip;]<\/p>\n","protected":false},"author":1,"featured_media":0,"comment_status":"open","ping_status":"closed","sticky":false,"template":"","format":"standard","meta":{"footnotes":""},"categories":[1],"tags":[],"class_list":["post-3052","post","type-post","status-publish","format-standard","hentry","category-uncategorized"],"yoast_head":"<!-- This site is optimized with the Yoast SEO plugin v21.3 - https:\/\/yoast.com\/wordpress\/plugins\/seo\/ -->\n<title>Persoane decedate au primit compensa\u021bii energetice de peste 183 de mii de lei - Canal Regional<\/title>\n<meta name=\"robots\" content=\"index, follow, max-snippet:-1, max-image-preview:large, max-video-preview:-1\" \/>\n<link rel=\"canonical\" href=\"https:\/\/canalregionaltv.md\/?p=3052\" \/>\n<meta property=\"og:locale\" content=\"en_US\" \/>\n<meta property=\"og:type\" content=\"article\" \/>\n<meta property=\"og:title\" content=\"Persoane decedate au primit compensa\u021bii energetice de peste 183 de mii de lei - Canal Regional\" \/>\n<meta property=\"og:description\" content=\"Peste 200 de persoane decedate au primit anul trecut compensa\u021bii la facturile pentru energie. Potrivit unui raport de audit al Cur\u021bii de Conturi, pl\u0103\u021bile nejustificate [&hellip;]\" \/>\n<meta property=\"og:url\" content=\"https:\/\/canalregionaltv.md\/?p=3052\" \/>\n<meta property=\"og:site_name\" content=\"Canal Regional\" \/>\n<meta property=\"article:author\" content=\"Canal Regional, Canal Regional TV\" \/>\n<meta property=\"article:published_time\" content=\"2026-04-28T15:04:25+00:00\" \/>\n<meta name=\"author\" content=\"admin_axts737o\" \/>\n<meta name=\"twitter:card\" content=\"summary_large_image\" \/>\n<meta name=\"twitter:label1\" content=\"Written by\" \/>\n\t<meta name=\"twitter:data1\" content=\"admin_axts737o\" \/>\n\t<meta name=\"twitter:label2\" content=\"Est. reading time\" \/>\n\t<meta name=\"twitter:data2\" content=\"1 minute\" \/>\n<script type=\"application\/ld+json\" class=\"yoast-schema-graph\">{\"@context\":\"https:\/\/schema.org\",\"@graph\":[{\"@type\":\"Article\",\"@id\":\"https:\/\/canalregionaltv.md\/?p=3052#article\",\"isPartOf\":{\"@id\":\"https:\/\/canalregionaltv.md\/?p=3052\"},\"author\":{\"name\":\"admin_axts737o\",\"@id\":\"https:\/\/canalregionaltv.md\/#\/schema\/person\/96db60230b2eedd2fd6d09d267f32f8f\"},\"headline\":\"Persoane decedate au primit compensa\u021bii energetice de peste 183 de mii de lei\",\"datePublished\":\"2026-04-28T15:04:25+00:00\",\"dateModified\":\"2026-04-28T15:04:25+00:00\",\"mainEntityOfPage\":{\"@id\":\"https:\/\/canalregionaltv.md\/?p=3052\"},\"wordCount\":308,\"commentCount\":0,\"publisher\":{\"@id\":\"https:\/\/canalregionaltv.md\/#organization\"},\"inLanguage\":\"en-US\",\"potentialAction\":[{\"@type\":\"CommentAction\",\"name\":\"Comment\",\"target\":[\"https:\/\/canalregionaltv.md\/?p=3052#respond\"]}]},{\"@type\":\"WebPage\",\"@id\":\"https:\/\/canalregionaltv.md\/?p=3052\",\"url\":\"https:\/\/canalregionaltv.md\/?p=3052\",\"name\":\"Persoane decedate au primit compensa\u021bii energetice de peste 183 de mii de lei - Canal Regional\",\"isPartOf\":{\"@id\":\"https:\/\/canalregionaltv.md\/#website\"},\"datePublished\":\"2026-04-28T15:04:25+00:00\",\"dateModified\":\"2026-04-28T15:04:25+00:00\",\"breadcrumb\":{\"@id\":\"https:\/\/canalregionaltv.md\/?p=3052#breadcrumb\"},\"inLanguage\":\"en-US\",\"potentialAction\":[{\"@type\":\"ReadAction\",\"target\":[\"https:\/\/canalregionaltv.md\/?p=3052\"]}]},{\"@type\":\"BreadcrumbList\",\"@id\":\"https:\/\/canalregionaltv.md\/?p=3052#breadcrumb\",\"itemListElement\":[{\"@type\":\"ListItem\",\"position\":1,\"name\":\"Home\",\"item\":\"https:\/\/canalregionaltv.md\/\"},{\"@type\":\"ListItem\",\"position\":2,\"name\":\"Persoane decedate au primit compensa\u021bii energetice de peste 183 de mii de lei\"}]},{\"@type\":\"WebSite\",\"@id\":\"https:\/\/canalregionaltv.md\/#website\",\"url\":\"https:\/\/canalregionaltv.md\/\",\"name\":\"Canal Regional\",\"description\":\"Canal Regional\",\"publisher\":{\"@id\":\"https:\/\/canalregionaltv.md\/#organization\"},\"potentialAction\":[{\"@type\":\"SearchAction\",\"target\":{\"@type\":\"EntryPoint\",\"urlTemplate\":\"https:\/\/canalregionaltv.md\/?s={search_term_string}\"},\"query-input\":\"required name=search_term_string\"}],\"inLanguage\":\"en-US\"},{\"@type\":\"Organization\",\"@id\":\"https:\/\/canalregionaltv.md\/#organization\",\"name\":\"Canal Regional\",\"url\":\"https:\/\/canalregionaltv.md\/\",\"logo\":{\"@type\":\"ImageObject\",\"inLanguage\":\"en-US\",\"@id\":\"https:\/\/canalregionaltv.md\/#\/schema\/logo\/image\/\",\"url\":\"https:\/\/canalregionaltv.md\/wp-content\/uploads\/2023\/10\/Logo_r.png\",\"contentUrl\":\"https:\/\/canalregionaltv.md\/wp-content\/uploads\/2023\/10\/Logo_r.png\",\"width\":403,\"height\":112,\"caption\":\"Canal Regional\"},\"image\":{\"@id\":\"https:\/\/canalregionaltv.md\/#\/schema\/logo\/image\/\"}},{\"@type\":\"Person\",\"@id\":\"https:\/\/canalregionaltv.md\/#\/schema\/person\/96db60230b2eedd2fd6d09d267f32f8f\",\"name\":\"admin_axts737o\",\"image\":{\"@type\":\"ImageObject\",\"inLanguage\":\"en-US\",\"@id\":\"https:\/\/canalregionaltv.md\/#\/schema\/person\/image\/\",\"url\":\"https:\/\/secure.gravatar.com\/avatar\/409e62ddd56f511fb1262f27a1535ee7719603a42e55b11651be97d388418cae?s=96&d=mm&r=g\",\"contentUrl\":\"https:\/\/secure.gravatar.com\/avatar\/409e62ddd56f511fb1262f27a1535ee7719603a42e55b11651be97d388418cae?s=96&d=mm&r=g\",\"caption\":\"admin_axts737o\"},\"sameAs\":[\"https:\/\/canalregionaltv.md\",\"Canal Regional, Canal Regional TV\",\"canal Regional\"],\"url\":\"https:\/\/canalregionaltv.md\/?author=1\"}]}<\/script>\n<!-- \/ Yoast SEO plugin. -->","yoast_head_json":{"title":"Persoane decedate au primit compensa\u021bii energetice de peste 183 de mii de lei - Canal Regional","robots":{"index":"index","follow":"follow","max-snippet":"max-snippet:-1","max-image-preview":"max-image-preview:large","max-video-preview":"max-video-preview:-1"},"canonical":"https:\/\/canalregionaltv.md\/?p=3052","og_locale":"en_US","og_type":"article","og_title":"Persoane decedate au primit compensa\u021bii energetice de peste 183 de mii de lei - Canal Regional","og_description":"Peste 200 de persoane decedate au primit anul trecut compensa\u021bii la facturile pentru energie. Potrivit unui raport de audit al Cur\u021bii de Conturi, pl\u0103\u021bile nejustificate [&hellip;]","og_url":"https:\/\/canalregionaltv.md\/?p=3052","og_site_name":"Canal Regional","article_author":"Canal Regional, Canal Regional TV","article_published_time":"2026-04-28T15:04:25+00:00","author":"admin_axts737o","twitter_card":"summary_large_image","twitter_misc":{"Written by":"admin_axts737o","Est. reading time":"1 minute"},"schema":{"@context":"https:\/\/schema.org","@graph":[{"@type":"Article","@id":"https:\/\/canalregionaltv.md\/?p=3052#article","isPartOf":{"@id":"https:\/\/canalregionaltv.md\/?p=3052"},"author":{"name":"admin_axts737o","@id":"https:\/\/canalregionaltv.md\/#\/schema\/person\/96db60230b2eedd2fd6d09d267f32f8f"},"headline":"Persoane decedate au primit compensa\u021bii energetice de peste 183 de mii de lei","datePublished":"2026-04-28T15:04:25+00:00","dateModified":"2026-04-28T15:04:25+00:00","mainEntityOfPage":{"@id":"https:\/\/canalregionaltv.md\/?p=3052"},"wordCount":308,"commentCount":0,"publisher":{"@id":"https:\/\/canalregionaltv.md\/#organization"},"inLanguage":"en-US","potentialAction":[{"@type":"CommentAction","name":"Comment","target":["https:\/\/canalregionaltv.md\/?p=3052#respond"]}]},{"@type":"WebPage","@id":"https:\/\/canalregionaltv.md\/?p=3052","url":"https:\/\/canalregionaltv.md\/?p=3052","name":"Persoane decedate au primit compensa\u021bii energetice de peste 183 de mii de lei - Canal Regional","isPartOf":{"@id":"https:\/\/canalregionaltv.md\/#website"},"datePublished":"2026-04-28T15:04:25+00:00","dateModified":"2026-04-28T15:04:25+00:00","breadcrumb":{"@id":"https:\/\/canalregionaltv.md\/?p=3052#breadcrumb"},"inLanguage":"en-US","potentialAction":[{"@type":"ReadAction","target":["https:\/\/canalregionaltv.md\/?p=3052"]}]},{"@type":"BreadcrumbList","@id":"https:\/\/canalregionaltv.md\/?p=3052#breadcrumb","itemListElement":[{"@type":"ListItem","position":1,"name":"Home","item":"https:\/\/canalregionaltv.md\/"},{"@type":"ListItem","position":2,"name":"Persoane decedate au primit compensa\u021bii energetice de peste 183 de mii de lei"}]},{"@type":"WebSite","@id":"https:\/\/canalregionaltv.md\/#website","url":"https:\/\/canalregionaltv.md\/","name":"Canal Regional","description":"Canal Regional","publisher":{"@id":"https:\/\/canalregionaltv.md\/#organization"},"potentialAction":[{"@type":"SearchAction","target":{"@type":"EntryPoint","urlTemplate":"https:\/\/canalregionaltv.md\/?s={search_term_string}"},"query-input":"required name=search_term_string"}],"inLanguage":"en-US"},{"@type":"Organization","@id":"https:\/\/canalregionaltv.md\/#organization","name":"Canal Regional","url":"https:\/\/canalregionaltv.md\/","logo":{"@type":"ImageObject","inLanguage":"en-US","@id":"https:\/\/canalregionaltv.md\/#\/schema\/logo\/image\/","url":"https:\/\/canalregionaltv.md\/wp-content\/uploads\/2023\/10\/Logo_r.png","contentUrl":"https:\/\/canalregionaltv.md\/wp-content\/uploads\/2023\/10\/Logo_r.png","width":403,"height":112,"caption":"Canal Regional"},"image":{"@id":"https:\/\/canalregionaltv.md\/#\/schema\/logo\/image\/"}},{"@type":"Person","@id":"https:\/\/canalregionaltv.md\/#\/schema\/person\/96db60230b2eedd2fd6d09d267f32f8f","name":"admin_axts737o","image":{"@type":"ImageObject","inLanguage":"en-US","@id":"https:\/\/canalregionaltv.md\/#\/schema\/person\/image\/","url":"https:\/\/secure.gravatar.com\/avatar\/409e62ddd56f511fb1262f27a1535ee7719603a42e55b11651be97d388418cae?s=96&d=mm&r=g","contentUrl":"https:\/\/secure.gravatar.com\/avatar\/409e62ddd56f511fb1262f27a1535ee7719603a42e55b11651be97d388418cae?s=96&d=mm&r=g","caption":"admin_axts737o"},"sameAs":["https:\/\/canalregionaltv.md","Canal Regional, Canal Regional TV","canal Regional"],"url":"https:\/\/canalregionaltv.md\/?author=1"}]}},"_links":{"self":[{"href":"https:\/\/canalregionaltv.md\/index.php?rest_route=\/wp\/v2\/posts\/3052","targetHints":{"allow":["GET"]}}],"collection":[{"href":"https:\/\/canalregionaltv.md\/index.php?rest_route=\/wp\/v2\/posts"}],"about":[{"href":"https:\/\/canalregionaltv.md\/index.php?rest_route=\/wp\/v2\/types\/post"}],"author":[{"embeddable":true,"href":"https:\/\/canalregionaltv.md\/index.php?rest_route=\/wp\/v2\/users\/1"}],"replies":[{"embeddable":true,"href":"https:\/\/canalregionaltv.md\/index.php?rest_route=%2Fwp%2Fv2%2Fcomments&post=3052"}],"version-history":[{"count":0,"href":"https:\/\/canalregionaltv.md\/index.php?rest_route=\/wp\/v2\/posts\/3052\/revisions"}],"wp:attachment":[{"href":"https:\/\/canalregionaltv.md\/index.php?rest_route=%2Fwp%2Fv2%2Fmedia&parent=3052"}],"wp:term":[{"taxonomy":"category","embeddable":true,"href":"https:\/\/canalregionaltv.md\/index.php?rest_route=%2Fwp%2Fv2%2Fcategories&post=3052"},{"taxonomy":"post_tag","embeddable":true,"href":"https:\/\/canalregionaltv.md\/index.php?rest_route=%2Fwp%2Fv2%2Ftags&post=3052"}],"curies":[{"name":"wp","href":"https:\/\/api.w.org\/{rel}","templated":true}]}}