{"id":3053,"date":"2026-04-28T17:04:25","date_gmt":"2026-04-28T15:04:25","guid":{"rendered":"https:\/\/canalregionaltv.md\/?p=3053"},"modified":"2026-04-28T17:04:25","modified_gmt":"2026-04-28T15:04:25","slug":"servicii-sociale-mai-bune-la-straseni-centrul-de-zi-pentru-persoane-varstnice-rasarit-devine-mai-eficient-energetic-si-mai-accesibil","status":"publish","type":"post","link":"https:\/\/canalregionaltv.md\/?p=3053","title":{"rendered":"Servicii sociale mai bune la Str\u0103\u0219eni: Centrul de zi pentru persoane v\u00e2rstnice \u201eR\u0103s\u0103rit\u201d devine mai eficient energetic \u0219i mai accesibil"},"content":{"rendered":"<p>Dezvoltarea unor servicii sociale de calitate este str\u00e2ns legat\u0103 de asigurarea unor condi\u021bii de trai demne \u0219i sigure. Aceasta reprezint\u0103 o prioritate major\u0103 \u00een eforturile de incluziune social\u0103 a persoanelor din grupurile vulnerabile din \u021bara noastr\u0103.<\/p>\n<p>\u00cen acest sens, Centrul de zi pentru persoane v\u00e2rstnice \u201eR\u0103s\u0103rit\u201d din municipiul Str\u0103\u0219eni trece printr-o etap\u0103 important\u0103 de modernizare a infrastructurii. Prin intermediul proiectului \u201eParteneriate locale pentru eficien\u021ba energetic\u0103 \u00een serviciile sociale\u201d, cl\u0103direa beneficiaz\u0103 de lucr\u0103ri de eficientizare energetic\u0103 menite s\u0103 sporeasc\u0103 gradul de confort termic \u0219i s\u0103 reduc\u0103 cheltuielile de \u00eentre\u021binere. Ini\u021biativa a fost realizat\u0103 de c\u0103tre Asocia\u021bia pentru Educa\u021bie \u201eNeoumanist\u201d cu sprijinul financiar al Uniunii Europene, cofinan\u021bat\u0103 \u0219i implementat\u0103 de Funda\u021bia Soros Moldova, \u00een parteneriat cu I.P. Keystone Moldova \u0219i A.O. FISM.<\/p>\n<p>Datorit\u0103 acestor investi\u021bii, institu\u021bia va dispune acum de un mediu optim pentru beneficiari, indiferent de anotimp. Mai mult, reducerea consumului de energie permite redirec\u021bionarea resurselor financiare economisite c\u0103tre programe \u0219i activit\u0103\u021bi, care s\u0103 \u00eembun\u0103t\u0103\u021beasc\u0103 direct via\u021ba persoanelor \u00een etate, care frecventeaz\u0103 centrul.<\/p>\n<p>Pentru seniorii din municipiul Str\u0103\u0219eni, modernizarea centrului \u00eenseamn\u0103 siguran\u021ba unui spa\u021biu, \u00een care sunt proteja\u021bi \u0219i sus\u021binu\u021bi s\u0103 aib\u0103 o b\u0103tr\u00e2ne\u021be activ\u0103 \u0219i s\u0103n\u0103toas\u0103. Centrul de zi pentru persoane v\u00e2rstnice \u201eR\u0103s\u0103rit\u201d este locul, unde v\u00e2rstnicii reu\u0219esc s\u0103 dep\u0103\u0219easc\u0103 izolarea social\u0103 \u0219i s\u0103 \u00ee\u0219i recapete bucuria de a comunica.<\/p>\n<p>De peste zece ani, acest serviciu este pentru unul dintre beneficiari nu doar un loc unde vine zi de zi, ci \u0219i un sprijin esen\u021bial \u00eempotriva singur\u0103t\u0103\u021bii. El poveste\u0219te cum discu\u021biile cu ceilal\u021bi, activit\u0103\u021bile comune \u0219i \u0219ansa de a \u00eenv\u0103\u021ba lucruri noi \u00eei redau bucuria de a fi printre oameni. Aceea\u0219i stare o \u00eemp\u0103rt\u0103\u0219esc \u0219i al\u021bi v\u00e2rstnici, care g\u0103sesc aici nu doar aten\u021bie \u0219i \u00eengrijire, ci \u0219i ocazia de a se sim\u021bi utili, implica\u021bi \u0219i aprecia\u021bi.<\/p>\n<p>Pe l\u00e2ng\u0103 componenta de infrastructur\u0103, proiectul a vizat \u0219i alinierea serviciilor la standardele minime de calitate actuale. Acest proces a fost sus\u021binut prin asisten\u021ba tehnic\u0103 oferit\u0103 de I.P. Keystone Moldova \u0219i Asocia\u021bia pentru Educa\u021bie \u201eNeoumanist\u201d, pun\u00e2ndu-se accent pe instruirea personalului \u0219i pe diversificarea serviciilor prestate beneficiarilor.<\/p>\n<p>Rezultatele ob\u021binute la Str\u0103\u0219eni confirm\u0103 importan\u021ba parteneriatelor locale \u00een transformarea serviciilor sociale. Centrul de zi pentru persoane v\u00e2rstnice \u201eR\u0103s\u0103rit\u201d reprezint\u0103 ast\u0103zi un exemplu de bune practici, unde eficien\u021ba energetic\u0103 \u0219i respectarea demnit\u0103\u021bii umane merg m\u00e2n\u0103 \u00een m\u00e2n\u0103, gra\u021bie colabor\u0103rii dintre autorit\u0103\u021bile locale \u0219i societatea civil\u0103.<\/p>\n\n<p><em>***<\/em><br \/>\n<em>Acest material a fost realizat cu suportul financiar al Uniunii Europene. Videoul face parte din campania de comunicare \u201eUtiliz\u0103m energia eficient\u201d\u00a0 desf\u0103\u0219urat\u0103 \u00een cadrul proiectului \u201eParteneriate locale pentru eficien\u021ba energetic\u0103 \u00een serviciile sociale\u201d, implementat din sursele Uniunii Europene, cofinan\u021bat \u0219i implementat de Funda\u021bia Soros Moldova, \u00een parteneriat cu I.P. Keystone Moldova \u0219i AO \u201eFondul de Inova\u021bii Sociale din Moldova\u201d.<\/em><\/p>\n<p><em>Con\u021binutul acestui video apar\u021bine autorilor \u0219i nu reflect\u0103 \u00een mod necesar opinia Uniunii Europene \u0219i a Funda\u021biei Soros Moldova.<\/em><\/p>\n<p>Articolul <a href=\"https:\/\/nordnews.md\/advertoriale\/centru-varstnici-straseni-modernizare-ue\/\">Servicii sociale mai bune la Str\u0103\u0219eni: Centrul de zi pentru persoane v\u00e2rstnice \u201eR\u0103s\u0103rit\u201d devine mai eficient energetic \u0219i mai accesibil<\/a> apare prima dat\u0103 \u00een <a href=\"https:\/\/nordnews.md\/\">NordNews<\/a>.<\/p>","protected":false},"excerpt":{"rendered":"<p>Dezvoltarea unor servicii sociale de calitate este str\u00e2ns legat\u0103 de asigurarea unor condi\u021bii de trai demne \u0219i sigure. Aceasta reprezint\u0103 o prioritate major\u0103 \u00een eforturile [&hellip;]<\/p>\n","protected":false},"author":1,"featured_media":0,"comment_status":"open","ping_status":"closed","sticky":false,"template":"","format":"standard","meta":{"footnotes":""},"categories":[1],"tags":[],"class_list":["post-3053","post","type-post","status-publish","format-standard","hentry","category-uncategorized"],"yoast_head":"<!-- This site is optimized with the Yoast SEO plugin v21.3 - https:\/\/yoast.com\/wordpress\/plugins\/seo\/ -->\n<title>Servicii sociale mai bune la Str\u0103\u0219eni: Centrul de zi pentru persoane v\u00e2rstnice \u201eR\u0103s\u0103rit\u201d devine mai eficient energetic \u0219i mai accesibil - Canal Regional<\/title>\n<meta name=\"robots\" content=\"index, follow, max-snippet:-1, max-image-preview:large, max-video-preview:-1\" \/>\n<link rel=\"canonical\" href=\"https:\/\/canalregionaltv.md\/?p=3053\" \/>\n<meta property=\"og:locale\" content=\"en_US\" \/>\n<meta property=\"og:type\" content=\"article\" \/>\n<meta property=\"og:title\" content=\"Servicii sociale mai bune la Str\u0103\u0219eni: Centrul de zi pentru persoane v\u00e2rstnice \u201eR\u0103s\u0103rit\u201d devine mai eficient energetic \u0219i mai accesibil - Canal Regional\" \/>\n<meta property=\"og:description\" content=\"Dezvoltarea unor servicii sociale de calitate este str\u00e2ns legat\u0103 de asigurarea unor condi\u021bii de trai demne \u0219i sigure. Aceasta reprezint\u0103 o prioritate major\u0103 \u00een eforturile [&hellip;]\" \/>\n<meta property=\"og:url\" content=\"https:\/\/canalregionaltv.md\/?p=3053\" \/>\n<meta property=\"og:site_name\" content=\"Canal Regional\" \/>\n<meta property=\"article:author\" content=\"Canal Regional, Canal Regional TV\" \/>\n<meta property=\"article:published_time\" content=\"2026-04-28T15:04:25+00:00\" \/>\n<meta name=\"author\" content=\"admin_axts737o\" \/>\n<meta name=\"twitter:card\" content=\"summary_large_image\" \/>\n<meta name=\"twitter:label1\" content=\"Written by\" \/>\n\t<meta name=\"twitter:data1\" content=\"admin_axts737o\" \/>\n\t<meta name=\"twitter:label2\" content=\"Est. reading time\" \/>\n\t<meta name=\"twitter:data2\" content=\"3 minutes\" \/>\n<script type=\"application\/ld+json\" class=\"yoast-schema-graph\">{\"@context\":\"https:\/\/schema.org\",\"@graph\":[{\"@type\":\"Article\",\"@id\":\"https:\/\/canalregionaltv.md\/?p=3053#article\",\"isPartOf\":{\"@id\":\"https:\/\/canalregionaltv.md\/?p=3053\"},\"author\":{\"name\":\"admin_axts737o\",\"@id\":\"https:\/\/canalregionaltv.md\/#\/schema\/person\/96db60230b2eedd2fd6d09d267f32f8f\"},\"headline\":\"Servicii sociale mai bune la Str\u0103\u0219eni: Centrul de zi pentru persoane v\u00e2rstnice \u201eR\u0103s\u0103rit\u201d devine mai eficient energetic \u0219i mai accesibil\",\"datePublished\":\"2026-04-28T15:04:25+00:00\",\"dateModified\":\"2026-04-28T15:04:25+00:00\",\"mainEntityOfPage\":{\"@id\":\"https:\/\/canalregionaltv.md\/?p=3053\"},\"wordCount\":601,\"commentCount\":0,\"publisher\":{\"@id\":\"https:\/\/canalregionaltv.md\/#organization\"},\"inLanguage\":\"en-US\",\"potentialAction\":[{\"@type\":\"CommentAction\",\"name\":\"Comment\",\"target\":[\"https:\/\/canalregionaltv.md\/?p=3053#respond\"]}]},{\"@type\":\"WebPage\",\"@id\":\"https:\/\/canalregionaltv.md\/?p=3053\",\"url\":\"https:\/\/canalregionaltv.md\/?p=3053\",\"name\":\"Servicii sociale mai bune la Str\u0103\u0219eni: Centrul de zi pentru persoane v\u00e2rstnice \u201eR\u0103s\u0103rit\u201d devine mai eficient energetic \u0219i mai accesibil - Canal Regional\",\"isPartOf\":{\"@id\":\"https:\/\/canalregionaltv.md\/#website\"},\"datePublished\":\"2026-04-28T15:04:25+00:00\",\"dateModified\":\"2026-04-28T15:04:25+00:00\",\"breadcrumb\":{\"@id\":\"https:\/\/canalregionaltv.md\/?p=3053#breadcrumb\"},\"inLanguage\":\"en-US\",\"potentialAction\":[{\"@type\":\"ReadAction\",\"target\":[\"https:\/\/canalregionaltv.md\/?p=3053\"]}]},{\"@type\":\"BreadcrumbList\",\"@id\":\"https:\/\/canalregionaltv.md\/?p=3053#breadcrumb\",\"itemListElement\":[{\"@type\":\"ListItem\",\"position\":1,\"name\":\"Home\",\"item\":\"https:\/\/canalregionaltv.md\/\"},{\"@type\":\"ListItem\",\"position\":2,\"name\":\"Servicii sociale mai bune la Str\u0103\u0219eni: Centrul de zi pentru persoane v\u00e2rstnice \u201eR\u0103s\u0103rit\u201d devine mai eficient energetic \u0219i mai accesibil\"}]},{\"@type\":\"WebSite\",\"@id\":\"https:\/\/canalregionaltv.md\/#website\",\"url\":\"https:\/\/canalregionaltv.md\/\",\"name\":\"Canal Regional\",\"description\":\"Canal Regional\",\"publisher\":{\"@id\":\"https:\/\/canalregionaltv.md\/#organization\"},\"potentialAction\":[{\"@type\":\"SearchAction\",\"target\":{\"@type\":\"EntryPoint\",\"urlTemplate\":\"https:\/\/canalregionaltv.md\/?s={search_term_string}\"},\"query-input\":\"required name=search_term_string\"}],\"inLanguage\":\"en-US\"},{\"@type\":\"Organization\",\"@id\":\"https:\/\/canalregionaltv.md\/#organization\",\"name\":\"Canal Regional\",\"url\":\"https:\/\/canalregionaltv.md\/\",\"logo\":{\"@type\":\"ImageObject\",\"inLanguage\":\"en-US\",\"@id\":\"https:\/\/canalregionaltv.md\/#\/schema\/logo\/image\/\",\"url\":\"https:\/\/canalregionaltv.md\/wp-content\/uploads\/2023\/10\/Logo_r.png\",\"contentUrl\":\"https:\/\/canalregionaltv.md\/wp-content\/uploads\/2023\/10\/Logo_r.png\",\"width\":403,\"height\":112,\"caption\":\"Canal Regional\"},\"image\":{\"@id\":\"https:\/\/canalregionaltv.md\/#\/schema\/logo\/image\/\"}},{\"@type\":\"Person\",\"@id\":\"https:\/\/canalregionaltv.md\/#\/schema\/person\/96db60230b2eedd2fd6d09d267f32f8f\",\"name\":\"admin_axts737o\",\"image\":{\"@type\":\"ImageObject\",\"inLanguage\":\"en-US\",\"@id\":\"https:\/\/canalregionaltv.md\/#\/schema\/person\/image\/\",\"url\":\"https:\/\/secure.gravatar.com\/avatar\/409e62ddd56f511fb1262f27a1535ee7719603a42e55b11651be97d388418cae?s=96&d=mm&r=g\",\"contentUrl\":\"https:\/\/secure.gravatar.com\/avatar\/409e62ddd56f511fb1262f27a1535ee7719603a42e55b11651be97d388418cae?s=96&d=mm&r=g\",\"caption\":\"admin_axts737o\"},\"sameAs\":[\"https:\/\/canalregionaltv.md\",\"Canal Regional, Canal Regional TV\",\"canal Regional\"],\"url\":\"https:\/\/canalregionaltv.md\/?author=1\"}]}<\/script>\n<!-- \/ Yoast SEO plugin. -->","yoast_head_json":{"title":"Servicii sociale mai bune la Str\u0103\u0219eni: Centrul de zi pentru persoane v\u00e2rstnice \u201eR\u0103s\u0103rit\u201d devine mai eficient energetic \u0219i mai accesibil - Canal Regional","robots":{"index":"index","follow":"follow","max-snippet":"max-snippet:-1","max-image-preview":"max-image-preview:large","max-video-preview":"max-video-preview:-1"},"canonical":"https:\/\/canalregionaltv.md\/?p=3053","og_locale":"en_US","og_type":"article","og_title":"Servicii sociale mai bune la Str\u0103\u0219eni: Centrul de zi pentru persoane v\u00e2rstnice \u201eR\u0103s\u0103rit\u201d devine mai eficient energetic \u0219i mai accesibil - Canal Regional","og_description":"Dezvoltarea unor servicii sociale de calitate este str\u00e2ns legat\u0103 de asigurarea unor condi\u021bii de trai demne \u0219i sigure. Aceasta reprezint\u0103 o prioritate major\u0103 \u00een eforturile [&hellip;]","og_url":"https:\/\/canalregionaltv.md\/?p=3053","og_site_name":"Canal Regional","article_author":"Canal Regional, Canal Regional TV","article_published_time":"2026-04-28T15:04:25+00:00","author":"admin_axts737o","twitter_card":"summary_large_image","twitter_misc":{"Written by":"admin_axts737o","Est. reading time":"3 minutes"},"schema":{"@context":"https:\/\/schema.org","@graph":[{"@type":"Article","@id":"https:\/\/canalregionaltv.md\/?p=3053#article","isPartOf":{"@id":"https:\/\/canalregionaltv.md\/?p=3053"},"author":{"name":"admin_axts737o","@id":"https:\/\/canalregionaltv.md\/#\/schema\/person\/96db60230b2eedd2fd6d09d267f32f8f"},"headline":"Servicii sociale mai bune la Str\u0103\u0219eni: Centrul de zi pentru persoane v\u00e2rstnice \u201eR\u0103s\u0103rit\u201d devine mai eficient energetic \u0219i mai accesibil","datePublished":"2026-04-28T15:04:25+00:00","dateModified":"2026-04-28T15:04:25+00:00","mainEntityOfPage":{"@id":"https:\/\/canalregionaltv.md\/?p=3053"},"wordCount":601,"commentCount":0,"publisher":{"@id":"https:\/\/canalregionaltv.md\/#organization"},"inLanguage":"en-US","potentialAction":[{"@type":"CommentAction","name":"Comment","target":["https:\/\/canalregionaltv.md\/?p=3053#respond"]}]},{"@type":"WebPage","@id":"https:\/\/canalregionaltv.md\/?p=3053","url":"https:\/\/canalregionaltv.md\/?p=3053","name":"Servicii sociale mai bune la Str\u0103\u0219eni: Centrul de zi pentru persoane v\u00e2rstnice \u201eR\u0103s\u0103rit\u201d devine mai eficient energetic \u0219i mai accesibil - Canal Regional","isPartOf":{"@id":"https:\/\/canalregionaltv.md\/#website"},"datePublished":"2026-04-28T15:04:25+00:00","dateModified":"2026-04-28T15:04:25+00:00","breadcrumb":{"@id":"https:\/\/canalregionaltv.md\/?p=3053#breadcrumb"},"inLanguage":"en-US","potentialAction":[{"@type":"ReadAction","target":["https:\/\/canalregionaltv.md\/?p=3053"]}]},{"@type":"BreadcrumbList","@id":"https:\/\/canalregionaltv.md\/?p=3053#breadcrumb","itemListElement":[{"@type":"ListItem","position":1,"name":"Home","item":"https:\/\/canalregionaltv.md\/"},{"@type":"ListItem","position":2,"name":"Servicii sociale mai bune la Str\u0103\u0219eni: Centrul de zi pentru persoane v\u00e2rstnice \u201eR\u0103s\u0103rit\u201d devine mai eficient energetic \u0219i mai accesibil"}]},{"@type":"WebSite","@id":"https:\/\/canalregionaltv.md\/#website","url":"https:\/\/canalregionaltv.md\/","name":"Canal Regional","description":"Canal Regional","publisher":{"@id":"https:\/\/canalregionaltv.md\/#organization"},"potentialAction":[{"@type":"SearchAction","target":{"@type":"EntryPoint","urlTemplate":"https:\/\/canalregionaltv.md\/?s={search_term_string}"},"query-input":"required name=search_term_string"}],"inLanguage":"en-US"},{"@type":"Organization","@id":"https:\/\/canalregionaltv.md\/#organization","name":"Canal Regional","url":"https:\/\/canalregionaltv.md\/","logo":{"@type":"ImageObject","inLanguage":"en-US","@id":"https:\/\/canalregionaltv.md\/#\/schema\/logo\/image\/","url":"https:\/\/canalregionaltv.md\/wp-content\/uploads\/2023\/10\/Logo_r.png","contentUrl":"https:\/\/canalregionaltv.md\/wp-content\/uploads\/2023\/10\/Logo_r.png","width":403,"height":112,"caption":"Canal Regional"},"image":{"@id":"https:\/\/canalregionaltv.md\/#\/schema\/logo\/image\/"}},{"@type":"Person","@id":"https:\/\/canalregionaltv.md\/#\/schema\/person\/96db60230b2eedd2fd6d09d267f32f8f","name":"admin_axts737o","image":{"@type":"ImageObject","inLanguage":"en-US","@id":"https:\/\/canalregionaltv.md\/#\/schema\/person\/image\/","url":"https:\/\/secure.gravatar.com\/avatar\/409e62ddd56f511fb1262f27a1535ee7719603a42e55b11651be97d388418cae?s=96&d=mm&r=g","contentUrl":"https:\/\/secure.gravatar.com\/avatar\/409e62ddd56f511fb1262f27a1535ee7719603a42e55b11651be97d388418cae?s=96&d=mm&r=g","caption":"admin_axts737o"},"sameAs":["https:\/\/canalregionaltv.md","Canal Regional, Canal Regional TV","canal Regional"],"url":"https:\/\/canalregionaltv.md\/?author=1"}]}},"_links":{"self":[{"href":"https:\/\/canalregionaltv.md\/index.php?rest_route=\/wp\/v2\/posts\/3053","targetHints":{"allow":["GET"]}}],"collection":[{"href":"https:\/\/canalregionaltv.md\/index.php?rest_route=\/wp\/v2\/posts"}],"about":[{"href":"https:\/\/canalregionaltv.md\/index.php?rest_route=\/wp\/v2\/types\/post"}],"author":[{"embeddable":true,"href":"https:\/\/canalregionaltv.md\/index.php?rest_route=\/wp\/v2\/users\/1"}],"replies":[{"embeddable":true,"href":"https:\/\/canalregionaltv.md\/index.php?rest_route=%2Fwp%2Fv2%2Fcomments&post=3053"}],"version-history":[{"count":0,"href":"https:\/\/canalregionaltv.md\/index.php?rest_route=\/wp\/v2\/posts\/3053\/revisions"}],"wp:attachment":[{"href":"https:\/\/canalregionaltv.md\/index.php?rest_route=%2Fwp%2Fv2%2Fmedia&parent=3053"}],"wp:term":[{"taxonomy":"category","embeddable":true,"href":"https:\/\/canalregionaltv.md\/index.php?rest_route=%2Fwp%2Fv2%2Fcategories&post=3053"},{"taxonomy":"post_tag","embeddable":true,"href":"https:\/\/canalregionaltv.md\/index.php?rest_route=%2Fwp%2Fv2%2Ftags&post=3053"}],"curies":[{"name":"wp","href":"https:\/\/api.w.org\/{rel}","templated":true}]}}