{"id":3055,"date":"2026-04-28T17:04:25","date_gmt":"2026-04-28T15:04:25","guid":{"rendered":"https:\/\/canalregionaltv.md\/?p=3055"},"modified":"2026-04-28T17:04:25","modified_gmt":"2026-04-28T15:04:25","slug":"cum-a-ajuns-alexandru-balan-in-federatia-rusa","status":"publish","type":"post","link":"https:\/\/canalregionaltv.md\/?p=3055","title":{"rendered":"Cum a ajuns Alexandru Balan \u00een Federa\u021bia Rus\u0103?"},"content":{"rendered":"<h3>Fostul adjunct al Serviciului de Informa\u021bii \u0219i Securitate, Alexandru Balan, a fost schimbat pe 28 aprilie \u00een cadrul unei opera\u021biuni multilaterale care a implicat mai multe state. Potrivit surselor IPN familiarizate cu detaliile opera\u021biunii, includerea sa pe lista de schimb a fost solicitat\u0103 de partea rus\u0103.<\/h3>\n<p>Conform a dou\u0103 surse care au cerut anonimatul, discu\u021biile privind un posibil schimb au \u00eenceput la sf\u00e2r\u0219itul lunii februarie \u2013 \u00eenceputul lunii martie 2026. \u00cen total, \u00een opera\u021biunea de amploare au fost implicate Moldova, Rusia, SUA, Polonia, Belarus \u0219i Rom\u00e2nia.<\/p>\n<p>\u00cen cadrul schimbului, Balan a fost cedat \u00een schimbul unui cet\u0103\u021bean polonez (presupus a fi jurnalistul \u0219i activistul Andrzej Poczobut), precum \u0219i pentru unul dintre cei doi angaja\u021bi ai serviciilor speciale moldovene\u0219ti re\u021binu\u021bi \u00een Rusia \u00een 2025. Al doilea angajat, potrivit surselor, a fost schimbat pentru so\u021bia unui agent GRU (Direc\u021bia Principal\u0103 de Informa\u021bii a Rusiei), care fusese de\u021binut\u0103 \u00een Penitenciarul nr. 13 din Chi\u0219in\u0103u.<\/p>\n<p>Balan a fost extr\u0103dat din Rom\u00e2nia \u00een Republica Moldova \u00een baza unei solicit\u0103ri a Ministerului Justi\u021biei \u0219i a unei decizii judec\u0103tore\u0219ti din 15 aprilie. \u00cen pofida sentin\u021bei pronun\u021bate, autorit\u0103\u021bile de la Chi\u0219in\u0103u nu au luat ini\u021bial \u00een calcul executarea efectiv\u0103 a pedepsei pe teritoriul Republicii Moldova. Dup\u0103 extr\u0103dare, Balan a fost gra\u021biat de pre\u0219edinta Maia Sandu, ulterior a fost lipsit de cet\u0103\u021benia Republicii Moldova \u0219i predat Federa\u021biei Ruse.<\/p>\n<p>Loca\u021bia sa exact\u0103 nu este cunoscut\u0103 \u00een prezent. Din Penitenciarul nr. 13, acesta a fost transportat prin Aeroportul Interna\u021bional Chi\u0219in\u0103u \u00een Polonia, iar de acolo va fi transportat spre Moscova.<\/p>\n<p>Pe 15 aprilie, Judec\u0103toria Chi\u0219in\u0103u l-a condamnat pe Balan, \u00een lips\u0103, la un an \u0219i \u0219ase luni de \u00eenchisoare pentru tentativ\u0103 de divulgarea secretului de stat. Anterior, \u00een 2025, acesta fusese re\u021binut \u00een Rom\u00e2nia, unde era vizat \u00eentr-un dosar separat de tr\u0103dare. Potrivit anchetei, Balan este acuzat c\u0103 ar fi transmis informa\u021bii unor agen\u021bi ai KGB Belarus.<\/p>\n<p>Articolul <a href=\"https:\/\/nordnews.md\/stiri-nationale\/cum-a-ajuns-alexandru-balan-in-federatia-rusa\/\">Cum a ajuns Alexandru Balan \u00een Federa\u021bia Rus\u0103?<\/a> apare prima dat\u0103 \u00een <a href=\"https:\/\/nordnews.md\/\">NordNews<\/a>.<\/p>","protected":false},"excerpt":{"rendered":"<p>Fostul adjunct al Serviciului de Informa\u021bii \u0219i Securitate, Alexandru Balan, a fost schimbat pe 28 aprilie \u00een cadrul unei opera\u021biuni multilaterale care a implicat mai [&hellip;]<\/p>\n","protected":false},"author":1,"featured_media":0,"comment_status":"open","ping_status":"closed","sticky":false,"template":"","format":"standard","meta":{"footnotes":""},"categories":[1],"tags":[],"class_list":["post-3055","post","type-post","status-publish","format-standard","hentry","category-uncategorized"],"yoast_head":"<!-- This site is optimized with the Yoast SEO plugin v21.3 - https:\/\/yoast.com\/wordpress\/plugins\/seo\/ -->\n<title>Cum a ajuns Alexandru Balan \u00een Federa\u021bia Rus\u0103? - Canal Regional<\/title>\n<meta name=\"robots\" content=\"index, follow, max-snippet:-1, max-image-preview:large, max-video-preview:-1\" \/>\n<link rel=\"canonical\" href=\"https:\/\/canalregionaltv.md\/?p=3055\" \/>\n<meta property=\"og:locale\" content=\"en_US\" \/>\n<meta property=\"og:type\" content=\"article\" \/>\n<meta property=\"og:title\" content=\"Cum a ajuns Alexandru Balan \u00een Federa\u021bia Rus\u0103? - Canal Regional\" \/>\n<meta property=\"og:description\" content=\"Fostul adjunct al Serviciului de Informa\u021bii \u0219i Securitate, Alexandru Balan, a fost schimbat pe 28 aprilie \u00een cadrul unei opera\u021biuni multilaterale care a implicat mai [&hellip;]\" \/>\n<meta property=\"og:url\" content=\"https:\/\/canalregionaltv.md\/?p=3055\" \/>\n<meta property=\"og:site_name\" content=\"Canal Regional\" \/>\n<meta property=\"article:author\" content=\"Canal Regional, Canal Regional TV\" \/>\n<meta property=\"article:published_time\" content=\"2026-04-28T15:04:25+00:00\" \/>\n<meta name=\"author\" content=\"admin_axts737o\" \/>\n<meta name=\"twitter:card\" content=\"summary_large_image\" \/>\n<meta name=\"twitter:label1\" content=\"Written by\" \/>\n\t<meta name=\"twitter:data1\" content=\"admin_axts737o\" \/>\n\t<meta name=\"twitter:label2\" content=\"Est. reading time\" \/>\n\t<meta name=\"twitter:data2\" content=\"2 minutes\" \/>\n<script type=\"application\/ld+json\" class=\"yoast-schema-graph\">{\"@context\":\"https:\/\/schema.org\",\"@graph\":[{\"@type\":\"Article\",\"@id\":\"https:\/\/canalregionaltv.md\/?p=3055#article\",\"isPartOf\":{\"@id\":\"https:\/\/canalregionaltv.md\/?p=3055\"},\"author\":{\"name\":\"admin_axts737o\",\"@id\":\"https:\/\/canalregionaltv.md\/#\/schema\/person\/96db60230b2eedd2fd6d09d267f32f8f\"},\"headline\":\"Cum a ajuns Alexandru Balan \u00een Federa\u021bia Rus\u0103?\",\"datePublished\":\"2026-04-28T15:04:25+00:00\",\"dateModified\":\"2026-04-28T15:04:25+00:00\",\"mainEntityOfPage\":{\"@id\":\"https:\/\/canalregionaltv.md\/?p=3055\"},\"wordCount\":369,\"commentCount\":0,\"publisher\":{\"@id\":\"https:\/\/canalregionaltv.md\/#organization\"},\"inLanguage\":\"en-US\",\"potentialAction\":[{\"@type\":\"CommentAction\",\"name\":\"Comment\",\"target\":[\"https:\/\/canalregionaltv.md\/?p=3055#respond\"]}]},{\"@type\":\"WebPage\",\"@id\":\"https:\/\/canalregionaltv.md\/?p=3055\",\"url\":\"https:\/\/canalregionaltv.md\/?p=3055\",\"name\":\"Cum a ajuns Alexandru Balan \u00een Federa\u021bia Rus\u0103? - Canal Regional\",\"isPartOf\":{\"@id\":\"https:\/\/canalregionaltv.md\/#website\"},\"datePublished\":\"2026-04-28T15:04:25+00:00\",\"dateModified\":\"2026-04-28T15:04:25+00:00\",\"breadcrumb\":{\"@id\":\"https:\/\/canalregionaltv.md\/?p=3055#breadcrumb\"},\"inLanguage\":\"en-US\",\"potentialAction\":[{\"@type\":\"ReadAction\",\"target\":[\"https:\/\/canalregionaltv.md\/?p=3055\"]}]},{\"@type\":\"BreadcrumbList\",\"@id\":\"https:\/\/canalregionaltv.md\/?p=3055#breadcrumb\",\"itemListElement\":[{\"@type\":\"ListItem\",\"position\":1,\"name\":\"Home\",\"item\":\"https:\/\/canalregionaltv.md\/\"},{\"@type\":\"ListItem\",\"position\":2,\"name\":\"Cum a ajuns Alexandru Balan \u00een Federa\u021bia Rus\u0103?\"}]},{\"@type\":\"WebSite\",\"@id\":\"https:\/\/canalregionaltv.md\/#website\",\"url\":\"https:\/\/canalregionaltv.md\/\",\"name\":\"Canal Regional\",\"description\":\"Canal Regional\",\"publisher\":{\"@id\":\"https:\/\/canalregionaltv.md\/#organization\"},\"potentialAction\":[{\"@type\":\"SearchAction\",\"target\":{\"@type\":\"EntryPoint\",\"urlTemplate\":\"https:\/\/canalregionaltv.md\/?s={search_term_string}\"},\"query-input\":\"required name=search_term_string\"}],\"inLanguage\":\"en-US\"},{\"@type\":\"Organization\",\"@id\":\"https:\/\/canalregionaltv.md\/#organization\",\"name\":\"Canal Regional\",\"url\":\"https:\/\/canalregionaltv.md\/\",\"logo\":{\"@type\":\"ImageObject\",\"inLanguage\":\"en-US\",\"@id\":\"https:\/\/canalregionaltv.md\/#\/schema\/logo\/image\/\",\"url\":\"https:\/\/canalregionaltv.md\/wp-content\/uploads\/2023\/10\/Logo_r.png\",\"contentUrl\":\"https:\/\/canalregionaltv.md\/wp-content\/uploads\/2023\/10\/Logo_r.png\",\"width\":403,\"height\":112,\"caption\":\"Canal Regional\"},\"image\":{\"@id\":\"https:\/\/canalregionaltv.md\/#\/schema\/logo\/image\/\"}},{\"@type\":\"Person\",\"@id\":\"https:\/\/canalregionaltv.md\/#\/schema\/person\/96db60230b2eedd2fd6d09d267f32f8f\",\"name\":\"admin_axts737o\",\"image\":{\"@type\":\"ImageObject\",\"inLanguage\":\"en-US\",\"@id\":\"https:\/\/canalregionaltv.md\/#\/schema\/person\/image\/\",\"url\":\"https:\/\/secure.gravatar.com\/avatar\/409e62ddd56f511fb1262f27a1535ee7719603a42e55b11651be97d388418cae?s=96&d=mm&r=g\",\"contentUrl\":\"https:\/\/secure.gravatar.com\/avatar\/409e62ddd56f511fb1262f27a1535ee7719603a42e55b11651be97d388418cae?s=96&d=mm&r=g\",\"caption\":\"admin_axts737o\"},\"sameAs\":[\"https:\/\/canalregionaltv.md\",\"Canal Regional, Canal Regional TV\",\"canal Regional\"],\"url\":\"https:\/\/canalregionaltv.md\/?author=1\"}]}<\/script>\n<!-- \/ Yoast SEO plugin. -->","yoast_head_json":{"title":"Cum a ajuns Alexandru Balan \u00een Federa\u021bia Rus\u0103? - Canal Regional","robots":{"index":"index","follow":"follow","max-snippet":"max-snippet:-1","max-image-preview":"max-image-preview:large","max-video-preview":"max-video-preview:-1"},"canonical":"https:\/\/canalregionaltv.md\/?p=3055","og_locale":"en_US","og_type":"article","og_title":"Cum a ajuns Alexandru Balan \u00een Federa\u021bia Rus\u0103? - Canal Regional","og_description":"Fostul adjunct al Serviciului de Informa\u021bii \u0219i Securitate, Alexandru Balan, a fost schimbat pe 28 aprilie \u00een cadrul unei opera\u021biuni multilaterale care a implicat mai [&hellip;]","og_url":"https:\/\/canalregionaltv.md\/?p=3055","og_site_name":"Canal Regional","article_author":"Canal Regional, Canal Regional TV","article_published_time":"2026-04-28T15:04:25+00:00","author":"admin_axts737o","twitter_card":"summary_large_image","twitter_misc":{"Written by":"admin_axts737o","Est. reading time":"2 minutes"},"schema":{"@context":"https:\/\/schema.org","@graph":[{"@type":"Article","@id":"https:\/\/canalregionaltv.md\/?p=3055#article","isPartOf":{"@id":"https:\/\/canalregionaltv.md\/?p=3055"},"author":{"name":"admin_axts737o","@id":"https:\/\/canalregionaltv.md\/#\/schema\/person\/96db60230b2eedd2fd6d09d267f32f8f"},"headline":"Cum a ajuns Alexandru Balan \u00een Federa\u021bia Rus\u0103?","datePublished":"2026-04-28T15:04:25+00:00","dateModified":"2026-04-28T15:04:25+00:00","mainEntityOfPage":{"@id":"https:\/\/canalregionaltv.md\/?p=3055"},"wordCount":369,"commentCount":0,"publisher":{"@id":"https:\/\/canalregionaltv.md\/#organization"},"inLanguage":"en-US","potentialAction":[{"@type":"CommentAction","name":"Comment","target":["https:\/\/canalregionaltv.md\/?p=3055#respond"]}]},{"@type":"WebPage","@id":"https:\/\/canalregionaltv.md\/?p=3055","url":"https:\/\/canalregionaltv.md\/?p=3055","name":"Cum a ajuns Alexandru Balan \u00een Federa\u021bia Rus\u0103? - Canal Regional","isPartOf":{"@id":"https:\/\/canalregionaltv.md\/#website"},"datePublished":"2026-04-28T15:04:25+00:00","dateModified":"2026-04-28T15:04:25+00:00","breadcrumb":{"@id":"https:\/\/canalregionaltv.md\/?p=3055#breadcrumb"},"inLanguage":"en-US","potentialAction":[{"@type":"ReadAction","target":["https:\/\/canalregionaltv.md\/?p=3055"]}]},{"@type":"BreadcrumbList","@id":"https:\/\/canalregionaltv.md\/?p=3055#breadcrumb","itemListElement":[{"@type":"ListItem","position":1,"name":"Home","item":"https:\/\/canalregionaltv.md\/"},{"@type":"ListItem","position":2,"name":"Cum a ajuns Alexandru Balan \u00een Federa\u021bia Rus\u0103?"}]},{"@type":"WebSite","@id":"https:\/\/canalregionaltv.md\/#website","url":"https:\/\/canalregionaltv.md\/","name":"Canal Regional","description":"Canal Regional","publisher":{"@id":"https:\/\/canalregionaltv.md\/#organization"},"potentialAction":[{"@type":"SearchAction","target":{"@type":"EntryPoint","urlTemplate":"https:\/\/canalregionaltv.md\/?s={search_term_string}"},"query-input":"required name=search_term_string"}],"inLanguage":"en-US"},{"@type":"Organization","@id":"https:\/\/canalregionaltv.md\/#organization","name":"Canal Regional","url":"https:\/\/canalregionaltv.md\/","logo":{"@type":"ImageObject","inLanguage":"en-US","@id":"https:\/\/canalregionaltv.md\/#\/schema\/logo\/image\/","url":"https:\/\/canalregionaltv.md\/wp-content\/uploads\/2023\/10\/Logo_r.png","contentUrl":"https:\/\/canalregionaltv.md\/wp-content\/uploads\/2023\/10\/Logo_r.png","width":403,"height":112,"caption":"Canal Regional"},"image":{"@id":"https:\/\/canalregionaltv.md\/#\/schema\/logo\/image\/"}},{"@type":"Person","@id":"https:\/\/canalregionaltv.md\/#\/schema\/person\/96db60230b2eedd2fd6d09d267f32f8f","name":"admin_axts737o","image":{"@type":"ImageObject","inLanguage":"en-US","@id":"https:\/\/canalregionaltv.md\/#\/schema\/person\/image\/","url":"https:\/\/secure.gravatar.com\/avatar\/409e62ddd56f511fb1262f27a1535ee7719603a42e55b11651be97d388418cae?s=96&d=mm&r=g","contentUrl":"https:\/\/secure.gravatar.com\/avatar\/409e62ddd56f511fb1262f27a1535ee7719603a42e55b11651be97d388418cae?s=96&d=mm&r=g","caption":"admin_axts737o"},"sameAs":["https:\/\/canalregionaltv.md","Canal Regional, Canal Regional TV","canal Regional"],"url":"https:\/\/canalregionaltv.md\/?author=1"}]}},"_links":{"self":[{"href":"https:\/\/canalregionaltv.md\/index.php?rest_route=\/wp\/v2\/posts\/3055","targetHints":{"allow":["GET"]}}],"collection":[{"href":"https:\/\/canalregionaltv.md\/index.php?rest_route=\/wp\/v2\/posts"}],"about":[{"href":"https:\/\/canalregionaltv.md\/index.php?rest_route=\/wp\/v2\/types\/post"}],"author":[{"embeddable":true,"href":"https:\/\/canalregionaltv.md\/index.php?rest_route=\/wp\/v2\/users\/1"}],"replies":[{"embeddable":true,"href":"https:\/\/canalregionaltv.md\/index.php?rest_route=%2Fwp%2Fv2%2Fcomments&post=3055"}],"version-history":[{"count":0,"href":"https:\/\/canalregionaltv.md\/index.php?rest_route=\/wp\/v2\/posts\/3055\/revisions"}],"wp:attachment":[{"href":"https:\/\/canalregionaltv.md\/index.php?rest_route=%2Fwp%2Fv2%2Fmedia&parent=3055"}],"wp:term":[{"taxonomy":"category","embeddable":true,"href":"https:\/\/canalregionaltv.md\/index.php?rest_route=%2Fwp%2Fv2%2Fcategories&post=3055"},{"taxonomy":"post_tag","embeddable":true,"href":"https:\/\/canalregionaltv.md\/index.php?rest_route=%2Fwp%2Fv2%2Ftags&post=3055"}],"curies":[{"name":"wp","href":"https:\/\/api.w.org\/{rel}","templated":true}]}}