{"id":3062,"date":"2026-04-30T17:03:31","date_gmt":"2026-04-30T15:03:31","guid":{"rendered":"https:\/\/canalregionaltv.md\/?p=3062"},"modified":"2026-04-30T17:03:31","modified_gmt":"2026-04-30T15:03:31","slug":"locul-31-in-lume-dar-fara-acces-presa-regionala-omisa-la-vizita-oficialilor-la-balti","status":"publish","type":"post","link":"https:\/\/canalregionaltv.md\/?p=3062","title":{"rendered":"Locul 31 \u00een lume, dar f\u0103r\u0103 acces. Presa regional\u0103, omis\u0103 la vizita oficialilor la B\u0103l\u021bi"},"content":{"rendered":"<h3>Mai mul\u021bi oficiali de rang \u00eenalt au efectuat, pe 30 aprilie, o vizit\u0103 de lucru la Spitalul Clinic din B\u0103l\u021bi. Pre\u0219edinta Maia Sandu \u0219i ministrul S\u0103n\u0103t\u0103\u021bii, Emil Ceban, au venit \u00een nordul \u021b\u0103rii pentru a inspecta institu\u021bia medical\u0103. Cu toate acestea, presa regional\u0103 nu a fost informat\u0103 oficial despre eveniment.<\/h3>\n<p>Jurnali\u0219tii NordNews au aflat despre vizit\u0103 nu din comunicatele Pre\u0219edin\u021biei sau ale Guvernului, ci din surse interne. Situa\u021bia nu este una singular\u0103, iar reprezentan\u021bii mass-media locale spun c\u0103 astfel de practici devin tot mai frecvente.<\/p>\n<p>Accesul presei la eveniment a fost limitat \u00eenc\u0103 de la \u00eenceput. \u00cenainte ca oficialii s\u0103 intre \u00een Unitatea de Primiri Urgente, ofi\u021bera de pres\u0103 a Spitalului Clinic B\u0103l\u021bi a cerut jurnali\u0219tilor s\u0103 filmeze doar din exterior.<\/p>\n<blockquote>\n<p><em>\u201ePentru a fi transparen\u021bi, v\u0103 rog s\u0103 filma\u021bi doar de aici, de afar\u0103. Nu putem s\u0103 v\u0103 permitem s\u0103 filma\u021bi cu noi turul prin spital pentru c\u0103 sunt zone de tratament unde stau bolnavi. V\u0103 rog s\u0103 merge\u021bi \u00een holul spitalului \u0219i acolo, la sf\u00e2r\u0219itul \u0219edin\u021bei, ve\u021bi avea interviurile cu domnul ministru \u0219i cu domnul director\u201d, le-a spus aceasta reporterilor.<\/em><\/p>\n<\/blockquote>\n<p>Potrivit surselor NordNews, informa\u021bie confirmat\u0103 de Andreea Galici, ofi\u021bera de pres\u0103 a spitalului din B\u0103l\u021bi, \u00een cadrul vizitei a avut loc \u0219i o \u0219edin\u021b\u0103 \u00eentre ministrul Emil Ceban, reprezentan\u021bii sistemului medical din \u021bar\u0103 \u0219i personalul medical, \u00eens\u0103 \u0219i acolo accesul presei a fost restric\u021bionat, inclusiv pentru imagini de protocol.<\/p>\n<p>Jurnali\u0219tii au a\u0219teptat c\u00e2teva ore \u00een holul institu\u021biei pentru declara\u021biile promise. Ulterior, ofi\u021bera de pres\u0103 Andreea Galici a anun\u021bat telefonic c\u0103 ministrul a plecat, f\u0103r\u0103 a mai oferi declara\u021bii.<\/p>\n<p>La scurt timp dup\u0103 ce pre\u0219edinta Maia Sandu a p\u0103r\u0103sit institu\u021bia medical\u0103, reprezentan\u021bii Pre\u0219edin\u021biei au contactat jurnali\u0219tii NordNews \u0219i le-au transmis c\u00e2teva imagini video de la vizit\u0103, \u00een lipsa accesului direct al presei la eveniment.<\/p>\n<p>\u0218eful Asocia\u021biei Presei Independente, Petru Macovei, a criticat modul \u00een care a fost gestionat\u0103 comunicarea cu presa.<\/p>\n<blockquote>\n<p><em>\u201eOrice vizit\u0103 de lucru a demnitarilor de stat, care are loc \u00een timpul orelor de serviciu, pe banii publici, sigur c\u0103 presa trebuie s\u0103 aib\u0103 acces, dac\u0103 nu la \u00eentreg evenimentul, cel pu\u021bin la filmarea de protocol care trebuia s\u0103 aib\u0103 loc \u0219i nu a avut loc. La fel, mi se pare total descalificat faptul c\u0103 s-a promis s\u0103 fie reac\u021bie pentru pres\u0103, cel pu\u021bin pentru presa regional\u0103\u201d, a declarat acesta pentru NordNews.<\/em><\/p>\n<\/blockquote>\n<p>Situa\u021bia este cu at\u00e2t mai paradoxal\u0103 cu c\u00e2t Republica Moldova a urcat recent patru pozi\u021bii \u00een Indexul Mondial al Libert\u0103\u021bii Presei, ajung\u00e2nd pe locul 31.<\/p>\n<p>Articolul <a href=\"https:\/\/nordnews.md\/stiri-locale\/balti\/locul-31-in-lume-dar-fara-acces-presa-regionala-omisa-la-vizita-oficialilor-la-balti\/\">Locul 31 \u00een lume, dar f\u0103r\u0103 acces. Presa regional\u0103, omis\u0103 la vizita oficialilor la B\u0103l\u021bi<\/a> apare prima dat\u0103 \u00een <a href=\"https:\/\/nordnews.md\/\">NordNews<\/a>.<\/p>","protected":false},"excerpt":{"rendered":"<p>Mai mul\u021bi oficiali de rang \u00eenalt au efectuat, pe 30 aprilie, o vizit\u0103 de lucru la Spitalul Clinic din B\u0103l\u021bi. Pre\u0219edinta Maia Sandu \u0219i ministrul [&hellip;]<\/p>\n","protected":false},"author":1,"featured_media":0,"comment_status":"open","ping_status":"closed","sticky":false,"template":"","format":"standard","meta":{"footnotes":""},"categories":[1],"tags":[],"class_list":["post-3062","post","type-post","status-publish","format-standard","hentry","category-uncategorized"],"yoast_head":"<!-- This site is optimized with the Yoast SEO plugin v21.3 - https:\/\/yoast.com\/wordpress\/plugins\/seo\/ -->\n<title>Locul 31 \u00een lume, dar f\u0103r\u0103 acces. Presa regional\u0103, omis\u0103 la vizita oficialilor la B\u0103l\u021bi - Canal Regional<\/title>\n<meta name=\"robots\" content=\"index, follow, max-snippet:-1, max-image-preview:large, max-video-preview:-1\" \/>\n<link rel=\"canonical\" href=\"https:\/\/canalregionaltv.md\/?p=3062\" \/>\n<meta property=\"og:locale\" content=\"en_US\" \/>\n<meta property=\"og:type\" content=\"article\" \/>\n<meta property=\"og:title\" content=\"Locul 31 \u00een lume, dar f\u0103r\u0103 acces. Presa regional\u0103, omis\u0103 la vizita oficialilor la B\u0103l\u021bi - Canal Regional\" \/>\n<meta property=\"og:description\" content=\"Mai mul\u021bi oficiali de rang \u00eenalt au efectuat, pe 30 aprilie, o vizit\u0103 de lucru la Spitalul Clinic din B\u0103l\u021bi. Pre\u0219edinta Maia Sandu \u0219i ministrul [&hellip;]\" \/>\n<meta property=\"og:url\" content=\"https:\/\/canalregionaltv.md\/?p=3062\" \/>\n<meta property=\"og:site_name\" content=\"Canal Regional\" \/>\n<meta property=\"article:author\" content=\"Canal Regional, Canal Regional TV\" \/>\n<meta property=\"article:published_time\" content=\"2026-04-30T15:03:31+00:00\" \/>\n<meta name=\"author\" content=\"admin_axts737o\" \/>\n<meta name=\"twitter:card\" content=\"summary_large_image\" \/>\n<meta name=\"twitter:label1\" content=\"Written by\" \/>\n\t<meta name=\"twitter:data1\" content=\"admin_axts737o\" \/>\n\t<meta name=\"twitter:label2\" content=\"Est. reading time\" \/>\n\t<meta name=\"twitter:data2\" content=\"2 minutes\" \/>\n<script type=\"application\/ld+json\" class=\"yoast-schema-graph\">{\"@context\":\"https:\/\/schema.org\",\"@graph\":[{\"@type\":\"Article\",\"@id\":\"https:\/\/canalregionaltv.md\/?p=3062#article\",\"isPartOf\":{\"@id\":\"https:\/\/canalregionaltv.md\/?p=3062\"},\"author\":{\"name\":\"admin_axts737o\",\"@id\":\"https:\/\/canalregionaltv.md\/#\/schema\/person\/96db60230b2eedd2fd6d09d267f32f8f\"},\"headline\":\"Locul 31 \u00een lume, dar f\u0103r\u0103 acces. Presa regional\u0103, omis\u0103 la vizita oficialilor la B\u0103l\u021bi\",\"datePublished\":\"2026-04-30T15:03:31+00:00\",\"dateModified\":\"2026-04-30T15:03:31+00:00\",\"mainEntityOfPage\":{\"@id\":\"https:\/\/canalregionaltv.md\/?p=3062\"},\"wordCount\":506,\"commentCount\":0,\"publisher\":{\"@id\":\"https:\/\/canalregionaltv.md\/#organization\"},\"inLanguage\":\"en-US\",\"potentialAction\":[{\"@type\":\"CommentAction\",\"name\":\"Comment\",\"target\":[\"https:\/\/canalregionaltv.md\/?p=3062#respond\"]}]},{\"@type\":\"WebPage\",\"@id\":\"https:\/\/canalregionaltv.md\/?p=3062\",\"url\":\"https:\/\/canalregionaltv.md\/?p=3062\",\"name\":\"Locul 31 \u00een lume, dar f\u0103r\u0103 acces. Presa regional\u0103, omis\u0103 la vizita oficialilor la B\u0103l\u021bi - Canal Regional\",\"isPartOf\":{\"@id\":\"https:\/\/canalregionaltv.md\/#website\"},\"datePublished\":\"2026-04-30T15:03:31+00:00\",\"dateModified\":\"2026-04-30T15:03:31+00:00\",\"breadcrumb\":{\"@id\":\"https:\/\/canalregionaltv.md\/?p=3062#breadcrumb\"},\"inLanguage\":\"en-US\",\"potentialAction\":[{\"@type\":\"ReadAction\",\"target\":[\"https:\/\/canalregionaltv.md\/?p=3062\"]}]},{\"@type\":\"BreadcrumbList\",\"@id\":\"https:\/\/canalregionaltv.md\/?p=3062#breadcrumb\",\"itemListElement\":[{\"@type\":\"ListItem\",\"position\":1,\"name\":\"Home\",\"item\":\"https:\/\/canalregionaltv.md\/\"},{\"@type\":\"ListItem\",\"position\":2,\"name\":\"Locul 31 \u00een lume, dar f\u0103r\u0103 acces. Presa regional\u0103, omis\u0103 la vizita oficialilor la B\u0103l\u021bi\"}]},{\"@type\":\"WebSite\",\"@id\":\"https:\/\/canalregionaltv.md\/#website\",\"url\":\"https:\/\/canalregionaltv.md\/\",\"name\":\"Canal Regional\",\"description\":\"Canal Regional\",\"publisher\":{\"@id\":\"https:\/\/canalregionaltv.md\/#organization\"},\"potentialAction\":[{\"@type\":\"SearchAction\",\"target\":{\"@type\":\"EntryPoint\",\"urlTemplate\":\"https:\/\/canalregionaltv.md\/?s={search_term_string}\"},\"query-input\":\"required name=search_term_string\"}],\"inLanguage\":\"en-US\"},{\"@type\":\"Organization\",\"@id\":\"https:\/\/canalregionaltv.md\/#organization\",\"name\":\"Canal Regional\",\"url\":\"https:\/\/canalregionaltv.md\/\",\"logo\":{\"@type\":\"ImageObject\",\"inLanguage\":\"en-US\",\"@id\":\"https:\/\/canalregionaltv.md\/#\/schema\/logo\/image\/\",\"url\":\"https:\/\/canalregionaltv.md\/wp-content\/uploads\/2023\/10\/Logo_r.png\",\"contentUrl\":\"https:\/\/canalregionaltv.md\/wp-content\/uploads\/2023\/10\/Logo_r.png\",\"width\":403,\"height\":112,\"caption\":\"Canal Regional\"},\"image\":{\"@id\":\"https:\/\/canalregionaltv.md\/#\/schema\/logo\/image\/\"}},{\"@type\":\"Person\",\"@id\":\"https:\/\/canalregionaltv.md\/#\/schema\/person\/96db60230b2eedd2fd6d09d267f32f8f\",\"name\":\"admin_axts737o\",\"image\":{\"@type\":\"ImageObject\",\"inLanguage\":\"en-US\",\"@id\":\"https:\/\/canalregionaltv.md\/#\/schema\/person\/image\/\",\"url\":\"https:\/\/secure.gravatar.com\/avatar\/409e62ddd56f511fb1262f27a1535ee7719603a42e55b11651be97d388418cae?s=96&d=mm&r=g\",\"contentUrl\":\"https:\/\/secure.gravatar.com\/avatar\/409e62ddd56f511fb1262f27a1535ee7719603a42e55b11651be97d388418cae?s=96&d=mm&r=g\",\"caption\":\"admin_axts737o\"},\"sameAs\":[\"https:\/\/canalregionaltv.md\",\"Canal Regional, Canal Regional TV\",\"canal Regional\"],\"url\":\"https:\/\/canalregionaltv.md\/?author=1\"}]}<\/script>\n<!-- \/ Yoast SEO plugin. -->","yoast_head_json":{"title":"Locul 31 \u00een lume, dar f\u0103r\u0103 acces. Presa regional\u0103, omis\u0103 la vizita oficialilor la B\u0103l\u021bi - Canal Regional","robots":{"index":"index","follow":"follow","max-snippet":"max-snippet:-1","max-image-preview":"max-image-preview:large","max-video-preview":"max-video-preview:-1"},"canonical":"https:\/\/canalregionaltv.md\/?p=3062","og_locale":"en_US","og_type":"article","og_title":"Locul 31 \u00een lume, dar f\u0103r\u0103 acces. Presa regional\u0103, omis\u0103 la vizita oficialilor la B\u0103l\u021bi - Canal Regional","og_description":"Mai mul\u021bi oficiali de rang \u00eenalt au efectuat, pe 30 aprilie, o vizit\u0103 de lucru la Spitalul Clinic din B\u0103l\u021bi. Pre\u0219edinta Maia Sandu \u0219i ministrul [&hellip;]","og_url":"https:\/\/canalregionaltv.md\/?p=3062","og_site_name":"Canal Regional","article_author":"Canal Regional, Canal Regional TV","article_published_time":"2026-04-30T15:03:31+00:00","author":"admin_axts737o","twitter_card":"summary_large_image","twitter_misc":{"Written by":"admin_axts737o","Est. reading time":"2 minutes"},"schema":{"@context":"https:\/\/schema.org","@graph":[{"@type":"Article","@id":"https:\/\/canalregionaltv.md\/?p=3062#article","isPartOf":{"@id":"https:\/\/canalregionaltv.md\/?p=3062"},"author":{"name":"admin_axts737o","@id":"https:\/\/canalregionaltv.md\/#\/schema\/person\/96db60230b2eedd2fd6d09d267f32f8f"},"headline":"Locul 31 \u00een lume, dar f\u0103r\u0103 acces. Presa regional\u0103, omis\u0103 la vizita oficialilor la B\u0103l\u021bi","datePublished":"2026-04-30T15:03:31+00:00","dateModified":"2026-04-30T15:03:31+00:00","mainEntityOfPage":{"@id":"https:\/\/canalregionaltv.md\/?p=3062"},"wordCount":506,"commentCount":0,"publisher":{"@id":"https:\/\/canalregionaltv.md\/#organization"},"inLanguage":"en-US","potentialAction":[{"@type":"CommentAction","name":"Comment","target":["https:\/\/canalregionaltv.md\/?p=3062#respond"]}]},{"@type":"WebPage","@id":"https:\/\/canalregionaltv.md\/?p=3062","url":"https:\/\/canalregionaltv.md\/?p=3062","name":"Locul 31 \u00een lume, dar f\u0103r\u0103 acces. Presa regional\u0103, omis\u0103 la vizita oficialilor la B\u0103l\u021bi - Canal Regional","isPartOf":{"@id":"https:\/\/canalregionaltv.md\/#website"},"datePublished":"2026-04-30T15:03:31+00:00","dateModified":"2026-04-30T15:03:31+00:00","breadcrumb":{"@id":"https:\/\/canalregionaltv.md\/?p=3062#breadcrumb"},"inLanguage":"en-US","potentialAction":[{"@type":"ReadAction","target":["https:\/\/canalregionaltv.md\/?p=3062"]}]},{"@type":"BreadcrumbList","@id":"https:\/\/canalregionaltv.md\/?p=3062#breadcrumb","itemListElement":[{"@type":"ListItem","position":1,"name":"Home","item":"https:\/\/canalregionaltv.md\/"},{"@type":"ListItem","position":2,"name":"Locul 31 \u00een lume, dar f\u0103r\u0103 acces. Presa regional\u0103, omis\u0103 la vizita oficialilor la B\u0103l\u021bi"}]},{"@type":"WebSite","@id":"https:\/\/canalregionaltv.md\/#website","url":"https:\/\/canalregionaltv.md\/","name":"Canal Regional","description":"Canal Regional","publisher":{"@id":"https:\/\/canalregionaltv.md\/#organization"},"potentialAction":[{"@type":"SearchAction","target":{"@type":"EntryPoint","urlTemplate":"https:\/\/canalregionaltv.md\/?s={search_term_string}"},"query-input":"required name=search_term_string"}],"inLanguage":"en-US"},{"@type":"Organization","@id":"https:\/\/canalregionaltv.md\/#organization","name":"Canal Regional","url":"https:\/\/canalregionaltv.md\/","logo":{"@type":"ImageObject","inLanguage":"en-US","@id":"https:\/\/canalregionaltv.md\/#\/schema\/logo\/image\/","url":"https:\/\/canalregionaltv.md\/wp-content\/uploads\/2023\/10\/Logo_r.png","contentUrl":"https:\/\/canalregionaltv.md\/wp-content\/uploads\/2023\/10\/Logo_r.png","width":403,"height":112,"caption":"Canal Regional"},"image":{"@id":"https:\/\/canalregionaltv.md\/#\/schema\/logo\/image\/"}},{"@type":"Person","@id":"https:\/\/canalregionaltv.md\/#\/schema\/person\/96db60230b2eedd2fd6d09d267f32f8f","name":"admin_axts737o","image":{"@type":"ImageObject","inLanguage":"en-US","@id":"https:\/\/canalregionaltv.md\/#\/schema\/person\/image\/","url":"https:\/\/secure.gravatar.com\/avatar\/409e62ddd56f511fb1262f27a1535ee7719603a42e55b11651be97d388418cae?s=96&d=mm&r=g","contentUrl":"https:\/\/secure.gravatar.com\/avatar\/409e62ddd56f511fb1262f27a1535ee7719603a42e55b11651be97d388418cae?s=96&d=mm&r=g","caption":"admin_axts737o"},"sameAs":["https:\/\/canalregionaltv.md","Canal Regional, Canal Regional TV","canal Regional"],"url":"https:\/\/canalregionaltv.md\/?author=1"}]}},"_links":{"self":[{"href":"https:\/\/canalregionaltv.md\/index.php?rest_route=\/wp\/v2\/posts\/3062","targetHints":{"allow":["GET"]}}],"collection":[{"href":"https:\/\/canalregionaltv.md\/index.php?rest_route=\/wp\/v2\/posts"}],"about":[{"href":"https:\/\/canalregionaltv.md\/index.php?rest_route=\/wp\/v2\/types\/post"}],"author":[{"embeddable":true,"href":"https:\/\/canalregionaltv.md\/index.php?rest_route=\/wp\/v2\/users\/1"}],"replies":[{"embeddable":true,"href":"https:\/\/canalregionaltv.md\/index.php?rest_route=%2Fwp%2Fv2%2Fcomments&post=3062"}],"version-history":[{"count":0,"href":"https:\/\/canalregionaltv.md\/index.php?rest_route=\/wp\/v2\/posts\/3062\/revisions"}],"wp:attachment":[{"href":"https:\/\/canalregionaltv.md\/index.php?rest_route=%2Fwp%2Fv2%2Fmedia&parent=3062"}],"wp:term":[{"taxonomy":"category","embeddable":true,"href":"https:\/\/canalregionaltv.md\/index.php?rest_route=%2Fwp%2Fv2%2Fcategories&post=3062"},{"taxonomy":"post_tag","embeddable":true,"href":"https:\/\/canalregionaltv.md\/index.php?rest_route=%2Fwp%2Fv2%2Ftags&post=3062"}],"curies":[{"name":"wp","href":"https:\/\/api.w.org\/{rel}","templated":true}]}}