{"id":3063,"date":"2026-04-30T17:03:31","date_gmt":"2026-04-30T15:03:31","guid":{"rendered":"https:\/\/canalregionaltv.md\/?p=3063"},"modified":"2026-04-30T17:03:31","modified_gmt":"2026-04-30T15:03:31","slug":"video-ucigasii-lui-sergiu-oala-raman-dupa-gratii-curtea-de-apel-a-mentinut-sentinta","status":"publish","type":"post","link":"https:\/\/canalregionaltv.md\/?p=3063","title":{"rendered":"VIDEO\u00a0Uciga\u0219ii lui Sergiu Oal\u0103 r\u0103m\u00e2n dup\u0103 gratii. Curtea de Apel a men\u021binut sentin\u021ba"},"content":{"rendered":"<p><strong>Uciga\u0219ii lui Sergiu Oal\u0103 r\u0103m\u00e2n \u00een penitenciar. Curtea de Apel Nord a men\u021binut joi, 30 aprilie, condamn\u0103rile de 22 \u0219i, respectiv, 17 ani de \u00eenchisoare pentru Nicu Gherman \u0219i Mihail Cebotari, g\u0103si\u021bi vinova\u021bi de omor inten\u021bionat.<\/strong><\/p>\n\n<blockquote>\n<p><em>\u201eRespinge ca nefondate apelurile avocatei Angela Gherasim, \u00een interesele succesorului p\u0103r\u021bii v\u0103t\u0103mate, Oal\u0103 Ana, precum \u0219i apelul comun al avocatului Veceslav Negru \u0219i al inculpatului Cebotari Mihail, declarate \u00eempotriva sentin\u021bei Judec\u0103toriei B\u0103l\u021bi.\u201d<\/em> a comunicat instan\u021ba.<\/p>\n<\/blockquote>\n<p><strong>Prin aceea\u0219i decizie, instan\u021ba a dispus \u00eencasarea solidar\u0103 de la cei doi inculpa\u021bi a aproape 194 de mii de lei, cu titlu de cheltuieli judiciare \u00een beneficiul statului. Ap\u0103rarea afirm\u0103 \u00eens\u0103 c\u0103 verdictul va fi contestat la Curtea Suprem\u0103 de Justi\u021bie.<\/strong><\/p>\n<blockquote>\n<p><em>\u201eRespectiv, suntem \u00een dezacord cu decizia pronun\u021bat\u0103. Evident c\u0103 o vom contesta cu recurs ordinar la Curtea Suprem\u0103 de Justi\u021bie, reie\u0219ind din decizia clientului.\u201d<\/em> a declarat Veceslav Negru, avocatul lui Mihail Cebotari.<\/p>\n<\/blockquote>\n<p><strong>De cealalt\u0103 parte, reprezentanta familiei Oal\u0103 consider\u0103 c\u0103 instan\u021ba a p\u0103strat aceea\u0219i calificare a faptei \u0219i este de acord cu decizia.<\/strong><\/p>\n<blockquote>\n<p><em>\u201eVom reveni \u0219i vom reaminti c\u0103 dosarul a parvenit \u00een instan\u021ba de judecat\u0103 cu o alt\u0103 \u00eencadrare juridic\u0103. Lu\u00e2nd \u00een considerare c\u0103 a fost men\u021binut\u0103 \u00eencadrarea stabilit\u0103 pe parcursul examin\u0103rii cauzei, noi suntem de acord.\u201d<\/em> a declarat Angela Gherasim, avocat\u0103 familiei Oal\u0103.<\/p>\n<\/blockquote>\n<p><strong>Chiar dac\u0103 \u0219i-ar fi dorit o pedeaps\u0103 mai sever\u0103, mama defunctului Oal\u0103 afirm\u0103 c\u0103 accept\u0103 hot\u0103r\u00e2rea Cur\u021bii de Apel.<\/strong><\/p>\n<blockquote>\n<p><em>\u201eDe prejudicii morale, sincer, nici nu m\u0103 intereseaz\u0103. Eu copilul meu nu o s\u0103-l mai \u00eentorc. Noi am vrut o pedeaps\u0103 mai aspr\u0103, adic\u0103, ca p\u0103rinte, eu am vrut mai mult, dar sunt mul\u021bumit\u0103 \u0219i de at\u00e2t, m\u0103car\u2026 pentru c\u0103 ei oarecum tr\u0103iesc, iar copilul meu nu mai este.\u201d<\/em> a spus Ana Oal\u0103, mama decedatului.<\/p>\n<\/blockquote>\n<p><strong>Sergiu Oal\u0103 a disp\u0103rut \u00een septembrie 2024, dup\u0103 ce a plecat spre raionul F\u0103le\u0219ti. Cadavrul t\u00e2n\u0103rului a fost depistat peste aproape o lun\u0103, \u00eentr-o f\u00e2\u0219ie forestier\u0103 din apropierea satului C\u0103line\u0219ti.<\/strong><\/p>\n<p><strong>Potrivit materialelor cauzei penale, victima ar fi fost atras\u0103 \u00eentr-o schem\u0103 infrac\u021bional\u0103 \u0219i ucis\u0103 \u00een urma unui conflict. \u00cen acela\u0219i dosar mai sunt judeca\u021bi Eugeniu Ignatov, Victor Cump\u0103na \u0219i Vlad Pricop, acuza\u021bi de implicare \u00een aceea\u0219i crim\u0103.<\/strong><\/p>\n<p>Articolul <a href=\"https:\/\/nordnews.md\/stiri-nationale\/social\/ucigasii-lui-sergiu-oala-raman-dupa-gratii-curtea-de-apel-a-mentinut-sentinta\/\">&lt;span class=&#8221;badge-status&#8221; style=&#8221;background: #ff1813;&#8221;&gt;VIDEO&lt;\/span&gt;\u00a0Uciga\u0219ii lui Sergiu Oal\u0103 r\u0103m\u00e2n dup\u0103 gratii. Curtea de Apel a men\u021binut sentin\u021ba<\/a> apare prima dat\u0103 \u00een <a href=\"https:\/\/nordnews.md\/\">NordNews<\/a>.<\/p>","protected":false},"excerpt":{"rendered":"<p>Uciga\u0219ii lui Sergiu Oal\u0103 r\u0103m\u00e2n \u00een penitenciar. Curtea de Apel Nord a men\u021binut joi, 30 aprilie, condamn\u0103rile de 22 \u0219i, respectiv, 17 ani de \u00eenchisoare [&hellip;]<\/p>\n","protected":false},"author":1,"featured_media":0,"comment_status":"open","ping_status":"closed","sticky":false,"template":"","format":"standard","meta":{"footnotes":""},"categories":[1],"tags":[],"class_list":["post-3063","post","type-post","status-publish","format-standard","hentry","category-uncategorized"],"yoast_head":"<!-- This site is optimized with the Yoast SEO plugin v21.3 - https:\/\/yoast.com\/wordpress\/plugins\/seo\/ -->\n<title>VIDEO\u00a0Uciga\u0219ii lui Sergiu Oal\u0103 r\u0103m\u00e2n dup\u0103 gratii. Curtea de Apel a men\u021binut sentin\u021ba - Canal Regional<\/title>\n<meta name=\"robots\" content=\"index, follow, max-snippet:-1, max-image-preview:large, max-video-preview:-1\" \/>\n<link rel=\"canonical\" href=\"https:\/\/canalregionaltv.md\/?p=3063\" \/>\n<meta property=\"og:locale\" content=\"en_US\" \/>\n<meta property=\"og:type\" content=\"article\" \/>\n<meta property=\"og:title\" content=\"VIDEO\u00a0Uciga\u0219ii lui Sergiu Oal\u0103 r\u0103m\u00e2n dup\u0103 gratii. Curtea de Apel a men\u021binut sentin\u021ba - Canal Regional\" \/>\n<meta property=\"og:description\" content=\"Uciga\u0219ii lui Sergiu Oal\u0103 r\u0103m\u00e2n \u00een penitenciar. Curtea de Apel Nord a men\u021binut joi, 30 aprilie, condamn\u0103rile de 22 \u0219i, respectiv, 17 ani de \u00eenchisoare [&hellip;]\" \/>\n<meta property=\"og:url\" content=\"https:\/\/canalregionaltv.md\/?p=3063\" \/>\n<meta property=\"og:site_name\" content=\"Canal Regional\" \/>\n<meta property=\"article:author\" content=\"Canal Regional, Canal Regional TV\" \/>\n<meta property=\"article:published_time\" content=\"2026-04-30T15:03:31+00:00\" \/>\n<meta name=\"author\" content=\"admin_axts737o\" \/>\n<meta name=\"twitter:card\" content=\"summary_large_image\" \/>\n<meta name=\"twitter:label1\" content=\"Written by\" \/>\n\t<meta name=\"twitter:data1\" content=\"admin_axts737o\" \/>\n\t<meta name=\"twitter:label2\" content=\"Est. reading time\" \/>\n\t<meta name=\"twitter:data2\" content=\"2 minutes\" \/>\n<script type=\"application\/ld+json\" class=\"yoast-schema-graph\">{\"@context\":\"https:\/\/schema.org\",\"@graph\":[{\"@type\":\"Article\",\"@id\":\"https:\/\/canalregionaltv.md\/?p=3063#article\",\"isPartOf\":{\"@id\":\"https:\/\/canalregionaltv.md\/?p=3063\"},\"author\":{\"name\":\"admin_axts737o\",\"@id\":\"https:\/\/canalregionaltv.md\/#\/schema\/person\/96db60230b2eedd2fd6d09d267f32f8f\"},\"headline\":\"VIDEO\u00a0Uciga\u0219ii lui Sergiu Oal\u0103 r\u0103m\u00e2n dup\u0103 gratii. Curtea de Apel a men\u021binut sentin\u021ba\",\"datePublished\":\"2026-04-30T15:03:31+00:00\",\"dateModified\":\"2026-04-30T15:03:31+00:00\",\"mainEntityOfPage\":{\"@id\":\"https:\/\/canalregionaltv.md\/?p=3063\"},\"wordCount\":454,\"commentCount\":0,\"publisher\":{\"@id\":\"https:\/\/canalregionaltv.md\/#organization\"},\"inLanguage\":\"en-US\",\"potentialAction\":[{\"@type\":\"CommentAction\",\"name\":\"Comment\",\"target\":[\"https:\/\/canalregionaltv.md\/?p=3063#respond\"]}]},{\"@type\":\"WebPage\",\"@id\":\"https:\/\/canalregionaltv.md\/?p=3063\",\"url\":\"https:\/\/canalregionaltv.md\/?p=3063\",\"name\":\"VIDEO\u00a0Uciga\u0219ii lui Sergiu Oal\u0103 r\u0103m\u00e2n dup\u0103 gratii. Curtea de Apel a men\u021binut sentin\u021ba - Canal Regional\",\"isPartOf\":{\"@id\":\"https:\/\/canalregionaltv.md\/#website\"},\"datePublished\":\"2026-04-30T15:03:31+00:00\",\"dateModified\":\"2026-04-30T15:03:31+00:00\",\"breadcrumb\":{\"@id\":\"https:\/\/canalregionaltv.md\/?p=3063#breadcrumb\"},\"inLanguage\":\"en-US\",\"potentialAction\":[{\"@type\":\"ReadAction\",\"target\":[\"https:\/\/canalregionaltv.md\/?p=3063\"]}]},{\"@type\":\"BreadcrumbList\",\"@id\":\"https:\/\/canalregionaltv.md\/?p=3063#breadcrumb\",\"itemListElement\":[{\"@type\":\"ListItem\",\"position\":1,\"name\":\"Home\",\"item\":\"https:\/\/canalregionaltv.md\/\"},{\"@type\":\"ListItem\",\"position\":2,\"name\":\"VIDEO\u00a0Uciga\u0219ii lui Sergiu Oal\u0103 r\u0103m\u00e2n dup\u0103 gratii. Curtea de Apel a men\u021binut sentin\u021ba\"}]},{\"@type\":\"WebSite\",\"@id\":\"https:\/\/canalregionaltv.md\/#website\",\"url\":\"https:\/\/canalregionaltv.md\/\",\"name\":\"Canal Regional\",\"description\":\"Canal Regional\",\"publisher\":{\"@id\":\"https:\/\/canalregionaltv.md\/#organization\"},\"potentialAction\":[{\"@type\":\"SearchAction\",\"target\":{\"@type\":\"EntryPoint\",\"urlTemplate\":\"https:\/\/canalregionaltv.md\/?s={search_term_string}\"},\"query-input\":\"required name=search_term_string\"}],\"inLanguage\":\"en-US\"},{\"@type\":\"Organization\",\"@id\":\"https:\/\/canalregionaltv.md\/#organization\",\"name\":\"Canal Regional\",\"url\":\"https:\/\/canalregionaltv.md\/\",\"logo\":{\"@type\":\"ImageObject\",\"inLanguage\":\"en-US\",\"@id\":\"https:\/\/canalregionaltv.md\/#\/schema\/logo\/image\/\",\"url\":\"https:\/\/canalregionaltv.md\/wp-content\/uploads\/2023\/10\/Logo_r.png\",\"contentUrl\":\"https:\/\/canalregionaltv.md\/wp-content\/uploads\/2023\/10\/Logo_r.png\",\"width\":403,\"height\":112,\"caption\":\"Canal Regional\"},\"image\":{\"@id\":\"https:\/\/canalregionaltv.md\/#\/schema\/logo\/image\/\"}},{\"@type\":\"Person\",\"@id\":\"https:\/\/canalregionaltv.md\/#\/schema\/person\/96db60230b2eedd2fd6d09d267f32f8f\",\"name\":\"admin_axts737o\",\"image\":{\"@type\":\"ImageObject\",\"inLanguage\":\"en-US\",\"@id\":\"https:\/\/canalregionaltv.md\/#\/schema\/person\/image\/\",\"url\":\"https:\/\/secure.gravatar.com\/avatar\/409e62ddd56f511fb1262f27a1535ee7719603a42e55b11651be97d388418cae?s=96&d=mm&r=g\",\"contentUrl\":\"https:\/\/secure.gravatar.com\/avatar\/409e62ddd56f511fb1262f27a1535ee7719603a42e55b11651be97d388418cae?s=96&d=mm&r=g\",\"caption\":\"admin_axts737o\"},\"sameAs\":[\"https:\/\/canalregionaltv.md\",\"Canal Regional, Canal Regional TV\",\"canal Regional\"],\"url\":\"https:\/\/canalregionaltv.md\/?author=1\"}]}<\/script>\n<!-- \/ Yoast SEO plugin. -->","yoast_head_json":{"title":"VIDEO\u00a0Uciga\u0219ii lui Sergiu Oal\u0103 r\u0103m\u00e2n dup\u0103 gratii. Curtea de Apel a men\u021binut sentin\u021ba - Canal Regional","robots":{"index":"index","follow":"follow","max-snippet":"max-snippet:-1","max-image-preview":"max-image-preview:large","max-video-preview":"max-video-preview:-1"},"canonical":"https:\/\/canalregionaltv.md\/?p=3063","og_locale":"en_US","og_type":"article","og_title":"VIDEO\u00a0Uciga\u0219ii lui Sergiu Oal\u0103 r\u0103m\u00e2n dup\u0103 gratii. Curtea de Apel a men\u021binut sentin\u021ba - Canal Regional","og_description":"Uciga\u0219ii lui Sergiu Oal\u0103 r\u0103m\u00e2n \u00een penitenciar. Curtea de Apel Nord a men\u021binut joi, 30 aprilie, condamn\u0103rile de 22 \u0219i, respectiv, 17 ani de \u00eenchisoare [&hellip;]","og_url":"https:\/\/canalregionaltv.md\/?p=3063","og_site_name":"Canal Regional","article_author":"Canal Regional, Canal Regional TV","article_published_time":"2026-04-30T15:03:31+00:00","author":"admin_axts737o","twitter_card":"summary_large_image","twitter_misc":{"Written by":"admin_axts737o","Est. reading time":"2 minutes"},"schema":{"@context":"https:\/\/schema.org","@graph":[{"@type":"Article","@id":"https:\/\/canalregionaltv.md\/?p=3063#article","isPartOf":{"@id":"https:\/\/canalregionaltv.md\/?p=3063"},"author":{"name":"admin_axts737o","@id":"https:\/\/canalregionaltv.md\/#\/schema\/person\/96db60230b2eedd2fd6d09d267f32f8f"},"headline":"VIDEO\u00a0Uciga\u0219ii lui Sergiu Oal\u0103 r\u0103m\u00e2n dup\u0103 gratii. Curtea de Apel a men\u021binut sentin\u021ba","datePublished":"2026-04-30T15:03:31+00:00","dateModified":"2026-04-30T15:03:31+00:00","mainEntityOfPage":{"@id":"https:\/\/canalregionaltv.md\/?p=3063"},"wordCount":454,"commentCount":0,"publisher":{"@id":"https:\/\/canalregionaltv.md\/#organization"},"inLanguage":"en-US","potentialAction":[{"@type":"CommentAction","name":"Comment","target":["https:\/\/canalregionaltv.md\/?p=3063#respond"]}]},{"@type":"WebPage","@id":"https:\/\/canalregionaltv.md\/?p=3063","url":"https:\/\/canalregionaltv.md\/?p=3063","name":"VIDEO\u00a0Uciga\u0219ii lui Sergiu Oal\u0103 r\u0103m\u00e2n dup\u0103 gratii. Curtea de Apel a men\u021binut sentin\u021ba - Canal Regional","isPartOf":{"@id":"https:\/\/canalregionaltv.md\/#website"},"datePublished":"2026-04-30T15:03:31+00:00","dateModified":"2026-04-30T15:03:31+00:00","breadcrumb":{"@id":"https:\/\/canalregionaltv.md\/?p=3063#breadcrumb"},"inLanguage":"en-US","potentialAction":[{"@type":"ReadAction","target":["https:\/\/canalregionaltv.md\/?p=3063"]}]},{"@type":"BreadcrumbList","@id":"https:\/\/canalregionaltv.md\/?p=3063#breadcrumb","itemListElement":[{"@type":"ListItem","position":1,"name":"Home","item":"https:\/\/canalregionaltv.md\/"},{"@type":"ListItem","position":2,"name":"VIDEO\u00a0Uciga\u0219ii lui Sergiu Oal\u0103 r\u0103m\u00e2n dup\u0103 gratii. Curtea de Apel a men\u021binut sentin\u021ba"}]},{"@type":"WebSite","@id":"https:\/\/canalregionaltv.md\/#website","url":"https:\/\/canalregionaltv.md\/","name":"Canal Regional","description":"Canal Regional","publisher":{"@id":"https:\/\/canalregionaltv.md\/#organization"},"potentialAction":[{"@type":"SearchAction","target":{"@type":"EntryPoint","urlTemplate":"https:\/\/canalregionaltv.md\/?s={search_term_string}"},"query-input":"required name=search_term_string"}],"inLanguage":"en-US"},{"@type":"Organization","@id":"https:\/\/canalregionaltv.md\/#organization","name":"Canal Regional","url":"https:\/\/canalregionaltv.md\/","logo":{"@type":"ImageObject","inLanguage":"en-US","@id":"https:\/\/canalregionaltv.md\/#\/schema\/logo\/image\/","url":"https:\/\/canalregionaltv.md\/wp-content\/uploads\/2023\/10\/Logo_r.png","contentUrl":"https:\/\/canalregionaltv.md\/wp-content\/uploads\/2023\/10\/Logo_r.png","width":403,"height":112,"caption":"Canal Regional"},"image":{"@id":"https:\/\/canalregionaltv.md\/#\/schema\/logo\/image\/"}},{"@type":"Person","@id":"https:\/\/canalregionaltv.md\/#\/schema\/person\/96db60230b2eedd2fd6d09d267f32f8f","name":"admin_axts737o","image":{"@type":"ImageObject","inLanguage":"en-US","@id":"https:\/\/canalregionaltv.md\/#\/schema\/person\/image\/","url":"https:\/\/secure.gravatar.com\/avatar\/409e62ddd56f511fb1262f27a1535ee7719603a42e55b11651be97d388418cae?s=96&d=mm&r=g","contentUrl":"https:\/\/secure.gravatar.com\/avatar\/409e62ddd56f511fb1262f27a1535ee7719603a42e55b11651be97d388418cae?s=96&d=mm&r=g","caption":"admin_axts737o"},"sameAs":["https:\/\/canalregionaltv.md","Canal Regional, Canal Regional TV","canal Regional"],"url":"https:\/\/canalregionaltv.md\/?author=1"}]}},"_links":{"self":[{"href":"https:\/\/canalregionaltv.md\/index.php?rest_route=\/wp\/v2\/posts\/3063","targetHints":{"allow":["GET"]}}],"collection":[{"href":"https:\/\/canalregionaltv.md\/index.php?rest_route=\/wp\/v2\/posts"}],"about":[{"href":"https:\/\/canalregionaltv.md\/index.php?rest_route=\/wp\/v2\/types\/post"}],"author":[{"embeddable":true,"href":"https:\/\/canalregionaltv.md\/index.php?rest_route=\/wp\/v2\/users\/1"}],"replies":[{"embeddable":true,"href":"https:\/\/canalregionaltv.md\/index.php?rest_route=%2Fwp%2Fv2%2Fcomments&post=3063"}],"version-history":[{"count":0,"href":"https:\/\/canalregionaltv.md\/index.php?rest_route=\/wp\/v2\/posts\/3063\/revisions"}],"wp:attachment":[{"href":"https:\/\/canalregionaltv.md\/index.php?rest_route=%2Fwp%2Fv2%2Fmedia&parent=3063"}],"wp:term":[{"taxonomy":"category","embeddable":true,"href":"https:\/\/canalregionaltv.md\/index.php?rest_route=%2Fwp%2Fv2%2Fcategories&post=3063"},{"taxonomy":"post_tag","embeddable":true,"href":"https:\/\/canalregionaltv.md\/index.php?rest_route=%2Fwp%2Fv2%2Ftags&post=3063"}],"curies":[{"name":"wp","href":"https:\/\/api.w.org\/{rel}","templated":true}]}}