{"id":3064,"date":"2026-04-30T17:03:32","date_gmt":"2026-04-30T15:03:32","guid":{"rendered":"https:\/\/canalregionaltv.md\/?p=3064"},"modified":"2026-04-30T17:03:32","modified_gmt":"2026-04-30T15:03:32","slug":"video-sezonul-de-plantare-la-balti-in-toi-seminte-si-rasaduri-la-mare-cautare","status":"publish","type":"post","link":"https:\/\/canalregionaltv.md\/?p=3064","title":{"rendered":"VIDEO\u00a0Sezonul de plantare la B\u0103l\u021bi, \u00een toi. Semin\u021be \u0219i r\u0103saduri, la mare c\u0103utare"},"content":{"rendered":"<h3>Sezonul de plantare este \u00een toi la B\u0103l\u021bi. Tarabele din pia\u021b\u0103 sunt pline de semin\u021be \u0219i r\u0103saduri, \u00eens\u0103 comercian\u021bii spun c\u0103, de\u0219i pre\u021burile au r\u0103mas aproape neschimbate, cump\u0103r\u0103torii sunt mai pu\u021bini dec\u00e2t anul trecut. De la castrave\u021bi \u0219i ro\u0219ii p\u00e2n\u0103 la flori decorative, oferta este variat\u0103, iar oamenii aleg \u00een func\u021bie de timp \u0219i siguran\u021ba recoltei.<\/h3>\n\n<blockquote>\n<p><em>\u201eCe prefera\u021bi: r\u0103saduri sau semin\u021be?<\/em><br \/>\n<em>\u2013 R\u0103saduri.<\/em><br \/>\n<em>\u2013 De ce?<\/em><br \/>\n<em>\u2013 Pentru c\u0103 deja sunt \u00eenflorite. Sunt mai frumoase.<\/em><br \/>\n<em>\u2013 Cum vi se par pre\u021burile la r\u0103saduri?<\/em><br \/>\n<em>\u2013 La doamna de la care am luat sunt bune, \u00een alt\u0103 parte sunt mai scumpe\u201d, Maria, cump\u0103r\u0103toare.<\/em><\/p>\n<\/blockquote>\n<blockquote>\n<p><em>\u201eAnul trecut a fost acela\u0219i pre\u021b. E \u00een regul\u0103. Este o munc\u0103 foarte grea, a\u0219a c\u0103 nici nu pot spune c\u0103 e scump. Lu\u0103m pu\u021bin r\u0103sad \u0219i semin\u021be. E frig \u0219i nu \u0219tii dac\u0103 va ie\u0219i sau nu, iar asta o plantezi \u00een p\u0103m\u00e2nt \u0219i gata\u201d, Svetlana, cump\u0103r\u0103toare.<\/em><\/p>\n<\/blockquote>\n<blockquote>\n<p><em>\u201eR\u0103saduri, fiindc\u0103 deja sunt mari, crescute, frumoase, pl\u0103cute, dar cam scumpe\u201d,<\/em><\/p>\n<\/blockquote>\n<blockquote>\n<p><em>\u201e- Ce prefera\u021bi: semin\u021be sau r\u0103saduri?<\/em><br \/>\n<em>\u2013 \u0218i una, \u0219i alta. Cu r\u0103sadurile e mai simplu, pentru c\u0103 deja vezi rezultatul. Eu am sem\u0103nat semin\u021be \u00een februarie, dar nu am avut niciun rezultat, a\u0219a c\u0103 e mai bine s\u0103 vii, s\u0103 alegi de la o femeie care se ocup\u0103 cu flori, atunci \u0219tii sigur c\u0103 vor cre\u0219te \u0219i vor \u00eenflori toat\u0103 vara.\u00a0\u00cen magazine e scump, iar la pia\u021b\u0103 po\u021bi g\u0103si mai ieftin\u201d, Elena, cump\u0103r\u0103toare.<\/em><\/p>\n<\/blockquote>\n<p>La B\u0103l\u021bi, pre\u021burile nu s-au schimbat, deocamdat\u0103, fa\u021b\u0103 de anul trecut. R\u0103sadurile de flori cost\u0103 \u00eentre 25 \u0219i 80 de lei, cele de legume \u2013 \u00eentre 7 \u0219i 10 lei, iar semin\u021bele variaz\u0103 \u00eentre 5 \u0219i 20 de lei.<\/p>\n<blockquote>\n<p><em>\u201eAcum, prim\u0103vara, \u00eenainte de s\u0103rb\u0103tori, cele mai c\u0103utate sunt florile. Pre\u021burile sunt practic acelea\u0219i ca \u0219i anul trecut.<\/em><br \/>\n<em>\u2013 Oamenii cump\u0103r\u0103 la fel de des?<\/em><br \/>\n<em>\u2013 Anul acesta mai slab. Anul trecut v\u00e2nz\u0103rile au fost mai bune\u201d<\/em>, Iurie, v\u00e2nz\u0103tor.<\/p>\n<p><em>\u201e- Castrave\u021bi la 10 lei.<br \/>\n\u2013 C\u00e2te soiuri vinde\u021bi?<br \/>\n\u2013 Aici sunt trei soiuri, cred. Cel mai c\u0103utat acum este soiul timpuriu de castrave\u021bi. Sunt de ser\u0103 \u0219i trebuie planta\u021bi tot \u00een ser\u0103. Pre\u021burile au crescut cu p\u00e2n\u0103 la 300%, \u00een timp ce costul muncii a crescut doar cu 5\u20136%\u201d<\/em>, Nicolae, v\u00e2nz\u0103tor.<\/p>\n<\/blockquote>\n<p>Potrivit datelor Biroului Na\u021bional de Statistic\u0103, pre\u021burile la produsele alimentare au crescut cu 6,3% fa\u021b\u0103 de luna martie 2025.<\/p>\n<p>Articolul <a href=\"https:\/\/nordnews.md\/stiri-locale\/sezonul-de-plantare-la-balti-in-toi-seminte-si-rasaduri-la-mare-cautare\/\">&lt;span class=&#8221;badge-status&#8221; style=&#8221;background: #ff1813;&#8221;&gt;VIDEO&lt;\/span&gt;\u00a0Sezonul de plantare la B\u0103l\u021bi, \u00een toi. Semin\u021be \u0219i r\u0103saduri, la mare c\u0103utare<\/a> apare prima dat\u0103 \u00een <a href=\"https:\/\/nordnews.md\/\">NordNews<\/a>.<\/p>","protected":false},"excerpt":{"rendered":"<p>Sezonul de plantare este \u00een toi la B\u0103l\u021bi. Tarabele din pia\u021b\u0103 sunt pline de semin\u021be \u0219i r\u0103saduri, \u00eens\u0103 comercian\u021bii spun c\u0103, de\u0219i pre\u021burile au r\u0103mas [&hellip;]<\/p>\n","protected":false},"author":1,"featured_media":0,"comment_status":"open","ping_status":"closed","sticky":false,"template":"","format":"standard","meta":{"footnotes":""},"categories":[1],"tags":[],"class_list":["post-3064","post","type-post","status-publish","format-standard","hentry","category-uncategorized"],"yoast_head":"<!-- This site is optimized with the Yoast SEO plugin v21.3 - https:\/\/yoast.com\/wordpress\/plugins\/seo\/ -->\n<title>VIDEO\u00a0Sezonul de plantare la B\u0103l\u021bi, \u00een toi. Semin\u021be \u0219i r\u0103saduri, la mare c\u0103utare - Canal Regional<\/title>\n<meta name=\"robots\" content=\"index, follow, max-snippet:-1, max-image-preview:large, max-video-preview:-1\" \/>\n<link rel=\"canonical\" href=\"https:\/\/canalregionaltv.md\/?p=3064\" \/>\n<meta property=\"og:locale\" content=\"en_US\" \/>\n<meta property=\"og:type\" content=\"article\" \/>\n<meta property=\"og:title\" content=\"VIDEO\u00a0Sezonul de plantare la B\u0103l\u021bi, \u00een toi. Semin\u021be \u0219i r\u0103saduri, la mare c\u0103utare - Canal Regional\" \/>\n<meta property=\"og:description\" content=\"Sezonul de plantare este \u00een toi la B\u0103l\u021bi. Tarabele din pia\u021b\u0103 sunt pline de semin\u021be \u0219i r\u0103saduri, \u00eens\u0103 comercian\u021bii spun c\u0103, de\u0219i pre\u021burile au r\u0103mas [&hellip;]\" \/>\n<meta property=\"og:url\" content=\"https:\/\/canalregionaltv.md\/?p=3064\" \/>\n<meta property=\"og:site_name\" content=\"Canal Regional\" \/>\n<meta property=\"article:author\" content=\"Canal Regional, Canal Regional TV\" \/>\n<meta property=\"article:published_time\" content=\"2026-04-30T15:03:32+00:00\" \/>\n<meta name=\"author\" content=\"admin_axts737o\" \/>\n<meta name=\"twitter:card\" content=\"summary_large_image\" \/>\n<meta name=\"twitter:label1\" content=\"Written by\" \/>\n\t<meta name=\"twitter:data1\" content=\"admin_axts737o\" \/>\n\t<meta name=\"twitter:label2\" content=\"Est. reading time\" \/>\n\t<meta name=\"twitter:data2\" content=\"2 minutes\" \/>\n<script type=\"application\/ld+json\" class=\"yoast-schema-graph\">{\"@context\":\"https:\/\/schema.org\",\"@graph\":[{\"@type\":\"Article\",\"@id\":\"https:\/\/canalregionaltv.md\/?p=3064#article\",\"isPartOf\":{\"@id\":\"https:\/\/canalregionaltv.md\/?p=3064\"},\"author\":{\"name\":\"admin_axts737o\",\"@id\":\"https:\/\/canalregionaltv.md\/#\/schema\/person\/96db60230b2eedd2fd6d09d267f32f8f\"},\"headline\":\"VIDEO\u00a0Sezonul de plantare la B\u0103l\u021bi, \u00een toi. Semin\u021be \u0219i r\u0103saduri, la mare c\u0103utare\",\"datePublished\":\"2026-04-30T15:03:32+00:00\",\"dateModified\":\"2026-04-30T15:03:32+00:00\",\"mainEntityOfPage\":{\"@id\":\"https:\/\/canalregionaltv.md\/?p=3064\"},\"wordCount\":495,\"commentCount\":0,\"publisher\":{\"@id\":\"https:\/\/canalregionaltv.md\/#organization\"},\"inLanguage\":\"en-US\",\"potentialAction\":[{\"@type\":\"CommentAction\",\"name\":\"Comment\",\"target\":[\"https:\/\/canalregionaltv.md\/?p=3064#respond\"]}]},{\"@type\":\"WebPage\",\"@id\":\"https:\/\/canalregionaltv.md\/?p=3064\",\"url\":\"https:\/\/canalregionaltv.md\/?p=3064\",\"name\":\"VIDEO\u00a0Sezonul de plantare la B\u0103l\u021bi, \u00een toi. Semin\u021be \u0219i r\u0103saduri, la mare c\u0103utare - Canal Regional\",\"isPartOf\":{\"@id\":\"https:\/\/canalregionaltv.md\/#website\"},\"datePublished\":\"2026-04-30T15:03:32+00:00\",\"dateModified\":\"2026-04-30T15:03:32+00:00\",\"breadcrumb\":{\"@id\":\"https:\/\/canalregionaltv.md\/?p=3064#breadcrumb\"},\"inLanguage\":\"en-US\",\"potentialAction\":[{\"@type\":\"ReadAction\",\"target\":[\"https:\/\/canalregionaltv.md\/?p=3064\"]}]},{\"@type\":\"BreadcrumbList\",\"@id\":\"https:\/\/canalregionaltv.md\/?p=3064#breadcrumb\",\"itemListElement\":[{\"@type\":\"ListItem\",\"position\":1,\"name\":\"Home\",\"item\":\"https:\/\/canalregionaltv.md\/\"},{\"@type\":\"ListItem\",\"position\":2,\"name\":\"VIDEO\u00a0Sezonul de plantare la B\u0103l\u021bi, \u00een toi. Semin\u021be \u0219i r\u0103saduri, la mare c\u0103utare\"}]},{\"@type\":\"WebSite\",\"@id\":\"https:\/\/canalregionaltv.md\/#website\",\"url\":\"https:\/\/canalregionaltv.md\/\",\"name\":\"Canal Regional\",\"description\":\"Canal Regional\",\"publisher\":{\"@id\":\"https:\/\/canalregionaltv.md\/#organization\"},\"potentialAction\":[{\"@type\":\"SearchAction\",\"target\":{\"@type\":\"EntryPoint\",\"urlTemplate\":\"https:\/\/canalregionaltv.md\/?s={search_term_string}\"},\"query-input\":\"required name=search_term_string\"}],\"inLanguage\":\"en-US\"},{\"@type\":\"Organization\",\"@id\":\"https:\/\/canalregionaltv.md\/#organization\",\"name\":\"Canal Regional\",\"url\":\"https:\/\/canalregionaltv.md\/\",\"logo\":{\"@type\":\"ImageObject\",\"inLanguage\":\"en-US\",\"@id\":\"https:\/\/canalregionaltv.md\/#\/schema\/logo\/image\/\",\"url\":\"https:\/\/canalregionaltv.md\/wp-content\/uploads\/2023\/10\/Logo_r.png\",\"contentUrl\":\"https:\/\/canalregionaltv.md\/wp-content\/uploads\/2023\/10\/Logo_r.png\",\"width\":403,\"height\":112,\"caption\":\"Canal Regional\"},\"image\":{\"@id\":\"https:\/\/canalregionaltv.md\/#\/schema\/logo\/image\/\"}},{\"@type\":\"Person\",\"@id\":\"https:\/\/canalregionaltv.md\/#\/schema\/person\/96db60230b2eedd2fd6d09d267f32f8f\",\"name\":\"admin_axts737o\",\"image\":{\"@type\":\"ImageObject\",\"inLanguage\":\"en-US\",\"@id\":\"https:\/\/canalregionaltv.md\/#\/schema\/person\/image\/\",\"url\":\"https:\/\/secure.gravatar.com\/avatar\/409e62ddd56f511fb1262f27a1535ee7719603a42e55b11651be97d388418cae?s=96&d=mm&r=g\",\"contentUrl\":\"https:\/\/secure.gravatar.com\/avatar\/409e62ddd56f511fb1262f27a1535ee7719603a42e55b11651be97d388418cae?s=96&d=mm&r=g\",\"caption\":\"admin_axts737o\"},\"sameAs\":[\"https:\/\/canalregionaltv.md\",\"Canal Regional, Canal Regional TV\",\"canal Regional\"],\"url\":\"https:\/\/canalregionaltv.md\/?author=1\"}]}<\/script>\n<!-- \/ Yoast SEO plugin. -->","yoast_head_json":{"title":"VIDEO\u00a0Sezonul de plantare la B\u0103l\u021bi, \u00een toi. Semin\u021be \u0219i r\u0103saduri, la mare c\u0103utare - Canal Regional","robots":{"index":"index","follow":"follow","max-snippet":"max-snippet:-1","max-image-preview":"max-image-preview:large","max-video-preview":"max-video-preview:-1"},"canonical":"https:\/\/canalregionaltv.md\/?p=3064","og_locale":"en_US","og_type":"article","og_title":"VIDEO\u00a0Sezonul de plantare la B\u0103l\u021bi, \u00een toi. Semin\u021be \u0219i r\u0103saduri, la mare c\u0103utare - Canal Regional","og_description":"Sezonul de plantare este \u00een toi la B\u0103l\u021bi. Tarabele din pia\u021b\u0103 sunt pline de semin\u021be \u0219i r\u0103saduri, \u00eens\u0103 comercian\u021bii spun c\u0103, de\u0219i pre\u021burile au r\u0103mas [&hellip;]","og_url":"https:\/\/canalregionaltv.md\/?p=3064","og_site_name":"Canal Regional","article_author":"Canal Regional, Canal Regional TV","article_published_time":"2026-04-30T15:03:32+00:00","author":"admin_axts737o","twitter_card":"summary_large_image","twitter_misc":{"Written by":"admin_axts737o","Est. reading time":"2 minutes"},"schema":{"@context":"https:\/\/schema.org","@graph":[{"@type":"Article","@id":"https:\/\/canalregionaltv.md\/?p=3064#article","isPartOf":{"@id":"https:\/\/canalregionaltv.md\/?p=3064"},"author":{"name":"admin_axts737o","@id":"https:\/\/canalregionaltv.md\/#\/schema\/person\/96db60230b2eedd2fd6d09d267f32f8f"},"headline":"VIDEO\u00a0Sezonul de plantare la B\u0103l\u021bi, \u00een toi. Semin\u021be \u0219i r\u0103saduri, la mare c\u0103utare","datePublished":"2026-04-30T15:03:32+00:00","dateModified":"2026-04-30T15:03:32+00:00","mainEntityOfPage":{"@id":"https:\/\/canalregionaltv.md\/?p=3064"},"wordCount":495,"commentCount":0,"publisher":{"@id":"https:\/\/canalregionaltv.md\/#organization"},"inLanguage":"en-US","potentialAction":[{"@type":"CommentAction","name":"Comment","target":["https:\/\/canalregionaltv.md\/?p=3064#respond"]}]},{"@type":"WebPage","@id":"https:\/\/canalregionaltv.md\/?p=3064","url":"https:\/\/canalregionaltv.md\/?p=3064","name":"VIDEO\u00a0Sezonul de plantare la B\u0103l\u021bi, \u00een toi. Semin\u021be \u0219i r\u0103saduri, la mare c\u0103utare - Canal Regional","isPartOf":{"@id":"https:\/\/canalregionaltv.md\/#website"},"datePublished":"2026-04-30T15:03:32+00:00","dateModified":"2026-04-30T15:03:32+00:00","breadcrumb":{"@id":"https:\/\/canalregionaltv.md\/?p=3064#breadcrumb"},"inLanguage":"en-US","potentialAction":[{"@type":"ReadAction","target":["https:\/\/canalregionaltv.md\/?p=3064"]}]},{"@type":"BreadcrumbList","@id":"https:\/\/canalregionaltv.md\/?p=3064#breadcrumb","itemListElement":[{"@type":"ListItem","position":1,"name":"Home","item":"https:\/\/canalregionaltv.md\/"},{"@type":"ListItem","position":2,"name":"VIDEO\u00a0Sezonul de plantare la B\u0103l\u021bi, \u00een toi. Semin\u021be \u0219i r\u0103saduri, la mare c\u0103utare"}]},{"@type":"WebSite","@id":"https:\/\/canalregionaltv.md\/#website","url":"https:\/\/canalregionaltv.md\/","name":"Canal Regional","description":"Canal Regional","publisher":{"@id":"https:\/\/canalregionaltv.md\/#organization"},"potentialAction":[{"@type":"SearchAction","target":{"@type":"EntryPoint","urlTemplate":"https:\/\/canalregionaltv.md\/?s={search_term_string}"},"query-input":"required name=search_term_string"}],"inLanguage":"en-US"},{"@type":"Organization","@id":"https:\/\/canalregionaltv.md\/#organization","name":"Canal Regional","url":"https:\/\/canalregionaltv.md\/","logo":{"@type":"ImageObject","inLanguage":"en-US","@id":"https:\/\/canalregionaltv.md\/#\/schema\/logo\/image\/","url":"https:\/\/canalregionaltv.md\/wp-content\/uploads\/2023\/10\/Logo_r.png","contentUrl":"https:\/\/canalregionaltv.md\/wp-content\/uploads\/2023\/10\/Logo_r.png","width":403,"height":112,"caption":"Canal Regional"},"image":{"@id":"https:\/\/canalregionaltv.md\/#\/schema\/logo\/image\/"}},{"@type":"Person","@id":"https:\/\/canalregionaltv.md\/#\/schema\/person\/96db60230b2eedd2fd6d09d267f32f8f","name":"admin_axts737o","image":{"@type":"ImageObject","inLanguage":"en-US","@id":"https:\/\/canalregionaltv.md\/#\/schema\/person\/image\/","url":"https:\/\/secure.gravatar.com\/avatar\/409e62ddd56f511fb1262f27a1535ee7719603a42e55b11651be97d388418cae?s=96&d=mm&r=g","contentUrl":"https:\/\/secure.gravatar.com\/avatar\/409e62ddd56f511fb1262f27a1535ee7719603a42e55b11651be97d388418cae?s=96&d=mm&r=g","caption":"admin_axts737o"},"sameAs":["https:\/\/canalregionaltv.md","Canal Regional, Canal Regional TV","canal Regional"],"url":"https:\/\/canalregionaltv.md\/?author=1"}]}},"_links":{"self":[{"href":"https:\/\/canalregionaltv.md\/index.php?rest_route=\/wp\/v2\/posts\/3064","targetHints":{"allow":["GET"]}}],"collection":[{"href":"https:\/\/canalregionaltv.md\/index.php?rest_route=\/wp\/v2\/posts"}],"about":[{"href":"https:\/\/canalregionaltv.md\/index.php?rest_route=\/wp\/v2\/types\/post"}],"author":[{"embeddable":true,"href":"https:\/\/canalregionaltv.md\/index.php?rest_route=\/wp\/v2\/users\/1"}],"replies":[{"embeddable":true,"href":"https:\/\/canalregionaltv.md\/index.php?rest_route=%2Fwp%2Fv2%2Fcomments&post=3064"}],"version-history":[{"count":0,"href":"https:\/\/canalregionaltv.md\/index.php?rest_route=\/wp\/v2\/posts\/3064\/revisions"}],"wp:attachment":[{"href":"https:\/\/canalregionaltv.md\/index.php?rest_route=%2Fwp%2Fv2%2Fmedia&parent=3064"}],"wp:term":[{"taxonomy":"category","embeddable":true,"href":"https:\/\/canalregionaltv.md\/index.php?rest_route=%2Fwp%2Fv2%2Fcategories&post=3064"},{"taxonomy":"post_tag","embeddable":true,"href":"https:\/\/canalregionaltv.md\/index.php?rest_route=%2Fwp%2Fv2%2Ftags&post=3064"}],"curies":[{"name":"wp","href":"https:\/\/api.w.org\/{rel}","templated":true}]}}