{"id":3065,"date":"2026-04-30T17:03:32","date_gmt":"2026-04-30T15:03:32","guid":{"rendered":"https:\/\/canalregionaltv.md\/?p=3065"},"modified":"2026-04-30T17:03:32","modified_gmt":"2026-04-30T15:03:32","slug":"cooperarea-regionala-accelereaza-parcursul-european-al-republicii-moldova-declaratiile-cristinei-gherasimov-la-roma","status":"publish","type":"post","link":"https:\/\/canalregionaltv.md\/?p=3065","title":{"rendered":"Cooperarea regional\u0103 accelereaz\u0103 parcursul european al Republicii Moldova: declara\u021biile Cristinei Gherasimov la Roma"},"content":{"rendered":"<section class=\"text-token-text-primary w-full focus:outline-none [--shadow-height:45px] has-data-writing-block:pointer-events-none has-data-writing-block:-mt-(--shadow-height) has-data-writing-block:pt-(--shadow-height) [&amp;:has([data-writing-block])&gt;*]:pointer-events-auto [content-visibility:auto] supports-[content-visibility:auto]:[contain-intrinsic-size:auto_100lvh] R6Vx5W_threadScrollVars scroll-mb-[calc(var(--scroll-root-safe-area-inset-bottom,0px)+var(--thread-response-height))] scroll-mt-[calc(var(--header-height)+min(200px,max(70px,20svh)))]\" dir=\"auto\" data-turn-id=\"request-WEB:32419728-0e1a-4d35-97f0-f4aca959f833-3\" data-testid=\"conversation-turn-8\" data-scroll-anchor=\"false\" data-turn=\"assistant\">\n<div class=\"text-base my-auto mx-auto pb-10 [--thread-content-margin:var(--thread-content-margin-xs,calc(var(--spacing)*4))] @w-sm\/main:[--thread-content-margin:var(--thread-content-margin-sm,calc(var(--spacing)*6))] @w-lg\/main:[--thread-content-margin:var(--thread-content-margin-lg,calc(var(--spacing)*16))] px-(--thread-content-margin)\">\n<div class=\"[--thread-content-max-width:40rem] @w-lg\/main:[--thread-content-max-width:48rem] mx-auto max-w-(--thread-content-max-width) flex-1 group\/turn-messages focus-visible:outline-hidden relative flex w-full min-w-0 flex-col agent-turn\">\n<div class=\"flex max-w-full flex-col gap-4 grow\">\n<div class=\"min-h-8 text-message relative flex w-full flex-col items-end gap-2 text-start break-words whitespace-normal outline-none keyboard-focused:focus-ring [.text-message+&amp;]:mt-1\" dir=\"auto\" data-message-author-role=\"assistant\" data-message-id=\"45bf99b5-b52b-4143-935e-3793e4108376\" data-message-model-slug=\"gpt-5-3\" data-turn-start-message=\"true\">\n<div class=\"flex w-full flex-col gap-1 empty:hidden\">\n<div class=\"markdown prose dark:prose-invert w-full wrap-break-word light markdown-new-styling\">\n<h3 data-start=\"122\" data-end=\"597\"><strong>Proiectele comune \u0219i schimbul de experien\u021b\u0103 \u00een domenii strategice precum securitatea, energia \u0219i conectivitatea ofer\u0103 Republicii Moldova noi oportunit\u0103\u021bi concrete pentru avansarea procesului de aderare la Uniunea European\u0103. Declara\u021bia a fost f\u0103cut\u0103 de viceprim-ministra pentru Integrare European\u0103, Cristina Gherasimov, \u00een cadrul conferin\u021bei \u201eCooperarea regional\u0103 \u0219i extinderea Uniunii Europene: parcursul Republicii Moldova spre UE\u201d, desf\u0103\u0219urat\u0103 la Roma.<\/strong><\/h3>\n<p data-start=\"599\" data-end=\"998\">Evenimentul a reunit oficiali italieni, exper\u021bi \u0219i reprezentan\u021bi ai societ\u0103\u021bii civile \u0219i a fost organizat de Ambasada Republicii Moldova \u00een Italia, \u00een parteneriat cu Ambasada Rom\u00e2niei \u0219i Institutul \u201eLuigi Sturzo\u201d. Discu\u021biile s-au concentrat pe evolu\u021biile recente ale Republicii Moldova \u00een procesul de integrare european\u0103 \u0219i pe mecanismele prin care cooperarea regional\u0103 poate sprijini acest parcurs.<\/p>\n<p data-start=\"1000\" data-end=\"1399\">\u00cen interven\u021bia sa, Cristina Gherasimov a eviden\u021biat importan\u021ba colabor\u0103rii dintre statele din regiune, subliniind c\u0103 aceasta contribuie direct la modernizarea institu\u021biilor \u0219i la alinierea \u021b\u0103rii la standardele europene. \u201eDialogul \u0219i parteneriatele regionale ne ajut\u0103 s\u0103 prelu\u0103m bune practici \u0219i s\u0103 consolid\u0103m domenii esen\u021biale pentru dezvoltarea durabil\u0103 a Republicii Moldova\u201d, a men\u021bionat oficiala.<\/p>\n<p data-start=\"1401\" data-end=\"1621\">Totodat\u0103, viceprim-ministra a atras aten\u021bia asupra rolului Ini\u021biativei Central Europene, pe care a descris-o drept un instrument eficient de sprijin pentru statele candidate la aderare, inclusiv pentru Republica Moldova.<\/p>\n<p data-start=\"1623\" data-end=\"2002\">Vizita de lucru a Cristinei Gherasimov la Roma, desf\u0103\u0219urat\u0103 \u00een perioada 28\u201330 aprilie, a inclus o serie de \u00eentrevederi cu oficiali italieni de rang \u00eenalt. Printre acestea s-a num\u0103rat \u0219i \u00eent\u00e2lnirea cu Tommaso Foti. De asemenea, oficiala moldovean\u0103 a participat la audieri \u00een comisiile pentru politici europene, afaceri externe \u0219i ap\u0103rare din Senatul Italiei \u0219i Camera Deputa\u021bilor.<\/p>\n<p data-start=\"2004\" data-end=\"2261\" data-is-last-node=\"\" data-is-only-node=\"\">Participarea la astfel de evenimente interna\u021bionale \u0219i consolidarea dialogului cu partenerii europeni sunt considerate esen\u021biale pentru avansarea agendei de integrare european\u0103 a Republicii Moldova \u0219i pentru ob\u021binerea unui sprijin mai amplu \u00een acest proces.<\/p>\n<\/div>\n<\/div>\n<\/div>\n<\/div>\n<div class=\"z-0 flex min-h-[46px] justify-start\"><\/div>\n<\/div>\n<\/div>\n<\/section>\n<div class=\"pointer-events-none -mt-px h-px translate-y-[calc(var(--scroll-root-safe-area-inset-bottom)-14*var(--spacing))]\" aria-hidden=\"true\"><\/div>\n<p>Articolul <a href=\"https:\/\/nordnews.md\/uncategorized\/cooperarea-regionala-accelereaza-parcursul-european-al-republicii-moldova-declaratiile-cristinei-gherasimov-la-roma\/\">Cooperarea regional\u0103 accelereaz\u0103 parcursul european al Republicii Moldova: declara\u021biile Cristinei Gherasimov la Roma<\/a> apare prima dat\u0103 \u00een <a href=\"https:\/\/nordnews.md\/\">NordNews<\/a>.<\/p>","protected":false},"excerpt":{"rendered":"<p>Proiectele comune \u0219i schimbul de experien\u021b\u0103 \u00een domenii strategice precum securitatea, energia \u0219i conectivitatea ofer\u0103 Republicii Moldova noi oportunit\u0103\u021bi concrete pentru avansarea procesului de aderare [&hellip;]<\/p>\n","protected":false},"author":1,"featured_media":0,"comment_status":"open","ping_status":"closed","sticky":false,"template":"","format":"standard","meta":{"footnotes":""},"categories":[1],"tags":[],"class_list":["post-3065","post","type-post","status-publish","format-standard","hentry","category-uncategorized"],"yoast_head":"<!-- This site is optimized with the Yoast SEO plugin v21.3 - https:\/\/yoast.com\/wordpress\/plugins\/seo\/ -->\n<title>Cooperarea regional\u0103 accelereaz\u0103 parcursul european al Republicii Moldova: declara\u021biile Cristinei Gherasimov la Roma - Canal Regional<\/title>\n<meta name=\"robots\" content=\"index, follow, max-snippet:-1, max-image-preview:large, max-video-preview:-1\" \/>\n<link rel=\"canonical\" href=\"https:\/\/canalregionaltv.md\/?p=3065\" \/>\n<meta property=\"og:locale\" content=\"en_US\" \/>\n<meta property=\"og:type\" content=\"article\" \/>\n<meta property=\"og:title\" content=\"Cooperarea regional\u0103 accelereaz\u0103 parcursul european al Republicii Moldova: declara\u021biile Cristinei Gherasimov la Roma - Canal Regional\" \/>\n<meta property=\"og:description\" content=\"Proiectele comune \u0219i schimbul de experien\u021b\u0103 \u00een domenii strategice precum securitatea, energia \u0219i conectivitatea ofer\u0103 Republicii Moldova noi oportunit\u0103\u021bi concrete pentru avansarea procesului de aderare [&hellip;]\" \/>\n<meta property=\"og:url\" content=\"https:\/\/canalregionaltv.md\/?p=3065\" \/>\n<meta property=\"og:site_name\" content=\"Canal Regional\" \/>\n<meta property=\"article:author\" content=\"Canal Regional, Canal Regional TV\" \/>\n<meta property=\"article:published_time\" content=\"2026-04-30T15:03:32+00:00\" \/>\n<meta name=\"author\" content=\"admin_axts737o\" \/>\n<meta name=\"twitter:card\" content=\"summary_large_image\" \/>\n<meta name=\"twitter:label1\" content=\"Written by\" \/>\n\t<meta name=\"twitter:data1\" content=\"admin_axts737o\" \/>\n\t<meta name=\"twitter:label2\" content=\"Est. reading time\" \/>\n\t<meta name=\"twitter:data2\" content=\"2 minutes\" \/>\n<script type=\"application\/ld+json\" class=\"yoast-schema-graph\">{\"@context\":\"https:\/\/schema.org\",\"@graph\":[{\"@type\":\"Article\",\"@id\":\"https:\/\/canalregionaltv.md\/?p=3065#article\",\"isPartOf\":{\"@id\":\"https:\/\/canalregionaltv.md\/?p=3065\"},\"author\":{\"name\":\"admin_axts737o\",\"@id\":\"https:\/\/canalregionaltv.md\/#\/schema\/person\/96db60230b2eedd2fd6d09d267f32f8f\"},\"headline\":\"Cooperarea regional\u0103 accelereaz\u0103 parcursul european al Republicii Moldova: declara\u021biile Cristinei Gherasimov la Roma\",\"datePublished\":\"2026-04-30T15:03:32+00:00\",\"dateModified\":\"2026-04-30T15:03:32+00:00\",\"mainEntityOfPage\":{\"@id\":\"https:\/\/canalregionaltv.md\/?p=3065\"},\"wordCount\":346,\"commentCount\":0,\"publisher\":{\"@id\":\"https:\/\/canalregionaltv.md\/#organization\"},\"inLanguage\":\"en-US\",\"potentialAction\":[{\"@type\":\"CommentAction\",\"name\":\"Comment\",\"target\":[\"https:\/\/canalregionaltv.md\/?p=3065#respond\"]}]},{\"@type\":\"WebPage\",\"@id\":\"https:\/\/canalregionaltv.md\/?p=3065\",\"url\":\"https:\/\/canalregionaltv.md\/?p=3065\",\"name\":\"Cooperarea regional\u0103 accelereaz\u0103 parcursul european al Republicii Moldova: declara\u021biile Cristinei Gherasimov la Roma - Canal Regional\",\"isPartOf\":{\"@id\":\"https:\/\/canalregionaltv.md\/#website\"},\"datePublished\":\"2026-04-30T15:03:32+00:00\",\"dateModified\":\"2026-04-30T15:03:32+00:00\",\"breadcrumb\":{\"@id\":\"https:\/\/canalregionaltv.md\/?p=3065#breadcrumb\"},\"inLanguage\":\"en-US\",\"potentialAction\":[{\"@type\":\"ReadAction\",\"target\":[\"https:\/\/canalregionaltv.md\/?p=3065\"]}]},{\"@type\":\"BreadcrumbList\",\"@id\":\"https:\/\/canalregionaltv.md\/?p=3065#breadcrumb\",\"itemListElement\":[{\"@type\":\"ListItem\",\"position\":1,\"name\":\"Home\",\"item\":\"https:\/\/canalregionaltv.md\/\"},{\"@type\":\"ListItem\",\"position\":2,\"name\":\"Cooperarea regional\u0103 accelereaz\u0103 parcursul european al Republicii Moldova: declara\u021biile Cristinei Gherasimov la Roma\"}]},{\"@type\":\"WebSite\",\"@id\":\"https:\/\/canalregionaltv.md\/#website\",\"url\":\"https:\/\/canalregionaltv.md\/\",\"name\":\"Canal Regional\",\"description\":\"Canal Regional\",\"publisher\":{\"@id\":\"https:\/\/canalregionaltv.md\/#organization\"},\"potentialAction\":[{\"@type\":\"SearchAction\",\"target\":{\"@type\":\"EntryPoint\",\"urlTemplate\":\"https:\/\/canalregionaltv.md\/?s={search_term_string}\"},\"query-input\":\"required name=search_term_string\"}],\"inLanguage\":\"en-US\"},{\"@type\":\"Organization\",\"@id\":\"https:\/\/canalregionaltv.md\/#organization\",\"name\":\"Canal Regional\",\"url\":\"https:\/\/canalregionaltv.md\/\",\"logo\":{\"@type\":\"ImageObject\",\"inLanguage\":\"en-US\",\"@id\":\"https:\/\/canalregionaltv.md\/#\/schema\/logo\/image\/\",\"url\":\"https:\/\/canalregionaltv.md\/wp-content\/uploads\/2023\/10\/Logo_r.png\",\"contentUrl\":\"https:\/\/canalregionaltv.md\/wp-content\/uploads\/2023\/10\/Logo_r.png\",\"width\":403,\"height\":112,\"caption\":\"Canal Regional\"},\"image\":{\"@id\":\"https:\/\/canalregionaltv.md\/#\/schema\/logo\/image\/\"}},{\"@type\":\"Person\",\"@id\":\"https:\/\/canalregionaltv.md\/#\/schema\/person\/96db60230b2eedd2fd6d09d267f32f8f\",\"name\":\"admin_axts737o\",\"image\":{\"@type\":\"ImageObject\",\"inLanguage\":\"en-US\",\"@id\":\"https:\/\/canalregionaltv.md\/#\/schema\/person\/image\/\",\"url\":\"https:\/\/secure.gravatar.com\/avatar\/409e62ddd56f511fb1262f27a1535ee7719603a42e55b11651be97d388418cae?s=96&d=mm&r=g\",\"contentUrl\":\"https:\/\/secure.gravatar.com\/avatar\/409e62ddd56f511fb1262f27a1535ee7719603a42e55b11651be97d388418cae?s=96&d=mm&r=g\",\"caption\":\"admin_axts737o\"},\"sameAs\":[\"https:\/\/canalregionaltv.md\",\"Canal Regional, Canal Regional TV\",\"canal Regional\"],\"url\":\"https:\/\/canalregionaltv.md\/?author=1\"}]}<\/script>\n<!-- \/ Yoast SEO plugin. -->","yoast_head_json":{"title":"Cooperarea regional\u0103 accelereaz\u0103 parcursul european al Republicii Moldova: declara\u021biile Cristinei Gherasimov la Roma - Canal Regional","robots":{"index":"index","follow":"follow","max-snippet":"max-snippet:-1","max-image-preview":"max-image-preview:large","max-video-preview":"max-video-preview:-1"},"canonical":"https:\/\/canalregionaltv.md\/?p=3065","og_locale":"en_US","og_type":"article","og_title":"Cooperarea regional\u0103 accelereaz\u0103 parcursul european al Republicii Moldova: declara\u021biile Cristinei Gherasimov la Roma - Canal Regional","og_description":"Proiectele comune \u0219i schimbul de experien\u021b\u0103 \u00een domenii strategice precum securitatea, energia \u0219i conectivitatea ofer\u0103 Republicii Moldova noi oportunit\u0103\u021bi concrete pentru avansarea procesului de aderare [&hellip;]","og_url":"https:\/\/canalregionaltv.md\/?p=3065","og_site_name":"Canal Regional","article_author":"Canal Regional, Canal Regional TV","article_published_time":"2026-04-30T15:03:32+00:00","author":"admin_axts737o","twitter_card":"summary_large_image","twitter_misc":{"Written by":"admin_axts737o","Est. reading time":"2 minutes"},"schema":{"@context":"https:\/\/schema.org","@graph":[{"@type":"Article","@id":"https:\/\/canalregionaltv.md\/?p=3065#article","isPartOf":{"@id":"https:\/\/canalregionaltv.md\/?p=3065"},"author":{"name":"admin_axts737o","@id":"https:\/\/canalregionaltv.md\/#\/schema\/person\/96db60230b2eedd2fd6d09d267f32f8f"},"headline":"Cooperarea regional\u0103 accelereaz\u0103 parcursul european al Republicii Moldova: declara\u021biile Cristinei Gherasimov la Roma","datePublished":"2026-04-30T15:03:32+00:00","dateModified":"2026-04-30T15:03:32+00:00","mainEntityOfPage":{"@id":"https:\/\/canalregionaltv.md\/?p=3065"},"wordCount":346,"commentCount":0,"publisher":{"@id":"https:\/\/canalregionaltv.md\/#organization"},"inLanguage":"en-US","potentialAction":[{"@type":"CommentAction","name":"Comment","target":["https:\/\/canalregionaltv.md\/?p=3065#respond"]}]},{"@type":"WebPage","@id":"https:\/\/canalregionaltv.md\/?p=3065","url":"https:\/\/canalregionaltv.md\/?p=3065","name":"Cooperarea regional\u0103 accelereaz\u0103 parcursul european al Republicii Moldova: declara\u021biile Cristinei Gherasimov la Roma - Canal Regional","isPartOf":{"@id":"https:\/\/canalregionaltv.md\/#website"},"datePublished":"2026-04-30T15:03:32+00:00","dateModified":"2026-04-30T15:03:32+00:00","breadcrumb":{"@id":"https:\/\/canalregionaltv.md\/?p=3065#breadcrumb"},"inLanguage":"en-US","potentialAction":[{"@type":"ReadAction","target":["https:\/\/canalregionaltv.md\/?p=3065"]}]},{"@type":"BreadcrumbList","@id":"https:\/\/canalregionaltv.md\/?p=3065#breadcrumb","itemListElement":[{"@type":"ListItem","position":1,"name":"Home","item":"https:\/\/canalregionaltv.md\/"},{"@type":"ListItem","position":2,"name":"Cooperarea regional\u0103 accelereaz\u0103 parcursul european al Republicii Moldova: declara\u021biile Cristinei Gherasimov la Roma"}]},{"@type":"WebSite","@id":"https:\/\/canalregionaltv.md\/#website","url":"https:\/\/canalregionaltv.md\/","name":"Canal Regional","description":"Canal Regional","publisher":{"@id":"https:\/\/canalregionaltv.md\/#organization"},"potentialAction":[{"@type":"SearchAction","target":{"@type":"EntryPoint","urlTemplate":"https:\/\/canalregionaltv.md\/?s={search_term_string}"},"query-input":"required name=search_term_string"}],"inLanguage":"en-US"},{"@type":"Organization","@id":"https:\/\/canalregionaltv.md\/#organization","name":"Canal Regional","url":"https:\/\/canalregionaltv.md\/","logo":{"@type":"ImageObject","inLanguage":"en-US","@id":"https:\/\/canalregionaltv.md\/#\/schema\/logo\/image\/","url":"https:\/\/canalregionaltv.md\/wp-content\/uploads\/2023\/10\/Logo_r.png","contentUrl":"https:\/\/canalregionaltv.md\/wp-content\/uploads\/2023\/10\/Logo_r.png","width":403,"height":112,"caption":"Canal Regional"},"image":{"@id":"https:\/\/canalregionaltv.md\/#\/schema\/logo\/image\/"}},{"@type":"Person","@id":"https:\/\/canalregionaltv.md\/#\/schema\/person\/96db60230b2eedd2fd6d09d267f32f8f","name":"admin_axts737o","image":{"@type":"ImageObject","inLanguage":"en-US","@id":"https:\/\/canalregionaltv.md\/#\/schema\/person\/image\/","url":"https:\/\/secure.gravatar.com\/avatar\/409e62ddd56f511fb1262f27a1535ee7719603a42e55b11651be97d388418cae?s=96&d=mm&r=g","contentUrl":"https:\/\/secure.gravatar.com\/avatar\/409e62ddd56f511fb1262f27a1535ee7719603a42e55b11651be97d388418cae?s=96&d=mm&r=g","caption":"admin_axts737o"},"sameAs":["https:\/\/canalregionaltv.md","Canal Regional, Canal Regional TV","canal Regional"],"url":"https:\/\/canalregionaltv.md\/?author=1"}]}},"_links":{"self":[{"href":"https:\/\/canalregionaltv.md\/index.php?rest_route=\/wp\/v2\/posts\/3065","targetHints":{"allow":["GET"]}}],"collection":[{"href":"https:\/\/canalregionaltv.md\/index.php?rest_route=\/wp\/v2\/posts"}],"about":[{"href":"https:\/\/canalregionaltv.md\/index.php?rest_route=\/wp\/v2\/types\/post"}],"author":[{"embeddable":true,"href":"https:\/\/canalregionaltv.md\/index.php?rest_route=\/wp\/v2\/users\/1"}],"replies":[{"embeddable":true,"href":"https:\/\/canalregionaltv.md\/index.php?rest_route=%2Fwp%2Fv2%2Fcomments&post=3065"}],"version-history":[{"count":0,"href":"https:\/\/canalregionaltv.md\/index.php?rest_route=\/wp\/v2\/posts\/3065\/revisions"}],"wp:attachment":[{"href":"https:\/\/canalregionaltv.md\/index.php?rest_route=%2Fwp%2Fv2%2Fmedia&parent=3065"}],"wp:term":[{"taxonomy":"category","embeddable":true,"href":"https:\/\/canalregionaltv.md\/index.php?rest_route=%2Fwp%2Fv2%2Fcategories&post=3065"},{"taxonomy":"post_tag","embeddable":true,"href":"https:\/\/canalregionaltv.md\/index.php?rest_route=%2Fwp%2Fv2%2Ftags&post=3065"}],"curies":[{"name":"wp","href":"https:\/\/api.w.org\/{rel}","templated":true}]}}