{"id":3066,"date":"2026-05-01T17:09:28","date_gmt":"2026-05-01T15:09:28","guid":{"rendered":"https:\/\/canalregionaltv.md\/?p=3066"},"modified":"2026-05-01T17:09:28","modified_gmt":"2026-05-01T15:09:28","slug":"problemele-angajatilor-din-moldova-salariile-restante-si-lipsa-securitatii-la-munca-in-prim-plan","status":"publish","type":"post","link":"https:\/\/canalregionaltv.md\/?p=3066","title":{"rendered":"Problemele angaja\u021bilor din Moldova: salariile restante \u0219i lipsa securit\u0103\u021bii la munc\u0103, \u00een prim-plan"},"content":{"rendered":"<h3>Restan\u021bele salariale, nerespectarea timpului de odihn\u0103 \u0219i neasigurarea securit\u0103\u021bii la locul de munc\u0103 sunt principalele probleme semnalate de angaja\u021bii din R. Moldova. La acestea se adaug\u0103 cazuri \u00een care este \u00eengr\u0103dit dreptul angaja\u021bilor de a se asocia \u00een sindicate sau de a participa la administrarea unit\u0103\u021bii, afirm\u0103 pre\u0219edintele Confedera\u021biei Na\u021bionale a Sindicatelor din Moldova (CNSM), Igor Zubcu.<\/h3>\n<p>\u00cen contextul presiunilor economice tot mai mari, inclusiv infla\u021bia \u0219i costul ridicat al vie\u021bii, problema salariilor r\u0103m\u00e2ne una central\u0103. Igor Zubcu afirm\u0103 c\u0103 majorarea salariului minim este o prioritate pentru CNSM, transmite <a href=\"https:\/\/moldova1.md\/p\/75068\/restantele-salariale-si-lipsa-securitatii-la-locul-de-munca-principalele-probleme-reclamate-de-angajatii-din-r-moldova\">Moldova 1<\/a>.<\/p>\n<blockquote>\n<p><em>\u201eCre\u0219terea salariului minim este o prioritate \u0219i, \u00een general, a salariului care ar asigura o via\u021b\u0103 decent\u0103 lucr\u0103torilor \u0219i familiilor acestora. Noi avem ca prioritate stabilirea salariului minim \u00een valoare de 50% din salariul mediu care este pe moment. Desigur c\u0103 acest deziderat nu este at\u00e2t de simplu s\u0103-l realiz\u0103m \u00een condi\u021biile social-economice din Republica Moldova\u201d<\/em>, a declarat Zubcu, la emisiunea\u00a0<a href=\"https:\/\/radiomoldova.md\/s\/en\/36\">Zi de Zi<\/a>\u00a0de la Radio Moldova.<\/p>\n<\/blockquote>\n<p>O strategie a pa\u0219ilor mici \u00een acest context nu ar fi eficient\u0103, a ad\u0103ugat el.<\/p>\n<p><em>\u201eEste nevoie de un salt ca s\u0103 convingem lucr\u0103torii no\u0219tri s\u0103 r\u0103m\u00e2n\u0103 \u00een R. Moldova, ca s\u0103 construim o Moldova social\u0103, o Moldova european\u0103 cu moldoveni \u0219i pentru moldoveni\u201d<\/em>, a punctat Zubcu.<\/p>\n<p>\u00cen acela\u0219i context, specialistul a criticat tendin\u021ba de a acoperi deficitul de personal prin import de for\u021b\u0103 de munc\u0103, preciz\u00e2nd c\u0103 acest fenomen nu ar trebui s\u0103 fr\u00e2neze cre\u0219terea salariilor.<\/p>\n<p>Migra\u021bia economic\u0103 r\u0103m\u00e2ne str\u00e2ns legat\u0103 de nivelul veniturilor \u0219i de condi\u021biile de munc\u0103. Liderul sindical consider\u0103 c\u0103 solu\u021bia pe termen lung const\u0103 \u00een consolidarea \u00eencrederii \u0219i \u00een dezvoltarea unui dialog social autentic. El a comparat pia\u021ba muncii cu o re\u021bea de drumuri, iar dialogul social cu un regulament de circula\u021bie, subliniind c\u0103 respectarea regulilor este esen\u021bial\u0103 pentru func\u021bionarea \u00eentregului sistem.<\/p>\n<p>Astfel, Igor Zubcu a pledat pentru locuri de munc\u0103 sigure, bine pl\u0103tite \u0219i adaptate nevoilor angaja\u021bilor, nu invers.<\/p>\n<p>\u00cen ceea ce prive\u0219te rela\u021bia cu autorit\u0103\u021bile \u0219i angajatorii, Igor Zubcu s-a ar\u0103tat moderat optimist. Acesta a afirmat c\u0103, prin dialog \u0219i colaborare responsabil\u0103, pot fi identificate solu\u021bii echilibrate pentru problemele sociale \u0219i economice.<\/p>\n<p>El a men\u021bionat c\u0103, \u00een premier\u0103, \u00een cadrul Comisiei na\u021bionale pentru consult\u0103ri \u0219i negocieri colective a fost stabilit un grafic lunar al \u0219edin\u021belor, unde sunt discutate priorit\u0103\u021bile fiec\u0103rei p\u0103r\u021bi.<\/p>\n<blockquote>\n<p><em>\u201eDac\u0103 vorbim despre salariu, pe ordinea de zi la fiecare \u0219edin\u021b\u0103 este cre\u0219terea salariului minim pentru anul 2027. Avem foarte mul\u021bi membri de sindicate \u0219i din sectorul bugetar, aici m\u0103 refer la domeniul educa\u021biei, culturii, func\u021bionarii publici, func\u021bionarii publici cu statut special \u0219i, desigur, lucr\u0103tori medicali care sunt finan\u021ba\u021bi din sectorul bugetar\u201d<\/em>, a enumerat liderul CNSM.<\/p>\n<\/blockquote>\n<p>Potrivit lui Igor Zubcu, la stabilirea salariului minim ar trebui s\u0103 fie luate \u00een calcul scumpirile \u0219i majorarea tarifelor la resursele energetice.<\/p>\n<p>Men\u021bion\u0103m c\u0103, pentru 2026, salariul minim pe economie a fost stabilit \u00een cuantum de 6.300 de lei, iar cel mediu \u2013 de 17.400 de lei, cu 1.300 de lei mai mult dec\u00e2t cel din 2025.<\/p>\n<p>Articolul <a href=\"https:\/\/nordnews.md\/stiri-nationale\/probleme-angajati-moldova-salarii-securitate-munca\/\">Problemele angaja\u021bilor din Moldova: salariile restante \u0219i lipsa securit\u0103\u021bii la munc\u0103, \u00een prim-plan<\/a> apare prima dat\u0103 \u00een <a href=\"https:\/\/nordnews.md\/\">NordNews<\/a>.<\/p>","protected":false},"excerpt":{"rendered":"<p>Restan\u021bele salariale, nerespectarea timpului de odihn\u0103 \u0219i neasigurarea securit\u0103\u021bii la locul de munc\u0103 sunt principalele probleme semnalate de angaja\u021bii din R. Moldova. La acestea se [&hellip;]<\/p>\n","protected":false},"author":1,"featured_media":0,"comment_status":"open","ping_status":"closed","sticky":false,"template":"","format":"standard","meta":{"footnotes":""},"categories":[1],"tags":[],"class_list":["post-3066","post","type-post","status-publish","format-standard","hentry","category-uncategorized"],"yoast_head":"<!-- This site is optimized with the Yoast SEO plugin v21.3 - https:\/\/yoast.com\/wordpress\/plugins\/seo\/ -->\n<title>Problemele angaja\u021bilor din Moldova: salariile restante \u0219i lipsa securit\u0103\u021bii la munc\u0103, \u00een prim-plan - Canal Regional<\/title>\n<meta name=\"robots\" content=\"index, follow, max-snippet:-1, max-image-preview:large, max-video-preview:-1\" \/>\n<link rel=\"canonical\" href=\"https:\/\/canalregionaltv.md\/?p=3066\" \/>\n<meta property=\"og:locale\" content=\"en_US\" \/>\n<meta property=\"og:type\" content=\"article\" \/>\n<meta property=\"og:title\" content=\"Problemele angaja\u021bilor din Moldova: salariile restante \u0219i lipsa securit\u0103\u021bii la munc\u0103, \u00een prim-plan - Canal Regional\" \/>\n<meta property=\"og:description\" content=\"Restan\u021bele salariale, nerespectarea timpului de odihn\u0103 \u0219i neasigurarea securit\u0103\u021bii la locul de munc\u0103 sunt principalele probleme semnalate de angaja\u021bii din R. Moldova. La acestea se [&hellip;]\" \/>\n<meta property=\"og:url\" content=\"https:\/\/canalregionaltv.md\/?p=3066\" \/>\n<meta property=\"og:site_name\" content=\"Canal Regional\" \/>\n<meta property=\"article:author\" content=\"Canal Regional, Canal Regional TV\" \/>\n<meta property=\"article:published_time\" content=\"2026-05-01T15:09:28+00:00\" \/>\n<meta name=\"author\" content=\"admin_axts737o\" \/>\n<meta name=\"twitter:card\" content=\"summary_large_image\" \/>\n<meta name=\"twitter:label1\" content=\"Written by\" \/>\n\t<meta name=\"twitter:data1\" content=\"admin_axts737o\" \/>\n\t<meta name=\"twitter:label2\" content=\"Est. reading time\" \/>\n\t<meta name=\"twitter:data2\" content=\"3 minutes\" \/>\n<script type=\"application\/ld+json\" class=\"yoast-schema-graph\">{\"@context\":\"https:\/\/schema.org\",\"@graph\":[{\"@type\":\"Article\",\"@id\":\"https:\/\/canalregionaltv.md\/?p=3066#article\",\"isPartOf\":{\"@id\":\"https:\/\/canalregionaltv.md\/?p=3066\"},\"author\":{\"name\":\"admin_axts737o\",\"@id\":\"https:\/\/canalregionaltv.md\/#\/schema\/person\/96db60230b2eedd2fd6d09d267f32f8f\"},\"headline\":\"Problemele angaja\u021bilor din Moldova: salariile restante \u0219i lipsa securit\u0103\u021bii la munc\u0103, \u00een prim-plan\",\"datePublished\":\"2026-05-01T15:09:28+00:00\",\"dateModified\":\"2026-05-01T15:09:28+00:00\",\"mainEntityOfPage\":{\"@id\":\"https:\/\/canalregionaltv.md\/?p=3066\"},\"wordCount\":584,\"commentCount\":0,\"publisher\":{\"@id\":\"https:\/\/canalregionaltv.md\/#organization\"},\"inLanguage\":\"en-US\",\"potentialAction\":[{\"@type\":\"CommentAction\",\"name\":\"Comment\",\"target\":[\"https:\/\/canalregionaltv.md\/?p=3066#respond\"]}]},{\"@type\":\"WebPage\",\"@id\":\"https:\/\/canalregionaltv.md\/?p=3066\",\"url\":\"https:\/\/canalregionaltv.md\/?p=3066\",\"name\":\"Problemele angaja\u021bilor din Moldova: salariile restante \u0219i lipsa securit\u0103\u021bii la munc\u0103, \u00een prim-plan - Canal Regional\",\"isPartOf\":{\"@id\":\"https:\/\/canalregionaltv.md\/#website\"},\"datePublished\":\"2026-05-01T15:09:28+00:00\",\"dateModified\":\"2026-05-01T15:09:28+00:00\",\"breadcrumb\":{\"@id\":\"https:\/\/canalregionaltv.md\/?p=3066#breadcrumb\"},\"inLanguage\":\"en-US\",\"potentialAction\":[{\"@type\":\"ReadAction\",\"target\":[\"https:\/\/canalregionaltv.md\/?p=3066\"]}]},{\"@type\":\"BreadcrumbList\",\"@id\":\"https:\/\/canalregionaltv.md\/?p=3066#breadcrumb\",\"itemListElement\":[{\"@type\":\"ListItem\",\"position\":1,\"name\":\"Home\",\"item\":\"https:\/\/canalregionaltv.md\/\"},{\"@type\":\"ListItem\",\"position\":2,\"name\":\"Problemele angaja\u021bilor din Moldova: salariile restante \u0219i lipsa securit\u0103\u021bii la munc\u0103, \u00een prim-plan\"}]},{\"@type\":\"WebSite\",\"@id\":\"https:\/\/canalregionaltv.md\/#website\",\"url\":\"https:\/\/canalregionaltv.md\/\",\"name\":\"Canal Regional\",\"description\":\"Canal Regional\",\"publisher\":{\"@id\":\"https:\/\/canalregionaltv.md\/#organization\"},\"potentialAction\":[{\"@type\":\"SearchAction\",\"target\":{\"@type\":\"EntryPoint\",\"urlTemplate\":\"https:\/\/canalregionaltv.md\/?s={search_term_string}\"},\"query-input\":\"required name=search_term_string\"}],\"inLanguage\":\"en-US\"},{\"@type\":\"Organization\",\"@id\":\"https:\/\/canalregionaltv.md\/#organization\",\"name\":\"Canal Regional\",\"url\":\"https:\/\/canalregionaltv.md\/\",\"logo\":{\"@type\":\"ImageObject\",\"inLanguage\":\"en-US\",\"@id\":\"https:\/\/canalregionaltv.md\/#\/schema\/logo\/image\/\",\"url\":\"https:\/\/canalregionaltv.md\/wp-content\/uploads\/2023\/10\/Logo_r.png\",\"contentUrl\":\"https:\/\/canalregionaltv.md\/wp-content\/uploads\/2023\/10\/Logo_r.png\",\"width\":403,\"height\":112,\"caption\":\"Canal Regional\"},\"image\":{\"@id\":\"https:\/\/canalregionaltv.md\/#\/schema\/logo\/image\/\"}},{\"@type\":\"Person\",\"@id\":\"https:\/\/canalregionaltv.md\/#\/schema\/person\/96db60230b2eedd2fd6d09d267f32f8f\",\"name\":\"admin_axts737o\",\"image\":{\"@type\":\"ImageObject\",\"inLanguage\":\"en-US\",\"@id\":\"https:\/\/canalregionaltv.md\/#\/schema\/person\/image\/\",\"url\":\"https:\/\/secure.gravatar.com\/avatar\/409e62ddd56f511fb1262f27a1535ee7719603a42e55b11651be97d388418cae?s=96&d=mm&r=g\",\"contentUrl\":\"https:\/\/secure.gravatar.com\/avatar\/409e62ddd56f511fb1262f27a1535ee7719603a42e55b11651be97d388418cae?s=96&d=mm&r=g\",\"caption\":\"admin_axts737o\"},\"sameAs\":[\"https:\/\/canalregionaltv.md\",\"Canal Regional, Canal Regional TV\",\"canal Regional\"],\"url\":\"https:\/\/canalregionaltv.md\/?author=1\"}]}<\/script>\n<!-- \/ Yoast SEO plugin. -->","yoast_head_json":{"title":"Problemele angaja\u021bilor din Moldova: salariile restante \u0219i lipsa securit\u0103\u021bii la munc\u0103, \u00een prim-plan - Canal Regional","robots":{"index":"index","follow":"follow","max-snippet":"max-snippet:-1","max-image-preview":"max-image-preview:large","max-video-preview":"max-video-preview:-1"},"canonical":"https:\/\/canalregionaltv.md\/?p=3066","og_locale":"en_US","og_type":"article","og_title":"Problemele angaja\u021bilor din Moldova: salariile restante \u0219i lipsa securit\u0103\u021bii la munc\u0103, \u00een prim-plan - Canal Regional","og_description":"Restan\u021bele salariale, nerespectarea timpului de odihn\u0103 \u0219i neasigurarea securit\u0103\u021bii la locul de munc\u0103 sunt principalele probleme semnalate de angaja\u021bii din R. Moldova. La acestea se [&hellip;]","og_url":"https:\/\/canalregionaltv.md\/?p=3066","og_site_name":"Canal Regional","article_author":"Canal Regional, Canal Regional TV","article_published_time":"2026-05-01T15:09:28+00:00","author":"admin_axts737o","twitter_card":"summary_large_image","twitter_misc":{"Written by":"admin_axts737o","Est. reading time":"3 minutes"},"schema":{"@context":"https:\/\/schema.org","@graph":[{"@type":"Article","@id":"https:\/\/canalregionaltv.md\/?p=3066#article","isPartOf":{"@id":"https:\/\/canalregionaltv.md\/?p=3066"},"author":{"name":"admin_axts737o","@id":"https:\/\/canalregionaltv.md\/#\/schema\/person\/96db60230b2eedd2fd6d09d267f32f8f"},"headline":"Problemele angaja\u021bilor din Moldova: salariile restante \u0219i lipsa securit\u0103\u021bii la munc\u0103, \u00een prim-plan","datePublished":"2026-05-01T15:09:28+00:00","dateModified":"2026-05-01T15:09:28+00:00","mainEntityOfPage":{"@id":"https:\/\/canalregionaltv.md\/?p=3066"},"wordCount":584,"commentCount":0,"publisher":{"@id":"https:\/\/canalregionaltv.md\/#organization"},"inLanguage":"en-US","potentialAction":[{"@type":"CommentAction","name":"Comment","target":["https:\/\/canalregionaltv.md\/?p=3066#respond"]}]},{"@type":"WebPage","@id":"https:\/\/canalregionaltv.md\/?p=3066","url":"https:\/\/canalregionaltv.md\/?p=3066","name":"Problemele angaja\u021bilor din Moldova: salariile restante \u0219i lipsa securit\u0103\u021bii la munc\u0103, \u00een prim-plan - Canal Regional","isPartOf":{"@id":"https:\/\/canalregionaltv.md\/#website"},"datePublished":"2026-05-01T15:09:28+00:00","dateModified":"2026-05-01T15:09:28+00:00","breadcrumb":{"@id":"https:\/\/canalregionaltv.md\/?p=3066#breadcrumb"},"inLanguage":"en-US","potentialAction":[{"@type":"ReadAction","target":["https:\/\/canalregionaltv.md\/?p=3066"]}]},{"@type":"BreadcrumbList","@id":"https:\/\/canalregionaltv.md\/?p=3066#breadcrumb","itemListElement":[{"@type":"ListItem","position":1,"name":"Home","item":"https:\/\/canalregionaltv.md\/"},{"@type":"ListItem","position":2,"name":"Problemele angaja\u021bilor din Moldova: salariile restante \u0219i lipsa securit\u0103\u021bii la munc\u0103, \u00een prim-plan"}]},{"@type":"WebSite","@id":"https:\/\/canalregionaltv.md\/#website","url":"https:\/\/canalregionaltv.md\/","name":"Canal Regional","description":"Canal Regional","publisher":{"@id":"https:\/\/canalregionaltv.md\/#organization"},"potentialAction":[{"@type":"SearchAction","target":{"@type":"EntryPoint","urlTemplate":"https:\/\/canalregionaltv.md\/?s={search_term_string}"},"query-input":"required name=search_term_string"}],"inLanguage":"en-US"},{"@type":"Organization","@id":"https:\/\/canalregionaltv.md\/#organization","name":"Canal Regional","url":"https:\/\/canalregionaltv.md\/","logo":{"@type":"ImageObject","inLanguage":"en-US","@id":"https:\/\/canalregionaltv.md\/#\/schema\/logo\/image\/","url":"https:\/\/canalregionaltv.md\/wp-content\/uploads\/2023\/10\/Logo_r.png","contentUrl":"https:\/\/canalregionaltv.md\/wp-content\/uploads\/2023\/10\/Logo_r.png","width":403,"height":112,"caption":"Canal Regional"},"image":{"@id":"https:\/\/canalregionaltv.md\/#\/schema\/logo\/image\/"}},{"@type":"Person","@id":"https:\/\/canalregionaltv.md\/#\/schema\/person\/96db60230b2eedd2fd6d09d267f32f8f","name":"admin_axts737o","image":{"@type":"ImageObject","inLanguage":"en-US","@id":"https:\/\/canalregionaltv.md\/#\/schema\/person\/image\/","url":"https:\/\/secure.gravatar.com\/avatar\/409e62ddd56f511fb1262f27a1535ee7719603a42e55b11651be97d388418cae?s=96&d=mm&r=g","contentUrl":"https:\/\/secure.gravatar.com\/avatar\/409e62ddd56f511fb1262f27a1535ee7719603a42e55b11651be97d388418cae?s=96&d=mm&r=g","caption":"admin_axts737o"},"sameAs":["https:\/\/canalregionaltv.md","Canal Regional, Canal Regional TV","canal Regional"],"url":"https:\/\/canalregionaltv.md\/?author=1"}]}},"_links":{"self":[{"href":"https:\/\/canalregionaltv.md\/index.php?rest_route=\/wp\/v2\/posts\/3066","targetHints":{"allow":["GET"]}}],"collection":[{"href":"https:\/\/canalregionaltv.md\/index.php?rest_route=\/wp\/v2\/posts"}],"about":[{"href":"https:\/\/canalregionaltv.md\/index.php?rest_route=\/wp\/v2\/types\/post"}],"author":[{"embeddable":true,"href":"https:\/\/canalregionaltv.md\/index.php?rest_route=\/wp\/v2\/users\/1"}],"replies":[{"embeddable":true,"href":"https:\/\/canalregionaltv.md\/index.php?rest_route=%2Fwp%2Fv2%2Fcomments&post=3066"}],"version-history":[{"count":0,"href":"https:\/\/canalregionaltv.md\/index.php?rest_route=\/wp\/v2\/posts\/3066\/revisions"}],"wp:attachment":[{"href":"https:\/\/canalregionaltv.md\/index.php?rest_route=%2Fwp%2Fv2%2Fmedia&parent=3066"}],"wp:term":[{"taxonomy":"category","embeddable":true,"href":"https:\/\/canalregionaltv.md\/index.php?rest_route=%2Fwp%2Fv2%2Fcategories&post=3066"},{"taxonomy":"post_tag","embeddable":true,"href":"https:\/\/canalregionaltv.md\/index.php?rest_route=%2Fwp%2Fv2%2Ftags&post=3066"}],"curies":[{"name":"wp","href":"https:\/\/api.w.org\/{rel}","templated":true}]}}