{"id":3067,"date":"2026-05-01T17:09:28","date_gmt":"2026-05-01T15:09:28","guid":{"rendered":"https:\/\/canalregionaltv.md\/?p=3067"},"modified":"2026-05-01T17:09:28","modified_gmt":"2026-05-01T15:09:28","slug":"ue-suspenda-finantarea-pentru-serbia-bruxelles-invoca-regresul-in-justitie","status":"publish","type":"post","link":"https:\/\/canalregionaltv.md\/?p=3067","title":{"rendered":"UE suspend\u0103 finan\u021barea pentru Serbia: Bruxelles invoc\u0103 regresul \u00een justi\u021bie"},"content":{"rendered":"<h3 data-start=\"79\" data-end=\"382\">Uniunea European\u0103 a decis s\u0103 \u00eenghe\u021be fondurile destinate Serbiei \u00een cadrul Planului de cre\u0219tere, invoc\u00e2nd lipsa progreselor \u00een reformele din domeniul judiciar. Anun\u021bul a fost f\u0103cut de comisarul european pentru Extindere, Marta Kos, care a acuzat autorit\u0103\u021bile de la Belgrad de \u201eregresie\u201d \u00een acest sector.<\/h3>\n<p data-start=\"384\" data-end=\"653\">Declara\u021biile au fost f\u0103cute pe 30 aprilie, \u00een cadrul unei conferin\u021be desf\u0103\u0219urate \u00een Elve\u021bia, dup\u0103 ce Parlamentul s\u00e2rb a adoptat modific\u0103ri legislative \u00een domeniul justi\u021biei f\u0103r\u0103 consultarea procurorilor, judec\u0103torilor, Uniunii Europene sau a altor institu\u021bii de profil.<\/p>\n<p data-start=\"655\" data-end=\"954\">Potrivit criticilor, reformele aprobate \u00een luna ianuarie sporesc influen\u021ba pre\u0219edin\u021bilor instan\u021belor asupra judec\u0103torilor \u0219i elimin\u0103 o serie de garan\u021bii privind independen\u021ba procurorilor. Aceste schimb\u0103ri au st\u00e2rnit \u00eengrijor\u0103ri at\u00e2t la nivelul Uniunii Europene, c\u00e2t \u0219i \u00een cadrul Consiliului Europei.<\/p>\n<blockquote>\n<p data-start=\"956\" data-end=\"1105\"><em>\u201ePentru moment, am suspendat toate pl\u0103\u021bile \u00een cadrul Planului de cre\u0219tere, deoarece a existat un regres \u00een domeniul justi\u021biei\u201d<\/em>, a declarat Marta Kos.<\/p>\n<\/blockquote>\n<p data-start=\"1107\" data-end=\"1337\">Oficialul european a subliniat c\u0103 accesul la fondurile europene va r\u0103m\u00e2ne blocat p\u00e2n\u0103 c\u00e2nd autorit\u0103\u021bile s\u00e2rbe vor remedia aceste probleme: \u201eP\u00e2n\u0103 nu va fi remediat acest lucru, nu vor putea beneficia de sprijin financiar european\u201d.<\/p>\n<p data-start=\"1339\" data-end=\"1487\">Contactat\u0103 pentru a confirma dac\u0103 decizia privind suspendarea finan\u021b\u0103rii a fost formalizat\u0103, Comisia European\u0103 nu a oferit un r\u0103spuns, potrivit AFP.<\/p>\n<p data-start=\"1489\" data-end=\"1807\">Planul de cre\u0219tere al Uniunii Europene pentru Balcanii de Vest, care vizeaz\u0103 Albania, Kosovo, Macedonia de Nord, Muntenegru, Bosnia \u0219i Her\u021begovina \u0219i Serbia, are un buget total de 6 miliarde de euro pentru perioada 2024\u20132027. Programul urm\u0103re\u0219te stimularea economiilor \u0219i accelerarea procesului de integrare european\u0103.<\/p>\n<p data-start=\"1809\" data-end=\"1964\">Alocarea fondurilor este condi\u021bionat\u0103 de implementarea reformelor, \u00een special \u00een ceea ce prive\u0219te independen\u021ba sistemului judiciar \u0219i combaterea corup\u021biei.<\/p>\n<p data-start=\"1966\" data-end=\"2136\">Serbia a primit prima tran\u0219\u0103 de 56,5 milioane de euro la mijlocul lunii ianuarie, dintr-un total de 1,58 miliarde de euro prev\u0103zut pentru aceast\u0103 \u021bar\u0103 \u00een cadrul planului.<\/p>\n<p data-start=\"2138\" data-end=\"2419\">Marta Kos a criticat \u0219i evolu\u021biile din Serbia \u00een domeniul statului de drept, democra\u021biei \u0219i libert\u0103\u021bii presei. \u201eSerbia este acum extrem de polarizat\u0103\u201d, a declarat aceasta, referindu-se la climatul politic tensionat, marcat de aproximativ un an \u0219i jum\u0103tate de proteste anticorup\u021bie.<\/p>\n<blockquote>\n<p data-start=\"2421\" data-end=\"2565\"><em>\u201eEste candidat\u0103 de peste un deceniu \u0219i, din p\u0103cate, observ\u0103m un recul\u201d<\/em>, a ad\u0103ugat comisara, men\u021bion\u00e2nd \u0219i pozi\u021bia de politic\u0103 extern\u0103 a Serbiei.<\/p>\n<\/blockquote>\n<p data-start=\"2567\" data-end=\"2791\">\u00cen acest context, oficialul european a amintit c\u0103 Serbia r\u0103m\u00e2ne un aliat apropiat al Federa\u021biei Ruse \u0219i unul dintre pu\u021binele state europene care nu au impus sanc\u021biuni Moscovei dup\u0103 invazia asupra Ucrainei din februarie 2022.<\/p>\n<blockquote>\n<p data-start=\"2793\" data-end=\"2860\"><em>\u201eNu po\u021bi fi cu un picior \u00een dou\u0103 tabere\u201d<\/em>, a concluzionat Marta Kos.<\/p>\n<\/blockquote>\n<p>Articolul <a href=\"https:\/\/nordnews.md\/stiri-externe\/ue-suspenda-finantarea-serbia-justitie-reforme\/\">UE suspend\u0103 finan\u021barea pentru Serbia: Bruxelles invoc\u0103 regresul \u00een justi\u021bie<\/a> apare prima dat\u0103 \u00een <a href=\"https:\/\/nordnews.md\/\">NordNews<\/a>.<\/p>","protected":false},"excerpt":{"rendered":"<p>Uniunea European\u0103 a decis s\u0103 \u00eenghe\u021be fondurile destinate Serbiei \u00een cadrul Planului de cre\u0219tere, invoc\u00e2nd lipsa progreselor \u00een reformele din domeniul judiciar. Anun\u021bul a fost [&hellip;]<\/p>\n","protected":false},"author":1,"featured_media":0,"comment_status":"open","ping_status":"closed","sticky":false,"template":"","format":"standard","meta":{"footnotes":""},"categories":[1],"tags":[],"class_list":["post-3067","post","type-post","status-publish","format-standard","hentry","category-uncategorized"],"yoast_head":"<!-- This site is optimized with the Yoast SEO plugin v21.3 - https:\/\/yoast.com\/wordpress\/plugins\/seo\/ -->\n<title>UE suspend\u0103 finan\u021barea pentru Serbia: Bruxelles invoc\u0103 regresul \u00een justi\u021bie - Canal Regional<\/title>\n<meta name=\"robots\" content=\"index, follow, max-snippet:-1, max-image-preview:large, max-video-preview:-1\" \/>\n<link rel=\"canonical\" href=\"https:\/\/canalregionaltv.md\/?p=3067\" \/>\n<meta property=\"og:locale\" content=\"en_US\" \/>\n<meta property=\"og:type\" content=\"article\" \/>\n<meta property=\"og:title\" content=\"UE suspend\u0103 finan\u021barea pentru Serbia: Bruxelles invoc\u0103 regresul \u00een justi\u021bie - Canal Regional\" \/>\n<meta property=\"og:description\" content=\"Uniunea European\u0103 a decis s\u0103 \u00eenghe\u021be fondurile destinate Serbiei \u00een cadrul Planului de cre\u0219tere, invoc\u00e2nd lipsa progreselor \u00een reformele din domeniul judiciar. Anun\u021bul a fost [&hellip;]\" \/>\n<meta property=\"og:url\" content=\"https:\/\/canalregionaltv.md\/?p=3067\" \/>\n<meta property=\"og:site_name\" content=\"Canal Regional\" \/>\n<meta property=\"article:author\" content=\"Canal Regional, Canal Regional TV\" \/>\n<meta property=\"article:published_time\" content=\"2026-05-01T15:09:28+00:00\" \/>\n<meta name=\"author\" content=\"admin_axts737o\" \/>\n<meta name=\"twitter:card\" content=\"summary_large_image\" \/>\n<meta name=\"twitter:label1\" content=\"Written by\" \/>\n\t<meta name=\"twitter:data1\" content=\"admin_axts737o\" \/>\n\t<meta name=\"twitter:label2\" content=\"Est. reading time\" \/>\n\t<meta name=\"twitter:data2\" content=\"2 minutes\" \/>\n<script type=\"application\/ld+json\" class=\"yoast-schema-graph\">{\"@context\":\"https:\/\/schema.org\",\"@graph\":[{\"@type\":\"Article\",\"@id\":\"https:\/\/canalregionaltv.md\/?p=3067#article\",\"isPartOf\":{\"@id\":\"https:\/\/canalregionaltv.md\/?p=3067\"},\"author\":{\"name\":\"admin_axts737o\",\"@id\":\"https:\/\/canalregionaltv.md\/#\/schema\/person\/96db60230b2eedd2fd6d09d267f32f8f\"},\"headline\":\"UE suspend\u0103 finan\u021barea pentru Serbia: Bruxelles invoc\u0103 regresul \u00een justi\u021bie\",\"datePublished\":\"2026-05-01T15:09:28+00:00\",\"dateModified\":\"2026-05-01T15:09:28+00:00\",\"mainEntityOfPage\":{\"@id\":\"https:\/\/canalregionaltv.md\/?p=3067\"},\"wordCount\":494,\"commentCount\":0,\"publisher\":{\"@id\":\"https:\/\/canalregionaltv.md\/#organization\"},\"inLanguage\":\"en-US\",\"potentialAction\":[{\"@type\":\"CommentAction\",\"name\":\"Comment\",\"target\":[\"https:\/\/canalregionaltv.md\/?p=3067#respond\"]}]},{\"@type\":\"WebPage\",\"@id\":\"https:\/\/canalregionaltv.md\/?p=3067\",\"url\":\"https:\/\/canalregionaltv.md\/?p=3067\",\"name\":\"UE suspend\u0103 finan\u021barea pentru Serbia: Bruxelles invoc\u0103 regresul \u00een justi\u021bie - Canal Regional\",\"isPartOf\":{\"@id\":\"https:\/\/canalregionaltv.md\/#website\"},\"datePublished\":\"2026-05-01T15:09:28+00:00\",\"dateModified\":\"2026-05-01T15:09:28+00:00\",\"breadcrumb\":{\"@id\":\"https:\/\/canalregionaltv.md\/?p=3067#breadcrumb\"},\"inLanguage\":\"en-US\",\"potentialAction\":[{\"@type\":\"ReadAction\",\"target\":[\"https:\/\/canalregionaltv.md\/?p=3067\"]}]},{\"@type\":\"BreadcrumbList\",\"@id\":\"https:\/\/canalregionaltv.md\/?p=3067#breadcrumb\",\"itemListElement\":[{\"@type\":\"ListItem\",\"position\":1,\"name\":\"Home\",\"item\":\"https:\/\/canalregionaltv.md\/\"},{\"@type\":\"ListItem\",\"position\":2,\"name\":\"UE suspend\u0103 finan\u021barea pentru Serbia: Bruxelles invoc\u0103 regresul \u00een justi\u021bie\"}]},{\"@type\":\"WebSite\",\"@id\":\"https:\/\/canalregionaltv.md\/#website\",\"url\":\"https:\/\/canalregionaltv.md\/\",\"name\":\"Canal Regional\",\"description\":\"Canal Regional\",\"publisher\":{\"@id\":\"https:\/\/canalregionaltv.md\/#organization\"},\"potentialAction\":[{\"@type\":\"SearchAction\",\"target\":{\"@type\":\"EntryPoint\",\"urlTemplate\":\"https:\/\/canalregionaltv.md\/?s={search_term_string}\"},\"query-input\":\"required name=search_term_string\"}],\"inLanguage\":\"en-US\"},{\"@type\":\"Organization\",\"@id\":\"https:\/\/canalregionaltv.md\/#organization\",\"name\":\"Canal Regional\",\"url\":\"https:\/\/canalregionaltv.md\/\",\"logo\":{\"@type\":\"ImageObject\",\"inLanguage\":\"en-US\",\"@id\":\"https:\/\/canalregionaltv.md\/#\/schema\/logo\/image\/\",\"url\":\"https:\/\/canalregionaltv.md\/wp-content\/uploads\/2023\/10\/Logo_r.png\",\"contentUrl\":\"https:\/\/canalregionaltv.md\/wp-content\/uploads\/2023\/10\/Logo_r.png\",\"width\":403,\"height\":112,\"caption\":\"Canal Regional\"},\"image\":{\"@id\":\"https:\/\/canalregionaltv.md\/#\/schema\/logo\/image\/\"}},{\"@type\":\"Person\",\"@id\":\"https:\/\/canalregionaltv.md\/#\/schema\/person\/96db60230b2eedd2fd6d09d267f32f8f\",\"name\":\"admin_axts737o\",\"image\":{\"@type\":\"ImageObject\",\"inLanguage\":\"en-US\",\"@id\":\"https:\/\/canalregionaltv.md\/#\/schema\/person\/image\/\",\"url\":\"https:\/\/secure.gravatar.com\/avatar\/409e62ddd56f511fb1262f27a1535ee7719603a42e55b11651be97d388418cae?s=96&d=mm&r=g\",\"contentUrl\":\"https:\/\/secure.gravatar.com\/avatar\/409e62ddd56f511fb1262f27a1535ee7719603a42e55b11651be97d388418cae?s=96&d=mm&r=g\",\"caption\":\"admin_axts737o\"},\"sameAs\":[\"https:\/\/canalregionaltv.md\",\"Canal Regional, Canal Regional TV\",\"canal Regional\"],\"url\":\"https:\/\/canalregionaltv.md\/?author=1\"}]}<\/script>\n<!-- \/ Yoast SEO plugin. -->","yoast_head_json":{"title":"UE suspend\u0103 finan\u021barea pentru Serbia: Bruxelles invoc\u0103 regresul \u00een justi\u021bie - Canal Regional","robots":{"index":"index","follow":"follow","max-snippet":"max-snippet:-1","max-image-preview":"max-image-preview:large","max-video-preview":"max-video-preview:-1"},"canonical":"https:\/\/canalregionaltv.md\/?p=3067","og_locale":"en_US","og_type":"article","og_title":"UE suspend\u0103 finan\u021barea pentru Serbia: Bruxelles invoc\u0103 regresul \u00een justi\u021bie - Canal Regional","og_description":"Uniunea European\u0103 a decis s\u0103 \u00eenghe\u021be fondurile destinate Serbiei \u00een cadrul Planului de cre\u0219tere, invoc\u00e2nd lipsa progreselor \u00een reformele din domeniul judiciar. Anun\u021bul a fost [&hellip;]","og_url":"https:\/\/canalregionaltv.md\/?p=3067","og_site_name":"Canal Regional","article_author":"Canal Regional, Canal Regional TV","article_published_time":"2026-05-01T15:09:28+00:00","author":"admin_axts737o","twitter_card":"summary_large_image","twitter_misc":{"Written by":"admin_axts737o","Est. reading time":"2 minutes"},"schema":{"@context":"https:\/\/schema.org","@graph":[{"@type":"Article","@id":"https:\/\/canalregionaltv.md\/?p=3067#article","isPartOf":{"@id":"https:\/\/canalregionaltv.md\/?p=3067"},"author":{"name":"admin_axts737o","@id":"https:\/\/canalregionaltv.md\/#\/schema\/person\/96db60230b2eedd2fd6d09d267f32f8f"},"headline":"UE suspend\u0103 finan\u021barea pentru Serbia: Bruxelles invoc\u0103 regresul \u00een justi\u021bie","datePublished":"2026-05-01T15:09:28+00:00","dateModified":"2026-05-01T15:09:28+00:00","mainEntityOfPage":{"@id":"https:\/\/canalregionaltv.md\/?p=3067"},"wordCount":494,"commentCount":0,"publisher":{"@id":"https:\/\/canalregionaltv.md\/#organization"},"inLanguage":"en-US","potentialAction":[{"@type":"CommentAction","name":"Comment","target":["https:\/\/canalregionaltv.md\/?p=3067#respond"]}]},{"@type":"WebPage","@id":"https:\/\/canalregionaltv.md\/?p=3067","url":"https:\/\/canalregionaltv.md\/?p=3067","name":"UE suspend\u0103 finan\u021barea pentru Serbia: Bruxelles invoc\u0103 regresul \u00een justi\u021bie - Canal Regional","isPartOf":{"@id":"https:\/\/canalregionaltv.md\/#website"},"datePublished":"2026-05-01T15:09:28+00:00","dateModified":"2026-05-01T15:09:28+00:00","breadcrumb":{"@id":"https:\/\/canalregionaltv.md\/?p=3067#breadcrumb"},"inLanguage":"en-US","potentialAction":[{"@type":"ReadAction","target":["https:\/\/canalregionaltv.md\/?p=3067"]}]},{"@type":"BreadcrumbList","@id":"https:\/\/canalregionaltv.md\/?p=3067#breadcrumb","itemListElement":[{"@type":"ListItem","position":1,"name":"Home","item":"https:\/\/canalregionaltv.md\/"},{"@type":"ListItem","position":2,"name":"UE suspend\u0103 finan\u021barea pentru Serbia: Bruxelles invoc\u0103 regresul \u00een justi\u021bie"}]},{"@type":"WebSite","@id":"https:\/\/canalregionaltv.md\/#website","url":"https:\/\/canalregionaltv.md\/","name":"Canal Regional","description":"Canal Regional","publisher":{"@id":"https:\/\/canalregionaltv.md\/#organization"},"potentialAction":[{"@type":"SearchAction","target":{"@type":"EntryPoint","urlTemplate":"https:\/\/canalregionaltv.md\/?s={search_term_string}"},"query-input":"required name=search_term_string"}],"inLanguage":"en-US"},{"@type":"Organization","@id":"https:\/\/canalregionaltv.md\/#organization","name":"Canal Regional","url":"https:\/\/canalregionaltv.md\/","logo":{"@type":"ImageObject","inLanguage":"en-US","@id":"https:\/\/canalregionaltv.md\/#\/schema\/logo\/image\/","url":"https:\/\/canalregionaltv.md\/wp-content\/uploads\/2023\/10\/Logo_r.png","contentUrl":"https:\/\/canalregionaltv.md\/wp-content\/uploads\/2023\/10\/Logo_r.png","width":403,"height":112,"caption":"Canal Regional"},"image":{"@id":"https:\/\/canalregionaltv.md\/#\/schema\/logo\/image\/"}},{"@type":"Person","@id":"https:\/\/canalregionaltv.md\/#\/schema\/person\/96db60230b2eedd2fd6d09d267f32f8f","name":"admin_axts737o","image":{"@type":"ImageObject","inLanguage":"en-US","@id":"https:\/\/canalregionaltv.md\/#\/schema\/person\/image\/","url":"https:\/\/secure.gravatar.com\/avatar\/409e62ddd56f511fb1262f27a1535ee7719603a42e55b11651be97d388418cae?s=96&d=mm&r=g","contentUrl":"https:\/\/secure.gravatar.com\/avatar\/409e62ddd56f511fb1262f27a1535ee7719603a42e55b11651be97d388418cae?s=96&d=mm&r=g","caption":"admin_axts737o"},"sameAs":["https:\/\/canalregionaltv.md","Canal Regional, Canal Regional TV","canal Regional"],"url":"https:\/\/canalregionaltv.md\/?author=1"}]}},"_links":{"self":[{"href":"https:\/\/canalregionaltv.md\/index.php?rest_route=\/wp\/v2\/posts\/3067","targetHints":{"allow":["GET"]}}],"collection":[{"href":"https:\/\/canalregionaltv.md\/index.php?rest_route=\/wp\/v2\/posts"}],"about":[{"href":"https:\/\/canalregionaltv.md\/index.php?rest_route=\/wp\/v2\/types\/post"}],"author":[{"embeddable":true,"href":"https:\/\/canalregionaltv.md\/index.php?rest_route=\/wp\/v2\/users\/1"}],"replies":[{"embeddable":true,"href":"https:\/\/canalregionaltv.md\/index.php?rest_route=%2Fwp%2Fv2%2Fcomments&post=3067"}],"version-history":[{"count":0,"href":"https:\/\/canalregionaltv.md\/index.php?rest_route=\/wp\/v2\/posts\/3067\/revisions"}],"wp:attachment":[{"href":"https:\/\/canalregionaltv.md\/index.php?rest_route=%2Fwp%2Fv2%2Fmedia&parent=3067"}],"wp:term":[{"taxonomy":"category","embeddable":true,"href":"https:\/\/canalregionaltv.md\/index.php?rest_route=%2Fwp%2Fv2%2Fcategories&post=3067"},{"taxonomy":"post_tag","embeddable":true,"href":"https:\/\/canalregionaltv.md\/index.php?rest_route=%2Fwp%2Fv2%2Ftags&post=3067"}],"curies":[{"name":"wp","href":"https:\/\/api.w.org\/{rel}","templated":true}]}}