{"id":3069,"date":"2026-05-01T17:09:28","date_gmt":"2026-05-01T15:09:28","guid":{"rendered":"https:\/\/canalregionaltv.md\/?p=3069"},"modified":"2026-05-01T17:09:28","modified_gmt":"2026-05-01T15:09:28","slug":"foto-republica-moldova-face-pasi-concreti-pentru-alinierea-statiunilor-balneoclimaterice-la-standardele-ue-cu-sprijinul-expertilor-din-romania","status":"publish","type":"post","link":"https:\/\/canalregionaltv.md\/?p=3069","title":{"rendered":"FOTO\u00a0Republica Moldova face pa\u0219i concre\u021bi pentru alinierea sta\u021biunilor balneoclimaterice la standardele UE, cu sprijinul exper\u021bilor din Rom\u00e2nia"},"content":{"rendered":"<p>Asocia\u021bia pentru Dezvoltare Local\u0103 \u201eSmart City\u201d, \u00een parteneriat cu Institutul Balneoclimatic Sl\u0103nic-Moldova, a organizat \u00een premier\u0103 la Chi\u0219in\u0103u un eveniment de referin\u021b\u0103 dedicat viitorului turismului de s\u0103n\u0103tate. Reuniunea, desf\u0103\u0219urat\u0103 la Hotel Mimi, a avut ca tem\u0103 central\u0103 preluarea expertizei rom\u00e2ne\u0219ti \u00een gestionarea \u0219i dezvoltarea sta\u021biunilor balneoclimaterice, \u00een vederea alinierii resurselor naturale ale Republicii Moldova la standardele Uniunii Europene.<\/p>\n<p>Evenimentul a adus laolalt\u0103 peste 50 de participan\u021bi, cre\u00e2nd o platform\u0103 esen\u021bial\u0103 de dialog \u00eentre autorit\u0103\u021bi, exper\u021bi \u00een turism \u0219i reprezentan\u021bi ai mediului de afaceri. Importan\u021ba strategic\u0103 a subiectului a fost confirmat\u0103 de prezen\u021ba unor invita\u021bi de onoare, printre care deputa\u021bii Lilian Carp \u0219i Adrian Bel\u00eei, care au sus\u021binut necesitatea moderniz\u0103rii acestui sector prin colaborare transfrontalier\u0103 \u0219i politici publice eficiente.<\/p>\n<div class=\"ml-slider-3-108-0 metaslider metaslider-flex metaslider-357535 ml-slider has-dots-nav ms-theme-default-base\" role=\"region\" aria-label=\"New Slideshow\">\n<div>\n<div>\n<ul aria-live=\"off\" class=\"slides\">\n<li class=\"slide-357546 ms-image \" data-date=\"2026-05-01 13:37:46\" data-filename=\"fr4a4422-scaled-0x0.jpg\" data-slide-type=\"image\"><img decoding=\"async\" src=\"https:\/\/nordnews.md\/wp-content\/uploads\/2026\/05\/fr4a4422-scaled-0x0.jpg\" alt=\"\" class=\"slider-357535 slide-357546 msDefaultImage\" title=\"FR4A4422\" \/><\/li>\n<li class=\"slide-357547 ms-image \" data-date=\"2026-05-01 13:37:47\" data-filename=\"fr4a4080-scaled-0x0.jpg\" data-slide-type=\"image\"><img decoding=\"async\" src=\"https:\/\/nordnews.md\/wp-content\/uploads\/2026\/05\/fr4a4080-scaled-0x0.jpg\" alt=\"\" class=\"slider-357535 slide-357547 msDefaultImage\" title=\"FR4A4080\" \/><\/li>\n<li class=\"slide-357548 ms-image \" data-date=\"2026-05-01 13:37:47\" data-filename=\"fr4a4045-scaled-0x0.jpg\" data-slide-type=\"image\"><img decoding=\"async\" src=\"https:\/\/nordnews.md\/wp-content\/uploads\/2026\/05\/fr4a4045-scaled-0x0.jpg\" alt=\"\" class=\"slider-357535 slide-357548 msDefaultImage\" title=\"FR4A4045\" \/><\/li>\n<li class=\"slide-357549 ms-image \" data-date=\"2026-05-01 13:37:47\" data-filename=\"fr4a4024-scaled-0x0.jpg\" data-slide-type=\"image\"><img decoding=\"async\" src=\"https:\/\/nordnews.md\/wp-content\/uploads\/2026\/05\/fr4a4024-scaled-0x0.jpg\" alt=\"\" class=\"slider-357535 slide-357549 msDefaultImage\" title=\"FR4A4024\" \/><\/li>\n<li class=\"slide-357550 ms-image \" data-date=\"2026-05-01 13:37:47\" data-filename=\"fr4a4018-scaled-0x0.jpg\" data-slide-type=\"image\"><img decoding=\"async\" src=\"https:\/\/nordnews.md\/wp-content\/uploads\/2026\/05\/fr4a4018-scaled-0x0.jpg\" alt=\"\" class=\"slider-357535 slide-357550 msDefaultImage\" title=\"FR4A4018\" \/><\/li>\n<\/ul><\/div>\n<\/div>\n<\/div>\n<p>Obiectivul principal al \u00eent\u00e2lnirii a fost sprijinirea eforturilor Republicii Moldova de a-\u0219i certifica resursele balneare prin m\u0103suri concrete. Evenimentul a facilitat un schimb direct de experien\u021b\u0103, conect\u00e2nd prim\u0103riile, conducerile sanatoriilor \u0219i autorit\u0103\u021bile decizionale din Republica Moldova cu expertiza consolidat\u0103 a asocia\u021biilor de profil \u0219i a proprietarilor de unit\u0103\u021bi de cazare \u0219i tratament din Rom\u00e2nia.<\/p>\n<p>Discu\u021biile au pornit de la o realitate comun\u0103: at\u00e2t Rom\u00e2nia, c\u00e2t \u0219i Republica Moldova de\u021bin un poten\u021bial uria\u0219 de dezvoltare a turismului balnear, care \u00eens\u0103 nu este \u00eenc\u0103 valorificat la capacitatea sa maxim\u0103.<\/p>\n<p>\u201eNoi suntem deprin\u0219i s\u0103 apel\u0103m la serviciile sanatoriale atunci c\u00e2nd avem anumite deficien\u021be de s\u0103n\u0103tate, dar \u00een\u021belegem c\u0103 nu este chiar a\u0219a. Ast\u0103zi putem apela la servicii de wellness, de spa, de relaxare, de deconectare de la fluxul zilnic informa\u021bional la care suntem expu\u0219i \u00een secolul 21\u201d, a subliniat <strong>Victor Nicolaescu<\/strong>, pre\u0219edintele Asocia\u021biei pentru Dezvoltare Local\u0103 \u201eSmart City\u201d.<\/p>\n<p>Pe l\u00e2ng\u0103 schimbarea perspectivei dinspre tratament medical strict \u00eenspre preven\u021bie \u0219i relaxare, exper\u021bii din Rom\u00e2nia au eviden\u021biat bog\u0103\u021bia natural\u0103 neexploatat\u0103 a \u021b\u0103rii noastre.<\/p>\n<p>\u201eAst\u0103zi, practic se poate face un sanatoriu balnear \u00een orice loc frumos \u0219i ave\u021bi at\u00e2tea p\u0103duri, \u0219i mai ales c\u0103 ave\u021bi at\u00e2tea resurse terapeutice foarte valoroase, de altfel, dar \u0219i posibilitatea s\u0103 explora\u021bi \u0219i s\u0103 cerceta\u021bi alte ape\u201d, a declarat George Baciu, pre\u0219edintele Institutului Balneoclimatic Sl\u0103nic-Moldova.<\/p>\n<p><strong>Principalele direc\u021bii de ac\u021biune stabilite \u00een cadrul evenimentului:<\/strong><\/p>\n<ul>\n<li><strong>Identificarea pa\u0219ilor de certificare:<\/strong> Analiza procedurilor administrative \u0219i medicale necesare pentru recunoa\u0219terea european\u0103 a resurselor balneare din Republica Moldova.<\/li>\n<li><strong>Transferul de bune practici:<\/strong> Prezentarea modelelor de succes din Rom\u00e2nia privind atragerea investi\u021biilor \u0219i modernizarea infrastructurii.<\/li>\n<li><strong>Crearea de parteneriate strategice:<\/strong> Stabilirea unor pun\u021bi de colaborare pe termen lung \u00eentre institu\u021biile \u0219i antreprenorii de pe ambele maluri ale Prutului.<\/li>\n<\/ul>\n<p>Succesul acestei prime reuniuni confirm\u0103 interesul major pentru dezvoltarea sectorului balneoclimateric. Asocia\u021bia pentru Dezvoltare Local\u0103 \u201eSmart City\u201d \u0219i Institutul Balneoclimatic Sl\u0103nic-Moldova vor continua aceast\u0103 serie de ini\u021biative, cu scopul de a transforma destina\u021biile locale \u00een centre de excelen\u021b\u0103 pentru turismul de s\u0103n\u0103tate european.<\/p>\n<p>Principalele direc\u021bii de ac\u021biune stabilite \u00een cadrul evenimentului:<\/p>\n<ul>\n<li>Identificarea pa\u0219ilor de certificare: Analiza procedurilor administrative \u0219i medicale necesare pentru ca resursele balneare din Republica Moldova s\u0103 primeasc\u0103 recunoa\u0219tere la nivel european.<\/li>\n<li>Transferul de bune practici: Prezentarea unor modele de succes din Rom\u00e2nia privind atragerea de investi\u021bii \u0219i modernizarea infrastructurii turistice.<\/li>\n<li>Crearea de parteneriate strategice: Stabilirea unor pun\u021bi de colaborare pe termen lung pentru a stimula turismul de s\u0103n\u0103tate transfrontalier.<\/li>\n<\/ul>\n<p>Succesul acestei prime reuniuni confirm\u0103 interesul major pentru dezvoltarea sectorului balneoclimateric. Asocia\u021bia pentru Dezvoltare Local\u0103 \u201eSmart City\u201d va continua seria de ini\u021biative dedicate acestui domeniu, cu scopul de a transforma destina\u021biile locale \u00een centre de excelen\u021b\u0103 pentru turismul de s\u0103n\u0103tate.<\/p>\n<p>Articolul <a href=\"https:\/\/nordnews.md\/advertoriale\/statiuni-balneoclimaterice-moldova-ue\/\">&lt;span class=&#8221;badge-status&#8221; style=&#8221;background: #ff1813;&#8221;&gt;FOTO&lt;\/span&gt;\u00a0Republica Moldova face pa\u0219i concre\u021bi pentru alinierea sta\u021biunilor balneoclimaterice la standardele UE, cu sprijinul exper\u021bilor din Rom\u00e2nia<\/a> apare prima dat\u0103 \u00een <a href=\"https:\/\/nordnews.md\/\">NordNews<\/a>.<\/p>","protected":false},"excerpt":{"rendered":"<p>Asocia\u021bia pentru Dezvoltare Local\u0103 \u201eSmart City\u201d, \u00een parteneriat cu Institutul Balneoclimatic Sl\u0103nic-Moldova, a organizat \u00een premier\u0103 la Chi\u0219in\u0103u un eveniment de referin\u021b\u0103 dedicat viitorului turismului [&hellip;]<\/p>\n","protected":false},"author":1,"featured_media":0,"comment_status":"open","ping_status":"closed","sticky":false,"template":"","format":"standard","meta":{"footnotes":""},"categories":[1],"tags":[],"class_list":["post-3069","post","type-post","status-publish","format-standard","hentry","category-uncategorized"],"yoast_head":"<!-- This site is optimized with the Yoast SEO plugin v21.3 - https:\/\/yoast.com\/wordpress\/plugins\/seo\/ -->\n<title>FOTO\u00a0Republica Moldova face pa\u0219i concre\u021bi pentru alinierea sta\u021biunilor balneoclimaterice la standardele UE, cu sprijinul exper\u021bilor din Rom\u00e2nia - Canal Regional<\/title>\n<meta name=\"robots\" content=\"index, follow, max-snippet:-1, max-image-preview:large, max-video-preview:-1\" \/>\n<link rel=\"canonical\" href=\"https:\/\/canalregionaltv.md\/?p=3069\" \/>\n<meta property=\"og:locale\" content=\"en_US\" \/>\n<meta property=\"og:type\" content=\"article\" \/>\n<meta property=\"og:title\" content=\"FOTO\u00a0Republica Moldova face pa\u0219i concre\u021bi pentru alinierea sta\u021biunilor balneoclimaterice la standardele UE, cu sprijinul exper\u021bilor din Rom\u00e2nia - Canal Regional\" \/>\n<meta property=\"og:description\" content=\"Asocia\u021bia pentru Dezvoltare Local\u0103 \u201eSmart City\u201d, \u00een parteneriat cu Institutul Balneoclimatic Sl\u0103nic-Moldova, a organizat \u00een premier\u0103 la Chi\u0219in\u0103u un eveniment de referin\u021b\u0103 dedicat viitorului turismului [&hellip;]\" \/>\n<meta property=\"og:url\" content=\"https:\/\/canalregionaltv.md\/?p=3069\" \/>\n<meta property=\"og:site_name\" content=\"Canal Regional\" \/>\n<meta property=\"article:author\" content=\"Canal Regional, Canal Regional TV\" \/>\n<meta property=\"article:published_time\" content=\"2026-05-01T15:09:28+00:00\" \/>\n<meta property=\"og:image\" content=\"https:\/\/nordnews.md\/wp-content\/uploads\/2026\/05\/fr4a4422-scaled-0x0.jpg\" \/>\n<meta name=\"author\" content=\"admin_axts737o\" \/>\n<meta name=\"twitter:card\" content=\"summary_large_image\" \/>\n<meta name=\"twitter:label1\" content=\"Written by\" \/>\n\t<meta name=\"twitter:data1\" content=\"admin_axts737o\" \/>\n\t<meta name=\"twitter:label2\" content=\"Est. reading time\" \/>\n\t<meta name=\"twitter:data2\" content=\"3 minutes\" \/>\n<script type=\"application\/ld+json\" class=\"yoast-schema-graph\">{\"@context\":\"https:\/\/schema.org\",\"@graph\":[{\"@type\":\"Article\",\"@id\":\"https:\/\/canalregionaltv.md\/?p=3069#article\",\"isPartOf\":{\"@id\":\"https:\/\/canalregionaltv.md\/?p=3069\"},\"author\":{\"name\":\"admin_axts737o\",\"@id\":\"https:\/\/canalregionaltv.md\/#\/schema\/person\/96db60230b2eedd2fd6d09d267f32f8f\"},\"headline\":\"FOTO\u00a0Republica Moldova face pa\u0219i concre\u021bi pentru alinierea sta\u021biunilor balneoclimaterice la standardele UE, cu sprijinul exper\u021bilor din Rom\u00e2nia\",\"datePublished\":\"2026-05-01T15:09:28+00:00\",\"dateModified\":\"2026-05-01T15:09:28+00:00\",\"mainEntityOfPage\":{\"@id\":\"https:\/\/canalregionaltv.md\/?p=3069\"},\"wordCount\":705,\"commentCount\":0,\"publisher\":{\"@id\":\"https:\/\/canalregionaltv.md\/#organization\"},\"inLanguage\":\"en-US\",\"potentialAction\":[{\"@type\":\"CommentAction\",\"name\":\"Comment\",\"target\":[\"https:\/\/canalregionaltv.md\/?p=3069#respond\"]}]},{\"@type\":\"WebPage\",\"@id\":\"https:\/\/canalregionaltv.md\/?p=3069\",\"url\":\"https:\/\/canalregionaltv.md\/?p=3069\",\"name\":\"FOTO\u00a0Republica Moldova face pa\u0219i concre\u021bi pentru alinierea sta\u021biunilor balneoclimaterice la standardele UE, cu sprijinul exper\u021bilor din Rom\u00e2nia - Canal Regional\",\"isPartOf\":{\"@id\":\"https:\/\/canalregionaltv.md\/#website\"},\"datePublished\":\"2026-05-01T15:09:28+00:00\",\"dateModified\":\"2026-05-01T15:09:28+00:00\",\"breadcrumb\":{\"@id\":\"https:\/\/canalregionaltv.md\/?p=3069#breadcrumb\"},\"inLanguage\":\"en-US\",\"potentialAction\":[{\"@type\":\"ReadAction\",\"target\":[\"https:\/\/canalregionaltv.md\/?p=3069\"]}]},{\"@type\":\"BreadcrumbList\",\"@id\":\"https:\/\/canalregionaltv.md\/?p=3069#breadcrumb\",\"itemListElement\":[{\"@type\":\"ListItem\",\"position\":1,\"name\":\"Home\",\"item\":\"https:\/\/canalregionaltv.md\/\"},{\"@type\":\"ListItem\",\"position\":2,\"name\":\"FOTO\u00a0Republica Moldova face pa\u0219i concre\u021bi pentru alinierea sta\u021biunilor balneoclimaterice la standardele UE, cu sprijinul exper\u021bilor din Rom\u00e2nia\"}]},{\"@type\":\"WebSite\",\"@id\":\"https:\/\/canalregionaltv.md\/#website\",\"url\":\"https:\/\/canalregionaltv.md\/\",\"name\":\"Canal Regional\",\"description\":\"Canal Regional\",\"publisher\":{\"@id\":\"https:\/\/canalregionaltv.md\/#organization\"},\"potentialAction\":[{\"@type\":\"SearchAction\",\"target\":{\"@type\":\"EntryPoint\",\"urlTemplate\":\"https:\/\/canalregionaltv.md\/?s={search_term_string}\"},\"query-input\":\"required name=search_term_string\"}],\"inLanguage\":\"en-US\"},{\"@type\":\"Organization\",\"@id\":\"https:\/\/canalregionaltv.md\/#organization\",\"name\":\"Canal Regional\",\"url\":\"https:\/\/canalregionaltv.md\/\",\"logo\":{\"@type\":\"ImageObject\",\"inLanguage\":\"en-US\",\"@id\":\"https:\/\/canalregionaltv.md\/#\/schema\/logo\/image\/\",\"url\":\"https:\/\/canalregionaltv.md\/wp-content\/uploads\/2023\/10\/Logo_r.png\",\"contentUrl\":\"https:\/\/canalregionaltv.md\/wp-content\/uploads\/2023\/10\/Logo_r.png\",\"width\":403,\"height\":112,\"caption\":\"Canal Regional\"},\"image\":{\"@id\":\"https:\/\/canalregionaltv.md\/#\/schema\/logo\/image\/\"}},{\"@type\":\"Person\",\"@id\":\"https:\/\/canalregionaltv.md\/#\/schema\/person\/96db60230b2eedd2fd6d09d267f32f8f\",\"name\":\"admin_axts737o\",\"image\":{\"@type\":\"ImageObject\",\"inLanguage\":\"en-US\",\"@id\":\"https:\/\/canalregionaltv.md\/#\/schema\/person\/image\/\",\"url\":\"https:\/\/secure.gravatar.com\/avatar\/409e62ddd56f511fb1262f27a1535ee7719603a42e55b11651be97d388418cae?s=96&d=mm&r=g\",\"contentUrl\":\"https:\/\/secure.gravatar.com\/avatar\/409e62ddd56f511fb1262f27a1535ee7719603a42e55b11651be97d388418cae?s=96&d=mm&r=g\",\"caption\":\"admin_axts737o\"},\"sameAs\":[\"https:\/\/canalregionaltv.md\",\"Canal Regional, Canal Regional TV\",\"canal Regional\"],\"url\":\"https:\/\/canalregionaltv.md\/?author=1\"}]}<\/script>\n<!-- \/ Yoast SEO plugin. -->","yoast_head_json":{"title":"FOTO\u00a0Republica Moldova face pa\u0219i concre\u021bi pentru alinierea sta\u021biunilor balneoclimaterice la standardele UE, cu sprijinul exper\u021bilor din Rom\u00e2nia - Canal Regional","robots":{"index":"index","follow":"follow","max-snippet":"max-snippet:-1","max-image-preview":"max-image-preview:large","max-video-preview":"max-video-preview:-1"},"canonical":"https:\/\/canalregionaltv.md\/?p=3069","og_locale":"en_US","og_type":"article","og_title":"FOTO\u00a0Republica Moldova face pa\u0219i concre\u021bi pentru alinierea sta\u021biunilor balneoclimaterice la standardele UE, cu sprijinul exper\u021bilor din Rom\u00e2nia - Canal Regional","og_description":"Asocia\u021bia pentru Dezvoltare Local\u0103 \u201eSmart City\u201d, \u00een parteneriat cu Institutul Balneoclimatic Sl\u0103nic-Moldova, a organizat \u00een premier\u0103 la Chi\u0219in\u0103u un eveniment de referin\u021b\u0103 dedicat viitorului turismului [&hellip;]","og_url":"https:\/\/canalregionaltv.md\/?p=3069","og_site_name":"Canal Regional","article_author":"Canal Regional, Canal Regional TV","article_published_time":"2026-05-01T15:09:28+00:00","og_image":[{"url":"https:\/\/nordnews.md\/wp-content\/uploads\/2026\/05\/fr4a4422-scaled-0x0.jpg"}],"author":"admin_axts737o","twitter_card":"summary_large_image","twitter_misc":{"Written by":"admin_axts737o","Est. reading time":"3 minutes"},"schema":{"@context":"https:\/\/schema.org","@graph":[{"@type":"Article","@id":"https:\/\/canalregionaltv.md\/?p=3069#article","isPartOf":{"@id":"https:\/\/canalregionaltv.md\/?p=3069"},"author":{"name":"admin_axts737o","@id":"https:\/\/canalregionaltv.md\/#\/schema\/person\/96db60230b2eedd2fd6d09d267f32f8f"},"headline":"FOTO\u00a0Republica Moldova face pa\u0219i concre\u021bi pentru alinierea sta\u021biunilor balneoclimaterice la standardele UE, cu sprijinul exper\u021bilor din Rom\u00e2nia","datePublished":"2026-05-01T15:09:28+00:00","dateModified":"2026-05-01T15:09:28+00:00","mainEntityOfPage":{"@id":"https:\/\/canalregionaltv.md\/?p=3069"},"wordCount":705,"commentCount":0,"publisher":{"@id":"https:\/\/canalregionaltv.md\/#organization"},"inLanguage":"en-US","potentialAction":[{"@type":"CommentAction","name":"Comment","target":["https:\/\/canalregionaltv.md\/?p=3069#respond"]}]},{"@type":"WebPage","@id":"https:\/\/canalregionaltv.md\/?p=3069","url":"https:\/\/canalregionaltv.md\/?p=3069","name":"FOTO\u00a0Republica Moldova face pa\u0219i concre\u021bi pentru alinierea sta\u021biunilor balneoclimaterice la standardele UE, cu sprijinul exper\u021bilor din Rom\u00e2nia - Canal Regional","isPartOf":{"@id":"https:\/\/canalregionaltv.md\/#website"},"datePublished":"2026-05-01T15:09:28+00:00","dateModified":"2026-05-01T15:09:28+00:00","breadcrumb":{"@id":"https:\/\/canalregionaltv.md\/?p=3069#breadcrumb"},"inLanguage":"en-US","potentialAction":[{"@type":"ReadAction","target":["https:\/\/canalregionaltv.md\/?p=3069"]}]},{"@type":"BreadcrumbList","@id":"https:\/\/canalregionaltv.md\/?p=3069#breadcrumb","itemListElement":[{"@type":"ListItem","position":1,"name":"Home","item":"https:\/\/canalregionaltv.md\/"},{"@type":"ListItem","position":2,"name":"FOTO\u00a0Republica Moldova face pa\u0219i concre\u021bi pentru alinierea sta\u021biunilor balneoclimaterice la standardele UE, cu sprijinul exper\u021bilor din Rom\u00e2nia"}]},{"@type":"WebSite","@id":"https:\/\/canalregionaltv.md\/#website","url":"https:\/\/canalregionaltv.md\/","name":"Canal Regional","description":"Canal Regional","publisher":{"@id":"https:\/\/canalregionaltv.md\/#organization"},"potentialAction":[{"@type":"SearchAction","target":{"@type":"EntryPoint","urlTemplate":"https:\/\/canalregionaltv.md\/?s={search_term_string}"},"query-input":"required name=search_term_string"}],"inLanguage":"en-US"},{"@type":"Organization","@id":"https:\/\/canalregionaltv.md\/#organization","name":"Canal Regional","url":"https:\/\/canalregionaltv.md\/","logo":{"@type":"ImageObject","inLanguage":"en-US","@id":"https:\/\/canalregionaltv.md\/#\/schema\/logo\/image\/","url":"https:\/\/canalregionaltv.md\/wp-content\/uploads\/2023\/10\/Logo_r.png","contentUrl":"https:\/\/canalregionaltv.md\/wp-content\/uploads\/2023\/10\/Logo_r.png","width":403,"height":112,"caption":"Canal Regional"},"image":{"@id":"https:\/\/canalregionaltv.md\/#\/schema\/logo\/image\/"}},{"@type":"Person","@id":"https:\/\/canalregionaltv.md\/#\/schema\/person\/96db60230b2eedd2fd6d09d267f32f8f","name":"admin_axts737o","image":{"@type":"ImageObject","inLanguage":"en-US","@id":"https:\/\/canalregionaltv.md\/#\/schema\/person\/image\/","url":"https:\/\/secure.gravatar.com\/avatar\/409e62ddd56f511fb1262f27a1535ee7719603a42e55b11651be97d388418cae?s=96&d=mm&r=g","contentUrl":"https:\/\/secure.gravatar.com\/avatar\/409e62ddd56f511fb1262f27a1535ee7719603a42e55b11651be97d388418cae?s=96&d=mm&r=g","caption":"admin_axts737o"},"sameAs":["https:\/\/canalregionaltv.md","Canal Regional, Canal Regional TV","canal Regional"],"url":"https:\/\/canalregionaltv.md\/?author=1"}]}},"_links":{"self":[{"href":"https:\/\/canalregionaltv.md\/index.php?rest_route=\/wp\/v2\/posts\/3069","targetHints":{"allow":["GET"]}}],"collection":[{"href":"https:\/\/canalregionaltv.md\/index.php?rest_route=\/wp\/v2\/posts"}],"about":[{"href":"https:\/\/canalregionaltv.md\/index.php?rest_route=\/wp\/v2\/types\/post"}],"author":[{"embeddable":true,"href":"https:\/\/canalregionaltv.md\/index.php?rest_route=\/wp\/v2\/users\/1"}],"replies":[{"embeddable":true,"href":"https:\/\/canalregionaltv.md\/index.php?rest_route=%2Fwp%2Fv2%2Fcomments&post=3069"}],"version-history":[{"count":0,"href":"https:\/\/canalregionaltv.md\/index.php?rest_route=\/wp\/v2\/posts\/3069\/revisions"}],"wp:attachment":[{"href":"https:\/\/canalregionaltv.md\/index.php?rest_route=%2Fwp%2Fv2%2Fmedia&parent=3069"}],"wp:term":[{"taxonomy":"category","embeddable":true,"href":"https:\/\/canalregionaltv.md\/index.php?rest_route=%2Fwp%2Fv2%2Fcategories&post=3069"},{"taxonomy":"post_tag","embeddable":true,"href":"https:\/\/canalregionaltv.md\/index.php?rest_route=%2Fwp%2Fv2%2Ftags&post=3069"}],"curies":[{"name":"wp","href":"https:\/\/api.w.org\/{rel}","templated":true}]}}