{"id":3071,"date":"2026-05-02T17:31:43","date_gmt":"2026-05-02T15:31:43","guid":{"rendered":"https:\/\/canalregionaltv.md\/?p=3071"},"modified":"2026-05-02T17:31:43","modified_gmt":"2026-05-02T15:31:43","slug":"alergiile-de-primavara-tot-mai-frecvente-medicii-avertizeaza-ca-rinita-alergica-ramane-adesea-nediagnosticata","status":"publish","type":"post","link":"https:\/\/canalregionaltv.md\/?p=3071","title":{"rendered":"Alergiile de prim\u0103var\u0103, tot mai frecvente: medicii avertizeaz\u0103 c\u0103 rinita alergic\u0103 r\u0103m\u00e2ne adesea nediagnosticat\u0103"},"content":{"rendered":"<h3 data-start=\"116\" data-end=\"323\">Odat\u0103 cu venirea sezonului cald, tot mai multe persoane se confrunt\u0103 cu simptome respiratorii persistente, precum nas \u00eenfundat, str\u0103nut, tuse seac\u0103 sau irita\u021bii \u00een g\u00e2t, adesea confundate cu r\u0103celi obi\u0219nuite, transmite <a href=\"https:\/\/www.digi24.ro\/stiri\/actualitate\/sanatate\/alergiile-de-primavara-tot-mai-frecvente-medicii-atentioneaza-un-pacient-din-10-sufera-de-rinita-alergica-fara-sa-stie-3749511\">digi24.ro<\/a>.<\/h3>\n<p data-start=\"325\" data-end=\"579\">Speciali\u0219tii atrag aten\u021bia c\u0103, \u00een numeroase cazuri, aceste manifest\u0103ri ascund de fapt o rinit\u0103 alergic\u0103 nediagnosticat\u0103, o afec\u021biune care poate afecta semnificativ calitatea vie\u021bii dac\u0103 nu este tratat\u0103 corespunz\u0103tor.<\/p>\n<p data-start=\"608\" data-end=\"794\">Medicii observ\u0103 o cre\u0219tere constant\u0103 a cazurilor de alergii respiratorii, at\u00e2t \u00een r\u00e2ndul adul\u021bilor, c\u00e2t \u0219i al copiilor, fenomen asociat cu poluarea, urbanizarea \u0219i schimb\u0103rile climatice.<\/p>\n<p data-start=\"796\" data-end=\"1047\">Alergenii precum polenul, acarienii, mucegaiul sau p\u0103rul de animale pot declan\u0219a reac\u021bii inflamatorii persistente la nivelul c\u0103ilor respiratorii, iar simptomele pot deveni cronice \u00een lipsa unui diagnostic precoce.<\/p>\n<p data-start=\"1078\" data-end=\"1238\">Printre cele mai frecvente semne se num\u0103r\u0103 congestia nazal\u0103, secre\u021biile apoase, str\u0103nutul repetat, m\u00e2nc\u0103rimea nazal\u0103, sc\u0103derea mirosului \u0219i tulbur\u0103rile de somn.<\/p>\n<p data-start=\"1240\" data-end=\"1438\">Medicii subliniaz\u0103 c\u0103 mul\u021bi pacien\u021bi \u00eent\u00e2rzie consultul medical, trat\u00e2nd simptomele superficial sau recurg\u00e2nd la automedica\u021bie, ceea ce poate agrava afec\u021biunea.<\/p>\n<p data-start=\"1469\" data-end=\"1612\">Netratat\u0103, rinita alergic\u0103 poate favoriza apari\u021bia unor complica\u021bii precum sinuzita cronic\u0103, tulbur\u0103rile respiratorii sau chiar astmul bron\u0219ic.<\/p>\n<p data-start=\"1614\" data-end=\"1840\">Speciali\u0219tii avertizeaz\u0103 c\u0103 utilizarea frecvent\u0103 a spray-urilor nazale decongestionante f\u0103r\u0103 recomandare medical\u0103 poate duce la agravarea simptomelor \u0219i la apari\u021bia rinitei medicamentoase.<\/p>\n<h2 data-section-id=\"bnew2j\" data-start=\"1842\" data-end=\"1879\">Diagnosticul corect face diferen\u021ba<\/h2>\n<p data-start=\"1881\" data-end=\"2067\">Exper\u021bii recomand\u0103 consultul ORL sau alergologic atunci c\u00e2nd simptomele persist\u0103 mai mult de c\u00e2teva zile, pentru identificarea corect\u0103 a cauzei \u0219i stabilirea unui tratament personalizat.<\/p>\n<p data-start=\"2069\" data-end=\"2220\">Preven\u021bia \u0219i controlul expunerii la alergeni, al\u0103turi de tratamentul adecvat, r\u0103m\u00e2n cele mai eficiente metode pentru men\u021binerea s\u0103n\u0103t\u0103\u021bii respiratorii.<\/p>\n<p>Articolul <a href=\"https:\/\/nordnews.md\/stiri-nationale\/sanatate\/alergiile-de-primavara-tot-mai-frecvente-medicii-avertizeaza-ca-rinita-alergica-ramane-adesea-nediagnosticata\/\">Alergiile de prim\u0103var\u0103, tot mai frecvente: medicii avertizeaz\u0103 c\u0103 rinita alergic\u0103 r\u0103m\u00e2ne adesea nediagnosticat\u0103<\/a> apare prima dat\u0103 \u00een <a href=\"https:\/\/nordnews.md\/\">NordNews<\/a>.<\/p>","protected":false},"excerpt":{"rendered":"<p>Odat\u0103 cu venirea sezonului cald, tot mai multe persoane se confrunt\u0103 cu simptome respiratorii persistente, precum nas \u00eenfundat, str\u0103nut, tuse seac\u0103 sau irita\u021bii \u00een g\u00e2t, [&hellip;]<\/p>\n","protected":false},"author":1,"featured_media":0,"comment_status":"open","ping_status":"closed","sticky":false,"template":"","format":"standard","meta":{"footnotes":""},"categories":[1],"tags":[],"class_list":["post-3071","post","type-post","status-publish","format-standard","hentry","category-uncategorized"],"yoast_head":"<!-- This site is optimized with the Yoast SEO plugin v21.3 - https:\/\/yoast.com\/wordpress\/plugins\/seo\/ -->\n<title>Alergiile de prim\u0103var\u0103, tot mai frecvente: medicii avertizeaz\u0103 c\u0103 rinita alergic\u0103 r\u0103m\u00e2ne adesea nediagnosticat\u0103 - Canal Regional<\/title>\n<meta name=\"robots\" content=\"index, follow, max-snippet:-1, max-image-preview:large, max-video-preview:-1\" \/>\n<link rel=\"canonical\" href=\"https:\/\/canalregionaltv.md\/?p=3071\" \/>\n<meta property=\"og:locale\" content=\"en_US\" \/>\n<meta property=\"og:type\" content=\"article\" \/>\n<meta property=\"og:title\" content=\"Alergiile de prim\u0103var\u0103, tot mai frecvente: medicii avertizeaz\u0103 c\u0103 rinita alergic\u0103 r\u0103m\u00e2ne adesea nediagnosticat\u0103 - Canal Regional\" \/>\n<meta property=\"og:description\" content=\"Odat\u0103 cu venirea sezonului cald, tot mai multe persoane se confrunt\u0103 cu simptome respiratorii persistente, precum nas \u00eenfundat, str\u0103nut, tuse seac\u0103 sau irita\u021bii \u00een g\u00e2t, [&hellip;]\" \/>\n<meta property=\"og:url\" content=\"https:\/\/canalregionaltv.md\/?p=3071\" \/>\n<meta property=\"og:site_name\" content=\"Canal Regional\" \/>\n<meta property=\"article:author\" content=\"Canal Regional, Canal Regional TV\" \/>\n<meta property=\"article:published_time\" content=\"2026-05-02T15:31:43+00:00\" \/>\n<meta name=\"author\" content=\"admin_axts737o\" \/>\n<meta name=\"twitter:card\" content=\"summary_large_image\" \/>\n<meta name=\"twitter:label1\" content=\"Written by\" \/>\n\t<meta name=\"twitter:data1\" content=\"admin_axts737o\" \/>\n\t<meta name=\"twitter:label2\" content=\"Est. reading time\" \/>\n\t<meta name=\"twitter:data2\" content=\"2 minutes\" \/>\n<script type=\"application\/ld+json\" class=\"yoast-schema-graph\">{\"@context\":\"https:\/\/schema.org\",\"@graph\":[{\"@type\":\"Article\",\"@id\":\"https:\/\/canalregionaltv.md\/?p=3071#article\",\"isPartOf\":{\"@id\":\"https:\/\/canalregionaltv.md\/?p=3071\"},\"author\":{\"name\":\"admin_axts737o\",\"@id\":\"https:\/\/canalregionaltv.md\/#\/schema\/person\/96db60230b2eedd2fd6d09d267f32f8f\"},\"headline\":\"Alergiile de prim\u0103var\u0103, tot mai frecvente: medicii avertizeaz\u0103 c\u0103 rinita alergic\u0103 r\u0103m\u00e2ne adesea nediagnosticat\u0103\",\"datePublished\":\"2026-05-02T15:31:43+00:00\",\"dateModified\":\"2026-05-02T15:31:43+00:00\",\"mainEntityOfPage\":{\"@id\":\"https:\/\/canalregionaltv.md\/?p=3071\"},\"wordCount\":338,\"commentCount\":0,\"publisher\":{\"@id\":\"https:\/\/canalregionaltv.md\/#organization\"},\"inLanguage\":\"en-US\",\"potentialAction\":[{\"@type\":\"CommentAction\",\"name\":\"Comment\",\"target\":[\"https:\/\/canalregionaltv.md\/?p=3071#respond\"]}]},{\"@type\":\"WebPage\",\"@id\":\"https:\/\/canalregionaltv.md\/?p=3071\",\"url\":\"https:\/\/canalregionaltv.md\/?p=3071\",\"name\":\"Alergiile de prim\u0103var\u0103, tot mai frecvente: medicii avertizeaz\u0103 c\u0103 rinita alergic\u0103 r\u0103m\u00e2ne adesea nediagnosticat\u0103 - Canal Regional\",\"isPartOf\":{\"@id\":\"https:\/\/canalregionaltv.md\/#website\"},\"datePublished\":\"2026-05-02T15:31:43+00:00\",\"dateModified\":\"2026-05-02T15:31:43+00:00\",\"breadcrumb\":{\"@id\":\"https:\/\/canalregionaltv.md\/?p=3071#breadcrumb\"},\"inLanguage\":\"en-US\",\"potentialAction\":[{\"@type\":\"ReadAction\",\"target\":[\"https:\/\/canalregionaltv.md\/?p=3071\"]}]},{\"@type\":\"BreadcrumbList\",\"@id\":\"https:\/\/canalregionaltv.md\/?p=3071#breadcrumb\",\"itemListElement\":[{\"@type\":\"ListItem\",\"position\":1,\"name\":\"Home\",\"item\":\"https:\/\/canalregionaltv.md\/\"},{\"@type\":\"ListItem\",\"position\":2,\"name\":\"Alergiile de prim\u0103var\u0103, tot mai frecvente: medicii avertizeaz\u0103 c\u0103 rinita alergic\u0103 r\u0103m\u00e2ne adesea nediagnosticat\u0103\"}]},{\"@type\":\"WebSite\",\"@id\":\"https:\/\/canalregionaltv.md\/#website\",\"url\":\"https:\/\/canalregionaltv.md\/\",\"name\":\"Canal Regional\",\"description\":\"Canal Regional\",\"publisher\":{\"@id\":\"https:\/\/canalregionaltv.md\/#organization\"},\"potentialAction\":[{\"@type\":\"SearchAction\",\"target\":{\"@type\":\"EntryPoint\",\"urlTemplate\":\"https:\/\/canalregionaltv.md\/?s={search_term_string}\"},\"query-input\":\"required name=search_term_string\"}],\"inLanguage\":\"en-US\"},{\"@type\":\"Organization\",\"@id\":\"https:\/\/canalregionaltv.md\/#organization\",\"name\":\"Canal Regional\",\"url\":\"https:\/\/canalregionaltv.md\/\",\"logo\":{\"@type\":\"ImageObject\",\"inLanguage\":\"en-US\",\"@id\":\"https:\/\/canalregionaltv.md\/#\/schema\/logo\/image\/\",\"url\":\"https:\/\/canalregionaltv.md\/wp-content\/uploads\/2023\/10\/Logo_r.png\",\"contentUrl\":\"https:\/\/canalregionaltv.md\/wp-content\/uploads\/2023\/10\/Logo_r.png\",\"width\":403,\"height\":112,\"caption\":\"Canal Regional\"},\"image\":{\"@id\":\"https:\/\/canalregionaltv.md\/#\/schema\/logo\/image\/\"}},{\"@type\":\"Person\",\"@id\":\"https:\/\/canalregionaltv.md\/#\/schema\/person\/96db60230b2eedd2fd6d09d267f32f8f\",\"name\":\"admin_axts737o\",\"image\":{\"@type\":\"ImageObject\",\"inLanguage\":\"en-US\",\"@id\":\"https:\/\/canalregionaltv.md\/#\/schema\/person\/image\/\",\"url\":\"https:\/\/secure.gravatar.com\/avatar\/409e62ddd56f511fb1262f27a1535ee7719603a42e55b11651be97d388418cae?s=96&d=mm&r=g\",\"contentUrl\":\"https:\/\/secure.gravatar.com\/avatar\/409e62ddd56f511fb1262f27a1535ee7719603a42e55b11651be97d388418cae?s=96&d=mm&r=g\",\"caption\":\"admin_axts737o\"},\"sameAs\":[\"https:\/\/canalregionaltv.md\",\"Canal Regional, Canal Regional TV\",\"canal Regional\"],\"url\":\"https:\/\/canalregionaltv.md\/?author=1\"}]}<\/script>\n<!-- \/ Yoast SEO plugin. -->","yoast_head_json":{"title":"Alergiile de prim\u0103var\u0103, tot mai frecvente: medicii avertizeaz\u0103 c\u0103 rinita alergic\u0103 r\u0103m\u00e2ne adesea nediagnosticat\u0103 - Canal Regional","robots":{"index":"index","follow":"follow","max-snippet":"max-snippet:-1","max-image-preview":"max-image-preview:large","max-video-preview":"max-video-preview:-1"},"canonical":"https:\/\/canalregionaltv.md\/?p=3071","og_locale":"en_US","og_type":"article","og_title":"Alergiile de prim\u0103var\u0103, tot mai frecvente: medicii avertizeaz\u0103 c\u0103 rinita alergic\u0103 r\u0103m\u00e2ne adesea nediagnosticat\u0103 - Canal Regional","og_description":"Odat\u0103 cu venirea sezonului cald, tot mai multe persoane se confrunt\u0103 cu simptome respiratorii persistente, precum nas \u00eenfundat, str\u0103nut, tuse seac\u0103 sau irita\u021bii \u00een g\u00e2t, [&hellip;]","og_url":"https:\/\/canalregionaltv.md\/?p=3071","og_site_name":"Canal Regional","article_author":"Canal Regional, Canal Regional TV","article_published_time":"2026-05-02T15:31:43+00:00","author":"admin_axts737o","twitter_card":"summary_large_image","twitter_misc":{"Written by":"admin_axts737o","Est. reading time":"2 minutes"},"schema":{"@context":"https:\/\/schema.org","@graph":[{"@type":"Article","@id":"https:\/\/canalregionaltv.md\/?p=3071#article","isPartOf":{"@id":"https:\/\/canalregionaltv.md\/?p=3071"},"author":{"name":"admin_axts737o","@id":"https:\/\/canalregionaltv.md\/#\/schema\/person\/96db60230b2eedd2fd6d09d267f32f8f"},"headline":"Alergiile de prim\u0103var\u0103, tot mai frecvente: medicii avertizeaz\u0103 c\u0103 rinita alergic\u0103 r\u0103m\u00e2ne adesea nediagnosticat\u0103","datePublished":"2026-05-02T15:31:43+00:00","dateModified":"2026-05-02T15:31:43+00:00","mainEntityOfPage":{"@id":"https:\/\/canalregionaltv.md\/?p=3071"},"wordCount":338,"commentCount":0,"publisher":{"@id":"https:\/\/canalregionaltv.md\/#organization"},"inLanguage":"en-US","potentialAction":[{"@type":"CommentAction","name":"Comment","target":["https:\/\/canalregionaltv.md\/?p=3071#respond"]}]},{"@type":"WebPage","@id":"https:\/\/canalregionaltv.md\/?p=3071","url":"https:\/\/canalregionaltv.md\/?p=3071","name":"Alergiile de prim\u0103var\u0103, tot mai frecvente: medicii avertizeaz\u0103 c\u0103 rinita alergic\u0103 r\u0103m\u00e2ne adesea nediagnosticat\u0103 - Canal Regional","isPartOf":{"@id":"https:\/\/canalregionaltv.md\/#website"},"datePublished":"2026-05-02T15:31:43+00:00","dateModified":"2026-05-02T15:31:43+00:00","breadcrumb":{"@id":"https:\/\/canalregionaltv.md\/?p=3071#breadcrumb"},"inLanguage":"en-US","potentialAction":[{"@type":"ReadAction","target":["https:\/\/canalregionaltv.md\/?p=3071"]}]},{"@type":"BreadcrumbList","@id":"https:\/\/canalregionaltv.md\/?p=3071#breadcrumb","itemListElement":[{"@type":"ListItem","position":1,"name":"Home","item":"https:\/\/canalregionaltv.md\/"},{"@type":"ListItem","position":2,"name":"Alergiile de prim\u0103var\u0103, tot mai frecvente: medicii avertizeaz\u0103 c\u0103 rinita alergic\u0103 r\u0103m\u00e2ne adesea nediagnosticat\u0103"}]},{"@type":"WebSite","@id":"https:\/\/canalregionaltv.md\/#website","url":"https:\/\/canalregionaltv.md\/","name":"Canal Regional","description":"Canal Regional","publisher":{"@id":"https:\/\/canalregionaltv.md\/#organization"},"potentialAction":[{"@type":"SearchAction","target":{"@type":"EntryPoint","urlTemplate":"https:\/\/canalregionaltv.md\/?s={search_term_string}"},"query-input":"required name=search_term_string"}],"inLanguage":"en-US"},{"@type":"Organization","@id":"https:\/\/canalregionaltv.md\/#organization","name":"Canal Regional","url":"https:\/\/canalregionaltv.md\/","logo":{"@type":"ImageObject","inLanguage":"en-US","@id":"https:\/\/canalregionaltv.md\/#\/schema\/logo\/image\/","url":"https:\/\/canalregionaltv.md\/wp-content\/uploads\/2023\/10\/Logo_r.png","contentUrl":"https:\/\/canalregionaltv.md\/wp-content\/uploads\/2023\/10\/Logo_r.png","width":403,"height":112,"caption":"Canal Regional"},"image":{"@id":"https:\/\/canalregionaltv.md\/#\/schema\/logo\/image\/"}},{"@type":"Person","@id":"https:\/\/canalregionaltv.md\/#\/schema\/person\/96db60230b2eedd2fd6d09d267f32f8f","name":"admin_axts737o","image":{"@type":"ImageObject","inLanguage":"en-US","@id":"https:\/\/canalregionaltv.md\/#\/schema\/person\/image\/","url":"https:\/\/secure.gravatar.com\/avatar\/409e62ddd56f511fb1262f27a1535ee7719603a42e55b11651be97d388418cae?s=96&d=mm&r=g","contentUrl":"https:\/\/secure.gravatar.com\/avatar\/409e62ddd56f511fb1262f27a1535ee7719603a42e55b11651be97d388418cae?s=96&d=mm&r=g","caption":"admin_axts737o"},"sameAs":["https:\/\/canalregionaltv.md","Canal Regional, Canal Regional TV","canal Regional"],"url":"https:\/\/canalregionaltv.md\/?author=1"}]}},"_links":{"self":[{"href":"https:\/\/canalregionaltv.md\/index.php?rest_route=\/wp\/v2\/posts\/3071","targetHints":{"allow":["GET"]}}],"collection":[{"href":"https:\/\/canalregionaltv.md\/index.php?rest_route=\/wp\/v2\/posts"}],"about":[{"href":"https:\/\/canalregionaltv.md\/index.php?rest_route=\/wp\/v2\/types\/post"}],"author":[{"embeddable":true,"href":"https:\/\/canalregionaltv.md\/index.php?rest_route=\/wp\/v2\/users\/1"}],"replies":[{"embeddable":true,"href":"https:\/\/canalregionaltv.md\/index.php?rest_route=%2Fwp%2Fv2%2Fcomments&post=3071"}],"version-history":[{"count":0,"href":"https:\/\/canalregionaltv.md\/index.php?rest_route=\/wp\/v2\/posts\/3071\/revisions"}],"wp:attachment":[{"href":"https:\/\/canalregionaltv.md\/index.php?rest_route=%2Fwp%2Fv2%2Fmedia&parent=3071"}],"wp:term":[{"taxonomy":"category","embeddable":true,"href":"https:\/\/canalregionaltv.md\/index.php?rest_route=%2Fwp%2Fv2%2Fcategories&post=3071"},{"taxonomy":"post_tag","embeddable":true,"href":"https:\/\/canalregionaltv.md\/index.php?rest_route=%2Fwp%2Fv2%2Ftags&post=3071"}],"curies":[{"name":"wp","href":"https:\/\/api.w.org\/{rel}","templated":true}]}}