{"id":3623,"date":"2026-08-31T17:03:42","date_gmt":"2026-08-31T15:03:42","guid":{"rendered":"https:\/\/canalregionaltv.md\/?p=3623"},"modified":"2026-08-31T17:03:42","modified_gmt":"2026-08-31T15:03:42","slug":"ion-ceban-spune-ca-va-privi-chisinaul-din-alta-perspectiva-dupa-ce-va-folosi-scaunul-cu-rotile","status":"publish","type":"post","link":"https:\/\/canalregionaltv.md\/?p=3623","title":{"rendered":"Ion Ceban spune c\u0103 va privi Chi\u0219in\u0103ul \u201edin alt\u0103 perspectiv\u0103\u201d dup\u0103 ce va folosi scaunul cu rotile"},"content":{"rendered":"<div class=\"pointer-events-none -mt-px h-px translate-y-(--scroll-root-safe-area-inset-bottom)\" aria-hidden=\"true\"><\/div>\n<div class=\"qMYqUG_convSearchResultHighlightRoot\">\n<div class=\"\" data-turn-id-container=\"request-6a5785cc-c358-83eb-871d-b5b43bd5cd13-61\" data-is-intersecting=\"true\">\n<section class=\"text-token-text-primary w-full focus:outline-none has-data-writing-block:pointer-events-none [&amp;:has([data-writing-block])&gt;*]:pointer-events-auto R6Vx5W_threadScrollVars scroll-mb-[calc(var(--scroll-root-safe-area-inset-bottom,0px)+var(--thread-response-height))] scroll-mt-[calc(var(--header-height)+min(200px,max(70px,20svh)))]\" dir=\"auto\" data-turn-id=\"request-6a5785cc-c358-83eb-871d-b5b43bd5cd13-61\" data-turn-id-container=\"request-6a5785cc-c358-83eb-871d-b5b43bd5cd13-61\" data-testid=\"conversation-turn-20\" data-turn=\"assistant\">\n<div class=\"text-base my-auto mx-auto pb-8 [--thread-content-margin:var(--thread-content-margin-xs,calc(var(--spacing)*4))] @w-sm\/main:[--thread-content-margin:var(--thread-content-margin-sm,calc(var(--spacing)*6))] @w-lg\/main:[--thread-content-margin:var(--thread-content-margin-lg,calc(var(--spacing)*16))] px-(--thread-content-margin)\">\n<div class=\"[--thread-content-max-width:40rem] @w-lg\/main:[--thread-content-max-width:48rem] mx-auto max-w-(--thread-content-max-width) flex-1 group\/turn-messages focus-visible:outline-hidden relative flex w-full min-w-0 flex-col agent-turn\" data-conversation-screenshot-content=\"\">\n<div class=\"flex max-w-full flex-col gap-4 grow\">\n<div class=\"min-h-8 text-message relative flex w-full flex-col items-end gap-2 text-start break-words whitespace-normal outline-none keyboard-focused:focus-ring [.text-message+&amp;]:mt-1\" dir=\"auto\" data-message-author-role=\"assistant\" data-message-id=\"e80c498d-52fc-40fb-b1df-d8e1df9316e7\" data-message-model-slug=\"gpt-5-6\" data-turn-start-message=\"true\">\n<div class=\"flex w-full flex-col gap-1 empty:hidden\">\n<div class=\"fbskMG_root markdown prose dark:prose-invert wrap-break-word w-full dark markdown-new-styling\">\n<h3 class=\"PDq2pG_selectionAnchorContainer\" data-start=\"100\" data-end=\"486\">Primarul municipiului Chi\u0219in\u0103u, Ion Ceban, a participat online la \u0219edin\u021ba operativ\u0103 a serviciilor municipale din 31 august, dup\u0103 interven\u021bia chirurgical\u0103 la picioare. Edilul a anun\u021bat c\u0103, pentru o perioad\u0103, nu se poate deplasa \u0219i va fi nevoit s\u0103 foloseasc\u0103 un scaun cu rotile, despre care spune c\u0103 \u00eei va permite s\u0103 observe dintr-o alt\u0103 perspectiv\u0103 problemele de accesibilitate din ora\u0219, transmite <a href=\"https:\/\/www.zdg.md\/stiri\/video-cand-ma-voi-deplasa-cu-ajutorul-scaunului-cu-rotile-voi-vedea-cum-stau-lucrurile-in-oras-si-din-alta-perspectiva-ion-ceban-despre-problema-inaccesibilitatii\/\">ZdG<\/a>.<\/h3>\n<p data-start=\"488\" data-end=\"610\">Ceban a declarat c\u0103, de\u0219i \u00een prezent nu poate merge, \u00ee\u0219i continu\u0103 activitatea \u0219i este implicat \u00een problemele municipiului.<\/p>\n<blockquote>\n<p data-start=\"612\" data-end=\"864\">\u201e<em>Sunt bine \u0219i, chiar dac\u0103, deocamdat\u0103, nu m\u0103 pot deplasa \u0219i sunt nevoit zilnic s\u0103 urmez foarte multe sfaturi \u0219i exerci\u021bii ale medicilor \u0219i, deocamdat\u0103, nu pot merge, asta nu m\u0103 \u00eempiedic\u0103 s\u0103 fiu prezent \u00een fiecare zi \u00een via\u021ba ora\u0219ului<\/em>\u201d, a spus primarul.<\/p>\n<\/blockquote>\n<p data-start=\"866\" data-end=\"1113\">Edilul a precizat c\u0103 sper\u0103 s\u0103 poat\u0103 ie\u0219i \u00een cur\u00e2nd din cas\u0103 cu ajutorul scaunului cu rotile. Acesta a spus c\u0103 inten\u021bioneaz\u0103 s\u0103 se deplaseze prin ora\u0219 al\u0103turi de colegii s\u0103i \u0219i s\u0103 observe mai atent condi\u021biile pentru persoanele cu mobilitate redus\u0103.<\/p>\n<blockquote>\n<p data-start=\"1115\" data-end=\"1253\">\u201e<em>C\u00e2nd m\u0103 voi deplasa cu ajutorul scaunului cu rotile, voi vedea cum stau lucrurile \u00een ora\u0219 \u0219i din alt\u0103 perspectiv\u0103\u201d<\/em>, a declarat Ion Ceban.<\/p>\n<\/blockquote>\n<p data-start=\"1255\" data-end=\"1465\">Problema accesibilit\u0103\u021bii r\u0103m\u00e2ne una prezent\u0103 \u00een Republica Moldova, inclusiv \u00een municipiul Chi\u0219in\u0103u, unde persoanele cu dizabilit\u0103\u021bi sau mobilitate redus\u0103 \u00eent\u00e2mpin\u0103 dificult\u0103\u021bi \u00een deplasarea prin spa\u021biul public.<\/p>\n<p data-start=\"1467\" data-end=\"1626\" data-is-last-node=\"\" data-is-only-node=\"\">Ziarul de Gard\u0103 a relatat anterior despre problemele \u00eent\u00e2lnite de persoanele cu necesit\u0103\u021bi speciale, inclusiv borduri prea \u00eenalte \u0219i rampe dificil de utilizat.<\/p>\n<\/div>\n<\/div>\n<\/div>\n<\/div>\n<div class=\"z-0 flex min-h-[46px] justify-start\"><\/div>\n<div class=\"mt-3 w-full empty:hidden has-[&gt;_:empty]:hidden\">\n<div class=\"text-center\"><\/div>\n<\/div>\n<\/div>\n<div class=\"[--thread-content-max-width:40rem] @w-lg\/main:[--thread-content-max-width:48rem] mx-auto max-w-(--thread-content-max-width) flex-1\" data-conversation-screenshot-content=\"\">\n<div><\/div>\n<\/div>\n<\/div>\n<\/section>\n<\/div>\n<\/div>\n<p>Articolul <a href=\"https:\/\/nordnews.md\/stiri-nationale\/social\/ion-ceban-scaun-cu-rotile-accesibilitate-chisinau\/\">Ion Ceban spune c\u0103 va privi Chi\u0219in\u0103ul \u201edin alt\u0103 perspectiv\u0103\u201d dup\u0103 ce va folosi scaunul cu rotile<\/a> apare prima dat\u0103 \u00een <a href=\"https:\/\/nordnews.md\/\">NordNews<\/a>.<\/p>","protected":false},"excerpt":{"rendered":"<p>Primarul municipiului Chi\u0219in\u0103u, Ion Ceban, a participat online la \u0219edin\u021ba operativ\u0103 a serviciilor municipale din 31 august, dup\u0103 interven\u021bia chirurgical\u0103 la picioare. Edilul a anun\u021bat [&hellip;]<\/p>\n","protected":false},"author":1,"featured_media":0,"comment_status":"open","ping_status":"closed","sticky":false,"template":"","format":"standard","meta":{"footnotes":""},"categories":[1],"tags":[],"class_list":["post-3623","post","type-post","status-publish","format-standard","hentry","category-uncategorized"],"yoast_head":"<!-- This site is optimized with the Yoast SEO plugin v21.3 - https:\/\/yoast.com\/wordpress\/plugins\/seo\/ -->\n<title>Ion Ceban spune c\u0103 va privi Chi\u0219in\u0103ul \u201edin alt\u0103 perspectiv\u0103\u201d dup\u0103 ce va folosi scaunul cu rotile - Canal Regional<\/title>\n<meta name=\"robots\" content=\"index, follow, max-snippet:-1, max-image-preview:large, max-video-preview:-1\" \/>\n<link rel=\"canonical\" href=\"https:\/\/canalregionaltv.md\/?p=3623\" \/>\n<meta property=\"og:locale\" content=\"en_US\" \/>\n<meta property=\"og:type\" content=\"article\" \/>\n<meta property=\"og:title\" content=\"Ion Ceban spune c\u0103 va privi Chi\u0219in\u0103ul \u201edin alt\u0103 perspectiv\u0103\u201d dup\u0103 ce va folosi scaunul cu rotile - Canal Regional\" \/>\n<meta property=\"og:description\" content=\"Primarul municipiului Chi\u0219in\u0103u, Ion Ceban, a participat online la \u0219edin\u021ba operativ\u0103 a serviciilor municipale din 31 august, dup\u0103 interven\u021bia chirurgical\u0103 la picioare. Edilul a anun\u021bat [&hellip;]\" \/>\n<meta property=\"og:url\" content=\"https:\/\/canalregionaltv.md\/?p=3623\" \/>\n<meta property=\"og:site_name\" content=\"Canal Regional\" \/>\n<meta property=\"article:author\" content=\"Canal Regional, Canal Regional TV\" \/>\n<meta property=\"article:published_time\" content=\"2026-08-31T15:03:42+00:00\" \/>\n<meta name=\"author\" content=\"admin_axts737o\" \/>\n<meta name=\"twitter:card\" content=\"summary_large_image\" \/>\n<meta name=\"twitter:label1\" content=\"Written by\" \/>\n\t<meta name=\"twitter:data1\" content=\"admin_axts737o\" \/>\n\t<meta name=\"twitter:label2\" content=\"Est. reading time\" \/>\n\t<meta name=\"twitter:data2\" content=\"1 minute\" \/>\n<script type=\"application\/ld+json\" class=\"yoast-schema-graph\">{\"@context\":\"https:\/\/schema.org\",\"@graph\":[{\"@type\":\"Article\",\"@id\":\"https:\/\/canalregionaltv.md\/?p=3623#article\",\"isPartOf\":{\"@id\":\"https:\/\/canalregionaltv.md\/?p=3623\"},\"author\":{\"name\":\"admin_axts737o\",\"@id\":\"https:\/\/canalregionaltv.md\/#\/schema\/person\/96db60230b2eedd2fd6d09d267f32f8f\"},\"headline\":\"Ion Ceban spune c\u0103 va privi Chi\u0219in\u0103ul \u201edin alt\u0103 perspectiv\u0103\u201d dup\u0103 ce va folosi scaunul cu rotile\",\"datePublished\":\"2026-08-31T15:03:42+00:00\",\"dateModified\":\"2026-08-31T15:03:42+00:00\",\"mainEntityOfPage\":{\"@id\":\"https:\/\/canalregionaltv.md\/?p=3623\"},\"wordCount\":310,\"commentCount\":0,\"publisher\":{\"@id\":\"https:\/\/canalregionaltv.md\/#organization\"},\"inLanguage\":\"en-US\",\"potentialAction\":[{\"@type\":\"CommentAction\",\"name\":\"Comment\",\"target\":[\"https:\/\/canalregionaltv.md\/?p=3623#respond\"]}]},{\"@type\":\"WebPage\",\"@id\":\"https:\/\/canalregionaltv.md\/?p=3623\",\"url\":\"https:\/\/canalregionaltv.md\/?p=3623\",\"name\":\"Ion Ceban spune c\u0103 va privi Chi\u0219in\u0103ul \u201edin alt\u0103 perspectiv\u0103\u201d dup\u0103 ce va folosi scaunul cu rotile - Canal Regional\",\"isPartOf\":{\"@id\":\"https:\/\/canalregionaltv.md\/#website\"},\"datePublished\":\"2026-08-31T15:03:42+00:00\",\"dateModified\":\"2026-08-31T15:03:42+00:00\",\"breadcrumb\":{\"@id\":\"https:\/\/canalregionaltv.md\/?p=3623#breadcrumb\"},\"inLanguage\":\"en-US\",\"potentialAction\":[{\"@type\":\"ReadAction\",\"target\":[\"https:\/\/canalregionaltv.md\/?p=3623\"]}]},{\"@type\":\"BreadcrumbList\",\"@id\":\"https:\/\/canalregionaltv.md\/?p=3623#breadcrumb\",\"itemListElement\":[{\"@type\":\"ListItem\",\"position\":1,\"name\":\"Home\",\"item\":\"https:\/\/canalregionaltv.md\/\"},{\"@type\":\"ListItem\",\"position\":2,\"name\":\"Ion Ceban spune c\u0103 va privi Chi\u0219in\u0103ul \u201edin alt\u0103 perspectiv\u0103\u201d dup\u0103 ce va folosi scaunul cu rotile\"}]},{\"@type\":\"WebSite\",\"@id\":\"https:\/\/canalregionaltv.md\/#website\",\"url\":\"https:\/\/canalregionaltv.md\/\",\"name\":\"Canal Regional\",\"description\":\"Canal Regional\",\"publisher\":{\"@id\":\"https:\/\/canalregionaltv.md\/#organization\"},\"potentialAction\":[{\"@type\":\"SearchAction\",\"target\":{\"@type\":\"EntryPoint\",\"urlTemplate\":\"https:\/\/canalregionaltv.md\/?s={search_term_string}\"},\"query-input\":\"required name=search_term_string\"}],\"inLanguage\":\"en-US\"},{\"@type\":\"Organization\",\"@id\":\"https:\/\/canalregionaltv.md\/#organization\",\"name\":\"Canal Regional\",\"url\":\"https:\/\/canalregionaltv.md\/\",\"logo\":{\"@type\":\"ImageObject\",\"inLanguage\":\"en-US\",\"@id\":\"https:\/\/canalregionaltv.md\/#\/schema\/logo\/image\/\",\"url\":\"https:\/\/canalregionaltv.md\/wp-content\/uploads\/2023\/10\/Logo_r.png\",\"contentUrl\":\"https:\/\/canalregionaltv.md\/wp-content\/uploads\/2023\/10\/Logo_r.png\",\"width\":403,\"height\":112,\"caption\":\"Canal Regional\"},\"image\":{\"@id\":\"https:\/\/canalregionaltv.md\/#\/schema\/logo\/image\/\"}},{\"@type\":\"Person\",\"@id\":\"https:\/\/canalregionaltv.md\/#\/schema\/person\/96db60230b2eedd2fd6d09d267f32f8f\",\"name\":\"admin_axts737o\",\"image\":{\"@type\":\"ImageObject\",\"inLanguage\":\"en-US\",\"@id\":\"https:\/\/canalregionaltv.md\/#\/schema\/person\/image\/\",\"url\":\"https:\/\/secure.gravatar.com\/avatar\/409e62ddd56f511fb1262f27a1535ee7719603a42e55b11651be97d388418cae?s=96&d=mm&r=g\",\"contentUrl\":\"https:\/\/secure.gravatar.com\/avatar\/409e62ddd56f511fb1262f27a1535ee7719603a42e55b11651be97d388418cae?s=96&d=mm&r=g\",\"caption\":\"admin_axts737o\"},\"sameAs\":[\"https:\/\/canalregionaltv.md\",\"Canal Regional, Canal Regional TV\",\"canal Regional\"],\"url\":\"https:\/\/canalregionaltv.md\/?author=1\"}]}<\/script>\n<!-- \/ Yoast SEO plugin. -->","yoast_head_json":{"title":"Ion Ceban spune c\u0103 va privi Chi\u0219in\u0103ul \u201edin alt\u0103 perspectiv\u0103\u201d dup\u0103 ce va folosi scaunul cu rotile - Canal Regional","robots":{"index":"index","follow":"follow","max-snippet":"max-snippet:-1","max-image-preview":"max-image-preview:large","max-video-preview":"max-video-preview:-1"},"canonical":"https:\/\/canalregionaltv.md\/?p=3623","og_locale":"en_US","og_type":"article","og_title":"Ion Ceban spune c\u0103 va privi Chi\u0219in\u0103ul \u201edin alt\u0103 perspectiv\u0103\u201d dup\u0103 ce va folosi scaunul cu rotile - Canal Regional","og_description":"Primarul municipiului Chi\u0219in\u0103u, Ion Ceban, a participat online la \u0219edin\u021ba operativ\u0103 a serviciilor municipale din 31 august, dup\u0103 interven\u021bia chirurgical\u0103 la picioare. Edilul a anun\u021bat [&hellip;]","og_url":"https:\/\/canalregionaltv.md\/?p=3623","og_site_name":"Canal Regional","article_author":"Canal Regional, Canal Regional TV","article_published_time":"2026-08-31T15:03:42+00:00","author":"admin_axts737o","twitter_card":"summary_large_image","twitter_misc":{"Written by":"admin_axts737o","Est. reading time":"1 minute"},"schema":{"@context":"https:\/\/schema.org","@graph":[{"@type":"Article","@id":"https:\/\/canalregionaltv.md\/?p=3623#article","isPartOf":{"@id":"https:\/\/canalregionaltv.md\/?p=3623"},"author":{"name":"admin_axts737o","@id":"https:\/\/canalregionaltv.md\/#\/schema\/person\/96db60230b2eedd2fd6d09d267f32f8f"},"headline":"Ion Ceban spune c\u0103 va privi Chi\u0219in\u0103ul \u201edin alt\u0103 perspectiv\u0103\u201d dup\u0103 ce va folosi scaunul cu rotile","datePublished":"2026-08-31T15:03:42+00:00","dateModified":"2026-08-31T15:03:42+00:00","mainEntityOfPage":{"@id":"https:\/\/canalregionaltv.md\/?p=3623"},"wordCount":310,"commentCount":0,"publisher":{"@id":"https:\/\/canalregionaltv.md\/#organization"},"inLanguage":"en-US","potentialAction":[{"@type":"CommentAction","name":"Comment","target":["https:\/\/canalregionaltv.md\/?p=3623#respond"]}]},{"@type":"WebPage","@id":"https:\/\/canalregionaltv.md\/?p=3623","url":"https:\/\/canalregionaltv.md\/?p=3623","name":"Ion Ceban spune c\u0103 va privi Chi\u0219in\u0103ul \u201edin alt\u0103 perspectiv\u0103\u201d dup\u0103 ce va folosi scaunul cu rotile - Canal Regional","isPartOf":{"@id":"https:\/\/canalregionaltv.md\/#website"},"datePublished":"2026-08-31T15:03:42+00:00","dateModified":"2026-08-31T15:03:42+00:00","breadcrumb":{"@id":"https:\/\/canalregionaltv.md\/?p=3623#breadcrumb"},"inLanguage":"en-US","potentialAction":[{"@type":"ReadAction","target":["https:\/\/canalregionaltv.md\/?p=3623"]}]},{"@type":"BreadcrumbList","@id":"https:\/\/canalregionaltv.md\/?p=3623#breadcrumb","itemListElement":[{"@type":"ListItem","position":1,"name":"Home","item":"https:\/\/canalregionaltv.md\/"},{"@type":"ListItem","position":2,"name":"Ion Ceban spune c\u0103 va privi Chi\u0219in\u0103ul \u201edin alt\u0103 perspectiv\u0103\u201d dup\u0103 ce va folosi scaunul cu rotile"}]},{"@type":"WebSite","@id":"https:\/\/canalregionaltv.md\/#website","url":"https:\/\/canalregionaltv.md\/","name":"Canal Regional","description":"Canal Regional","publisher":{"@id":"https:\/\/canalregionaltv.md\/#organization"},"potentialAction":[{"@type":"SearchAction","target":{"@type":"EntryPoint","urlTemplate":"https:\/\/canalregionaltv.md\/?s={search_term_string}"},"query-input":"required name=search_term_string"}],"inLanguage":"en-US"},{"@type":"Organization","@id":"https:\/\/canalregionaltv.md\/#organization","name":"Canal Regional","url":"https:\/\/canalregionaltv.md\/","logo":{"@type":"ImageObject","inLanguage":"en-US","@id":"https:\/\/canalregionaltv.md\/#\/schema\/logo\/image\/","url":"https:\/\/canalregionaltv.md\/wp-content\/uploads\/2023\/10\/Logo_r.png","contentUrl":"https:\/\/canalregionaltv.md\/wp-content\/uploads\/2023\/10\/Logo_r.png","width":403,"height":112,"caption":"Canal Regional"},"image":{"@id":"https:\/\/canalregionaltv.md\/#\/schema\/logo\/image\/"}},{"@type":"Person","@id":"https:\/\/canalregionaltv.md\/#\/schema\/person\/96db60230b2eedd2fd6d09d267f32f8f","name":"admin_axts737o","image":{"@type":"ImageObject","inLanguage":"en-US","@id":"https:\/\/canalregionaltv.md\/#\/schema\/person\/image\/","url":"https:\/\/secure.gravatar.com\/avatar\/409e62ddd56f511fb1262f27a1535ee7719603a42e55b11651be97d388418cae?s=96&d=mm&r=g","contentUrl":"https:\/\/secure.gravatar.com\/avatar\/409e62ddd56f511fb1262f27a1535ee7719603a42e55b11651be97d388418cae?s=96&d=mm&r=g","caption":"admin_axts737o"},"sameAs":["https:\/\/canalregionaltv.md","Canal Regional, Canal Regional TV","canal Regional"],"url":"https:\/\/canalregionaltv.md\/?author=1"}]}},"_links":{"self":[{"href":"https:\/\/canalregionaltv.md\/index.php?rest_route=\/wp\/v2\/posts\/3623","targetHints":{"allow":["GET"]}}],"collection":[{"href":"https:\/\/canalregionaltv.md\/index.php?rest_route=\/wp\/v2\/posts"}],"about":[{"href":"https:\/\/canalregionaltv.md\/index.php?rest_route=\/wp\/v2\/types\/post"}],"author":[{"embeddable":true,"href":"https:\/\/canalregionaltv.md\/index.php?rest_route=\/wp\/v2\/users\/1"}],"replies":[{"embeddable":true,"href":"https:\/\/canalregionaltv.md\/index.php?rest_route=%2Fwp%2Fv2%2Fcomments&post=3623"}],"version-history":[{"count":0,"href":"https:\/\/canalregionaltv.md\/index.php?rest_route=\/wp\/v2\/posts\/3623\/revisions"}],"wp:attachment":[{"href":"https:\/\/canalregionaltv.md\/index.php?rest_route=%2Fwp%2Fv2%2Fmedia&parent=3623"}],"wp:term":[{"taxonomy":"category","embeddable":true,"href":"https:\/\/canalregionaltv.md\/index.php?rest_route=%2Fwp%2Fv2%2Fcategories&post=3623"},{"taxonomy":"post_tag","embeddable":true,"href":"https:\/\/canalregionaltv.md\/index.php?rest_route=%2Fwp%2Fv2%2Ftags&post=3623"}],"curies":[{"name":"wp","href":"https:\/\/api.w.org\/{rel}","templated":true}]}}