{"id":3624,"date":"2026-08-31T17:03:42","date_gmt":"2026-08-31T15:03:42","guid":{"rendered":"https:\/\/canalregionaltv.md\/?p=3624"},"modified":"2026-08-31T17:03:42","modified_gmt":"2026-08-31T15:03:42","slug":"christopher-smith-noul-sef-al-misiunii-osce-in-moldova","status":"publish","type":"post","link":"https:\/\/canalregionaltv.md\/?p=3624","title":{"rendered":"Christopher Smith, noul \u0219ef al Misiunii OSCE \u00een Moldova"},"content":{"rendered":"<h3 class=\"PDq2pG_selectionAnchorContainer\" data-start=\"59\" data-end=\"268\">Diplomatul american Christopher Smith a preluat luni mandatul de \u0219ef al Misiunii OSCE \u00een Moldova \u0219i va exercita, totodat\u0103, func\u021bia de mediator al OSCE \u00een procesul de reglementare transnistrean\u0103, transmite IPN.<\/h3>\n<p data-start=\"270\" data-end=\"437\">Noul \u0219ef al Misiunii OSCE a declarat c\u0103 va continua eforturile pentru consolidarea \u00eencrederii \u0219i dezvoltarea cooper\u0103rii practice dintre cele dou\u0103 maluri ale Nistrului.<\/p>\n<blockquote>\n<p data-start=\"439\" data-end=\"749\">\u201e<em>A\u0219tept cu interes s\u0103 colaborez \u00eendeaproape cu autorit\u0103\u021bile de la Chi\u0219in\u0103u \u0219i Tiraspol, precum \u0219i cu ceilal\u021bi participan\u021bi \u00een formatul \u201e5+2\u201d, pentru a sprijini un dialog constructiv \u0219i a avansa eforturile c\u0103tre o solu\u021bionare cuprinz\u0103toare \u0219i pa\u0219nic\u0103 a conflictului transnistrean<\/em>\u201d, a declarat Christopher Smith.<\/p>\n<\/blockquote>\n<p data-start=\"790\" data-end=\"978\">\u00cenainte de a prelua conducerea Misiunii OSCE \u00een Moldova, Christopher Smith a fost asistent adjunct al secretarului de stat al SUA \u00een cadrul Biroului pentru afaceri europene \u0219i eurasiatice.<\/p>\n<p data-start=\"980\" data-end=\"1326\">\u00cen perioada 2022-2023, acesta a ocupat func\u021bia de adjunct al \u0219efului misiunii la Ambasada SUA din Kiev. De-a lungul carierei sale diplomatice, Smith a activat \u0219i \u00een Georgia, Turcia, Afganistan, Cipru \u0219i Armenia. De asemenea, a de\u021binut func\u021bii de conducere \u00een cadrul Departamentului de Stat \u0219i al Consiliului Na\u021bional de Securitate al SUA.<\/p>\n<p data-start=\"1328\" data-end=\"1518\">Smith \u00eei succede ambasadoarei Kelly Keiderling, care \u0219i-a \u00eencheiat mandatul \u00een septembrie 2025. P\u00e2n\u0103 la numirea noului \u0219ef, Misiunea OSCE a fost condus\u0103 interimar de Izabela Sylwia Hartmann.<\/p>\n<p data-start=\"1520\" data-end=\"1851\" data-is-last-node=\"\" data-is-only-node=\"\">Potrivit OSCE, una dintre principalele priorit\u0103\u021bi ale Misiunii este sprijinirea unei reglement\u0103ri politice durabile a conflictului transnistrean, bazat\u0103 pe suveranitatea \u0219i integritatea teritorial\u0103 a Republicii Moldova, \u00een cadrul frontierelor sale recunoscute interna\u021bional, cu un statut special pentru regiunea transnistrean\u0103.<\/p>\n<p>\u00a0<\/p>\n<p>Articolul <a href=\"https:\/\/nordnews.md\/stiri-nationale\/social\/christopher-smith-noul-sef-al-misiunii-osce-in-moldova\/\">Christopher Smith, noul \u0219ef al Misiunii OSCE \u00een Moldova<\/a> apare prima dat\u0103 \u00een <a href=\"https:\/\/nordnews.md\/\">NordNews<\/a>.<\/p>","protected":false},"excerpt":{"rendered":"<p>Diplomatul american Christopher Smith a preluat luni mandatul de \u0219ef al Misiunii OSCE \u00een Moldova \u0219i va exercita, totodat\u0103, func\u021bia de mediator al OSCE \u00een [&hellip;]<\/p>\n","protected":false},"author":1,"featured_media":0,"comment_status":"open","ping_status":"closed","sticky":false,"template":"","format":"standard","meta":{"footnotes":""},"categories":[1],"tags":[],"class_list":["post-3624","post","type-post","status-publish","format-standard","hentry","category-uncategorized"],"yoast_head":"<!-- This site is optimized with the Yoast SEO plugin v21.3 - https:\/\/yoast.com\/wordpress\/plugins\/seo\/ -->\n<title>Christopher Smith, noul \u0219ef al Misiunii OSCE \u00een Moldova - Canal Regional<\/title>\n<meta name=\"robots\" content=\"index, follow, max-snippet:-1, max-image-preview:large, max-video-preview:-1\" \/>\n<link rel=\"canonical\" href=\"https:\/\/canalregionaltv.md\/?p=3624\" \/>\n<meta property=\"og:locale\" content=\"en_US\" \/>\n<meta property=\"og:type\" content=\"article\" \/>\n<meta property=\"og:title\" content=\"Christopher Smith, noul \u0219ef al Misiunii OSCE \u00een Moldova - Canal Regional\" \/>\n<meta property=\"og:description\" content=\"Diplomatul american Christopher Smith a preluat luni mandatul de \u0219ef al Misiunii OSCE \u00een Moldova \u0219i va exercita, totodat\u0103, func\u021bia de mediator al OSCE \u00een [&hellip;]\" \/>\n<meta property=\"og:url\" content=\"https:\/\/canalregionaltv.md\/?p=3624\" \/>\n<meta property=\"og:site_name\" content=\"Canal Regional\" \/>\n<meta property=\"article:author\" content=\"Canal Regional, Canal Regional TV\" \/>\n<meta property=\"article:published_time\" content=\"2026-08-31T15:03:42+00:00\" \/>\n<meta name=\"author\" content=\"admin_axts737o\" \/>\n<meta name=\"twitter:card\" content=\"summary_large_image\" \/>\n<meta name=\"twitter:label1\" content=\"Written by\" \/>\n\t<meta name=\"twitter:data1\" content=\"admin_axts737o\" \/>\n\t<meta name=\"twitter:label2\" content=\"Est. reading time\" \/>\n\t<meta name=\"twitter:data2\" content=\"1 minute\" \/>\n<script type=\"application\/ld+json\" class=\"yoast-schema-graph\">{\"@context\":\"https:\/\/schema.org\",\"@graph\":[{\"@type\":\"Article\",\"@id\":\"https:\/\/canalregionaltv.md\/?p=3624#article\",\"isPartOf\":{\"@id\":\"https:\/\/canalregionaltv.md\/?p=3624\"},\"author\":{\"name\":\"admin_axts737o\",\"@id\":\"https:\/\/canalregionaltv.md\/#\/schema\/person\/96db60230b2eedd2fd6d09d267f32f8f\"},\"headline\":\"Christopher Smith, noul \u0219ef al Misiunii OSCE \u00een Moldova\",\"datePublished\":\"2026-08-31T15:03:42+00:00\",\"dateModified\":\"2026-08-31T15:03:42+00:00\",\"mainEntityOfPage\":{\"@id\":\"https:\/\/canalregionaltv.md\/?p=3624\"},\"wordCount\":290,\"commentCount\":0,\"publisher\":{\"@id\":\"https:\/\/canalregionaltv.md\/#organization\"},\"inLanguage\":\"en-US\",\"potentialAction\":[{\"@type\":\"CommentAction\",\"name\":\"Comment\",\"target\":[\"https:\/\/canalregionaltv.md\/?p=3624#respond\"]}]},{\"@type\":\"WebPage\",\"@id\":\"https:\/\/canalregionaltv.md\/?p=3624\",\"url\":\"https:\/\/canalregionaltv.md\/?p=3624\",\"name\":\"Christopher Smith, noul \u0219ef al Misiunii OSCE \u00een Moldova - Canal Regional\",\"isPartOf\":{\"@id\":\"https:\/\/canalregionaltv.md\/#website\"},\"datePublished\":\"2026-08-31T15:03:42+00:00\",\"dateModified\":\"2026-08-31T15:03:42+00:00\",\"breadcrumb\":{\"@id\":\"https:\/\/canalregionaltv.md\/?p=3624#breadcrumb\"},\"inLanguage\":\"en-US\",\"potentialAction\":[{\"@type\":\"ReadAction\",\"target\":[\"https:\/\/canalregionaltv.md\/?p=3624\"]}]},{\"@type\":\"BreadcrumbList\",\"@id\":\"https:\/\/canalregionaltv.md\/?p=3624#breadcrumb\",\"itemListElement\":[{\"@type\":\"ListItem\",\"position\":1,\"name\":\"Home\",\"item\":\"https:\/\/canalregionaltv.md\/\"},{\"@type\":\"ListItem\",\"position\":2,\"name\":\"Christopher Smith, noul \u0219ef al Misiunii OSCE \u00een Moldova\"}]},{\"@type\":\"WebSite\",\"@id\":\"https:\/\/canalregionaltv.md\/#website\",\"url\":\"https:\/\/canalregionaltv.md\/\",\"name\":\"Canal Regional\",\"description\":\"Canal Regional\",\"publisher\":{\"@id\":\"https:\/\/canalregionaltv.md\/#organization\"},\"potentialAction\":[{\"@type\":\"SearchAction\",\"target\":{\"@type\":\"EntryPoint\",\"urlTemplate\":\"https:\/\/canalregionaltv.md\/?s={search_term_string}\"},\"query-input\":\"required name=search_term_string\"}],\"inLanguage\":\"en-US\"},{\"@type\":\"Organization\",\"@id\":\"https:\/\/canalregionaltv.md\/#organization\",\"name\":\"Canal Regional\",\"url\":\"https:\/\/canalregionaltv.md\/\",\"logo\":{\"@type\":\"ImageObject\",\"inLanguage\":\"en-US\",\"@id\":\"https:\/\/canalregionaltv.md\/#\/schema\/logo\/image\/\",\"url\":\"https:\/\/canalregionaltv.md\/wp-content\/uploads\/2023\/10\/Logo_r.png\",\"contentUrl\":\"https:\/\/canalregionaltv.md\/wp-content\/uploads\/2023\/10\/Logo_r.png\",\"width\":403,\"height\":112,\"caption\":\"Canal Regional\"},\"image\":{\"@id\":\"https:\/\/canalregionaltv.md\/#\/schema\/logo\/image\/\"}},{\"@type\":\"Person\",\"@id\":\"https:\/\/canalregionaltv.md\/#\/schema\/person\/96db60230b2eedd2fd6d09d267f32f8f\",\"name\":\"admin_axts737o\",\"image\":{\"@type\":\"ImageObject\",\"inLanguage\":\"en-US\",\"@id\":\"https:\/\/canalregionaltv.md\/#\/schema\/person\/image\/\",\"url\":\"https:\/\/secure.gravatar.com\/avatar\/409e62ddd56f511fb1262f27a1535ee7719603a42e55b11651be97d388418cae?s=96&d=mm&r=g\",\"contentUrl\":\"https:\/\/secure.gravatar.com\/avatar\/409e62ddd56f511fb1262f27a1535ee7719603a42e55b11651be97d388418cae?s=96&d=mm&r=g\",\"caption\":\"admin_axts737o\"},\"sameAs\":[\"https:\/\/canalregionaltv.md\",\"Canal Regional, Canal Regional TV\",\"canal Regional\"],\"url\":\"https:\/\/canalregionaltv.md\/?author=1\"}]}<\/script>\n<!-- \/ Yoast SEO plugin. -->","yoast_head_json":{"title":"Christopher Smith, noul \u0219ef al Misiunii OSCE \u00een Moldova - Canal Regional","robots":{"index":"index","follow":"follow","max-snippet":"max-snippet:-1","max-image-preview":"max-image-preview:large","max-video-preview":"max-video-preview:-1"},"canonical":"https:\/\/canalregionaltv.md\/?p=3624","og_locale":"en_US","og_type":"article","og_title":"Christopher Smith, noul \u0219ef al Misiunii OSCE \u00een Moldova - Canal Regional","og_description":"Diplomatul american Christopher Smith a preluat luni mandatul de \u0219ef al Misiunii OSCE \u00een Moldova \u0219i va exercita, totodat\u0103, func\u021bia de mediator al OSCE \u00een [&hellip;]","og_url":"https:\/\/canalregionaltv.md\/?p=3624","og_site_name":"Canal Regional","article_author":"Canal Regional, Canal Regional TV","article_published_time":"2026-08-31T15:03:42+00:00","author":"admin_axts737o","twitter_card":"summary_large_image","twitter_misc":{"Written by":"admin_axts737o","Est. reading time":"1 minute"},"schema":{"@context":"https:\/\/schema.org","@graph":[{"@type":"Article","@id":"https:\/\/canalregionaltv.md\/?p=3624#article","isPartOf":{"@id":"https:\/\/canalregionaltv.md\/?p=3624"},"author":{"name":"admin_axts737o","@id":"https:\/\/canalregionaltv.md\/#\/schema\/person\/96db60230b2eedd2fd6d09d267f32f8f"},"headline":"Christopher Smith, noul \u0219ef al Misiunii OSCE \u00een Moldova","datePublished":"2026-08-31T15:03:42+00:00","dateModified":"2026-08-31T15:03:42+00:00","mainEntityOfPage":{"@id":"https:\/\/canalregionaltv.md\/?p=3624"},"wordCount":290,"commentCount":0,"publisher":{"@id":"https:\/\/canalregionaltv.md\/#organization"},"inLanguage":"en-US","potentialAction":[{"@type":"CommentAction","name":"Comment","target":["https:\/\/canalregionaltv.md\/?p=3624#respond"]}]},{"@type":"WebPage","@id":"https:\/\/canalregionaltv.md\/?p=3624","url":"https:\/\/canalregionaltv.md\/?p=3624","name":"Christopher Smith, noul \u0219ef al Misiunii OSCE \u00een Moldova - Canal Regional","isPartOf":{"@id":"https:\/\/canalregionaltv.md\/#website"},"datePublished":"2026-08-31T15:03:42+00:00","dateModified":"2026-08-31T15:03:42+00:00","breadcrumb":{"@id":"https:\/\/canalregionaltv.md\/?p=3624#breadcrumb"},"inLanguage":"en-US","potentialAction":[{"@type":"ReadAction","target":["https:\/\/canalregionaltv.md\/?p=3624"]}]},{"@type":"BreadcrumbList","@id":"https:\/\/canalregionaltv.md\/?p=3624#breadcrumb","itemListElement":[{"@type":"ListItem","position":1,"name":"Home","item":"https:\/\/canalregionaltv.md\/"},{"@type":"ListItem","position":2,"name":"Christopher Smith, noul \u0219ef al Misiunii OSCE \u00een Moldova"}]},{"@type":"WebSite","@id":"https:\/\/canalregionaltv.md\/#website","url":"https:\/\/canalregionaltv.md\/","name":"Canal Regional","description":"Canal Regional","publisher":{"@id":"https:\/\/canalregionaltv.md\/#organization"},"potentialAction":[{"@type":"SearchAction","target":{"@type":"EntryPoint","urlTemplate":"https:\/\/canalregionaltv.md\/?s={search_term_string}"},"query-input":"required name=search_term_string"}],"inLanguage":"en-US"},{"@type":"Organization","@id":"https:\/\/canalregionaltv.md\/#organization","name":"Canal Regional","url":"https:\/\/canalregionaltv.md\/","logo":{"@type":"ImageObject","inLanguage":"en-US","@id":"https:\/\/canalregionaltv.md\/#\/schema\/logo\/image\/","url":"https:\/\/canalregionaltv.md\/wp-content\/uploads\/2023\/10\/Logo_r.png","contentUrl":"https:\/\/canalregionaltv.md\/wp-content\/uploads\/2023\/10\/Logo_r.png","width":403,"height":112,"caption":"Canal Regional"},"image":{"@id":"https:\/\/canalregionaltv.md\/#\/schema\/logo\/image\/"}},{"@type":"Person","@id":"https:\/\/canalregionaltv.md\/#\/schema\/person\/96db60230b2eedd2fd6d09d267f32f8f","name":"admin_axts737o","image":{"@type":"ImageObject","inLanguage":"en-US","@id":"https:\/\/canalregionaltv.md\/#\/schema\/person\/image\/","url":"https:\/\/secure.gravatar.com\/avatar\/409e62ddd56f511fb1262f27a1535ee7719603a42e55b11651be97d388418cae?s=96&d=mm&r=g","contentUrl":"https:\/\/secure.gravatar.com\/avatar\/409e62ddd56f511fb1262f27a1535ee7719603a42e55b11651be97d388418cae?s=96&d=mm&r=g","caption":"admin_axts737o"},"sameAs":["https:\/\/canalregionaltv.md","Canal Regional, Canal Regional TV","canal Regional"],"url":"https:\/\/canalregionaltv.md\/?author=1"}]}},"_links":{"self":[{"href":"https:\/\/canalregionaltv.md\/index.php?rest_route=\/wp\/v2\/posts\/3624","targetHints":{"allow":["GET"]}}],"collection":[{"href":"https:\/\/canalregionaltv.md\/index.php?rest_route=\/wp\/v2\/posts"}],"about":[{"href":"https:\/\/canalregionaltv.md\/index.php?rest_route=\/wp\/v2\/types\/post"}],"author":[{"embeddable":true,"href":"https:\/\/canalregionaltv.md\/index.php?rest_route=\/wp\/v2\/users\/1"}],"replies":[{"embeddable":true,"href":"https:\/\/canalregionaltv.md\/index.php?rest_route=%2Fwp%2Fv2%2Fcomments&post=3624"}],"version-history":[{"count":0,"href":"https:\/\/canalregionaltv.md\/index.php?rest_route=\/wp\/v2\/posts\/3624\/revisions"}],"wp:attachment":[{"href":"https:\/\/canalregionaltv.md\/index.php?rest_route=%2Fwp%2Fv2%2Fmedia&parent=3624"}],"wp:term":[{"taxonomy":"category","embeddable":true,"href":"https:\/\/canalregionaltv.md\/index.php?rest_route=%2Fwp%2Fv2%2Fcategories&post=3624"},{"taxonomy":"post_tag","embeddable":true,"href":"https:\/\/canalregionaltv.md\/index.php?rest_route=%2Fwp%2Fv2%2Ftags&post=3624"}],"curies":[{"name":"wp","href":"https:\/\/api.w.org\/{rel}","templated":true}]}}