{"id":3625,"date":"2026-08-31T17:03:43","date_gmt":"2026-08-31T15:03:43","guid":{"rendered":"https:\/\/canalregionaltv.md\/?p=3625"},"modified":"2026-08-31T17:03:43","modified_gmt":"2026-08-31T15:03:43","slug":"aproape-35-mii-de-oameni-au-participat-la-marea-dictare-nationala","status":"publish","type":"post","link":"https:\/\/canalregionaltv.md\/?p=3625","title":{"rendered":"Aproape 3,5 mii de oameni au participat la Marea Dictare Na\u021bional\u0103"},"content":{"rendered":"<h3 class=\"PDq2pG_selectionAnchorContainer\" data-start=\"125\" data-end=\"483\">Aproape 3,5 mii de oameni au pus m\u00e2na pe pix \u0219i \u0219i-au verificat rom\u00e2na, luni, 31 august, la cea de-a patra edi\u021bie a Marii Dict\u0103ri Na\u021bionale. Evenimentul s-a desf\u0103\u0219urat la Chi\u0219in\u0103u \u0219i \u00een cel pu\u021bin 16 raioane ale Republicii Moldova, de Ziua Limbii Rom\u00e2ne, iar participan\u021bii au avut de scris un fragment adaptat din piesa \u201eTestamentul\u201d de regretatul actor, regizor \u0219i scriitor Gheorghe Urschi.<\/h3>\n<p data-start=\"485\" data-end=\"807\">\u00cen Pia\u021ba Marii Adun\u0103ri Na\u021bionale, dar \u0219i \u00een localit\u0103\u021bile unde a fost organizat\u0103 dictarea, au participat elevi, profesori, p\u0103rin\u021bi, bunici \u0219i persoane de diferite v\u00e2rste. Lucr\u0103rile vor fi verificate de o comisie desemnat\u0103 de Ministerul Educa\u021biei \u0219i Cercet\u0103rii, iar autorii celor mai bune rezultate vor fi premia\u021bi ulterior.<\/p>\n<p data-start=\"809\" data-end=\"1057\">Pentru prima dat\u0103, la Marea Dictare Na\u021bional\u0103 au participat \u0219i persoane cu deficien\u021be de vedere. Ministerul Educa\u021biei sus\u021bine c\u0103 a pus la dispozi\u021bie spa\u021bii \u0219i materiale adaptate pentru ca acestea s\u0103 poat\u0103 scrie al\u0103turi de ceilal\u021bi participan\u021bi.<\/p>\n<p data-start=\"1059\" data-end=\"1231\">Prezent la eveniment, ministrul Educa\u021biei, Dan Perciun, a legat s\u0103rb\u0103toarea de lupta pentru revenirea limbii rom\u00e2ne \u0219i a alfabetului latin la sf\u00e2r\u0219itul perioadei sovietice.<\/p>\n<blockquote data-start=\"1233\" data-end=\"1497\">\n<p data-start=\"1235\" data-end=\"1497\"><em>\u201eNimic din ceea ce celebr\u0103m ast\u0103zi nu a venit de la sine. Nici independen\u021ba Republicii Moldova, nici revenirea limbii rom\u00e2ne \u00een drepturile sale fire\u0219ti, nici revenirea la alfabetul latin nu au c\u0103zut peste noi [\u2026] Ele au fost c\u00e2\u0219tigate\u201d, <\/em><strong>a declarat Dan Perciun.<\/strong><\/p>\n<\/blockquote>\n<p data-start=\"1499\" data-end=\"1638\">Premierul Vasile Tofan a vorbit, la r\u00e2ndul s\u0103u, despre diversitatea regional\u0103 a limbii \u0219i despre importan\u021ba transmiterii acesteia copiilor. Executivul a dat drept exemplu denumirile diferite folosite \u00een \u021bar\u0103 pentru acela\u0219i fruct, dude, agute sau \u0219orcove,\u00a0\u0219i a spus c\u0103 aceste particularit\u0103\u021bi nu s\u0103r\u0103cesc limba, ci o fac mai vie.<\/p>\n<blockquote data-start=\"1827\" data-end=\"2030\">\n<p data-start=\"1829\" data-end=\"2030\"><em>\u201eEste important ca ai no\u0219tri copii s\u0103 citeasc\u0103 \u0219i s\u0103 vorbeasc\u0103 rom\u00e2ne\u0219te, s\u0103-i cunoasc\u0103 pe scriitorii no\u0219tri, s\u0103 nu le fie ru\u0219ine de accentul bunicilor \u0219i s\u0103 fie m\u00e2ndri de limba lor\u201d,<\/em><strong> a spus premierul.<\/strong><\/p>\n<\/blockquote>\n<p data-start=\"2187\" data-end=\"2450\">Marea Dictare Na\u021bional\u0103 a fost lansat\u0103 \u00een 2023 de Ministerul Educa\u021biei \u0219i Cercet\u0103rii. Edi\u021bia din acest an s-a desf\u0103\u0219urat \u00een ziua \u00een care Republica Moldova marcheaz\u0103 Ziua Limbii Rom\u00e2ne \u0219i la c\u00e2teva zile dup\u0103 aniversarea a 35 de ani de la proclamarea Independen\u021bei.<\/p>\n<hr \/>\n<h4 data-start=\"2187\" data-end=\"2450\">Citi\u021bi \u0219i:<\/h4>\n<h4 class=\"is-title post-title\"><span><a href=\"https:\/\/nordnews.md\/stiri-locale\/prima-dictare-nationala-organizata-la-balti\/\">Limba rom\u00e2n\u0103 a adunat genera\u021bii la aceea\u0219i masa. Prima dictare na\u021bional\u0103 organizat\u0103 la B\u0103l\u021bi<\/a><\/span><\/h4>\n<p>Articolul <a href=\"https:\/\/nordnews.md\/stiri-nationale\/aproape-35-mii-de-oameni-au-participat-la-marea-dictare-nationala\/\">Aproape 3,5 mii de oameni au participat la Marea Dictare Na\u021bional\u0103<\/a> apare prima dat\u0103 \u00een <a href=\"https:\/\/nordnews.md\/\">NordNews<\/a>.<\/p>","protected":false},"excerpt":{"rendered":"<p>Aproape 3,5 mii de oameni au pus m\u00e2na pe pix \u0219i \u0219i-au verificat rom\u00e2na, luni, 31 august, la cea de-a patra edi\u021bie a Marii Dict\u0103ri [&hellip;]<\/p>\n","protected":false},"author":1,"featured_media":0,"comment_status":"open","ping_status":"closed","sticky":false,"template":"","format":"standard","meta":{"footnotes":""},"categories":[1],"tags":[],"class_list":["post-3625","post","type-post","status-publish","format-standard","hentry","category-uncategorized"],"yoast_head":"<!-- This site is optimized with the Yoast SEO plugin v21.3 - https:\/\/yoast.com\/wordpress\/plugins\/seo\/ -->\n<title>Aproape 3,5 mii de oameni au participat la Marea Dictare Na\u021bional\u0103 - Canal Regional<\/title>\n<meta name=\"robots\" content=\"index, follow, max-snippet:-1, max-image-preview:large, max-video-preview:-1\" \/>\n<link rel=\"canonical\" href=\"https:\/\/canalregionaltv.md\/?p=3625\" \/>\n<meta property=\"og:locale\" content=\"en_US\" \/>\n<meta property=\"og:type\" content=\"article\" \/>\n<meta property=\"og:title\" content=\"Aproape 3,5 mii de oameni au participat la Marea Dictare Na\u021bional\u0103 - Canal Regional\" \/>\n<meta property=\"og:description\" content=\"Aproape 3,5 mii de oameni au pus m\u00e2na pe pix \u0219i \u0219i-au verificat rom\u00e2na, luni, 31 august, la cea de-a patra edi\u021bie a Marii Dict\u0103ri [&hellip;]\" \/>\n<meta property=\"og:url\" content=\"https:\/\/canalregionaltv.md\/?p=3625\" \/>\n<meta property=\"og:site_name\" content=\"Canal Regional\" \/>\n<meta property=\"article:author\" content=\"Canal Regional, Canal Regional TV\" \/>\n<meta property=\"article:published_time\" content=\"2026-08-31T15:03:43+00:00\" \/>\n<meta name=\"author\" content=\"admin_axts737o\" \/>\n<meta name=\"twitter:card\" content=\"summary_large_image\" \/>\n<meta name=\"twitter:label1\" content=\"Written by\" \/>\n\t<meta name=\"twitter:data1\" content=\"admin_axts737o\" \/>\n\t<meta name=\"twitter:label2\" content=\"Est. reading time\" \/>\n\t<meta name=\"twitter:data2\" content=\"2 minutes\" \/>\n<script type=\"application\/ld+json\" class=\"yoast-schema-graph\">{\"@context\":\"https:\/\/schema.org\",\"@graph\":[{\"@type\":\"Article\",\"@id\":\"https:\/\/canalregionaltv.md\/?p=3625#article\",\"isPartOf\":{\"@id\":\"https:\/\/canalregionaltv.md\/?p=3625\"},\"author\":{\"name\":\"admin_axts737o\",\"@id\":\"https:\/\/canalregionaltv.md\/#\/schema\/person\/96db60230b2eedd2fd6d09d267f32f8f\"},\"headline\":\"Aproape 3,5 mii de oameni au participat la Marea Dictare Na\u021bional\u0103\",\"datePublished\":\"2026-08-31T15:03:43+00:00\",\"dateModified\":\"2026-08-31T15:03:43+00:00\",\"mainEntityOfPage\":{\"@id\":\"https:\/\/canalregionaltv.md\/?p=3625\"},\"wordCount\":455,\"commentCount\":0,\"publisher\":{\"@id\":\"https:\/\/canalregionaltv.md\/#organization\"},\"inLanguage\":\"en-US\",\"potentialAction\":[{\"@type\":\"CommentAction\",\"name\":\"Comment\",\"target\":[\"https:\/\/canalregionaltv.md\/?p=3625#respond\"]}]},{\"@type\":\"WebPage\",\"@id\":\"https:\/\/canalregionaltv.md\/?p=3625\",\"url\":\"https:\/\/canalregionaltv.md\/?p=3625\",\"name\":\"Aproape 3,5 mii de oameni au participat la Marea Dictare Na\u021bional\u0103 - Canal Regional\",\"isPartOf\":{\"@id\":\"https:\/\/canalregionaltv.md\/#website\"},\"datePublished\":\"2026-08-31T15:03:43+00:00\",\"dateModified\":\"2026-08-31T15:03:43+00:00\",\"breadcrumb\":{\"@id\":\"https:\/\/canalregionaltv.md\/?p=3625#breadcrumb\"},\"inLanguage\":\"en-US\",\"potentialAction\":[{\"@type\":\"ReadAction\",\"target\":[\"https:\/\/canalregionaltv.md\/?p=3625\"]}]},{\"@type\":\"BreadcrumbList\",\"@id\":\"https:\/\/canalregionaltv.md\/?p=3625#breadcrumb\",\"itemListElement\":[{\"@type\":\"ListItem\",\"position\":1,\"name\":\"Home\",\"item\":\"https:\/\/canalregionaltv.md\/\"},{\"@type\":\"ListItem\",\"position\":2,\"name\":\"Aproape 3,5 mii de oameni au participat la Marea Dictare Na\u021bional\u0103\"}]},{\"@type\":\"WebSite\",\"@id\":\"https:\/\/canalregionaltv.md\/#website\",\"url\":\"https:\/\/canalregionaltv.md\/\",\"name\":\"Canal Regional\",\"description\":\"Canal Regional\",\"publisher\":{\"@id\":\"https:\/\/canalregionaltv.md\/#organization\"},\"potentialAction\":[{\"@type\":\"SearchAction\",\"target\":{\"@type\":\"EntryPoint\",\"urlTemplate\":\"https:\/\/canalregionaltv.md\/?s={search_term_string}\"},\"query-input\":\"required name=search_term_string\"}],\"inLanguage\":\"en-US\"},{\"@type\":\"Organization\",\"@id\":\"https:\/\/canalregionaltv.md\/#organization\",\"name\":\"Canal Regional\",\"url\":\"https:\/\/canalregionaltv.md\/\",\"logo\":{\"@type\":\"ImageObject\",\"inLanguage\":\"en-US\",\"@id\":\"https:\/\/canalregionaltv.md\/#\/schema\/logo\/image\/\",\"url\":\"https:\/\/canalregionaltv.md\/wp-content\/uploads\/2023\/10\/Logo_r.png\",\"contentUrl\":\"https:\/\/canalregionaltv.md\/wp-content\/uploads\/2023\/10\/Logo_r.png\",\"width\":403,\"height\":112,\"caption\":\"Canal Regional\"},\"image\":{\"@id\":\"https:\/\/canalregionaltv.md\/#\/schema\/logo\/image\/\"}},{\"@type\":\"Person\",\"@id\":\"https:\/\/canalregionaltv.md\/#\/schema\/person\/96db60230b2eedd2fd6d09d267f32f8f\",\"name\":\"admin_axts737o\",\"image\":{\"@type\":\"ImageObject\",\"inLanguage\":\"en-US\",\"@id\":\"https:\/\/canalregionaltv.md\/#\/schema\/person\/image\/\",\"url\":\"https:\/\/secure.gravatar.com\/avatar\/409e62ddd56f511fb1262f27a1535ee7719603a42e55b11651be97d388418cae?s=96&d=mm&r=g\",\"contentUrl\":\"https:\/\/secure.gravatar.com\/avatar\/409e62ddd56f511fb1262f27a1535ee7719603a42e55b11651be97d388418cae?s=96&d=mm&r=g\",\"caption\":\"admin_axts737o\"},\"sameAs\":[\"https:\/\/canalregionaltv.md\",\"Canal Regional, Canal Regional TV\",\"canal Regional\"],\"url\":\"https:\/\/canalregionaltv.md\/?author=1\"}]}<\/script>\n<!-- \/ Yoast SEO plugin. -->","yoast_head_json":{"title":"Aproape 3,5 mii de oameni au participat la Marea Dictare Na\u021bional\u0103 - Canal Regional","robots":{"index":"index","follow":"follow","max-snippet":"max-snippet:-1","max-image-preview":"max-image-preview:large","max-video-preview":"max-video-preview:-1"},"canonical":"https:\/\/canalregionaltv.md\/?p=3625","og_locale":"en_US","og_type":"article","og_title":"Aproape 3,5 mii de oameni au participat la Marea Dictare Na\u021bional\u0103 - Canal Regional","og_description":"Aproape 3,5 mii de oameni au pus m\u00e2na pe pix \u0219i \u0219i-au verificat rom\u00e2na, luni, 31 august, la cea de-a patra edi\u021bie a Marii Dict\u0103ri [&hellip;]","og_url":"https:\/\/canalregionaltv.md\/?p=3625","og_site_name":"Canal Regional","article_author":"Canal Regional, Canal Regional TV","article_published_time":"2026-08-31T15:03:43+00:00","author":"admin_axts737o","twitter_card":"summary_large_image","twitter_misc":{"Written by":"admin_axts737o","Est. reading time":"2 minutes"},"schema":{"@context":"https:\/\/schema.org","@graph":[{"@type":"Article","@id":"https:\/\/canalregionaltv.md\/?p=3625#article","isPartOf":{"@id":"https:\/\/canalregionaltv.md\/?p=3625"},"author":{"name":"admin_axts737o","@id":"https:\/\/canalregionaltv.md\/#\/schema\/person\/96db60230b2eedd2fd6d09d267f32f8f"},"headline":"Aproape 3,5 mii de oameni au participat la Marea Dictare Na\u021bional\u0103","datePublished":"2026-08-31T15:03:43+00:00","dateModified":"2026-08-31T15:03:43+00:00","mainEntityOfPage":{"@id":"https:\/\/canalregionaltv.md\/?p=3625"},"wordCount":455,"commentCount":0,"publisher":{"@id":"https:\/\/canalregionaltv.md\/#organization"},"inLanguage":"en-US","potentialAction":[{"@type":"CommentAction","name":"Comment","target":["https:\/\/canalregionaltv.md\/?p=3625#respond"]}]},{"@type":"WebPage","@id":"https:\/\/canalregionaltv.md\/?p=3625","url":"https:\/\/canalregionaltv.md\/?p=3625","name":"Aproape 3,5 mii de oameni au participat la Marea Dictare Na\u021bional\u0103 - Canal Regional","isPartOf":{"@id":"https:\/\/canalregionaltv.md\/#website"},"datePublished":"2026-08-31T15:03:43+00:00","dateModified":"2026-08-31T15:03:43+00:00","breadcrumb":{"@id":"https:\/\/canalregionaltv.md\/?p=3625#breadcrumb"},"inLanguage":"en-US","potentialAction":[{"@type":"ReadAction","target":["https:\/\/canalregionaltv.md\/?p=3625"]}]},{"@type":"BreadcrumbList","@id":"https:\/\/canalregionaltv.md\/?p=3625#breadcrumb","itemListElement":[{"@type":"ListItem","position":1,"name":"Home","item":"https:\/\/canalregionaltv.md\/"},{"@type":"ListItem","position":2,"name":"Aproape 3,5 mii de oameni au participat la Marea Dictare Na\u021bional\u0103"}]},{"@type":"WebSite","@id":"https:\/\/canalregionaltv.md\/#website","url":"https:\/\/canalregionaltv.md\/","name":"Canal Regional","description":"Canal Regional","publisher":{"@id":"https:\/\/canalregionaltv.md\/#organization"},"potentialAction":[{"@type":"SearchAction","target":{"@type":"EntryPoint","urlTemplate":"https:\/\/canalregionaltv.md\/?s={search_term_string}"},"query-input":"required name=search_term_string"}],"inLanguage":"en-US"},{"@type":"Organization","@id":"https:\/\/canalregionaltv.md\/#organization","name":"Canal Regional","url":"https:\/\/canalregionaltv.md\/","logo":{"@type":"ImageObject","inLanguage":"en-US","@id":"https:\/\/canalregionaltv.md\/#\/schema\/logo\/image\/","url":"https:\/\/canalregionaltv.md\/wp-content\/uploads\/2023\/10\/Logo_r.png","contentUrl":"https:\/\/canalregionaltv.md\/wp-content\/uploads\/2023\/10\/Logo_r.png","width":403,"height":112,"caption":"Canal Regional"},"image":{"@id":"https:\/\/canalregionaltv.md\/#\/schema\/logo\/image\/"}},{"@type":"Person","@id":"https:\/\/canalregionaltv.md\/#\/schema\/person\/96db60230b2eedd2fd6d09d267f32f8f","name":"admin_axts737o","image":{"@type":"ImageObject","inLanguage":"en-US","@id":"https:\/\/canalregionaltv.md\/#\/schema\/person\/image\/","url":"https:\/\/secure.gravatar.com\/avatar\/409e62ddd56f511fb1262f27a1535ee7719603a42e55b11651be97d388418cae?s=96&d=mm&r=g","contentUrl":"https:\/\/secure.gravatar.com\/avatar\/409e62ddd56f511fb1262f27a1535ee7719603a42e55b11651be97d388418cae?s=96&d=mm&r=g","caption":"admin_axts737o"},"sameAs":["https:\/\/canalregionaltv.md","Canal Regional, Canal Regional TV","canal Regional"],"url":"https:\/\/canalregionaltv.md\/?author=1"}]}},"_links":{"self":[{"href":"https:\/\/canalregionaltv.md\/index.php?rest_route=\/wp\/v2\/posts\/3625","targetHints":{"allow":["GET"]}}],"collection":[{"href":"https:\/\/canalregionaltv.md\/index.php?rest_route=\/wp\/v2\/posts"}],"about":[{"href":"https:\/\/canalregionaltv.md\/index.php?rest_route=\/wp\/v2\/types\/post"}],"author":[{"embeddable":true,"href":"https:\/\/canalregionaltv.md\/index.php?rest_route=\/wp\/v2\/users\/1"}],"replies":[{"embeddable":true,"href":"https:\/\/canalregionaltv.md\/index.php?rest_route=%2Fwp%2Fv2%2Fcomments&post=3625"}],"version-history":[{"count":0,"href":"https:\/\/canalregionaltv.md\/index.php?rest_route=\/wp\/v2\/posts\/3625\/revisions"}],"wp:attachment":[{"href":"https:\/\/canalregionaltv.md\/index.php?rest_route=%2Fwp%2Fv2%2Fmedia&parent=3625"}],"wp:term":[{"taxonomy":"category","embeddable":true,"href":"https:\/\/canalregionaltv.md\/index.php?rest_route=%2Fwp%2Fv2%2Fcategories&post=3625"},{"taxonomy":"post_tag","embeddable":true,"href":"https:\/\/canalregionaltv.md\/index.php?rest_route=%2Fwp%2Fv2%2Ftags&post=3625"}],"curies":[{"name":"wp","href":"https:\/\/api.w.org\/{rel}","templated":true}]}}