{"id":3626,"date":"2026-08-31T17:03:43","date_gmt":"2026-08-31T15:03:43","guid":{"rendered":"https:\/\/canalregionaltv.md\/?p=3626"},"modified":"2026-08-31T17:03:43","modified_gmt":"2026-08-31T15:03:43","slug":"video-frate-frate-dar-branza-i-pe-bani-diplomatii-britanici-si-suedezi-provocati-sa-descifreze-expresii-romanesti","status":"publish","type":"post","link":"https:\/\/canalregionaltv.md\/?p=3626","title":{"rendered":"VIDEO\u00a0\u201eFrate, frate, dar br\u00e2nza-i pe bani\u201d. Diploma\u021bii britanici \u0219i suedezi, provoca\u021bi s\u0103 descifreze expresii rom\u00e2ne\u0219ti"},"content":{"rendered":"<div class=\"qMYqUG_convSearchResultHighlightRoot\">\n<div class=\"\" data-turn-id-container=\"request-6a6c50c6-82d4-83eb-a0fc-26d9483f634f-7\" data-is-intersecting=\"true\">\n<section class=\"text-token-text-primary w-full focus:outline-none has-data-writing-block:pointer-events-none [&amp;:has([data-writing-block])&gt;*]:pointer-events-auto R6Vx5W_threadScrollVars scroll-mb-[calc(var(--scroll-root-safe-area-inset-bottom,0px)+var(--thread-response-height))] scroll-mt-[calc(var(--header-height)+min(200px,max(70px,20svh)))]\" dir=\"auto\" data-turn-id=\"request-6a6c50c6-82d4-83eb-a0fc-26d9483f634f-7\" data-turn-id-container=\"request-6a6c50c6-82d4-83eb-a0fc-26d9483f634f-7\" data-testid=\"conversation-turn-26\" data-turn=\"assistant\">\n<div class=\"text-base my-auto mx-auto pb-8 [--thread-content-margin:var(--thread-content-margin-xs,calc(var(--spacing)*4))] @w-sm\/main:[--thread-content-margin:var(--thread-content-margin-sm,calc(var(--spacing)*6))] @w-lg\/main:[--thread-content-margin:var(--thread-content-margin-lg,calc(var(--spacing)*16))] px-(--thread-content-margin)\">\n<div class=\"[--thread-content-max-width:40rem] @w-lg\/main:[--thread-content-max-width:48rem] mx-auto max-w-(--thread-content-max-width) flex-1 group\/turn-messages focus-visible:outline-hidden relative flex w-full min-w-0 flex-col agent-turn\" data-conversation-screenshot-content=\"\">\n<div class=\"flex max-w-full flex-col gap-4 grow\">\n<div class=\"min-h-8 text-message relative flex w-full flex-col items-end gap-2 text-start break-words whitespace-normal outline-none keyboard-focused:focus-ring [.text-message+&amp;]:mt-1\" dir=\"auto\" data-message-author-role=\"assistant\" data-message-id=\"8aa3a7fb-b013-4fae-8ee0-e3d862cc07f9\" data-turn-start-message=\"true\" data-message-model-slug=\"gpt-5-6-thinking\">\n<div class=\"flex w-full flex-col gap-1 empty:hidden\">\n<div class=\"markdown prose dark:prose-invert wrap-break-word w-full light markdown-new-styling\">\n<h3 class=\"PDq2pG_selectionAnchorContainer\" data-start=\"0\" data-end=\"325\">S\u0103 cuno\u0219ti cuvintele e una, s\u0103 le prinzi t\u00e2lcul e alta. De Ziua Limbii Rom\u00e2ne, pe 31 august, diploma\u021bii britanici \u0219i suedezi de la Chi\u0219in\u0103u au fost provoca\u021bi s\u0103 descifreze mai multe expresii \u0219i proverbe rom\u00e2ne\u0219ti folosite \u00een Republica Moldova, de la \u201eG\u0103ina b\u0103tr\u00e2n\u0103 face zeama bun\u0103\u201d \u0219i \u201eVrabia m\u0103lai viseaz\u0103\u201d p\u00e2n\u0103 la \u201eTe-ai n\u0103scut \u00een lift\u201d.<\/h3>\n<\/div>\n<\/div>\n<\/div>\n<\/div>\n<div class=\"z-0 flex min-h-[46px] justify-start\">\n<p class=\"PDq2pG_selectionAnchorContainer\" data-start=\"731\" data-end=\"945\">Reprezentan\u021bii Ambasadei Marii Britanii au avut de g\u0103sit sensul unor expresii precum \u201eVrabia m\u0103lai viseaz\u0103\u201d,\u00a0 \u201eA t\u0103ia frunze la c\u00e2ini\u201d \u0219i \u201eFrate, frate, dar br\u00e2nza-i pe bani\u201d. Ultima le-a dat ceva b\u0103t\u0103i de cap.<\/p>\n<blockquote>\n<p data-start=\"983\" data-end=\"1140\"><em>\u201eSunt \u00een Moldova de ceva timp \u0219i cunosc anumite feluri de m\u00e2ncare. Dar nu mi-am dat seama c\u0103 br\u00e2nza este at\u00e2t de important\u0103\u201d,<\/em><strong> a glumit unul dintre diploma\u021bi.<\/strong><\/p>\n<\/blockquote>\n<p data-start=\"1142\" data-end=\"1272\">Mai u\u0219or de descifrat s-a dovedit \u201eG\u0103ina b\u0103tr\u00e2n\u0103 face zeama bun\u0103\u201d, expresie asociat\u0103 cu valoarea experien\u021bei \u0219i a maturit\u0103\u021bii.<\/p>\n<blockquote>\n<p data-start=\"1274\" data-end=\"1367\"><em>\u201eE despre \u00een\u021belepciune \u0219i \u00een\u021belepciunea care vine cu anii\u201d,<\/em><strong> a explicat o diplomat\u0103 britanic\u0103.<\/strong><\/p>\n<\/blockquote>\n<p data-start=\"1274\" data-end=\"1367\">\n<\/p><p data-start=\"1369\" data-end=\"1557\">Nici reprezentan\u021bii Suediei nu au sc\u0103pat mai u\u0219or. Ei au primit expresii precum \u201eNu umbla cu cioara vopsit\u0103\u201d, \u201eTe-ai n\u0103scut \u00een lift\u201d \u0219i \u201eSe vede de la o po\u0219t\u0103\u201d. Provocarea a avut \u00eens\u0103 \u0219i un mesaj dincolo de glume. Ambasada Suediei a men\u021bionat c\u0103 \u00eenv\u0103\u021barea unei limbi \u00eenseamn\u0103 \u0219i apropierea de oamenii \u0219i cultura unei \u021b\u0103ri.<\/p>\n<blockquote data-start=\"1722\" data-end=\"1886\">\n<p data-start=\"1724\" data-end=\"1886\"><em>\u201eFiecare cuv\u00e2nt pe care \u00eel \u00eenv\u0103\u021b\u0103m ne apropie mai mult de Moldova, de oamenii ei, de pove\u0219tile ei, de felul \u00een care oamenii se bucur\u0103, r\u00e2d \u0219i \u00ee\u0219i spun lucrurile.\u201d<\/em><\/p>\n<\/blockquote>\n<p data-start=\"1724\" data-end=\"1886\">\n<\/p><p data-start=\"1888\" data-end=\"2017\">Cele dou\u0103 misiuni diplomatice au lansat provoc\u0103rile cu ocazia Zilei Limbii Rom\u00e2ne, marcat\u0103 pe 31 august \u00een Republica Moldova.<\/p>\n<p data-start=\"2019\" data-end=\"2381\">S\u0103rb\u0103toarea \u00ee\u0219i are originile \u00een Mi\u0219carea de Rena\u0219tere Na\u021bional\u0103 de la sf\u00e2r\u0219itul anilor 1980. \u00cen 1989 au fost adoptate legile privind limba de stat \u0219i revenirea la grafia latin\u0103. \u00cen 2023, Parlamentul a \u00eenlocuit \u00een legisla\u021bie sintagma \u201elimba moldoveneasc\u0103\u201d cu \u201elimba rom\u00e2n\u0103\u201d, iar s\u0103rb\u0103toarea de la 31 august a primit oficial denumirea de \u201eZiua Limbii Rom\u00e2ne\u201d.<\/p>\n<\/div>\n<\/div>\n<\/div>\n<\/section>\n<\/div>\n<\/div>\n<p>Articolul <a href=\"https:\/\/nordnews.md\/video\/diplomatii-britanici-si-suedezi-test-de-romana-la-chisinau\/\">&lt;span class=&#8221;badge-status&#8221; style=&#8221;background: #ff1813;&#8221;&gt;VIDEO&lt;\/span&gt;\u00a0\u201eFrate, frate, dar br\u00e2nza-i pe bani\u201d. Diploma\u021bii britanici \u0219i suedezi, provoca\u021bi s\u0103 descifreze expresii rom\u00e2ne\u0219ti<\/a> apare prima dat\u0103 \u00een <a href=\"https:\/\/nordnews.md\/\">NordNews<\/a>.<\/p>","protected":false},"excerpt":{"rendered":"<p>S\u0103 cuno\u0219ti cuvintele e una, s\u0103 le prinzi t\u00e2lcul e alta. De Ziua Limbii Rom\u00e2ne, pe 31 august, diploma\u021bii britanici \u0219i suedezi de la Chi\u0219in\u0103u [&hellip;]<\/p>\n","protected":false},"author":1,"featured_media":0,"comment_status":"open","ping_status":"closed","sticky":false,"template":"","format":"standard","meta":{"footnotes":""},"categories":[1],"tags":[],"class_list":["post-3626","post","type-post","status-publish","format-standard","hentry","category-uncategorized"],"yoast_head":"<!-- This site is optimized with the Yoast SEO plugin v21.3 - https:\/\/yoast.com\/wordpress\/plugins\/seo\/ -->\n<title>VIDEO\u00a0\u201eFrate, frate, dar br\u00e2nza-i pe bani\u201d. Diploma\u021bii britanici \u0219i suedezi, provoca\u021bi s\u0103 descifreze expresii rom\u00e2ne\u0219ti - Canal Regional<\/title>\n<meta name=\"robots\" content=\"index, follow, max-snippet:-1, max-image-preview:large, max-video-preview:-1\" \/>\n<link rel=\"canonical\" href=\"https:\/\/canalregionaltv.md\/?p=3626\" \/>\n<meta property=\"og:locale\" content=\"en_US\" \/>\n<meta property=\"og:type\" content=\"article\" \/>\n<meta property=\"og:title\" content=\"VIDEO\u00a0\u201eFrate, frate, dar br\u00e2nza-i pe bani\u201d. Diploma\u021bii britanici \u0219i suedezi, provoca\u021bi s\u0103 descifreze expresii rom\u00e2ne\u0219ti - Canal Regional\" \/>\n<meta property=\"og:description\" content=\"S\u0103 cuno\u0219ti cuvintele e una, s\u0103 le prinzi t\u00e2lcul e alta. De Ziua Limbii Rom\u00e2ne, pe 31 august, diploma\u021bii britanici \u0219i suedezi de la Chi\u0219in\u0103u [&hellip;]\" \/>\n<meta property=\"og:url\" content=\"https:\/\/canalregionaltv.md\/?p=3626\" \/>\n<meta property=\"og:site_name\" content=\"Canal Regional\" \/>\n<meta property=\"article:author\" content=\"Canal Regional, Canal Regional TV\" \/>\n<meta property=\"article:published_time\" content=\"2026-08-31T15:03:43+00:00\" \/>\n<meta name=\"author\" content=\"admin_axts737o\" \/>\n<meta name=\"twitter:card\" content=\"summary_large_image\" \/>\n<meta name=\"twitter:label1\" content=\"Written by\" \/>\n\t<meta name=\"twitter:data1\" content=\"admin_axts737o\" \/>\n\t<meta name=\"twitter:label2\" content=\"Est. reading time\" \/>\n\t<meta name=\"twitter:data2\" content=\"2 minutes\" \/>\n<script type=\"application\/ld+json\" class=\"yoast-schema-graph\">{\"@context\":\"https:\/\/schema.org\",\"@graph\":[{\"@type\":\"Article\",\"@id\":\"https:\/\/canalregionaltv.md\/?p=3626#article\",\"isPartOf\":{\"@id\":\"https:\/\/canalregionaltv.md\/?p=3626\"},\"author\":{\"name\":\"admin_axts737o\",\"@id\":\"https:\/\/canalregionaltv.md\/#\/schema\/person\/96db60230b2eedd2fd6d09d267f32f8f\"},\"headline\":\"VIDEO\u00a0\u201eFrate, frate, dar br\u00e2nza-i pe bani\u201d. Diploma\u021bii britanici \u0219i suedezi, provoca\u021bi s\u0103 descifreze expresii rom\u00e2ne\u0219ti\",\"datePublished\":\"2026-08-31T15:03:43+00:00\",\"dateModified\":\"2026-08-31T15:03:43+00:00\",\"mainEntityOfPage\":{\"@id\":\"https:\/\/canalregionaltv.md\/?p=3626\"},\"wordCount\":426,\"commentCount\":0,\"publisher\":{\"@id\":\"https:\/\/canalregionaltv.md\/#organization\"},\"inLanguage\":\"en-US\",\"potentialAction\":[{\"@type\":\"CommentAction\",\"name\":\"Comment\",\"target\":[\"https:\/\/canalregionaltv.md\/?p=3626#respond\"]}]},{\"@type\":\"WebPage\",\"@id\":\"https:\/\/canalregionaltv.md\/?p=3626\",\"url\":\"https:\/\/canalregionaltv.md\/?p=3626\",\"name\":\"VIDEO\u00a0\u201eFrate, frate, dar br\u00e2nza-i pe bani\u201d. Diploma\u021bii britanici \u0219i suedezi, provoca\u021bi s\u0103 descifreze expresii rom\u00e2ne\u0219ti - Canal Regional\",\"isPartOf\":{\"@id\":\"https:\/\/canalregionaltv.md\/#website\"},\"datePublished\":\"2026-08-31T15:03:43+00:00\",\"dateModified\":\"2026-08-31T15:03:43+00:00\",\"breadcrumb\":{\"@id\":\"https:\/\/canalregionaltv.md\/?p=3626#breadcrumb\"},\"inLanguage\":\"en-US\",\"potentialAction\":[{\"@type\":\"ReadAction\",\"target\":[\"https:\/\/canalregionaltv.md\/?p=3626\"]}]},{\"@type\":\"BreadcrumbList\",\"@id\":\"https:\/\/canalregionaltv.md\/?p=3626#breadcrumb\",\"itemListElement\":[{\"@type\":\"ListItem\",\"position\":1,\"name\":\"Home\",\"item\":\"https:\/\/canalregionaltv.md\/\"},{\"@type\":\"ListItem\",\"position\":2,\"name\":\"VIDEO\u00a0\u201eFrate, frate, dar br\u00e2nza-i pe bani\u201d. Diploma\u021bii britanici \u0219i suedezi, provoca\u021bi s\u0103 descifreze expresii rom\u00e2ne\u0219ti\"}]},{\"@type\":\"WebSite\",\"@id\":\"https:\/\/canalregionaltv.md\/#website\",\"url\":\"https:\/\/canalregionaltv.md\/\",\"name\":\"Canal Regional\",\"description\":\"Canal Regional\",\"publisher\":{\"@id\":\"https:\/\/canalregionaltv.md\/#organization\"},\"potentialAction\":[{\"@type\":\"SearchAction\",\"target\":{\"@type\":\"EntryPoint\",\"urlTemplate\":\"https:\/\/canalregionaltv.md\/?s={search_term_string}\"},\"query-input\":\"required name=search_term_string\"}],\"inLanguage\":\"en-US\"},{\"@type\":\"Organization\",\"@id\":\"https:\/\/canalregionaltv.md\/#organization\",\"name\":\"Canal Regional\",\"url\":\"https:\/\/canalregionaltv.md\/\",\"logo\":{\"@type\":\"ImageObject\",\"inLanguage\":\"en-US\",\"@id\":\"https:\/\/canalregionaltv.md\/#\/schema\/logo\/image\/\",\"url\":\"https:\/\/canalregionaltv.md\/wp-content\/uploads\/2023\/10\/Logo_r.png\",\"contentUrl\":\"https:\/\/canalregionaltv.md\/wp-content\/uploads\/2023\/10\/Logo_r.png\",\"width\":403,\"height\":112,\"caption\":\"Canal Regional\"},\"image\":{\"@id\":\"https:\/\/canalregionaltv.md\/#\/schema\/logo\/image\/\"}},{\"@type\":\"Person\",\"@id\":\"https:\/\/canalregionaltv.md\/#\/schema\/person\/96db60230b2eedd2fd6d09d267f32f8f\",\"name\":\"admin_axts737o\",\"image\":{\"@type\":\"ImageObject\",\"inLanguage\":\"en-US\",\"@id\":\"https:\/\/canalregionaltv.md\/#\/schema\/person\/image\/\",\"url\":\"https:\/\/secure.gravatar.com\/avatar\/409e62ddd56f511fb1262f27a1535ee7719603a42e55b11651be97d388418cae?s=96&d=mm&r=g\",\"contentUrl\":\"https:\/\/secure.gravatar.com\/avatar\/409e62ddd56f511fb1262f27a1535ee7719603a42e55b11651be97d388418cae?s=96&d=mm&r=g\",\"caption\":\"admin_axts737o\"},\"sameAs\":[\"https:\/\/canalregionaltv.md\",\"Canal Regional, Canal Regional TV\",\"canal Regional\"],\"url\":\"https:\/\/canalregionaltv.md\/?author=1\"}]}<\/script>\n<!-- \/ Yoast SEO plugin. -->","yoast_head_json":{"title":"VIDEO\u00a0\u201eFrate, frate, dar br\u00e2nza-i pe bani\u201d. Diploma\u021bii britanici \u0219i suedezi, provoca\u021bi s\u0103 descifreze expresii rom\u00e2ne\u0219ti - Canal Regional","robots":{"index":"index","follow":"follow","max-snippet":"max-snippet:-1","max-image-preview":"max-image-preview:large","max-video-preview":"max-video-preview:-1"},"canonical":"https:\/\/canalregionaltv.md\/?p=3626","og_locale":"en_US","og_type":"article","og_title":"VIDEO\u00a0\u201eFrate, frate, dar br\u00e2nza-i pe bani\u201d. Diploma\u021bii britanici \u0219i suedezi, provoca\u021bi s\u0103 descifreze expresii rom\u00e2ne\u0219ti - Canal Regional","og_description":"S\u0103 cuno\u0219ti cuvintele e una, s\u0103 le prinzi t\u00e2lcul e alta. De Ziua Limbii Rom\u00e2ne, pe 31 august, diploma\u021bii britanici \u0219i suedezi de la Chi\u0219in\u0103u [&hellip;]","og_url":"https:\/\/canalregionaltv.md\/?p=3626","og_site_name":"Canal Regional","article_author":"Canal Regional, Canal Regional TV","article_published_time":"2026-08-31T15:03:43+00:00","author":"admin_axts737o","twitter_card":"summary_large_image","twitter_misc":{"Written by":"admin_axts737o","Est. reading time":"2 minutes"},"schema":{"@context":"https:\/\/schema.org","@graph":[{"@type":"Article","@id":"https:\/\/canalregionaltv.md\/?p=3626#article","isPartOf":{"@id":"https:\/\/canalregionaltv.md\/?p=3626"},"author":{"name":"admin_axts737o","@id":"https:\/\/canalregionaltv.md\/#\/schema\/person\/96db60230b2eedd2fd6d09d267f32f8f"},"headline":"VIDEO\u00a0\u201eFrate, frate, dar br\u00e2nza-i pe bani\u201d. Diploma\u021bii britanici \u0219i suedezi, provoca\u021bi s\u0103 descifreze expresii rom\u00e2ne\u0219ti","datePublished":"2026-08-31T15:03:43+00:00","dateModified":"2026-08-31T15:03:43+00:00","mainEntityOfPage":{"@id":"https:\/\/canalregionaltv.md\/?p=3626"},"wordCount":426,"commentCount":0,"publisher":{"@id":"https:\/\/canalregionaltv.md\/#organization"},"inLanguage":"en-US","potentialAction":[{"@type":"CommentAction","name":"Comment","target":["https:\/\/canalregionaltv.md\/?p=3626#respond"]}]},{"@type":"WebPage","@id":"https:\/\/canalregionaltv.md\/?p=3626","url":"https:\/\/canalregionaltv.md\/?p=3626","name":"VIDEO\u00a0\u201eFrate, frate, dar br\u00e2nza-i pe bani\u201d. Diploma\u021bii britanici \u0219i suedezi, provoca\u021bi s\u0103 descifreze expresii rom\u00e2ne\u0219ti - Canal Regional","isPartOf":{"@id":"https:\/\/canalregionaltv.md\/#website"},"datePublished":"2026-08-31T15:03:43+00:00","dateModified":"2026-08-31T15:03:43+00:00","breadcrumb":{"@id":"https:\/\/canalregionaltv.md\/?p=3626#breadcrumb"},"inLanguage":"en-US","potentialAction":[{"@type":"ReadAction","target":["https:\/\/canalregionaltv.md\/?p=3626"]}]},{"@type":"BreadcrumbList","@id":"https:\/\/canalregionaltv.md\/?p=3626#breadcrumb","itemListElement":[{"@type":"ListItem","position":1,"name":"Home","item":"https:\/\/canalregionaltv.md\/"},{"@type":"ListItem","position":2,"name":"VIDEO\u00a0\u201eFrate, frate, dar br\u00e2nza-i pe bani\u201d. Diploma\u021bii britanici \u0219i suedezi, provoca\u021bi s\u0103 descifreze expresii rom\u00e2ne\u0219ti"}]},{"@type":"WebSite","@id":"https:\/\/canalregionaltv.md\/#website","url":"https:\/\/canalregionaltv.md\/","name":"Canal Regional","description":"Canal Regional","publisher":{"@id":"https:\/\/canalregionaltv.md\/#organization"},"potentialAction":[{"@type":"SearchAction","target":{"@type":"EntryPoint","urlTemplate":"https:\/\/canalregionaltv.md\/?s={search_term_string}"},"query-input":"required name=search_term_string"}],"inLanguage":"en-US"},{"@type":"Organization","@id":"https:\/\/canalregionaltv.md\/#organization","name":"Canal Regional","url":"https:\/\/canalregionaltv.md\/","logo":{"@type":"ImageObject","inLanguage":"en-US","@id":"https:\/\/canalregionaltv.md\/#\/schema\/logo\/image\/","url":"https:\/\/canalregionaltv.md\/wp-content\/uploads\/2023\/10\/Logo_r.png","contentUrl":"https:\/\/canalregionaltv.md\/wp-content\/uploads\/2023\/10\/Logo_r.png","width":403,"height":112,"caption":"Canal Regional"},"image":{"@id":"https:\/\/canalregionaltv.md\/#\/schema\/logo\/image\/"}},{"@type":"Person","@id":"https:\/\/canalregionaltv.md\/#\/schema\/person\/96db60230b2eedd2fd6d09d267f32f8f","name":"admin_axts737o","image":{"@type":"ImageObject","inLanguage":"en-US","@id":"https:\/\/canalregionaltv.md\/#\/schema\/person\/image\/","url":"https:\/\/secure.gravatar.com\/avatar\/409e62ddd56f511fb1262f27a1535ee7719603a42e55b11651be97d388418cae?s=96&d=mm&r=g","contentUrl":"https:\/\/secure.gravatar.com\/avatar\/409e62ddd56f511fb1262f27a1535ee7719603a42e55b11651be97d388418cae?s=96&d=mm&r=g","caption":"admin_axts737o"},"sameAs":["https:\/\/canalregionaltv.md","Canal Regional, Canal Regional TV","canal Regional"],"url":"https:\/\/canalregionaltv.md\/?author=1"}]}},"_links":{"self":[{"href":"https:\/\/canalregionaltv.md\/index.php?rest_route=\/wp\/v2\/posts\/3626","targetHints":{"allow":["GET"]}}],"collection":[{"href":"https:\/\/canalregionaltv.md\/index.php?rest_route=\/wp\/v2\/posts"}],"about":[{"href":"https:\/\/canalregionaltv.md\/index.php?rest_route=\/wp\/v2\/types\/post"}],"author":[{"embeddable":true,"href":"https:\/\/canalregionaltv.md\/index.php?rest_route=\/wp\/v2\/users\/1"}],"replies":[{"embeddable":true,"href":"https:\/\/canalregionaltv.md\/index.php?rest_route=%2Fwp%2Fv2%2Fcomments&post=3626"}],"version-history":[{"count":0,"href":"https:\/\/canalregionaltv.md\/index.php?rest_route=\/wp\/v2\/posts\/3626\/revisions"}],"wp:attachment":[{"href":"https:\/\/canalregionaltv.md\/index.php?rest_route=%2Fwp%2Fv2%2Fmedia&parent=3626"}],"wp:term":[{"taxonomy":"category","embeddable":true,"href":"https:\/\/canalregionaltv.md\/index.php?rest_route=%2Fwp%2Fv2%2Fcategories&post=3626"},{"taxonomy":"post_tag","embeddable":true,"href":"https:\/\/canalregionaltv.md\/index.php?rest_route=%2Fwp%2Fv2%2Ftags&post=3626"}],"curies":[{"name":"wp","href":"https:\/\/api.w.org\/{rel}","templated":true}]}}