{"id":3627,"date":"2026-08-31T17:03:43","date_gmt":"2026-08-31T15:03:43","guid":{"rendered":"https:\/\/canalregionaltv.md\/?p=3627"},"modified":"2026-08-31T17:03:43","modified_gmt":"2026-08-31T15:03:43","slug":"video-limba-romana-a-adunat-generatii-la-aceeasi-masa-prima-dictare-nationala-organizata-la-balti","status":"publish","type":"post","link":"https:\/\/canalregionaltv.md\/?p=3627","title":{"rendered":"VIDEO\u00a0Limba rom\u00e2n\u0103 a adunat genera\u021bii la aceea\u0219i masa. Prima dictare na\u021bional\u0103 organizat\u0103 la B\u0103l\u021bi"},"content":{"rendered":"<h3>De la elevi \u0219i studen\u021bi p\u00e2n\u0103 la pensionari, zeci de oameni au demonstrat c\u0103 limba rom\u00e2n\u0103 poate uni genera\u021bii. Cu ocazia Zilei Limbii Rom\u00e2ne, peste 50 de participan\u021bi s-au adunat sub stejarul Universit\u0103\u021bii de Stat \u201eAlecu Russo\u201d din B\u0103l\u021bi pentru prima edi\u021bie a Dict\u0103rii Na\u021bionale organizate \u00een municipiu.<\/h3>\n\n<blockquote>\n<p><em>\u201eMi-a pl\u0103cut tot de aici, cum au c\u00e2ntat fetele, imnul Moldovei, s\u0103 scriu textul mi-a pl\u0103cut.<\/em><\/p>\n<p><em>\u00a0\u2013 Cam grelu\u021b. <\/em><\/p>\n<p><em>\u2013 Reu\u0219eai \u00een tempoul tuturor?<\/em><\/p>\n<p><em>\u2013 Nu chiar, dar tata scria \u0219i \u00eemi spunea mie, iar\u0103\u0219i scria \u0219i iar\u0103\u0219i \u00eemi spunea mie.<\/em>\u201d, zice Magdalena Cr\u0103can, participant\u0103 a evenimentului<\/p>\n<\/blockquote>\n<p>La dictare au participat elevi, studen\u021bi, profesori \u0219i locuitori ai municipiului, uni\u021bi de dorin\u021ba de a celebra limba rom\u00e2n\u0103.<\/p>\n<blockquote>\n<p><em>\u201eEu m-am \u00eenscris instant dup\u0103 ce am v\u0103zut un anun\u021b pe Viber de la decanat c\u0103 va avea loc acest eveniment dedicat Zilei Limbii Rom\u00e2ne.\u201d, <\/em>spune Roman, student la USARB<\/p>\n<p>\u201eAst\u0103zi sunt m\u00e2ndr\u0103 c\u0103 sunt independent\u0103, suntem liberi, ce vrem aceea facem. Nimeni nu m-a impus s\u0103 vin ast\u0103zi la dictare, dar am venit, deoarece sunt cu con\u0219tiin\u021ba treaz\u0103 c\u0103 noi putem face multe, iar schimb\u0103rile sunt f\u0103cute numai spre bine. Tr\u0103iasc\u0103 Republica Moldova!\u201d, a zis o participant\u0103 a evenimentului<\/p>\n<\/blockquote>\n<p>Textul dict\u0103rii, intitulat \u201eLimba rom\u00e2n\u0103 vorbit\u0103 acas\u0103\u201d, a fost ales pentru a eviden\u021bia leg\u0103tura dintre limb\u0103, familie \u0219i identitate. Organizatorii spun c\u0103 \u0219i locul desf\u0103\u0219ur\u0103rii evenimentului are o semnifica\u021bie aparte.<\/p>\n<blockquote>\n<p><em>\u201eStejarul insist\u0103 asupra faptului c\u0103 r\u0103d\u0103cinile ad\u00e2nci trebuie avute ca s\u0103 po\u021bi cre\u0219te, ca s\u0103 po\u021bi privi spre viitor, \u0219i ar fi bine ca tinerii de ast\u0103zi s\u0103 aib\u0103 r\u0103d\u0103cini puternice, adic\u0103 s\u0103-\u0219i cunoasc\u0103 istoria, s\u0103 vorbeasc\u0103 corect limba rom\u00e2n\u0103 \u0219i s\u0103-\u0219i respecte tradi\u021biile.<\/em>\u201d, men\u021bioneaz\u0103 Lidia Padureac, prim-prorector la USARB<\/p>\n<\/blockquote>\n<p>Pentru organizatori, cea mai important\u0103 reu\u0219it\u0103 a fost faptul c\u0103 aceea\u0219i dictare a adus la aceea\u0219i mas\u0103 oameni de toate v\u00e2rstele.<\/p>\n<blockquote>\n<p><em>\u201eAm \u00eencercat, \u00een cadrul dict\u0103rii, s\u0103 fiu atent\u0103 cum scriu cei mai \u00een v\u00e2rst\u0103 \u0219i cei mici, ca s\u0103 \u021bin cont de viteza cu care ei scriau. Este foarte bine, desigur c\u0103 limba rom\u00e2n\u0103 reu\u0219e\u0219te s\u0103 adune \u0219i s\u0103 uneasc\u0103 genera\u021bii.\u201d,<\/em> subliniaz\u0103 Violina D\u0103nil\u0103, asist. universitar la Catedra de Limb\u0103 Rom\u00e2n\u0103 \u0219i Filologie Romanic\u0103<\/p>\n<\/blockquote>\n<p>Dup\u0103 \u00eencheierea dict\u0103rii, participan\u021bii au vizitat Biblioteca \u0218tiin\u021bific\u0103 a Universit\u0103\u021bii \u201eAlecu Russo\u201d, \u00eentr-un tur ghidat organizat cu ocazia s\u0103rb\u0103torii.<\/p>\n<p>La concurs s-au \u00eenscris oficial 48 de persoane, \u00eens\u0103 la eveniment au participat peste 50. Cei mai buni 13 concuren\u021bi vor fi premia\u021bi cu c\u0103r\u021bi \u0219i suveniruri ale universit\u0103\u021bii, iar rezultatele vor fi anun\u021bate pe 4 septembrie<\/p>\n<p>Articolul <a href=\"https:\/\/nordnews.md\/stiri-locale\/prima-dictare-nationala-organizata-la-balti\/\">&lt;span class=&#8221;badge-status&#8221; style=&#8221;background: #ff1813;&#8221;&gt;VIDEO&lt;\/span&gt;\u00a0Limba rom\u00e2n\u0103 a adunat genera\u021bii la aceea\u0219i masa. Prima dictare na\u021bional\u0103 organizat\u0103 la B\u0103l\u021bi<\/a> apare prima dat\u0103 \u00een <a href=\"https:\/\/nordnews.md\/\">NordNews<\/a>.<\/p>","protected":false},"excerpt":{"rendered":"<p>De la elevi \u0219i studen\u021bi p\u00e2n\u0103 la pensionari, zeci de oameni au demonstrat c\u0103 limba rom\u00e2n\u0103 poate uni genera\u021bii. Cu ocazia Zilei Limbii Rom\u00e2ne, peste [&hellip;]<\/p>\n","protected":false},"author":1,"featured_media":0,"comment_status":"open","ping_status":"closed","sticky":false,"template":"","format":"standard","meta":{"footnotes":""},"categories":[1],"tags":[],"class_list":["post-3627","post","type-post","status-publish","format-standard","hentry","category-uncategorized"],"yoast_head":"<!-- This site is optimized with the Yoast SEO plugin v21.3 - https:\/\/yoast.com\/wordpress\/plugins\/seo\/ -->\n<title>VIDEO\u00a0Limba rom\u00e2n\u0103 a adunat genera\u021bii la aceea\u0219i masa. Prima dictare na\u021bional\u0103 organizat\u0103 la B\u0103l\u021bi - Canal Regional<\/title>\n<meta name=\"robots\" content=\"index, follow, max-snippet:-1, max-image-preview:large, max-video-preview:-1\" \/>\n<link rel=\"canonical\" href=\"https:\/\/canalregionaltv.md\/?p=3627\" \/>\n<meta property=\"og:locale\" content=\"en_US\" \/>\n<meta property=\"og:type\" content=\"article\" \/>\n<meta property=\"og:title\" content=\"VIDEO\u00a0Limba rom\u00e2n\u0103 a adunat genera\u021bii la aceea\u0219i masa. Prima dictare na\u021bional\u0103 organizat\u0103 la B\u0103l\u021bi - Canal Regional\" \/>\n<meta property=\"og:description\" content=\"De la elevi \u0219i studen\u021bi p\u00e2n\u0103 la pensionari, zeci de oameni au demonstrat c\u0103 limba rom\u00e2n\u0103 poate uni genera\u021bii. Cu ocazia Zilei Limbii Rom\u00e2ne, peste [&hellip;]\" \/>\n<meta property=\"og:url\" content=\"https:\/\/canalregionaltv.md\/?p=3627\" \/>\n<meta property=\"og:site_name\" content=\"Canal Regional\" \/>\n<meta property=\"article:author\" content=\"Canal Regional, Canal Regional TV\" \/>\n<meta property=\"article:published_time\" content=\"2026-08-31T15:03:43+00:00\" \/>\n<meta name=\"author\" content=\"admin_axts737o\" \/>\n<meta name=\"twitter:card\" content=\"summary_large_image\" \/>\n<meta name=\"twitter:label1\" content=\"Written by\" \/>\n\t<meta name=\"twitter:data1\" content=\"admin_axts737o\" \/>\n\t<meta name=\"twitter:label2\" content=\"Est. reading time\" \/>\n\t<meta name=\"twitter:data2\" content=\"3 minutes\" \/>\n<script type=\"application\/ld+json\" class=\"yoast-schema-graph\">{\"@context\":\"https:\/\/schema.org\",\"@graph\":[{\"@type\":\"Article\",\"@id\":\"https:\/\/canalregionaltv.md\/?p=3627#article\",\"isPartOf\":{\"@id\":\"https:\/\/canalregionaltv.md\/?p=3627\"},\"author\":{\"name\":\"admin_axts737o\",\"@id\":\"https:\/\/canalregionaltv.md\/#\/schema\/person\/96db60230b2eedd2fd6d09d267f32f8f\"},\"headline\":\"VIDEO\u00a0Limba rom\u00e2n\u0103 a adunat genera\u021bii la aceea\u0219i masa. Prima dictare na\u021bional\u0103 organizat\u0103 la B\u0103l\u021bi\",\"datePublished\":\"2026-08-31T15:03:43+00:00\",\"dateModified\":\"2026-08-31T15:03:43+00:00\",\"mainEntityOfPage\":{\"@id\":\"https:\/\/canalregionaltv.md\/?p=3627\"},\"wordCount\":536,\"commentCount\":0,\"publisher\":{\"@id\":\"https:\/\/canalregionaltv.md\/#organization\"},\"inLanguage\":\"en-US\",\"potentialAction\":[{\"@type\":\"CommentAction\",\"name\":\"Comment\",\"target\":[\"https:\/\/canalregionaltv.md\/?p=3627#respond\"]}]},{\"@type\":\"WebPage\",\"@id\":\"https:\/\/canalregionaltv.md\/?p=3627\",\"url\":\"https:\/\/canalregionaltv.md\/?p=3627\",\"name\":\"VIDEO\u00a0Limba rom\u00e2n\u0103 a adunat genera\u021bii la aceea\u0219i masa. Prima dictare na\u021bional\u0103 organizat\u0103 la B\u0103l\u021bi - Canal Regional\",\"isPartOf\":{\"@id\":\"https:\/\/canalregionaltv.md\/#website\"},\"datePublished\":\"2026-08-31T15:03:43+00:00\",\"dateModified\":\"2026-08-31T15:03:43+00:00\",\"breadcrumb\":{\"@id\":\"https:\/\/canalregionaltv.md\/?p=3627#breadcrumb\"},\"inLanguage\":\"en-US\",\"potentialAction\":[{\"@type\":\"ReadAction\",\"target\":[\"https:\/\/canalregionaltv.md\/?p=3627\"]}]},{\"@type\":\"BreadcrumbList\",\"@id\":\"https:\/\/canalregionaltv.md\/?p=3627#breadcrumb\",\"itemListElement\":[{\"@type\":\"ListItem\",\"position\":1,\"name\":\"Home\",\"item\":\"https:\/\/canalregionaltv.md\/\"},{\"@type\":\"ListItem\",\"position\":2,\"name\":\"VIDEO\u00a0Limba rom\u00e2n\u0103 a adunat genera\u021bii la aceea\u0219i masa. Prima dictare na\u021bional\u0103 organizat\u0103 la B\u0103l\u021bi\"}]},{\"@type\":\"WebSite\",\"@id\":\"https:\/\/canalregionaltv.md\/#website\",\"url\":\"https:\/\/canalregionaltv.md\/\",\"name\":\"Canal Regional\",\"description\":\"Canal Regional\",\"publisher\":{\"@id\":\"https:\/\/canalregionaltv.md\/#organization\"},\"potentialAction\":[{\"@type\":\"SearchAction\",\"target\":{\"@type\":\"EntryPoint\",\"urlTemplate\":\"https:\/\/canalregionaltv.md\/?s={search_term_string}\"},\"query-input\":\"required name=search_term_string\"}],\"inLanguage\":\"en-US\"},{\"@type\":\"Organization\",\"@id\":\"https:\/\/canalregionaltv.md\/#organization\",\"name\":\"Canal Regional\",\"url\":\"https:\/\/canalregionaltv.md\/\",\"logo\":{\"@type\":\"ImageObject\",\"inLanguage\":\"en-US\",\"@id\":\"https:\/\/canalregionaltv.md\/#\/schema\/logo\/image\/\",\"url\":\"https:\/\/canalregionaltv.md\/wp-content\/uploads\/2023\/10\/Logo_r.png\",\"contentUrl\":\"https:\/\/canalregionaltv.md\/wp-content\/uploads\/2023\/10\/Logo_r.png\",\"width\":403,\"height\":112,\"caption\":\"Canal Regional\"},\"image\":{\"@id\":\"https:\/\/canalregionaltv.md\/#\/schema\/logo\/image\/\"}},{\"@type\":\"Person\",\"@id\":\"https:\/\/canalregionaltv.md\/#\/schema\/person\/96db60230b2eedd2fd6d09d267f32f8f\",\"name\":\"admin_axts737o\",\"image\":{\"@type\":\"ImageObject\",\"inLanguage\":\"en-US\",\"@id\":\"https:\/\/canalregionaltv.md\/#\/schema\/person\/image\/\",\"url\":\"https:\/\/secure.gravatar.com\/avatar\/409e62ddd56f511fb1262f27a1535ee7719603a42e55b11651be97d388418cae?s=96&d=mm&r=g\",\"contentUrl\":\"https:\/\/secure.gravatar.com\/avatar\/409e62ddd56f511fb1262f27a1535ee7719603a42e55b11651be97d388418cae?s=96&d=mm&r=g\",\"caption\":\"admin_axts737o\"},\"sameAs\":[\"https:\/\/canalregionaltv.md\",\"Canal Regional, Canal Regional TV\",\"canal Regional\"],\"url\":\"https:\/\/canalregionaltv.md\/?author=1\"}]}<\/script>\n<!-- \/ Yoast SEO plugin. -->","yoast_head_json":{"title":"VIDEO\u00a0Limba rom\u00e2n\u0103 a adunat genera\u021bii la aceea\u0219i masa. Prima dictare na\u021bional\u0103 organizat\u0103 la B\u0103l\u021bi - Canal Regional","robots":{"index":"index","follow":"follow","max-snippet":"max-snippet:-1","max-image-preview":"max-image-preview:large","max-video-preview":"max-video-preview:-1"},"canonical":"https:\/\/canalregionaltv.md\/?p=3627","og_locale":"en_US","og_type":"article","og_title":"VIDEO\u00a0Limba rom\u00e2n\u0103 a adunat genera\u021bii la aceea\u0219i masa. Prima dictare na\u021bional\u0103 organizat\u0103 la B\u0103l\u021bi - Canal Regional","og_description":"De la elevi \u0219i studen\u021bi p\u00e2n\u0103 la pensionari, zeci de oameni au demonstrat c\u0103 limba rom\u00e2n\u0103 poate uni genera\u021bii. Cu ocazia Zilei Limbii Rom\u00e2ne, peste [&hellip;]","og_url":"https:\/\/canalregionaltv.md\/?p=3627","og_site_name":"Canal Regional","article_author":"Canal Regional, Canal Regional TV","article_published_time":"2026-08-31T15:03:43+00:00","author":"admin_axts737o","twitter_card":"summary_large_image","twitter_misc":{"Written by":"admin_axts737o","Est. reading time":"3 minutes"},"schema":{"@context":"https:\/\/schema.org","@graph":[{"@type":"Article","@id":"https:\/\/canalregionaltv.md\/?p=3627#article","isPartOf":{"@id":"https:\/\/canalregionaltv.md\/?p=3627"},"author":{"name":"admin_axts737o","@id":"https:\/\/canalregionaltv.md\/#\/schema\/person\/96db60230b2eedd2fd6d09d267f32f8f"},"headline":"VIDEO\u00a0Limba rom\u00e2n\u0103 a adunat genera\u021bii la aceea\u0219i masa. Prima dictare na\u021bional\u0103 organizat\u0103 la B\u0103l\u021bi","datePublished":"2026-08-31T15:03:43+00:00","dateModified":"2026-08-31T15:03:43+00:00","mainEntityOfPage":{"@id":"https:\/\/canalregionaltv.md\/?p=3627"},"wordCount":536,"commentCount":0,"publisher":{"@id":"https:\/\/canalregionaltv.md\/#organization"},"inLanguage":"en-US","potentialAction":[{"@type":"CommentAction","name":"Comment","target":["https:\/\/canalregionaltv.md\/?p=3627#respond"]}]},{"@type":"WebPage","@id":"https:\/\/canalregionaltv.md\/?p=3627","url":"https:\/\/canalregionaltv.md\/?p=3627","name":"VIDEO\u00a0Limba rom\u00e2n\u0103 a adunat genera\u021bii la aceea\u0219i masa. Prima dictare na\u021bional\u0103 organizat\u0103 la B\u0103l\u021bi - Canal Regional","isPartOf":{"@id":"https:\/\/canalregionaltv.md\/#website"},"datePublished":"2026-08-31T15:03:43+00:00","dateModified":"2026-08-31T15:03:43+00:00","breadcrumb":{"@id":"https:\/\/canalregionaltv.md\/?p=3627#breadcrumb"},"inLanguage":"en-US","potentialAction":[{"@type":"ReadAction","target":["https:\/\/canalregionaltv.md\/?p=3627"]}]},{"@type":"BreadcrumbList","@id":"https:\/\/canalregionaltv.md\/?p=3627#breadcrumb","itemListElement":[{"@type":"ListItem","position":1,"name":"Home","item":"https:\/\/canalregionaltv.md\/"},{"@type":"ListItem","position":2,"name":"VIDEO\u00a0Limba rom\u00e2n\u0103 a adunat genera\u021bii la aceea\u0219i masa. Prima dictare na\u021bional\u0103 organizat\u0103 la B\u0103l\u021bi"}]},{"@type":"WebSite","@id":"https:\/\/canalregionaltv.md\/#website","url":"https:\/\/canalregionaltv.md\/","name":"Canal Regional","description":"Canal Regional","publisher":{"@id":"https:\/\/canalregionaltv.md\/#organization"},"potentialAction":[{"@type":"SearchAction","target":{"@type":"EntryPoint","urlTemplate":"https:\/\/canalregionaltv.md\/?s={search_term_string}"},"query-input":"required name=search_term_string"}],"inLanguage":"en-US"},{"@type":"Organization","@id":"https:\/\/canalregionaltv.md\/#organization","name":"Canal Regional","url":"https:\/\/canalregionaltv.md\/","logo":{"@type":"ImageObject","inLanguage":"en-US","@id":"https:\/\/canalregionaltv.md\/#\/schema\/logo\/image\/","url":"https:\/\/canalregionaltv.md\/wp-content\/uploads\/2023\/10\/Logo_r.png","contentUrl":"https:\/\/canalregionaltv.md\/wp-content\/uploads\/2023\/10\/Logo_r.png","width":403,"height":112,"caption":"Canal Regional"},"image":{"@id":"https:\/\/canalregionaltv.md\/#\/schema\/logo\/image\/"}},{"@type":"Person","@id":"https:\/\/canalregionaltv.md\/#\/schema\/person\/96db60230b2eedd2fd6d09d267f32f8f","name":"admin_axts737o","image":{"@type":"ImageObject","inLanguage":"en-US","@id":"https:\/\/canalregionaltv.md\/#\/schema\/person\/image\/","url":"https:\/\/secure.gravatar.com\/avatar\/409e62ddd56f511fb1262f27a1535ee7719603a42e55b11651be97d388418cae?s=96&d=mm&r=g","contentUrl":"https:\/\/secure.gravatar.com\/avatar\/409e62ddd56f511fb1262f27a1535ee7719603a42e55b11651be97d388418cae?s=96&d=mm&r=g","caption":"admin_axts737o"},"sameAs":["https:\/\/canalregionaltv.md","Canal Regional, Canal Regional TV","canal Regional"],"url":"https:\/\/canalregionaltv.md\/?author=1"}]}},"_links":{"self":[{"href":"https:\/\/canalregionaltv.md\/index.php?rest_route=\/wp\/v2\/posts\/3627","targetHints":{"allow":["GET"]}}],"collection":[{"href":"https:\/\/canalregionaltv.md\/index.php?rest_route=\/wp\/v2\/posts"}],"about":[{"href":"https:\/\/canalregionaltv.md\/index.php?rest_route=\/wp\/v2\/types\/post"}],"author":[{"embeddable":true,"href":"https:\/\/canalregionaltv.md\/index.php?rest_route=\/wp\/v2\/users\/1"}],"replies":[{"embeddable":true,"href":"https:\/\/canalregionaltv.md\/index.php?rest_route=%2Fwp%2Fv2%2Fcomments&post=3627"}],"version-history":[{"count":0,"href":"https:\/\/canalregionaltv.md\/index.php?rest_route=\/wp\/v2\/posts\/3627\/revisions"}],"wp:attachment":[{"href":"https:\/\/canalregionaltv.md\/index.php?rest_route=%2Fwp%2Fv2%2Fmedia&parent=3627"}],"wp:term":[{"taxonomy":"category","embeddable":true,"href":"https:\/\/canalregionaltv.md\/index.php?rest_route=%2Fwp%2Fv2%2Fcategories&post=3627"},{"taxonomy":"post_tag","embeddable":true,"href":"https:\/\/canalregionaltv.md\/index.php?rest_route=%2Fwp%2Fv2%2Ftags&post=3627"}],"curies":[{"name":"wp","href":"https:\/\/api.w.org\/{rel}","templated":true}]}}