{"id":3628,"date":"2026-09-01T17:02:14","date_gmt":"2026-09-01T15:02:14","guid":{"rendered":"https:\/\/canalregionaltv.md\/?p=3628"},"modified":"2026-09-01T17:02:14","modified_gmt":"2026-09-01T15:02:14","slug":"situatia-carburantilor-in-moldova-benzina-pentru-12-zile-motorina-pentru-10-cate-statii-au-ramas-fara-motorina","status":"publish","type":"post","link":"https:\/\/canalregionaltv.md\/?p=3628","title":{"rendered":"Situa\u021bia carburan\u021bilor \u00een Moldova: benzin\u0103 pentru 12 zile, motorin\u0103 pentru 10. C\u00e2te sta\u021bii au r\u0103mas f\u0103r\u0103 motorin\u0103"},"content":{"rendered":"<h3>Moldova dispune \u00een prezent de stocuri de benzin\u0103 suficiente pentru 12 zile de consum, \u00een timp ce rezervele de motorin\u0103 acoper\u0103 10 zile. Datele sunt prezentate de Ministerul Energiei, care men\u021bioneaz\u0103 c\u0103 \u00een ultimele patru zile au fost importate peste 10 mii de tone de motorin\u0103 \u0219i peste 3 mii de tone de benzin\u0103, transmite IPN.<\/h3>\n<p>Carburan\u021bii au fost adu\u0219i \u00een \u021bar\u0103 prin cele trei principale puncte de intrare: Portul Interna\u021bional Liber Giurgiule\u0219ti \u0219i punctele vamale Ungheni \u0219i Leu\u0219eni.<\/p>\n<p>\u00centre timp, num\u0103rul sta\u021biilor de alimentare unde nu e disponibil\u0103 motorina a ajuns la 21. Potrivit Ministerului Energiei, acestea sunt gestionate de operatori care nu efectueaz\u0103 importuri directe de carburan\u021bi.<\/p>\n<p>Ministerul Energiei men\u021bioneaz\u0103 c\u0103 monitorizeaz\u0103 situa\u021bia \u00eempreun\u0103 cu operatorii de pe pia\u021b\u0103 \u0219i autorit\u0103\u021bile competente. Institu\u021bia urm\u0103re\u0219te refacerea stocurilor \u0219i revenirea aprovizion\u0103rii consumatorilor la normal \u00een toate regiunile \u021b\u0103rii.<\/p>\n<p>Articolul <a href=\"https:\/\/nordnews.md\/stiri-nationale\/social\/situatia-carburantilor-in-moldova-benzina-pentru-12-zile-motorina-pentru-10-cate-statii-au-ramas-fara-motorina\/\">Situa\u021bia carburan\u021bilor \u00een Moldova: benzin\u0103 pentru 12 zile, motorin\u0103 pentru 10. C\u00e2te sta\u021bii au r\u0103mas f\u0103r\u0103 motorin\u0103<\/a> apare prima dat\u0103 \u00een <a href=\"https:\/\/nordnews.md\/\">NordNews<\/a>.<\/p>","protected":false},"excerpt":{"rendered":"<p>Moldova dispune \u00een prezent de stocuri de benzin\u0103 suficiente pentru 12 zile de consum, \u00een timp ce rezervele de motorin\u0103 acoper\u0103 10 zile. Datele sunt [&hellip;]<\/p>\n","protected":false},"author":1,"featured_media":0,"comment_status":"open","ping_status":"closed","sticky":false,"template":"","format":"standard","meta":{"footnotes":""},"categories":[1],"tags":[],"class_list":["post-3628","post","type-post","status-publish","format-standard","hentry","category-uncategorized"],"yoast_head":"<!-- This site is optimized with the Yoast SEO plugin v21.3 - https:\/\/yoast.com\/wordpress\/plugins\/seo\/ -->\n<title>Situa\u021bia carburan\u021bilor \u00een Moldova: benzin\u0103 pentru 12 zile, motorin\u0103 pentru 10. C\u00e2te sta\u021bii au r\u0103mas f\u0103r\u0103 motorin\u0103 - Canal Regional<\/title>\n<meta name=\"robots\" content=\"index, follow, max-snippet:-1, max-image-preview:large, max-video-preview:-1\" \/>\n<link rel=\"canonical\" href=\"https:\/\/canalregionaltv.md\/?p=3628\" \/>\n<meta property=\"og:locale\" content=\"en_US\" \/>\n<meta property=\"og:type\" content=\"article\" \/>\n<meta property=\"og:title\" content=\"Situa\u021bia carburan\u021bilor \u00een Moldova: benzin\u0103 pentru 12 zile, motorin\u0103 pentru 10. C\u00e2te sta\u021bii au r\u0103mas f\u0103r\u0103 motorin\u0103 - Canal Regional\" \/>\n<meta property=\"og:description\" content=\"Moldova dispune \u00een prezent de stocuri de benzin\u0103 suficiente pentru 12 zile de consum, \u00een timp ce rezervele de motorin\u0103 acoper\u0103 10 zile. Datele sunt [&hellip;]\" \/>\n<meta property=\"og:url\" content=\"https:\/\/canalregionaltv.md\/?p=3628\" \/>\n<meta property=\"og:site_name\" content=\"Canal Regional\" \/>\n<meta property=\"article:author\" content=\"Canal Regional, Canal Regional TV\" \/>\n<meta property=\"article:published_time\" content=\"2026-09-01T15:02:14+00:00\" \/>\n<meta name=\"author\" content=\"admin_axts737o\" \/>\n<meta name=\"twitter:card\" content=\"summary_large_image\" \/>\n<meta name=\"twitter:label1\" content=\"Written by\" \/>\n\t<meta name=\"twitter:data1\" content=\"admin_axts737o\" \/>\n\t<meta name=\"twitter:label2\" content=\"Est. reading time\" \/>\n\t<meta name=\"twitter:data2\" content=\"1 minute\" \/>\n<script type=\"application\/ld+json\" class=\"yoast-schema-graph\">{\"@context\":\"https:\/\/schema.org\",\"@graph\":[{\"@type\":\"Article\",\"@id\":\"https:\/\/canalregionaltv.md\/?p=3628#article\",\"isPartOf\":{\"@id\":\"https:\/\/canalregionaltv.md\/?p=3628\"},\"author\":{\"name\":\"admin_axts737o\",\"@id\":\"https:\/\/canalregionaltv.md\/#\/schema\/person\/96db60230b2eedd2fd6d09d267f32f8f\"},\"headline\":\"Situa\u021bia carburan\u021bilor \u00een Moldova: benzin\u0103 pentru 12 zile, motorin\u0103 pentru 10. C\u00e2te sta\u021bii au r\u0103mas f\u0103r\u0103 motorin\u0103\",\"datePublished\":\"2026-09-01T15:02:14+00:00\",\"dateModified\":\"2026-09-01T15:02:14+00:00\",\"mainEntityOfPage\":{\"@id\":\"https:\/\/canalregionaltv.md\/?p=3628\"},\"wordCount\":197,\"commentCount\":0,\"publisher\":{\"@id\":\"https:\/\/canalregionaltv.md\/#organization\"},\"inLanguage\":\"en-US\",\"potentialAction\":[{\"@type\":\"CommentAction\",\"name\":\"Comment\",\"target\":[\"https:\/\/canalregionaltv.md\/?p=3628#respond\"]}]},{\"@type\":\"WebPage\",\"@id\":\"https:\/\/canalregionaltv.md\/?p=3628\",\"url\":\"https:\/\/canalregionaltv.md\/?p=3628\",\"name\":\"Situa\u021bia carburan\u021bilor \u00een Moldova: benzin\u0103 pentru 12 zile, motorin\u0103 pentru 10. C\u00e2te sta\u021bii au r\u0103mas f\u0103r\u0103 motorin\u0103 - Canal Regional\",\"isPartOf\":{\"@id\":\"https:\/\/canalregionaltv.md\/#website\"},\"datePublished\":\"2026-09-01T15:02:14+00:00\",\"dateModified\":\"2026-09-01T15:02:14+00:00\",\"breadcrumb\":{\"@id\":\"https:\/\/canalregionaltv.md\/?p=3628#breadcrumb\"},\"inLanguage\":\"en-US\",\"potentialAction\":[{\"@type\":\"ReadAction\",\"target\":[\"https:\/\/canalregionaltv.md\/?p=3628\"]}]},{\"@type\":\"BreadcrumbList\",\"@id\":\"https:\/\/canalregionaltv.md\/?p=3628#breadcrumb\",\"itemListElement\":[{\"@type\":\"ListItem\",\"position\":1,\"name\":\"Home\",\"item\":\"https:\/\/canalregionaltv.md\/\"},{\"@type\":\"ListItem\",\"position\":2,\"name\":\"Situa\u021bia carburan\u021bilor \u00een Moldova: benzin\u0103 pentru 12 zile, motorin\u0103 pentru 10. C\u00e2te sta\u021bii au r\u0103mas f\u0103r\u0103 motorin\u0103\"}]},{\"@type\":\"WebSite\",\"@id\":\"https:\/\/canalregionaltv.md\/#website\",\"url\":\"https:\/\/canalregionaltv.md\/\",\"name\":\"Canal Regional\",\"description\":\"Canal Regional\",\"publisher\":{\"@id\":\"https:\/\/canalregionaltv.md\/#organization\"},\"potentialAction\":[{\"@type\":\"SearchAction\",\"target\":{\"@type\":\"EntryPoint\",\"urlTemplate\":\"https:\/\/canalregionaltv.md\/?s={search_term_string}\"},\"query-input\":\"required name=search_term_string\"}],\"inLanguage\":\"en-US\"},{\"@type\":\"Organization\",\"@id\":\"https:\/\/canalregionaltv.md\/#organization\",\"name\":\"Canal Regional\",\"url\":\"https:\/\/canalregionaltv.md\/\",\"logo\":{\"@type\":\"ImageObject\",\"inLanguage\":\"en-US\",\"@id\":\"https:\/\/canalregionaltv.md\/#\/schema\/logo\/image\/\",\"url\":\"https:\/\/canalregionaltv.md\/wp-content\/uploads\/2023\/10\/Logo_r.png\",\"contentUrl\":\"https:\/\/canalregionaltv.md\/wp-content\/uploads\/2023\/10\/Logo_r.png\",\"width\":403,\"height\":112,\"caption\":\"Canal Regional\"},\"image\":{\"@id\":\"https:\/\/canalregionaltv.md\/#\/schema\/logo\/image\/\"}},{\"@type\":\"Person\",\"@id\":\"https:\/\/canalregionaltv.md\/#\/schema\/person\/96db60230b2eedd2fd6d09d267f32f8f\",\"name\":\"admin_axts737o\",\"image\":{\"@type\":\"ImageObject\",\"inLanguage\":\"en-US\",\"@id\":\"https:\/\/canalregionaltv.md\/#\/schema\/person\/image\/\",\"url\":\"https:\/\/secure.gravatar.com\/avatar\/409e62ddd56f511fb1262f27a1535ee7719603a42e55b11651be97d388418cae?s=96&d=mm&r=g\",\"contentUrl\":\"https:\/\/secure.gravatar.com\/avatar\/409e62ddd56f511fb1262f27a1535ee7719603a42e55b11651be97d388418cae?s=96&d=mm&r=g\",\"caption\":\"admin_axts737o\"},\"sameAs\":[\"https:\/\/canalregionaltv.md\",\"Canal Regional, Canal Regional TV\",\"canal Regional\"],\"url\":\"https:\/\/canalregionaltv.md\/?author=1\"}]}<\/script>\n<!-- \/ Yoast SEO plugin. -->","yoast_head_json":{"title":"Situa\u021bia carburan\u021bilor \u00een Moldova: benzin\u0103 pentru 12 zile, motorin\u0103 pentru 10. C\u00e2te sta\u021bii au r\u0103mas f\u0103r\u0103 motorin\u0103 - Canal Regional","robots":{"index":"index","follow":"follow","max-snippet":"max-snippet:-1","max-image-preview":"max-image-preview:large","max-video-preview":"max-video-preview:-1"},"canonical":"https:\/\/canalregionaltv.md\/?p=3628","og_locale":"en_US","og_type":"article","og_title":"Situa\u021bia carburan\u021bilor \u00een Moldova: benzin\u0103 pentru 12 zile, motorin\u0103 pentru 10. C\u00e2te sta\u021bii au r\u0103mas f\u0103r\u0103 motorin\u0103 - Canal Regional","og_description":"Moldova dispune \u00een prezent de stocuri de benzin\u0103 suficiente pentru 12 zile de consum, \u00een timp ce rezervele de motorin\u0103 acoper\u0103 10 zile. Datele sunt [&hellip;]","og_url":"https:\/\/canalregionaltv.md\/?p=3628","og_site_name":"Canal Regional","article_author":"Canal Regional, Canal Regional TV","article_published_time":"2026-09-01T15:02:14+00:00","author":"admin_axts737o","twitter_card":"summary_large_image","twitter_misc":{"Written by":"admin_axts737o","Est. reading time":"1 minute"},"schema":{"@context":"https:\/\/schema.org","@graph":[{"@type":"Article","@id":"https:\/\/canalregionaltv.md\/?p=3628#article","isPartOf":{"@id":"https:\/\/canalregionaltv.md\/?p=3628"},"author":{"name":"admin_axts737o","@id":"https:\/\/canalregionaltv.md\/#\/schema\/person\/96db60230b2eedd2fd6d09d267f32f8f"},"headline":"Situa\u021bia carburan\u021bilor \u00een Moldova: benzin\u0103 pentru 12 zile, motorin\u0103 pentru 10. C\u00e2te sta\u021bii au r\u0103mas f\u0103r\u0103 motorin\u0103","datePublished":"2026-09-01T15:02:14+00:00","dateModified":"2026-09-01T15:02:14+00:00","mainEntityOfPage":{"@id":"https:\/\/canalregionaltv.md\/?p=3628"},"wordCount":197,"commentCount":0,"publisher":{"@id":"https:\/\/canalregionaltv.md\/#organization"},"inLanguage":"en-US","potentialAction":[{"@type":"CommentAction","name":"Comment","target":["https:\/\/canalregionaltv.md\/?p=3628#respond"]}]},{"@type":"WebPage","@id":"https:\/\/canalregionaltv.md\/?p=3628","url":"https:\/\/canalregionaltv.md\/?p=3628","name":"Situa\u021bia carburan\u021bilor \u00een Moldova: benzin\u0103 pentru 12 zile, motorin\u0103 pentru 10. C\u00e2te sta\u021bii au r\u0103mas f\u0103r\u0103 motorin\u0103 - Canal Regional","isPartOf":{"@id":"https:\/\/canalregionaltv.md\/#website"},"datePublished":"2026-09-01T15:02:14+00:00","dateModified":"2026-09-01T15:02:14+00:00","breadcrumb":{"@id":"https:\/\/canalregionaltv.md\/?p=3628#breadcrumb"},"inLanguage":"en-US","potentialAction":[{"@type":"ReadAction","target":["https:\/\/canalregionaltv.md\/?p=3628"]}]},{"@type":"BreadcrumbList","@id":"https:\/\/canalregionaltv.md\/?p=3628#breadcrumb","itemListElement":[{"@type":"ListItem","position":1,"name":"Home","item":"https:\/\/canalregionaltv.md\/"},{"@type":"ListItem","position":2,"name":"Situa\u021bia carburan\u021bilor \u00een Moldova: benzin\u0103 pentru 12 zile, motorin\u0103 pentru 10. C\u00e2te sta\u021bii au r\u0103mas f\u0103r\u0103 motorin\u0103"}]},{"@type":"WebSite","@id":"https:\/\/canalregionaltv.md\/#website","url":"https:\/\/canalregionaltv.md\/","name":"Canal Regional","description":"Canal Regional","publisher":{"@id":"https:\/\/canalregionaltv.md\/#organization"},"potentialAction":[{"@type":"SearchAction","target":{"@type":"EntryPoint","urlTemplate":"https:\/\/canalregionaltv.md\/?s={search_term_string}"},"query-input":"required name=search_term_string"}],"inLanguage":"en-US"},{"@type":"Organization","@id":"https:\/\/canalregionaltv.md\/#organization","name":"Canal Regional","url":"https:\/\/canalregionaltv.md\/","logo":{"@type":"ImageObject","inLanguage":"en-US","@id":"https:\/\/canalregionaltv.md\/#\/schema\/logo\/image\/","url":"https:\/\/canalregionaltv.md\/wp-content\/uploads\/2023\/10\/Logo_r.png","contentUrl":"https:\/\/canalregionaltv.md\/wp-content\/uploads\/2023\/10\/Logo_r.png","width":403,"height":112,"caption":"Canal Regional"},"image":{"@id":"https:\/\/canalregionaltv.md\/#\/schema\/logo\/image\/"}},{"@type":"Person","@id":"https:\/\/canalregionaltv.md\/#\/schema\/person\/96db60230b2eedd2fd6d09d267f32f8f","name":"admin_axts737o","image":{"@type":"ImageObject","inLanguage":"en-US","@id":"https:\/\/canalregionaltv.md\/#\/schema\/person\/image\/","url":"https:\/\/secure.gravatar.com\/avatar\/409e62ddd56f511fb1262f27a1535ee7719603a42e55b11651be97d388418cae?s=96&d=mm&r=g","contentUrl":"https:\/\/secure.gravatar.com\/avatar\/409e62ddd56f511fb1262f27a1535ee7719603a42e55b11651be97d388418cae?s=96&d=mm&r=g","caption":"admin_axts737o"},"sameAs":["https:\/\/canalregionaltv.md","Canal Regional, Canal Regional TV","canal Regional"],"url":"https:\/\/canalregionaltv.md\/?author=1"}]}},"_links":{"self":[{"href":"https:\/\/canalregionaltv.md\/index.php?rest_route=\/wp\/v2\/posts\/3628","targetHints":{"allow":["GET"]}}],"collection":[{"href":"https:\/\/canalregionaltv.md\/index.php?rest_route=\/wp\/v2\/posts"}],"about":[{"href":"https:\/\/canalregionaltv.md\/index.php?rest_route=\/wp\/v2\/types\/post"}],"author":[{"embeddable":true,"href":"https:\/\/canalregionaltv.md\/index.php?rest_route=\/wp\/v2\/users\/1"}],"replies":[{"embeddable":true,"href":"https:\/\/canalregionaltv.md\/index.php?rest_route=%2Fwp%2Fv2%2Fcomments&post=3628"}],"version-history":[{"count":0,"href":"https:\/\/canalregionaltv.md\/index.php?rest_route=\/wp\/v2\/posts\/3628\/revisions"}],"wp:attachment":[{"href":"https:\/\/canalregionaltv.md\/index.php?rest_route=%2Fwp%2Fv2%2Fmedia&parent=3628"}],"wp:term":[{"taxonomy":"category","embeddable":true,"href":"https:\/\/canalregionaltv.md\/index.php?rest_route=%2Fwp%2Fv2%2Fcategories&post=3628"},{"taxonomy":"post_tag","embeddable":true,"href":"https:\/\/canalregionaltv.md\/index.php?rest_route=%2Fwp%2Fv2%2Ftags&post=3628"}],"curies":[{"name":"wp","href":"https:\/\/api.w.org\/{rel}","templated":true}]}}