{"id":3629,"date":"2026-09-01T17:02:14","date_gmt":"2026-09-01T15:02:14","guid":{"rendered":"https:\/\/canalregionaltv.md\/?p=3629"},"modified":"2026-09-01T17:02:14","modified_gmt":"2026-09-01T15:02:14","slug":"incasarile-administrate-de-sfs-au-crescut-cu-116-in-primele-opt-luni-din-2026","status":"publish","type":"post","link":"https:\/\/canalregionaltv.md\/?p=3629","title":{"rendered":"\u00cencas\u0103rile administrate de SFS au crescut cu 11,6% \u00een primele opt luni din 2026"},"content":{"rendered":"<h3 dir=\"ltr\">Bugetul public na\u021bional a beneficiat, \u00een perioada ianuarie august 2026, de \u00eencas\u0103ri administrate de Serviciul Fiscal de Stat (SFS) \u00een valoare de circa 58,6 miliarde de lei, arat\u0103 datele operative ale institu\u021biei. Suma reprezint\u0103 o cre\u0219tere de peste \u0219ase miliarde de lei fa\u021b\u0103 de perioada similar\u0103 a anului trecut, echivalentul unui avans de 11,6%.<\/h3>\n<p dir=\"ltr\">Potrivit SFS, cea mai mare parte a acestei cre\u0219teri provine din Bugetul de stat, care a acumulat circa 24,4 miliarde de lei \u00een primele opt luni ale anului, cu aproape trei miliarde de lei mai mult dec\u00e2t \u00een aceea\u0219i perioad\u0103 din 2025. Este vorba despre un avans de 14,0%, cel mai ridicat dintre toate componentele bugetului public na\u021bional.<\/p>\n<p dir=\"ltr\">Bugetele locale au \u00eenregistrat, la r\u00e2ndul lor, \u00eencas\u0103ri de circa 6,8 miliarde de lei, \u00een cre\u0219tere cu 667,9 milioane de lei, respectiv 10,9%, comparativ cu perioada similar\u0103 a anului precedent.<\/p>\n<p dir=\"ltr\">O evolu\u021bie asem\u0103n\u0103toare a fost consemnat\u0103 \u0219i la Bugetul asigur\u0103rilor sociale de stat (BASS), unde s au colectat circa 20,5 miliarde de lei, cu 1,8 miliarde de lei mai mult dec\u00e2t anul trecut, o cre\u0219tere de 9,6%.<\/p>\n<p dir=\"ltr\">Nu \u00een ultimul r\u00e2nd, Fondurile asigur\u0103rilor obligatorii de asisten\u021b\u0103 medical\u0103 (FAOAM) au acumulat circa 6,9 miliarde de lei, cu 636,1 milioane de lei peste nivelul \u00eenregistrat \u00een perioada similar\u0103 a anului 2025, ceea ce \u00eenseamn\u0103 un avans de 10,1%.<\/p>\n<p dir=\"ltr\">Datele publicate de Serviciul Fiscal de Stat reflect\u0103, per ansamblu, o dinamic\u0103 pozitiv\u0103 a colect\u0103rilor bugetare pentru toate cele patru componente ale sistemului public na\u021bional, \u00een contextul primelor opt luni ale anului 2026.<\/p>\n<p>Articolul <a href=\"https:\/\/nordnews.md\/stiri-nationale\/social\/incasarile-sfs-au-crescut-2026\/\">\u00cencas\u0103rile administrate de SFS au crescut cu 11,6% \u00een primele opt luni din 2026<\/a> apare prima dat\u0103 \u00een <a href=\"https:\/\/nordnews.md\/\">NordNews<\/a>.<\/p>","protected":false},"excerpt":{"rendered":"<p>Bugetul public na\u021bional a beneficiat, \u00een perioada ianuarie august 2026, de \u00eencas\u0103ri administrate de Serviciul Fiscal de Stat (SFS) \u00een valoare de circa 58,6 miliarde [&hellip;]<\/p>\n","protected":false},"author":1,"featured_media":0,"comment_status":"open","ping_status":"closed","sticky":false,"template":"","format":"standard","meta":{"footnotes":""},"categories":[1],"tags":[],"class_list":["post-3629","post","type-post","status-publish","format-standard","hentry","category-uncategorized"],"yoast_head":"<!-- This site is optimized with the Yoast SEO plugin v21.3 - https:\/\/yoast.com\/wordpress\/plugins\/seo\/ -->\n<title>\u00cencas\u0103rile administrate de SFS au crescut cu 11,6% \u00een primele opt luni din 2026 - Canal Regional<\/title>\n<meta name=\"robots\" content=\"index, follow, max-snippet:-1, max-image-preview:large, max-video-preview:-1\" \/>\n<link rel=\"canonical\" href=\"https:\/\/canalregionaltv.md\/?p=3629\" \/>\n<meta property=\"og:locale\" content=\"en_US\" \/>\n<meta property=\"og:type\" content=\"article\" \/>\n<meta property=\"og:title\" content=\"\u00cencas\u0103rile administrate de SFS au crescut cu 11,6% \u00een primele opt luni din 2026 - Canal Regional\" \/>\n<meta property=\"og:description\" content=\"Bugetul public na\u021bional a beneficiat, \u00een perioada ianuarie august 2026, de \u00eencas\u0103ri administrate de Serviciul Fiscal de Stat (SFS) \u00een valoare de circa 58,6 miliarde [&hellip;]\" \/>\n<meta property=\"og:url\" content=\"https:\/\/canalregionaltv.md\/?p=3629\" \/>\n<meta property=\"og:site_name\" content=\"Canal Regional\" \/>\n<meta property=\"article:author\" content=\"Canal Regional, Canal Regional TV\" \/>\n<meta property=\"article:published_time\" content=\"2026-09-01T15:02:14+00:00\" \/>\n<meta name=\"author\" content=\"admin_axts737o\" \/>\n<meta name=\"twitter:card\" content=\"summary_large_image\" \/>\n<meta name=\"twitter:label1\" content=\"Written by\" \/>\n\t<meta name=\"twitter:data1\" content=\"admin_axts737o\" \/>\n\t<meta name=\"twitter:label2\" content=\"Est. reading time\" \/>\n\t<meta name=\"twitter:data2\" content=\"1 minute\" \/>\n<script type=\"application\/ld+json\" class=\"yoast-schema-graph\">{\"@context\":\"https:\/\/schema.org\",\"@graph\":[{\"@type\":\"Article\",\"@id\":\"https:\/\/canalregionaltv.md\/?p=3629#article\",\"isPartOf\":{\"@id\":\"https:\/\/canalregionaltv.md\/?p=3629\"},\"author\":{\"name\":\"admin_axts737o\",\"@id\":\"https:\/\/canalregionaltv.md\/#\/schema\/person\/96db60230b2eedd2fd6d09d267f32f8f\"},\"headline\":\"\u00cencas\u0103rile administrate de SFS au crescut cu 11,6% \u00een primele opt luni din 2026\",\"datePublished\":\"2026-09-01T15:02:14+00:00\",\"dateModified\":\"2026-09-01T15:02:14+00:00\",\"mainEntityOfPage\":{\"@id\":\"https:\/\/canalregionaltv.md\/?p=3629\"},\"wordCount\":287,\"commentCount\":0,\"publisher\":{\"@id\":\"https:\/\/canalregionaltv.md\/#organization\"},\"inLanguage\":\"en-US\",\"potentialAction\":[{\"@type\":\"CommentAction\",\"name\":\"Comment\",\"target\":[\"https:\/\/canalregionaltv.md\/?p=3629#respond\"]}]},{\"@type\":\"WebPage\",\"@id\":\"https:\/\/canalregionaltv.md\/?p=3629\",\"url\":\"https:\/\/canalregionaltv.md\/?p=3629\",\"name\":\"\u00cencas\u0103rile administrate de SFS au crescut cu 11,6% \u00een primele opt luni din 2026 - Canal Regional\",\"isPartOf\":{\"@id\":\"https:\/\/canalregionaltv.md\/#website\"},\"datePublished\":\"2026-09-01T15:02:14+00:00\",\"dateModified\":\"2026-09-01T15:02:14+00:00\",\"breadcrumb\":{\"@id\":\"https:\/\/canalregionaltv.md\/?p=3629#breadcrumb\"},\"inLanguage\":\"en-US\",\"potentialAction\":[{\"@type\":\"ReadAction\",\"target\":[\"https:\/\/canalregionaltv.md\/?p=3629\"]}]},{\"@type\":\"BreadcrumbList\",\"@id\":\"https:\/\/canalregionaltv.md\/?p=3629#breadcrumb\",\"itemListElement\":[{\"@type\":\"ListItem\",\"position\":1,\"name\":\"Home\",\"item\":\"https:\/\/canalregionaltv.md\/\"},{\"@type\":\"ListItem\",\"position\":2,\"name\":\"\u00cencas\u0103rile administrate de SFS au crescut cu 11,6% \u00een primele opt luni din 2026\"}]},{\"@type\":\"WebSite\",\"@id\":\"https:\/\/canalregionaltv.md\/#website\",\"url\":\"https:\/\/canalregionaltv.md\/\",\"name\":\"Canal Regional\",\"description\":\"Canal Regional\",\"publisher\":{\"@id\":\"https:\/\/canalregionaltv.md\/#organization\"},\"potentialAction\":[{\"@type\":\"SearchAction\",\"target\":{\"@type\":\"EntryPoint\",\"urlTemplate\":\"https:\/\/canalregionaltv.md\/?s={search_term_string}\"},\"query-input\":\"required name=search_term_string\"}],\"inLanguage\":\"en-US\"},{\"@type\":\"Organization\",\"@id\":\"https:\/\/canalregionaltv.md\/#organization\",\"name\":\"Canal Regional\",\"url\":\"https:\/\/canalregionaltv.md\/\",\"logo\":{\"@type\":\"ImageObject\",\"inLanguage\":\"en-US\",\"@id\":\"https:\/\/canalregionaltv.md\/#\/schema\/logo\/image\/\",\"url\":\"https:\/\/canalregionaltv.md\/wp-content\/uploads\/2023\/10\/Logo_r.png\",\"contentUrl\":\"https:\/\/canalregionaltv.md\/wp-content\/uploads\/2023\/10\/Logo_r.png\",\"width\":403,\"height\":112,\"caption\":\"Canal Regional\"},\"image\":{\"@id\":\"https:\/\/canalregionaltv.md\/#\/schema\/logo\/image\/\"}},{\"@type\":\"Person\",\"@id\":\"https:\/\/canalregionaltv.md\/#\/schema\/person\/96db60230b2eedd2fd6d09d267f32f8f\",\"name\":\"admin_axts737o\",\"image\":{\"@type\":\"ImageObject\",\"inLanguage\":\"en-US\",\"@id\":\"https:\/\/canalregionaltv.md\/#\/schema\/person\/image\/\",\"url\":\"https:\/\/secure.gravatar.com\/avatar\/409e62ddd56f511fb1262f27a1535ee7719603a42e55b11651be97d388418cae?s=96&d=mm&r=g\",\"contentUrl\":\"https:\/\/secure.gravatar.com\/avatar\/409e62ddd56f511fb1262f27a1535ee7719603a42e55b11651be97d388418cae?s=96&d=mm&r=g\",\"caption\":\"admin_axts737o\"},\"sameAs\":[\"https:\/\/canalregionaltv.md\",\"Canal Regional, Canal Regional TV\",\"canal Regional\"],\"url\":\"https:\/\/canalregionaltv.md\/?author=1\"}]}<\/script>\n<!-- \/ Yoast SEO plugin. -->","yoast_head_json":{"title":"\u00cencas\u0103rile administrate de SFS au crescut cu 11,6% \u00een primele opt luni din 2026 - Canal Regional","robots":{"index":"index","follow":"follow","max-snippet":"max-snippet:-1","max-image-preview":"max-image-preview:large","max-video-preview":"max-video-preview:-1"},"canonical":"https:\/\/canalregionaltv.md\/?p=3629","og_locale":"en_US","og_type":"article","og_title":"\u00cencas\u0103rile administrate de SFS au crescut cu 11,6% \u00een primele opt luni din 2026 - Canal Regional","og_description":"Bugetul public na\u021bional a beneficiat, \u00een perioada ianuarie august 2026, de \u00eencas\u0103ri administrate de Serviciul Fiscal de Stat (SFS) \u00een valoare de circa 58,6 miliarde [&hellip;]","og_url":"https:\/\/canalregionaltv.md\/?p=3629","og_site_name":"Canal Regional","article_author":"Canal Regional, Canal Regional TV","article_published_time":"2026-09-01T15:02:14+00:00","author":"admin_axts737o","twitter_card":"summary_large_image","twitter_misc":{"Written by":"admin_axts737o","Est. reading time":"1 minute"},"schema":{"@context":"https:\/\/schema.org","@graph":[{"@type":"Article","@id":"https:\/\/canalregionaltv.md\/?p=3629#article","isPartOf":{"@id":"https:\/\/canalregionaltv.md\/?p=3629"},"author":{"name":"admin_axts737o","@id":"https:\/\/canalregionaltv.md\/#\/schema\/person\/96db60230b2eedd2fd6d09d267f32f8f"},"headline":"\u00cencas\u0103rile administrate de SFS au crescut cu 11,6% \u00een primele opt luni din 2026","datePublished":"2026-09-01T15:02:14+00:00","dateModified":"2026-09-01T15:02:14+00:00","mainEntityOfPage":{"@id":"https:\/\/canalregionaltv.md\/?p=3629"},"wordCount":287,"commentCount":0,"publisher":{"@id":"https:\/\/canalregionaltv.md\/#organization"},"inLanguage":"en-US","potentialAction":[{"@type":"CommentAction","name":"Comment","target":["https:\/\/canalregionaltv.md\/?p=3629#respond"]}]},{"@type":"WebPage","@id":"https:\/\/canalregionaltv.md\/?p=3629","url":"https:\/\/canalregionaltv.md\/?p=3629","name":"\u00cencas\u0103rile administrate de SFS au crescut cu 11,6% \u00een primele opt luni din 2026 - Canal Regional","isPartOf":{"@id":"https:\/\/canalregionaltv.md\/#website"},"datePublished":"2026-09-01T15:02:14+00:00","dateModified":"2026-09-01T15:02:14+00:00","breadcrumb":{"@id":"https:\/\/canalregionaltv.md\/?p=3629#breadcrumb"},"inLanguage":"en-US","potentialAction":[{"@type":"ReadAction","target":["https:\/\/canalregionaltv.md\/?p=3629"]}]},{"@type":"BreadcrumbList","@id":"https:\/\/canalregionaltv.md\/?p=3629#breadcrumb","itemListElement":[{"@type":"ListItem","position":1,"name":"Home","item":"https:\/\/canalregionaltv.md\/"},{"@type":"ListItem","position":2,"name":"\u00cencas\u0103rile administrate de SFS au crescut cu 11,6% \u00een primele opt luni din 2026"}]},{"@type":"WebSite","@id":"https:\/\/canalregionaltv.md\/#website","url":"https:\/\/canalregionaltv.md\/","name":"Canal Regional","description":"Canal Regional","publisher":{"@id":"https:\/\/canalregionaltv.md\/#organization"},"potentialAction":[{"@type":"SearchAction","target":{"@type":"EntryPoint","urlTemplate":"https:\/\/canalregionaltv.md\/?s={search_term_string}"},"query-input":"required name=search_term_string"}],"inLanguage":"en-US"},{"@type":"Organization","@id":"https:\/\/canalregionaltv.md\/#organization","name":"Canal Regional","url":"https:\/\/canalregionaltv.md\/","logo":{"@type":"ImageObject","inLanguage":"en-US","@id":"https:\/\/canalregionaltv.md\/#\/schema\/logo\/image\/","url":"https:\/\/canalregionaltv.md\/wp-content\/uploads\/2023\/10\/Logo_r.png","contentUrl":"https:\/\/canalregionaltv.md\/wp-content\/uploads\/2023\/10\/Logo_r.png","width":403,"height":112,"caption":"Canal Regional"},"image":{"@id":"https:\/\/canalregionaltv.md\/#\/schema\/logo\/image\/"}},{"@type":"Person","@id":"https:\/\/canalregionaltv.md\/#\/schema\/person\/96db60230b2eedd2fd6d09d267f32f8f","name":"admin_axts737o","image":{"@type":"ImageObject","inLanguage":"en-US","@id":"https:\/\/canalregionaltv.md\/#\/schema\/person\/image\/","url":"https:\/\/secure.gravatar.com\/avatar\/409e62ddd56f511fb1262f27a1535ee7719603a42e55b11651be97d388418cae?s=96&d=mm&r=g","contentUrl":"https:\/\/secure.gravatar.com\/avatar\/409e62ddd56f511fb1262f27a1535ee7719603a42e55b11651be97d388418cae?s=96&d=mm&r=g","caption":"admin_axts737o"},"sameAs":["https:\/\/canalregionaltv.md","Canal Regional, Canal Regional TV","canal Regional"],"url":"https:\/\/canalregionaltv.md\/?author=1"}]}},"_links":{"self":[{"href":"https:\/\/canalregionaltv.md\/index.php?rest_route=\/wp\/v2\/posts\/3629","targetHints":{"allow":["GET"]}}],"collection":[{"href":"https:\/\/canalregionaltv.md\/index.php?rest_route=\/wp\/v2\/posts"}],"about":[{"href":"https:\/\/canalregionaltv.md\/index.php?rest_route=\/wp\/v2\/types\/post"}],"author":[{"embeddable":true,"href":"https:\/\/canalregionaltv.md\/index.php?rest_route=\/wp\/v2\/users\/1"}],"replies":[{"embeddable":true,"href":"https:\/\/canalregionaltv.md\/index.php?rest_route=%2Fwp%2Fv2%2Fcomments&post=3629"}],"version-history":[{"count":0,"href":"https:\/\/canalregionaltv.md\/index.php?rest_route=\/wp\/v2\/posts\/3629\/revisions"}],"wp:attachment":[{"href":"https:\/\/canalregionaltv.md\/index.php?rest_route=%2Fwp%2Fv2%2Fmedia&parent=3629"}],"wp:term":[{"taxonomy":"category","embeddable":true,"href":"https:\/\/canalregionaltv.md\/index.php?rest_route=%2Fwp%2Fv2%2Fcategories&post=3629"},{"taxonomy":"post_tag","embeddable":true,"href":"https:\/\/canalregionaltv.md\/index.php?rest_route=%2Fwp%2Fv2%2Ftags&post=3629"}],"curies":[{"name":"wp","href":"https:\/\/api.w.org\/{rel}","templated":true}]}}