{"id":3631,"date":"2026-09-01T17:02:15","date_gmt":"2026-09-01T15:02:15","guid":{"rendered":"https:\/\/canalregionaltv.md\/?p=3631"},"modified":"2026-09-01T17:02:15","modified_gmt":"2026-09-01T15:02:15","slug":"noi-taxe-pentru-marfurile-importate-de-agentii-economici-din-regiunea-transnistreana","status":"publish","type":"post","link":"https:\/\/canalregionaltv.md\/?p=3631","title":{"rendered":"Noi taxe pentru m\u0103rfurile importate de agen\u021bii economici din regiunea transnistrean\u0103"},"content":{"rendered":"<h3 class=\"isSelectedEnd\">\u00cencep\u00e2nd cu 1 septembrie, anumite categorii de m\u0103rfuri introduse \u00een Republica Moldova de operatorii economici cu sediul \u00een regiunea transnistrean\u0103 vor fi supuse taxelor \u0219i accizelor. M\u0103sura este prev\u0103zut\u0103 \u00eentr-o hot\u0103r\u00e2re aprobat\u0103 recent de Guvern.<\/h3>\n<p class=\"isSelectedEnd\">\u00cen prima etap\u0103, noul regim fiscal se aplic\u0103 b\u0103uturilor alcoolice, produselor din tutun \u0219i cu nicotin\u0103, parfumurilor, articolelor pirotehnice, bl\u0103nurilor, bijuteriilor \u0219i pietrelor pre\u021bioase, precum \u0219i unor categorii de mijloace de transport.<\/p>\n<p class=\"isSelectedEnd\">Pentru alte tipuri de m\u0103rfuri, aplicarea prevederilor va fi introdus\u0103 etapizat. \u00cen cazul unor materii prime \u0219i produse petroliere, acestea vor intra \u00een vigoare de la 1 ianuarie 2027. Pentru gazele naturale, energia electric\u0103, telefoanele \u0219i computerele, noul regim va fi aplicat din 1 aprilie 2027.<\/p>\n<p class=\"isSelectedEnd\">Potrivit autorit\u0103\u021bilor, m\u0103sura are drept scop uniformizarea legisla\u021biei fiscale \u0219i vamale pe \u00eentreg teritoriul Republicii Moldova, crearea unor condi\u021bii concuren\u021biale egale \u0219i integrarea treptat\u0103 a agen\u021bilor economici din regiunea transnistrean\u0103 \u00een sistemul fiscal \u0219i vamal na\u021bional.<\/p>\n<p class=\"isSelectedEnd\">Premierul Vasile Tofan a declarat anterior c\u0103 m\u0103sura urm\u0103re\u0219te includerea agen\u021bilor economici din st\u00e2nga Nistrului \u00een spa\u021biul fiscal al \u021b\u0103rii. Potrivit acestuia, veniturile colectate vor putea fi utilizate inclusiv pentru sprijinirea popula\u021biei din regiune \u0219i pentru extinderea accesului la servicii medicale, asisten\u021b\u0103 social\u0103 \u0219i pensii.<\/p>\n<p>Autorit\u0103\u021bile \u00ee\u0219i propun ca, p\u00e2n\u0103 \u00een 2030, regimul fiscal general s\u0103 fie aplicat integral m\u0103rfurilor importate de operatorii economici din regiunea transnistrean\u0103, \u00een acelea\u0219i condi\u021bii ca pentru agen\u021bii economici din restul \u021b\u0103rii.<\/p>\n<p>Articolul <a href=\"https:\/\/nordnews.md\/stiri-nationale\/economic\/taxe-accize-marfuri-regiunea-transnistreana-1-septembrie\/\">Noi taxe pentru m\u0103rfurile importate de agen\u021bii economici din regiunea transnistrean\u0103<\/a> apare prima dat\u0103 \u00een <a href=\"https:\/\/nordnews.md\/\">NordNews<\/a>.<\/p>","protected":false},"excerpt":{"rendered":"<p>\u00cencep\u00e2nd cu 1 septembrie, anumite categorii de m\u0103rfuri introduse \u00een Republica Moldova de operatorii economici cu sediul \u00een regiunea transnistrean\u0103 vor fi supuse taxelor \u0219i [&hellip;]<\/p>\n","protected":false},"author":1,"featured_media":0,"comment_status":"open","ping_status":"closed","sticky":false,"template":"","format":"standard","meta":{"footnotes":""},"categories":[1],"tags":[],"class_list":["post-3631","post","type-post","status-publish","format-standard","hentry","category-uncategorized"],"yoast_head":"<!-- This site is optimized with the Yoast SEO plugin v21.3 - https:\/\/yoast.com\/wordpress\/plugins\/seo\/ -->\n<title>Noi taxe pentru m\u0103rfurile importate de agen\u021bii economici din regiunea transnistrean\u0103 - Canal Regional<\/title>\n<meta name=\"robots\" content=\"index, follow, max-snippet:-1, max-image-preview:large, max-video-preview:-1\" \/>\n<link rel=\"canonical\" href=\"https:\/\/canalregionaltv.md\/?p=3631\" \/>\n<meta property=\"og:locale\" content=\"en_US\" \/>\n<meta property=\"og:type\" content=\"article\" \/>\n<meta property=\"og:title\" content=\"Noi taxe pentru m\u0103rfurile importate de agen\u021bii economici din regiunea transnistrean\u0103 - Canal Regional\" \/>\n<meta property=\"og:description\" content=\"\u00cencep\u00e2nd cu 1 septembrie, anumite categorii de m\u0103rfuri introduse \u00een Republica Moldova de operatorii economici cu sediul \u00een regiunea transnistrean\u0103 vor fi supuse taxelor \u0219i [&hellip;]\" \/>\n<meta property=\"og:url\" content=\"https:\/\/canalregionaltv.md\/?p=3631\" \/>\n<meta property=\"og:site_name\" content=\"Canal Regional\" \/>\n<meta property=\"article:author\" content=\"Canal Regional, Canal Regional TV\" \/>\n<meta property=\"article:published_time\" content=\"2026-09-01T15:02:15+00:00\" \/>\n<meta name=\"author\" content=\"admin_axts737o\" \/>\n<meta name=\"twitter:card\" content=\"summary_large_image\" \/>\n<meta name=\"twitter:label1\" content=\"Written by\" \/>\n\t<meta name=\"twitter:data1\" content=\"admin_axts737o\" \/>\n\t<meta name=\"twitter:label2\" content=\"Est. reading time\" \/>\n\t<meta name=\"twitter:data2\" content=\"1 minute\" \/>\n<script type=\"application\/ld+json\" class=\"yoast-schema-graph\">{\"@context\":\"https:\/\/schema.org\",\"@graph\":[{\"@type\":\"Article\",\"@id\":\"https:\/\/canalregionaltv.md\/?p=3631#article\",\"isPartOf\":{\"@id\":\"https:\/\/canalregionaltv.md\/?p=3631\"},\"author\":{\"name\":\"admin_axts737o\",\"@id\":\"https:\/\/canalregionaltv.md\/#\/schema\/person\/96db60230b2eedd2fd6d09d267f32f8f\"},\"headline\":\"Noi taxe pentru m\u0103rfurile importate de agen\u021bii economici din regiunea transnistrean\u0103\",\"datePublished\":\"2026-09-01T15:02:15+00:00\",\"dateModified\":\"2026-09-01T15:02:15+00:00\",\"mainEntityOfPage\":{\"@id\":\"https:\/\/canalregionaltv.md\/?p=3631\"},\"wordCount\":282,\"commentCount\":0,\"publisher\":{\"@id\":\"https:\/\/canalregionaltv.md\/#organization\"},\"inLanguage\":\"en-US\",\"potentialAction\":[{\"@type\":\"CommentAction\",\"name\":\"Comment\",\"target\":[\"https:\/\/canalregionaltv.md\/?p=3631#respond\"]}]},{\"@type\":\"WebPage\",\"@id\":\"https:\/\/canalregionaltv.md\/?p=3631\",\"url\":\"https:\/\/canalregionaltv.md\/?p=3631\",\"name\":\"Noi taxe pentru m\u0103rfurile importate de agen\u021bii economici din regiunea transnistrean\u0103 - Canal Regional\",\"isPartOf\":{\"@id\":\"https:\/\/canalregionaltv.md\/#website\"},\"datePublished\":\"2026-09-01T15:02:15+00:00\",\"dateModified\":\"2026-09-01T15:02:15+00:00\",\"breadcrumb\":{\"@id\":\"https:\/\/canalregionaltv.md\/?p=3631#breadcrumb\"},\"inLanguage\":\"en-US\",\"potentialAction\":[{\"@type\":\"ReadAction\",\"target\":[\"https:\/\/canalregionaltv.md\/?p=3631\"]}]},{\"@type\":\"BreadcrumbList\",\"@id\":\"https:\/\/canalregionaltv.md\/?p=3631#breadcrumb\",\"itemListElement\":[{\"@type\":\"ListItem\",\"position\":1,\"name\":\"Home\",\"item\":\"https:\/\/canalregionaltv.md\/\"},{\"@type\":\"ListItem\",\"position\":2,\"name\":\"Noi taxe pentru m\u0103rfurile importate de agen\u021bii economici din regiunea transnistrean\u0103\"}]},{\"@type\":\"WebSite\",\"@id\":\"https:\/\/canalregionaltv.md\/#website\",\"url\":\"https:\/\/canalregionaltv.md\/\",\"name\":\"Canal Regional\",\"description\":\"Canal Regional\",\"publisher\":{\"@id\":\"https:\/\/canalregionaltv.md\/#organization\"},\"potentialAction\":[{\"@type\":\"SearchAction\",\"target\":{\"@type\":\"EntryPoint\",\"urlTemplate\":\"https:\/\/canalregionaltv.md\/?s={search_term_string}\"},\"query-input\":\"required name=search_term_string\"}],\"inLanguage\":\"en-US\"},{\"@type\":\"Organization\",\"@id\":\"https:\/\/canalregionaltv.md\/#organization\",\"name\":\"Canal Regional\",\"url\":\"https:\/\/canalregionaltv.md\/\",\"logo\":{\"@type\":\"ImageObject\",\"inLanguage\":\"en-US\",\"@id\":\"https:\/\/canalregionaltv.md\/#\/schema\/logo\/image\/\",\"url\":\"https:\/\/canalregionaltv.md\/wp-content\/uploads\/2023\/10\/Logo_r.png\",\"contentUrl\":\"https:\/\/canalregionaltv.md\/wp-content\/uploads\/2023\/10\/Logo_r.png\",\"width\":403,\"height\":112,\"caption\":\"Canal Regional\"},\"image\":{\"@id\":\"https:\/\/canalregionaltv.md\/#\/schema\/logo\/image\/\"}},{\"@type\":\"Person\",\"@id\":\"https:\/\/canalregionaltv.md\/#\/schema\/person\/96db60230b2eedd2fd6d09d267f32f8f\",\"name\":\"admin_axts737o\",\"image\":{\"@type\":\"ImageObject\",\"inLanguage\":\"en-US\",\"@id\":\"https:\/\/canalregionaltv.md\/#\/schema\/person\/image\/\",\"url\":\"https:\/\/secure.gravatar.com\/avatar\/409e62ddd56f511fb1262f27a1535ee7719603a42e55b11651be97d388418cae?s=96&d=mm&r=g\",\"contentUrl\":\"https:\/\/secure.gravatar.com\/avatar\/409e62ddd56f511fb1262f27a1535ee7719603a42e55b11651be97d388418cae?s=96&d=mm&r=g\",\"caption\":\"admin_axts737o\"},\"sameAs\":[\"https:\/\/canalregionaltv.md\",\"Canal Regional, Canal Regional TV\",\"canal Regional\"],\"url\":\"https:\/\/canalregionaltv.md\/?author=1\"}]}<\/script>\n<!-- \/ Yoast SEO plugin. -->","yoast_head_json":{"title":"Noi taxe pentru m\u0103rfurile importate de agen\u021bii economici din regiunea transnistrean\u0103 - Canal Regional","robots":{"index":"index","follow":"follow","max-snippet":"max-snippet:-1","max-image-preview":"max-image-preview:large","max-video-preview":"max-video-preview:-1"},"canonical":"https:\/\/canalregionaltv.md\/?p=3631","og_locale":"en_US","og_type":"article","og_title":"Noi taxe pentru m\u0103rfurile importate de agen\u021bii economici din regiunea transnistrean\u0103 - Canal Regional","og_description":"\u00cencep\u00e2nd cu 1 septembrie, anumite categorii de m\u0103rfuri introduse \u00een Republica Moldova de operatorii economici cu sediul \u00een regiunea transnistrean\u0103 vor fi supuse taxelor \u0219i [&hellip;]","og_url":"https:\/\/canalregionaltv.md\/?p=3631","og_site_name":"Canal Regional","article_author":"Canal Regional, Canal Regional TV","article_published_time":"2026-09-01T15:02:15+00:00","author":"admin_axts737o","twitter_card":"summary_large_image","twitter_misc":{"Written by":"admin_axts737o","Est. reading time":"1 minute"},"schema":{"@context":"https:\/\/schema.org","@graph":[{"@type":"Article","@id":"https:\/\/canalregionaltv.md\/?p=3631#article","isPartOf":{"@id":"https:\/\/canalregionaltv.md\/?p=3631"},"author":{"name":"admin_axts737o","@id":"https:\/\/canalregionaltv.md\/#\/schema\/person\/96db60230b2eedd2fd6d09d267f32f8f"},"headline":"Noi taxe pentru m\u0103rfurile importate de agen\u021bii economici din regiunea transnistrean\u0103","datePublished":"2026-09-01T15:02:15+00:00","dateModified":"2026-09-01T15:02:15+00:00","mainEntityOfPage":{"@id":"https:\/\/canalregionaltv.md\/?p=3631"},"wordCount":282,"commentCount":0,"publisher":{"@id":"https:\/\/canalregionaltv.md\/#organization"},"inLanguage":"en-US","potentialAction":[{"@type":"CommentAction","name":"Comment","target":["https:\/\/canalregionaltv.md\/?p=3631#respond"]}]},{"@type":"WebPage","@id":"https:\/\/canalregionaltv.md\/?p=3631","url":"https:\/\/canalregionaltv.md\/?p=3631","name":"Noi taxe pentru m\u0103rfurile importate de agen\u021bii economici din regiunea transnistrean\u0103 - Canal Regional","isPartOf":{"@id":"https:\/\/canalregionaltv.md\/#website"},"datePublished":"2026-09-01T15:02:15+00:00","dateModified":"2026-09-01T15:02:15+00:00","breadcrumb":{"@id":"https:\/\/canalregionaltv.md\/?p=3631#breadcrumb"},"inLanguage":"en-US","potentialAction":[{"@type":"ReadAction","target":["https:\/\/canalregionaltv.md\/?p=3631"]}]},{"@type":"BreadcrumbList","@id":"https:\/\/canalregionaltv.md\/?p=3631#breadcrumb","itemListElement":[{"@type":"ListItem","position":1,"name":"Home","item":"https:\/\/canalregionaltv.md\/"},{"@type":"ListItem","position":2,"name":"Noi taxe pentru m\u0103rfurile importate de agen\u021bii economici din regiunea transnistrean\u0103"}]},{"@type":"WebSite","@id":"https:\/\/canalregionaltv.md\/#website","url":"https:\/\/canalregionaltv.md\/","name":"Canal Regional","description":"Canal Regional","publisher":{"@id":"https:\/\/canalregionaltv.md\/#organization"},"potentialAction":[{"@type":"SearchAction","target":{"@type":"EntryPoint","urlTemplate":"https:\/\/canalregionaltv.md\/?s={search_term_string}"},"query-input":"required name=search_term_string"}],"inLanguage":"en-US"},{"@type":"Organization","@id":"https:\/\/canalregionaltv.md\/#organization","name":"Canal Regional","url":"https:\/\/canalregionaltv.md\/","logo":{"@type":"ImageObject","inLanguage":"en-US","@id":"https:\/\/canalregionaltv.md\/#\/schema\/logo\/image\/","url":"https:\/\/canalregionaltv.md\/wp-content\/uploads\/2023\/10\/Logo_r.png","contentUrl":"https:\/\/canalregionaltv.md\/wp-content\/uploads\/2023\/10\/Logo_r.png","width":403,"height":112,"caption":"Canal Regional"},"image":{"@id":"https:\/\/canalregionaltv.md\/#\/schema\/logo\/image\/"}},{"@type":"Person","@id":"https:\/\/canalregionaltv.md\/#\/schema\/person\/96db60230b2eedd2fd6d09d267f32f8f","name":"admin_axts737o","image":{"@type":"ImageObject","inLanguage":"en-US","@id":"https:\/\/canalregionaltv.md\/#\/schema\/person\/image\/","url":"https:\/\/secure.gravatar.com\/avatar\/409e62ddd56f511fb1262f27a1535ee7719603a42e55b11651be97d388418cae?s=96&d=mm&r=g","contentUrl":"https:\/\/secure.gravatar.com\/avatar\/409e62ddd56f511fb1262f27a1535ee7719603a42e55b11651be97d388418cae?s=96&d=mm&r=g","caption":"admin_axts737o"},"sameAs":["https:\/\/canalregionaltv.md","Canal Regional, Canal Regional TV","canal Regional"],"url":"https:\/\/canalregionaltv.md\/?author=1"}]}},"_links":{"self":[{"href":"https:\/\/canalregionaltv.md\/index.php?rest_route=\/wp\/v2\/posts\/3631","targetHints":{"allow":["GET"]}}],"collection":[{"href":"https:\/\/canalregionaltv.md\/index.php?rest_route=\/wp\/v2\/posts"}],"about":[{"href":"https:\/\/canalregionaltv.md\/index.php?rest_route=\/wp\/v2\/types\/post"}],"author":[{"embeddable":true,"href":"https:\/\/canalregionaltv.md\/index.php?rest_route=\/wp\/v2\/users\/1"}],"replies":[{"embeddable":true,"href":"https:\/\/canalregionaltv.md\/index.php?rest_route=%2Fwp%2Fv2%2Fcomments&post=3631"}],"version-history":[{"count":0,"href":"https:\/\/canalregionaltv.md\/index.php?rest_route=\/wp\/v2\/posts\/3631\/revisions"}],"wp:attachment":[{"href":"https:\/\/canalregionaltv.md\/index.php?rest_route=%2Fwp%2Fv2%2Fmedia&parent=3631"}],"wp:term":[{"taxonomy":"category","embeddable":true,"href":"https:\/\/canalregionaltv.md\/index.php?rest_route=%2Fwp%2Fv2%2Fcategories&post=3631"},{"taxonomy":"post_tag","embeddable":true,"href":"https:\/\/canalregionaltv.md\/index.php?rest_route=%2Fwp%2Fv2%2Ftags&post=3631"}],"curies":[{"name":"wp","href":"https:\/\/api.w.org\/{rel}","templated":true}]}}