{"id":3632,"date":"2026-09-01T17:02:15","date_gmt":"2026-09-01T15:02:15","guid":{"rendered":"https:\/\/canalregionaltv.md\/?p=3632"},"modified":"2026-09-01T17:02:15","modified_gmt":"2026-09-01T15:02:15","slug":"doi-candidati-admisi-la-interviul-pentru-sefia-teleradio-moldova","status":"publish","type":"post","link":"https:\/\/canalregionaltv.md\/?p=3632","title":{"rendered":"Doi candida\u021bi, admi\u0219i la interviul pentru \u0219efia Teleradio-Moldova"},"content":{"rendered":"<h3 class=\"isSelectedEnd\">Dorin Scobioal\u0103 \u0219i Ecaterina Chept\u0103naru au fost declara\u021bi compatibili cu func\u021bia de director general al companiei publice Teleradio-Moldova \u0219i au fost admi\u0219i la etapa interviului. \u00cen cazul candida\u021bilor Andrei Zap\u0219a \u0219i Sergiu Sandulescu, Consiliul de Supraveghere urmeaz\u0103 s\u0103 decid\u0103 dac\u0103 ace\u0219tia vor r\u0103m\u00e2ne \u00een concurs, dup\u0103 ce Serviciul de Informa\u021bii \u0219i Securitate a identificat factori de risc.<\/h3>\n<p class=\"isSelectedEnd\">Consiliul a examinat avizele SIS privind verificarea compatibilit\u0103\u021bii celor doi candida\u021bi \u0219i le-a oferit posibilitatea s\u0103 prezinte explica\u021bii cu privire la factorii de risc identifica\u021bi. Acestea urmeaz\u0103 s\u0103 fie prezentate \u00een cadrul unei \u0219edin\u021be ulterioare.<\/p>\n<p class=\"isSelectedEnd\">Decizia privind reconfirmarea lui Andrei Zap\u0219a \u0219i Sergiu Sandulescu \u00een concurs urmeaz\u0103 s\u0103 fie luat\u0103 la \u0219edin\u021ba Consiliului din 2 septembrie.<\/p>\n<p class=\"isSelectedEnd\">\u00centre timp, Dorin Scobioal\u0103 \u0219i Ecaterina Chept\u0103naru au fost declara\u021bi compatibili cu func\u021bia \u0219i au trecut \u00een etapa a doua a concursului, care const\u0103 \u00een interviu.<\/p>\n<p class=\"isSelectedEnd\">Concursul pentru func\u021bia de director general al TRM a fost suspendat pe 17 iulie, dup\u0103 ce SIS a solicitat verific\u0103ri suplimentare \u00een privin\u021ba celor patru candida\u021bi admi\u0219i ini\u021bial la interviu. Serviciul a invocat evolu\u021biile din domeniul securit\u0103\u021bii \u0219i intensificarea ac\u021biunilor de r\u0103zboi hibrid asupra spa\u021biului informa\u021bional al Republicii Moldova.<\/p>\n<p class=\"isSelectedEnd\">\u00cen urma solicit\u0103rii, Consiliul de Supraveghere \u0219i Dezvoltare al TRM a am\u00e2nat etapa interviului p\u00e2n\u0103 la finalizarea verific\u0103rilor.<\/p>\n<p>Concursul a fost lansat dup\u0103 demisia fostului director general al TRM, Vlad \u021aurcanu, \u00een mai 2026. Demisia a avut loc \u00een contextul scandalului privind punctajele acordate de juriul Republicii Moldova la concursul Eurovision.<\/p>\n<p>Articolul <a href=\"https:\/\/nordnews.md\/stiri-nationale\/social\/doi-candidati-admisi-interviu-sefia-teleradio-moldova\/\">Doi candida\u021bi, admi\u0219i la interviul pentru \u0219efia Teleradio-Moldova<\/a> apare prima dat\u0103 \u00een <a href=\"https:\/\/nordnews.md\/\">NordNews<\/a>.<\/p>","protected":false},"excerpt":{"rendered":"<p>Dorin Scobioal\u0103 \u0219i Ecaterina Chept\u0103naru au fost declara\u021bi compatibili cu func\u021bia de director general al companiei publice Teleradio-Moldova \u0219i au fost admi\u0219i la etapa interviului. [&hellip;]<\/p>\n","protected":false},"author":1,"featured_media":0,"comment_status":"open","ping_status":"closed","sticky":false,"template":"","format":"standard","meta":{"footnotes":""},"categories":[1],"tags":[],"class_list":["post-3632","post","type-post","status-publish","format-standard","hentry","category-uncategorized"],"yoast_head":"<!-- This site is optimized with the Yoast SEO plugin v21.3 - https:\/\/yoast.com\/wordpress\/plugins\/seo\/ -->\n<title>Doi candida\u021bi, admi\u0219i la interviul pentru \u0219efia Teleradio-Moldova - Canal Regional<\/title>\n<meta name=\"robots\" content=\"index, follow, max-snippet:-1, max-image-preview:large, max-video-preview:-1\" \/>\n<link rel=\"canonical\" href=\"https:\/\/canalregionaltv.md\/?p=3632\" \/>\n<meta property=\"og:locale\" content=\"en_US\" \/>\n<meta property=\"og:type\" content=\"article\" \/>\n<meta property=\"og:title\" content=\"Doi candida\u021bi, admi\u0219i la interviul pentru \u0219efia Teleradio-Moldova - Canal Regional\" \/>\n<meta property=\"og:description\" content=\"Dorin Scobioal\u0103 \u0219i Ecaterina Chept\u0103naru au fost declara\u021bi compatibili cu func\u021bia de director general al companiei publice Teleradio-Moldova \u0219i au fost admi\u0219i la etapa interviului. [&hellip;]\" \/>\n<meta property=\"og:url\" content=\"https:\/\/canalregionaltv.md\/?p=3632\" \/>\n<meta property=\"og:site_name\" content=\"Canal Regional\" \/>\n<meta property=\"article:author\" content=\"Canal Regional, Canal Regional TV\" \/>\n<meta property=\"article:published_time\" content=\"2026-09-01T15:02:15+00:00\" \/>\n<meta name=\"author\" content=\"admin_axts737o\" \/>\n<meta name=\"twitter:card\" content=\"summary_large_image\" \/>\n<meta name=\"twitter:label1\" content=\"Written by\" \/>\n\t<meta name=\"twitter:data1\" content=\"admin_axts737o\" \/>\n\t<meta name=\"twitter:label2\" content=\"Est. reading time\" \/>\n\t<meta name=\"twitter:data2\" content=\"1 minute\" \/>\n<script type=\"application\/ld+json\" class=\"yoast-schema-graph\">{\"@context\":\"https:\/\/schema.org\",\"@graph\":[{\"@type\":\"Article\",\"@id\":\"https:\/\/canalregionaltv.md\/?p=3632#article\",\"isPartOf\":{\"@id\":\"https:\/\/canalregionaltv.md\/?p=3632\"},\"author\":{\"name\":\"admin_axts737o\",\"@id\":\"https:\/\/canalregionaltv.md\/#\/schema\/person\/96db60230b2eedd2fd6d09d267f32f8f\"},\"headline\":\"Doi candida\u021bi, admi\u0219i la interviul pentru \u0219efia Teleradio-Moldova\",\"datePublished\":\"2026-09-01T15:02:15+00:00\",\"dateModified\":\"2026-09-01T15:02:15+00:00\",\"mainEntityOfPage\":{\"@id\":\"https:\/\/canalregionaltv.md\/?p=3632\"},\"wordCount\":298,\"commentCount\":0,\"publisher\":{\"@id\":\"https:\/\/canalregionaltv.md\/#organization\"},\"inLanguage\":\"en-US\",\"potentialAction\":[{\"@type\":\"CommentAction\",\"name\":\"Comment\",\"target\":[\"https:\/\/canalregionaltv.md\/?p=3632#respond\"]}]},{\"@type\":\"WebPage\",\"@id\":\"https:\/\/canalregionaltv.md\/?p=3632\",\"url\":\"https:\/\/canalregionaltv.md\/?p=3632\",\"name\":\"Doi candida\u021bi, admi\u0219i la interviul pentru \u0219efia Teleradio-Moldova - Canal Regional\",\"isPartOf\":{\"@id\":\"https:\/\/canalregionaltv.md\/#website\"},\"datePublished\":\"2026-09-01T15:02:15+00:00\",\"dateModified\":\"2026-09-01T15:02:15+00:00\",\"breadcrumb\":{\"@id\":\"https:\/\/canalregionaltv.md\/?p=3632#breadcrumb\"},\"inLanguage\":\"en-US\",\"potentialAction\":[{\"@type\":\"ReadAction\",\"target\":[\"https:\/\/canalregionaltv.md\/?p=3632\"]}]},{\"@type\":\"BreadcrumbList\",\"@id\":\"https:\/\/canalregionaltv.md\/?p=3632#breadcrumb\",\"itemListElement\":[{\"@type\":\"ListItem\",\"position\":1,\"name\":\"Home\",\"item\":\"https:\/\/canalregionaltv.md\/\"},{\"@type\":\"ListItem\",\"position\":2,\"name\":\"Doi candida\u021bi, admi\u0219i la interviul pentru \u0219efia Teleradio-Moldova\"}]},{\"@type\":\"WebSite\",\"@id\":\"https:\/\/canalregionaltv.md\/#website\",\"url\":\"https:\/\/canalregionaltv.md\/\",\"name\":\"Canal Regional\",\"description\":\"Canal Regional\",\"publisher\":{\"@id\":\"https:\/\/canalregionaltv.md\/#organization\"},\"potentialAction\":[{\"@type\":\"SearchAction\",\"target\":{\"@type\":\"EntryPoint\",\"urlTemplate\":\"https:\/\/canalregionaltv.md\/?s={search_term_string}\"},\"query-input\":\"required name=search_term_string\"}],\"inLanguage\":\"en-US\"},{\"@type\":\"Organization\",\"@id\":\"https:\/\/canalregionaltv.md\/#organization\",\"name\":\"Canal Regional\",\"url\":\"https:\/\/canalregionaltv.md\/\",\"logo\":{\"@type\":\"ImageObject\",\"inLanguage\":\"en-US\",\"@id\":\"https:\/\/canalregionaltv.md\/#\/schema\/logo\/image\/\",\"url\":\"https:\/\/canalregionaltv.md\/wp-content\/uploads\/2023\/10\/Logo_r.png\",\"contentUrl\":\"https:\/\/canalregionaltv.md\/wp-content\/uploads\/2023\/10\/Logo_r.png\",\"width\":403,\"height\":112,\"caption\":\"Canal Regional\"},\"image\":{\"@id\":\"https:\/\/canalregionaltv.md\/#\/schema\/logo\/image\/\"}},{\"@type\":\"Person\",\"@id\":\"https:\/\/canalregionaltv.md\/#\/schema\/person\/96db60230b2eedd2fd6d09d267f32f8f\",\"name\":\"admin_axts737o\",\"image\":{\"@type\":\"ImageObject\",\"inLanguage\":\"en-US\",\"@id\":\"https:\/\/canalregionaltv.md\/#\/schema\/person\/image\/\",\"url\":\"https:\/\/secure.gravatar.com\/avatar\/409e62ddd56f511fb1262f27a1535ee7719603a42e55b11651be97d388418cae?s=96&d=mm&r=g\",\"contentUrl\":\"https:\/\/secure.gravatar.com\/avatar\/409e62ddd56f511fb1262f27a1535ee7719603a42e55b11651be97d388418cae?s=96&d=mm&r=g\",\"caption\":\"admin_axts737o\"},\"sameAs\":[\"https:\/\/canalregionaltv.md\",\"Canal Regional, Canal Regional TV\",\"canal Regional\"],\"url\":\"https:\/\/canalregionaltv.md\/?author=1\"}]}<\/script>\n<!-- \/ Yoast SEO plugin. -->","yoast_head_json":{"title":"Doi candida\u021bi, admi\u0219i la interviul pentru \u0219efia Teleradio-Moldova - Canal Regional","robots":{"index":"index","follow":"follow","max-snippet":"max-snippet:-1","max-image-preview":"max-image-preview:large","max-video-preview":"max-video-preview:-1"},"canonical":"https:\/\/canalregionaltv.md\/?p=3632","og_locale":"en_US","og_type":"article","og_title":"Doi candida\u021bi, admi\u0219i la interviul pentru \u0219efia Teleradio-Moldova - Canal Regional","og_description":"Dorin Scobioal\u0103 \u0219i Ecaterina Chept\u0103naru au fost declara\u021bi compatibili cu func\u021bia de director general al companiei publice Teleradio-Moldova \u0219i au fost admi\u0219i la etapa interviului. [&hellip;]","og_url":"https:\/\/canalregionaltv.md\/?p=3632","og_site_name":"Canal Regional","article_author":"Canal Regional, Canal Regional TV","article_published_time":"2026-09-01T15:02:15+00:00","author":"admin_axts737o","twitter_card":"summary_large_image","twitter_misc":{"Written by":"admin_axts737o","Est. reading time":"1 minute"},"schema":{"@context":"https:\/\/schema.org","@graph":[{"@type":"Article","@id":"https:\/\/canalregionaltv.md\/?p=3632#article","isPartOf":{"@id":"https:\/\/canalregionaltv.md\/?p=3632"},"author":{"name":"admin_axts737o","@id":"https:\/\/canalregionaltv.md\/#\/schema\/person\/96db60230b2eedd2fd6d09d267f32f8f"},"headline":"Doi candida\u021bi, admi\u0219i la interviul pentru \u0219efia Teleradio-Moldova","datePublished":"2026-09-01T15:02:15+00:00","dateModified":"2026-09-01T15:02:15+00:00","mainEntityOfPage":{"@id":"https:\/\/canalregionaltv.md\/?p=3632"},"wordCount":298,"commentCount":0,"publisher":{"@id":"https:\/\/canalregionaltv.md\/#organization"},"inLanguage":"en-US","potentialAction":[{"@type":"CommentAction","name":"Comment","target":["https:\/\/canalregionaltv.md\/?p=3632#respond"]}]},{"@type":"WebPage","@id":"https:\/\/canalregionaltv.md\/?p=3632","url":"https:\/\/canalregionaltv.md\/?p=3632","name":"Doi candida\u021bi, admi\u0219i la interviul pentru \u0219efia Teleradio-Moldova - Canal Regional","isPartOf":{"@id":"https:\/\/canalregionaltv.md\/#website"},"datePublished":"2026-09-01T15:02:15+00:00","dateModified":"2026-09-01T15:02:15+00:00","breadcrumb":{"@id":"https:\/\/canalregionaltv.md\/?p=3632#breadcrumb"},"inLanguage":"en-US","potentialAction":[{"@type":"ReadAction","target":["https:\/\/canalregionaltv.md\/?p=3632"]}]},{"@type":"BreadcrumbList","@id":"https:\/\/canalregionaltv.md\/?p=3632#breadcrumb","itemListElement":[{"@type":"ListItem","position":1,"name":"Home","item":"https:\/\/canalregionaltv.md\/"},{"@type":"ListItem","position":2,"name":"Doi candida\u021bi, admi\u0219i la interviul pentru \u0219efia Teleradio-Moldova"}]},{"@type":"WebSite","@id":"https:\/\/canalregionaltv.md\/#website","url":"https:\/\/canalregionaltv.md\/","name":"Canal Regional","description":"Canal Regional","publisher":{"@id":"https:\/\/canalregionaltv.md\/#organization"},"potentialAction":[{"@type":"SearchAction","target":{"@type":"EntryPoint","urlTemplate":"https:\/\/canalregionaltv.md\/?s={search_term_string}"},"query-input":"required name=search_term_string"}],"inLanguage":"en-US"},{"@type":"Organization","@id":"https:\/\/canalregionaltv.md\/#organization","name":"Canal Regional","url":"https:\/\/canalregionaltv.md\/","logo":{"@type":"ImageObject","inLanguage":"en-US","@id":"https:\/\/canalregionaltv.md\/#\/schema\/logo\/image\/","url":"https:\/\/canalregionaltv.md\/wp-content\/uploads\/2023\/10\/Logo_r.png","contentUrl":"https:\/\/canalregionaltv.md\/wp-content\/uploads\/2023\/10\/Logo_r.png","width":403,"height":112,"caption":"Canal Regional"},"image":{"@id":"https:\/\/canalregionaltv.md\/#\/schema\/logo\/image\/"}},{"@type":"Person","@id":"https:\/\/canalregionaltv.md\/#\/schema\/person\/96db60230b2eedd2fd6d09d267f32f8f","name":"admin_axts737o","image":{"@type":"ImageObject","inLanguage":"en-US","@id":"https:\/\/canalregionaltv.md\/#\/schema\/person\/image\/","url":"https:\/\/secure.gravatar.com\/avatar\/409e62ddd56f511fb1262f27a1535ee7719603a42e55b11651be97d388418cae?s=96&d=mm&r=g","contentUrl":"https:\/\/secure.gravatar.com\/avatar\/409e62ddd56f511fb1262f27a1535ee7719603a42e55b11651be97d388418cae?s=96&d=mm&r=g","caption":"admin_axts737o"},"sameAs":["https:\/\/canalregionaltv.md","Canal Regional, Canal Regional TV","canal Regional"],"url":"https:\/\/canalregionaltv.md\/?author=1"}]}},"_links":{"self":[{"href":"https:\/\/canalregionaltv.md\/index.php?rest_route=\/wp\/v2\/posts\/3632","targetHints":{"allow":["GET"]}}],"collection":[{"href":"https:\/\/canalregionaltv.md\/index.php?rest_route=\/wp\/v2\/posts"}],"about":[{"href":"https:\/\/canalregionaltv.md\/index.php?rest_route=\/wp\/v2\/types\/post"}],"author":[{"embeddable":true,"href":"https:\/\/canalregionaltv.md\/index.php?rest_route=\/wp\/v2\/users\/1"}],"replies":[{"embeddable":true,"href":"https:\/\/canalregionaltv.md\/index.php?rest_route=%2Fwp%2Fv2%2Fcomments&post=3632"}],"version-history":[{"count":0,"href":"https:\/\/canalregionaltv.md\/index.php?rest_route=\/wp\/v2\/posts\/3632\/revisions"}],"wp:attachment":[{"href":"https:\/\/canalregionaltv.md\/index.php?rest_route=%2Fwp%2Fv2%2Fmedia&parent=3632"}],"wp:term":[{"taxonomy":"category","embeddable":true,"href":"https:\/\/canalregionaltv.md\/index.php?rest_route=%2Fwp%2Fv2%2Fcategories&post=3632"},{"taxonomy":"post_tag","embeddable":true,"href":"https:\/\/canalregionaltv.md\/index.php?rest_route=%2Fwp%2Fv2%2Ftags&post=3632"}],"curies":[{"name":"wp","href":"https:\/\/api.w.org\/{rel}","templated":true}]}}