{"id":3634,"date":"2026-09-02T17:02:09","date_gmt":"2026-09-02T15:02:09","guid":{"rendered":"https:\/\/canalregionaltv.md\/?p=3634"},"modified":"2026-09-02T17:02:09","modified_gmt":"2026-09-02T15:02:09","slug":"561-de-primarii-au-adoptat-decizii-finale-de-amalgamare-voluntara-in-2027-moldova-ar-putea-avea-292-de-primarii","status":"publish","type":"post","link":"https:\/\/canalregionaltv.md\/?p=3634","title":{"rendered":"561 de prim\u0103rii au adoptat decizii finale de amalgamare voluntar\u0103. \u00cen 2027, Moldova ar putea avea 292 de prim\u0103rii"},"content":{"rendered":"<h3 class=\"PDq2pG_selectionAnchorContainer\" data-start=\"98\" data-end=\"421\">561 de prim\u0103rii din Republica Moldova, adic\u0103 63% din total, au adoptat decizii finale privind amalgamarea voluntar\u0103. Datele au fost prezentate de secretarul general al Guvernului, Alexei Buzu, care sus\u021bine c\u0103 reforma urm\u0103re\u0219te consolidarea administra\u021biei locale \u0219i \u00eembun\u0103t\u0103\u021birea serviciilor publice oferite cet\u0103\u021benilor.<\/h3>\n<p data-start=\"423\" data-end=\"542\">Potrivit autorit\u0103\u021bilor, 65,3% dintre prim\u0103riile care au optat pentru amalgamare au mai pu\u021bin de trei mii de locuitori.<\/p>\n<blockquote>\n<p data-start=\"544\" data-end=\"772\">\u201e<em>Miza real\u0103 a acestei reforme este s\u0103 putem oferi cet\u0103\u021benilor condi\u021bii de via\u021b\u0103 decente. Cet\u0103\u021benii a\u0219teapt\u0103 lucruri simple: ap\u0103 curg\u0103toare la robinet, sanita\u021bie, drumuri practicabile \u0219i iluminat stradal<\/em>\u201d, a declarat Alexei Buzu.<\/p>\n<\/blockquote>\n<p data-start=\"774\" data-end=\"1217\">Pentru sus\u021binerea comunit\u0103\u021bilor care au ales amalgamarea voluntar\u0103 sunt prev\u0103zute 4,5 miliarde de lei. Cele mai mari stimulente financiare sunt destinate comunit\u0103\u021bilor din Ungheni, peste 157,5 milioane de lei pentru zece unit\u0103\u021bi administrativ-teritoriale, C\u0103l\u0103ra\u0219i, peste 116,6 milioane de lei pentru 14 UAT-uri, Rezina, peste 85,3 milioane de lei pentru 9 UAT-uri \u0219i R\u00ee\u0219cani, peste 72,6 milioane de lei pentru 7 UAT-uri.<\/p>\n<p data-start=\"1219\" data-end=\"1452\">\u00cen urma procesului, unele comunit\u0103\u021bi vor deveni considerabil mai mari. Astfel, municipiul Ungheni ar urma s\u0103 creasc\u0103 de la 26,5 mii la peste 42,3 mii de locuitori, iar ora\u0219ul C\u0103l\u0103ra\u0219i \u2013 de la 9,5 mii la 26,8 mii de locuitori.<\/p>\n<p data-start=\"1489\" data-end=\"1713\">Urm\u0103toarea etap\u0103 a reformei vizeaz\u0103 254 de prim\u0103rii, care vor trece la amalgamarea normativ\u0103. Prim\u0103riile cu pestetrei mii de locuitori nu sunt obligate s\u0103 participe la proces, pentru acestea amalgamarea r\u0103m\u00e2n\u00e2nd op\u021bional\u0103.<\/p>\n<p data-start=\"1715\" data-end=\"1830\">\u00cen urma reformei, autorit\u0103\u021bile estimeaz\u0103 c\u0103 \u00een 2027 num\u0103rul prim\u0103riilor din Republica Moldova va ajunge la 292.<\/p>\n<blockquote>\n<p data-start=\"1832\" data-end=\"2026\">\u201e<em>Faptul c\u0103 \u00een acest an sute de ale\u0219i locali au purtat discu\u021bii, negocieri \u0219i \u0219i-au asumat aceast\u0103 decizie deloc u\u0219oar\u0103 arat\u0103 \u00eenc\u0103 o dat\u0103 o lec\u021bie de maturitate politic\u0103<\/em>\u201d, adaug\u0103 Alexei Buzu.<\/p>\n<\/blockquote>\n<p data-start=\"2028\" data-end=\"2250\">Potrivit acestuia, \u00een luna septembrie urmeaz\u0103 s\u0103 fie supus consult\u0103rilor publice pachetul legislativ privind amalgamarea normativ\u0103. Ulterior, documentele vor fi transmise Parlamentului pentru adoptare \u00een toamna acestui an.<\/p>\n<p data-start=\"2252\" data-end=\"2453\" data-is-last-node=\"\" data-is-only-node=\"\">Reforma administra\u021biei publice locale a fost lansat\u0103 de Guvern la \u00eenceputul anului 2026 \u0219i are drept obiectiv consolidarea capacit\u0103\u021bii administrative a prim\u0103riilor \u0219i \u00eembun\u0103t\u0103\u021birea serviciilor publice.<\/p>\n<p>Articolul <a href=\"https:\/\/nordnews.md\/stiri-nationale\/social\/561-primarii-amalgamare-voluntara-moldova\/\">561 de prim\u0103rii au adoptat decizii finale de amalgamare voluntar\u0103. \u00cen 2027, Moldova ar putea avea 292 de prim\u0103rii<\/a> apare prima dat\u0103 \u00een <a href=\"https:\/\/nordnews.md\/\">NordNews<\/a>.<\/p>","protected":false},"excerpt":{"rendered":"<p>561 de prim\u0103rii din Republica Moldova, adic\u0103 63% din total, au adoptat decizii finale privind amalgamarea voluntar\u0103. Datele au fost prezentate de secretarul general al [&hellip;]<\/p>\n","protected":false},"author":1,"featured_media":0,"comment_status":"open","ping_status":"closed","sticky":false,"template":"","format":"standard","meta":{"footnotes":""},"categories":[1],"tags":[],"class_list":["post-3634","post","type-post","status-publish","format-standard","hentry","category-uncategorized"],"yoast_head":"<!-- This site is optimized with the Yoast SEO plugin v21.3 - https:\/\/yoast.com\/wordpress\/plugins\/seo\/ -->\n<title>561 de prim\u0103rii au adoptat decizii finale de amalgamare voluntar\u0103. \u00cen 2027, Moldova ar putea avea 292 de prim\u0103rii - Canal Regional<\/title>\n<meta name=\"robots\" content=\"index, follow, max-snippet:-1, max-image-preview:large, max-video-preview:-1\" \/>\n<link rel=\"canonical\" href=\"https:\/\/canalregionaltv.md\/?p=3634\" \/>\n<meta property=\"og:locale\" content=\"en_US\" \/>\n<meta property=\"og:type\" content=\"article\" \/>\n<meta property=\"og:title\" content=\"561 de prim\u0103rii au adoptat decizii finale de amalgamare voluntar\u0103. \u00cen 2027, Moldova ar putea avea 292 de prim\u0103rii - Canal Regional\" \/>\n<meta property=\"og:description\" content=\"561 de prim\u0103rii din Republica Moldova, adic\u0103 63% din total, au adoptat decizii finale privind amalgamarea voluntar\u0103. Datele au fost prezentate de secretarul general al [&hellip;]\" \/>\n<meta property=\"og:url\" content=\"https:\/\/canalregionaltv.md\/?p=3634\" \/>\n<meta property=\"og:site_name\" content=\"Canal Regional\" \/>\n<meta property=\"article:author\" content=\"Canal Regional, Canal Regional TV\" \/>\n<meta property=\"article:published_time\" content=\"2026-09-02T15:02:09+00:00\" \/>\n<meta name=\"author\" content=\"admin_axts737o\" \/>\n<meta name=\"twitter:card\" content=\"summary_large_image\" \/>\n<meta name=\"twitter:label1\" content=\"Written by\" \/>\n\t<meta name=\"twitter:data1\" content=\"admin_axts737o\" \/>\n\t<meta name=\"twitter:label2\" content=\"Est. reading time\" \/>\n\t<meta name=\"twitter:data2\" content=\"2 minutes\" \/>\n<script type=\"application\/ld+json\" class=\"yoast-schema-graph\">{\"@context\":\"https:\/\/schema.org\",\"@graph\":[{\"@type\":\"Article\",\"@id\":\"https:\/\/canalregionaltv.md\/?p=3634#article\",\"isPartOf\":{\"@id\":\"https:\/\/canalregionaltv.md\/?p=3634\"},\"author\":{\"name\":\"admin_axts737o\",\"@id\":\"https:\/\/canalregionaltv.md\/#\/schema\/person\/96db60230b2eedd2fd6d09d267f32f8f\"},\"headline\":\"561 de prim\u0103rii au adoptat decizii finale de amalgamare voluntar\u0103. \u00cen 2027, Moldova ar putea avea 292 de prim\u0103rii\",\"datePublished\":\"2026-09-02T15:02:09+00:00\",\"dateModified\":\"2026-09-02T15:02:09+00:00\",\"mainEntityOfPage\":{\"@id\":\"https:\/\/canalregionaltv.md\/?p=3634\"},\"wordCount\":401,\"commentCount\":0,\"publisher\":{\"@id\":\"https:\/\/canalregionaltv.md\/#organization\"},\"inLanguage\":\"en-US\",\"potentialAction\":[{\"@type\":\"CommentAction\",\"name\":\"Comment\",\"target\":[\"https:\/\/canalregionaltv.md\/?p=3634#respond\"]}]},{\"@type\":\"WebPage\",\"@id\":\"https:\/\/canalregionaltv.md\/?p=3634\",\"url\":\"https:\/\/canalregionaltv.md\/?p=3634\",\"name\":\"561 de prim\u0103rii au adoptat decizii finale de amalgamare voluntar\u0103. \u00cen 2027, Moldova ar putea avea 292 de prim\u0103rii - Canal Regional\",\"isPartOf\":{\"@id\":\"https:\/\/canalregionaltv.md\/#website\"},\"datePublished\":\"2026-09-02T15:02:09+00:00\",\"dateModified\":\"2026-09-02T15:02:09+00:00\",\"breadcrumb\":{\"@id\":\"https:\/\/canalregionaltv.md\/?p=3634#breadcrumb\"},\"inLanguage\":\"en-US\",\"potentialAction\":[{\"@type\":\"ReadAction\",\"target\":[\"https:\/\/canalregionaltv.md\/?p=3634\"]}]},{\"@type\":\"BreadcrumbList\",\"@id\":\"https:\/\/canalregionaltv.md\/?p=3634#breadcrumb\",\"itemListElement\":[{\"@type\":\"ListItem\",\"position\":1,\"name\":\"Home\",\"item\":\"https:\/\/canalregionaltv.md\/\"},{\"@type\":\"ListItem\",\"position\":2,\"name\":\"561 de prim\u0103rii au adoptat decizii finale de amalgamare voluntar\u0103. \u00cen 2027, Moldova ar putea avea 292 de prim\u0103rii\"}]},{\"@type\":\"WebSite\",\"@id\":\"https:\/\/canalregionaltv.md\/#website\",\"url\":\"https:\/\/canalregionaltv.md\/\",\"name\":\"Canal Regional\",\"description\":\"Canal Regional\",\"publisher\":{\"@id\":\"https:\/\/canalregionaltv.md\/#organization\"},\"potentialAction\":[{\"@type\":\"SearchAction\",\"target\":{\"@type\":\"EntryPoint\",\"urlTemplate\":\"https:\/\/canalregionaltv.md\/?s={search_term_string}\"},\"query-input\":\"required name=search_term_string\"}],\"inLanguage\":\"en-US\"},{\"@type\":\"Organization\",\"@id\":\"https:\/\/canalregionaltv.md\/#organization\",\"name\":\"Canal Regional\",\"url\":\"https:\/\/canalregionaltv.md\/\",\"logo\":{\"@type\":\"ImageObject\",\"inLanguage\":\"en-US\",\"@id\":\"https:\/\/canalregionaltv.md\/#\/schema\/logo\/image\/\",\"url\":\"https:\/\/canalregionaltv.md\/wp-content\/uploads\/2023\/10\/Logo_r.png\",\"contentUrl\":\"https:\/\/canalregionaltv.md\/wp-content\/uploads\/2023\/10\/Logo_r.png\",\"width\":403,\"height\":112,\"caption\":\"Canal Regional\"},\"image\":{\"@id\":\"https:\/\/canalregionaltv.md\/#\/schema\/logo\/image\/\"}},{\"@type\":\"Person\",\"@id\":\"https:\/\/canalregionaltv.md\/#\/schema\/person\/96db60230b2eedd2fd6d09d267f32f8f\",\"name\":\"admin_axts737o\",\"image\":{\"@type\":\"ImageObject\",\"inLanguage\":\"en-US\",\"@id\":\"https:\/\/canalregionaltv.md\/#\/schema\/person\/image\/\",\"url\":\"https:\/\/secure.gravatar.com\/avatar\/409e62ddd56f511fb1262f27a1535ee7719603a42e55b11651be97d388418cae?s=96&d=mm&r=g\",\"contentUrl\":\"https:\/\/secure.gravatar.com\/avatar\/409e62ddd56f511fb1262f27a1535ee7719603a42e55b11651be97d388418cae?s=96&d=mm&r=g\",\"caption\":\"admin_axts737o\"},\"sameAs\":[\"https:\/\/canalregionaltv.md\",\"Canal Regional, Canal Regional TV\",\"canal Regional\"],\"url\":\"https:\/\/canalregionaltv.md\/?author=1\"}]}<\/script>\n<!-- \/ Yoast SEO plugin. -->","yoast_head_json":{"title":"561 de prim\u0103rii au adoptat decizii finale de amalgamare voluntar\u0103. \u00cen 2027, Moldova ar putea avea 292 de prim\u0103rii - Canal Regional","robots":{"index":"index","follow":"follow","max-snippet":"max-snippet:-1","max-image-preview":"max-image-preview:large","max-video-preview":"max-video-preview:-1"},"canonical":"https:\/\/canalregionaltv.md\/?p=3634","og_locale":"en_US","og_type":"article","og_title":"561 de prim\u0103rii au adoptat decizii finale de amalgamare voluntar\u0103. \u00cen 2027, Moldova ar putea avea 292 de prim\u0103rii - Canal Regional","og_description":"561 de prim\u0103rii din Republica Moldova, adic\u0103 63% din total, au adoptat decizii finale privind amalgamarea voluntar\u0103. Datele au fost prezentate de secretarul general al [&hellip;]","og_url":"https:\/\/canalregionaltv.md\/?p=3634","og_site_name":"Canal Regional","article_author":"Canal Regional, Canal Regional TV","article_published_time":"2026-09-02T15:02:09+00:00","author":"admin_axts737o","twitter_card":"summary_large_image","twitter_misc":{"Written by":"admin_axts737o","Est. reading time":"2 minutes"},"schema":{"@context":"https:\/\/schema.org","@graph":[{"@type":"Article","@id":"https:\/\/canalregionaltv.md\/?p=3634#article","isPartOf":{"@id":"https:\/\/canalregionaltv.md\/?p=3634"},"author":{"name":"admin_axts737o","@id":"https:\/\/canalregionaltv.md\/#\/schema\/person\/96db60230b2eedd2fd6d09d267f32f8f"},"headline":"561 de prim\u0103rii au adoptat decizii finale de amalgamare voluntar\u0103. \u00cen 2027, Moldova ar putea avea 292 de prim\u0103rii","datePublished":"2026-09-02T15:02:09+00:00","dateModified":"2026-09-02T15:02:09+00:00","mainEntityOfPage":{"@id":"https:\/\/canalregionaltv.md\/?p=3634"},"wordCount":401,"commentCount":0,"publisher":{"@id":"https:\/\/canalregionaltv.md\/#organization"},"inLanguage":"en-US","potentialAction":[{"@type":"CommentAction","name":"Comment","target":["https:\/\/canalregionaltv.md\/?p=3634#respond"]}]},{"@type":"WebPage","@id":"https:\/\/canalregionaltv.md\/?p=3634","url":"https:\/\/canalregionaltv.md\/?p=3634","name":"561 de prim\u0103rii au adoptat decizii finale de amalgamare voluntar\u0103. \u00cen 2027, Moldova ar putea avea 292 de prim\u0103rii - Canal Regional","isPartOf":{"@id":"https:\/\/canalregionaltv.md\/#website"},"datePublished":"2026-09-02T15:02:09+00:00","dateModified":"2026-09-02T15:02:09+00:00","breadcrumb":{"@id":"https:\/\/canalregionaltv.md\/?p=3634#breadcrumb"},"inLanguage":"en-US","potentialAction":[{"@type":"ReadAction","target":["https:\/\/canalregionaltv.md\/?p=3634"]}]},{"@type":"BreadcrumbList","@id":"https:\/\/canalregionaltv.md\/?p=3634#breadcrumb","itemListElement":[{"@type":"ListItem","position":1,"name":"Home","item":"https:\/\/canalregionaltv.md\/"},{"@type":"ListItem","position":2,"name":"561 de prim\u0103rii au adoptat decizii finale de amalgamare voluntar\u0103. \u00cen 2027, Moldova ar putea avea 292 de prim\u0103rii"}]},{"@type":"WebSite","@id":"https:\/\/canalregionaltv.md\/#website","url":"https:\/\/canalregionaltv.md\/","name":"Canal Regional","description":"Canal Regional","publisher":{"@id":"https:\/\/canalregionaltv.md\/#organization"},"potentialAction":[{"@type":"SearchAction","target":{"@type":"EntryPoint","urlTemplate":"https:\/\/canalregionaltv.md\/?s={search_term_string}"},"query-input":"required name=search_term_string"}],"inLanguage":"en-US"},{"@type":"Organization","@id":"https:\/\/canalregionaltv.md\/#organization","name":"Canal Regional","url":"https:\/\/canalregionaltv.md\/","logo":{"@type":"ImageObject","inLanguage":"en-US","@id":"https:\/\/canalregionaltv.md\/#\/schema\/logo\/image\/","url":"https:\/\/canalregionaltv.md\/wp-content\/uploads\/2023\/10\/Logo_r.png","contentUrl":"https:\/\/canalregionaltv.md\/wp-content\/uploads\/2023\/10\/Logo_r.png","width":403,"height":112,"caption":"Canal Regional"},"image":{"@id":"https:\/\/canalregionaltv.md\/#\/schema\/logo\/image\/"}},{"@type":"Person","@id":"https:\/\/canalregionaltv.md\/#\/schema\/person\/96db60230b2eedd2fd6d09d267f32f8f","name":"admin_axts737o","image":{"@type":"ImageObject","inLanguage":"en-US","@id":"https:\/\/canalregionaltv.md\/#\/schema\/person\/image\/","url":"https:\/\/secure.gravatar.com\/avatar\/409e62ddd56f511fb1262f27a1535ee7719603a42e55b11651be97d388418cae?s=96&d=mm&r=g","contentUrl":"https:\/\/secure.gravatar.com\/avatar\/409e62ddd56f511fb1262f27a1535ee7719603a42e55b11651be97d388418cae?s=96&d=mm&r=g","caption":"admin_axts737o"},"sameAs":["https:\/\/canalregionaltv.md","Canal Regional, Canal Regional TV","canal Regional"],"url":"https:\/\/canalregionaltv.md\/?author=1"}]}},"_links":{"self":[{"href":"https:\/\/canalregionaltv.md\/index.php?rest_route=\/wp\/v2\/posts\/3634","targetHints":{"allow":["GET"]}}],"collection":[{"href":"https:\/\/canalregionaltv.md\/index.php?rest_route=\/wp\/v2\/posts"}],"about":[{"href":"https:\/\/canalregionaltv.md\/index.php?rest_route=\/wp\/v2\/types\/post"}],"author":[{"embeddable":true,"href":"https:\/\/canalregionaltv.md\/index.php?rest_route=\/wp\/v2\/users\/1"}],"replies":[{"embeddable":true,"href":"https:\/\/canalregionaltv.md\/index.php?rest_route=%2Fwp%2Fv2%2Fcomments&post=3634"}],"version-history":[{"count":0,"href":"https:\/\/canalregionaltv.md\/index.php?rest_route=\/wp\/v2\/posts\/3634\/revisions"}],"wp:attachment":[{"href":"https:\/\/canalregionaltv.md\/index.php?rest_route=%2Fwp%2Fv2%2Fmedia&parent=3634"}],"wp:term":[{"taxonomy":"category","embeddable":true,"href":"https:\/\/canalregionaltv.md\/index.php?rest_route=%2Fwp%2Fv2%2Fcategories&post=3634"},{"taxonomy":"post_tag","embeddable":true,"href":"https:\/\/canalregionaltv.md\/index.php?rest_route=%2Fwp%2Fv2%2Ftags&post=3634"}],"curies":[{"name":"wp","href":"https:\/\/api.w.org\/{rel}","templated":true}]}}