{"id":3635,"date":"2026-09-02T17:02:09","date_gmt":"2026-09-02T15:02:09","guid":{"rendered":"https:\/\/canalregionaltv.md\/?p=3635"},"modified":"2026-09-02T17:02:09","modified_gmt":"2026-09-02T15:02:09","slug":"chisinaul-pregateste-o-nota-de-protest-pentru-rusia-dupa-anuntul-privind-sectiile-de-vot-din-transnistria","status":"publish","type":"post","link":"https:\/\/canalregionaltv.md\/?p=3635","title":{"rendered":"Chi\u0219in\u0103ul preg\u0103te\u0219te o not\u0103 de protest pentru Rusia dup\u0103 anun\u021bul privind sec\u021biile de vot din Transnistria"},"content":{"rendered":"<h3 class=\"PDq2pG_selectionAnchorContainer\" data-start=\"111\" data-end=\"404\">Autorit\u0103\u021bile de la Chi\u0219in\u0103u vor transmite Federa\u021biei Ruse o not\u0103 de protest \u00een leg\u0103tur\u0103 cu inten\u021bia de a deschide 16 sec\u021bii de votare \u00een regiunea transnistrean\u0103 pentru alegerile pentru Duma de Stat a Rusiei. Despre aceasta a anun\u021bat vicepremierul \u0219i ministrul Afacerilor Externe, Mihai Pop\u0219oi, transmite IPN.<\/h3>\n<p data-start=\"406\" data-end=\"623\">Potrivit \u0219efului diploma\u021biei, autorit\u0103\u021bile constitu\u021bionale ale Republicii Moldova au autorizat deschiderea unei singure sec\u021bii de votare pentru alegerile din Rusia, \u00een incinta Ambasadei Federa\u021biei Ruse de la Chi\u0219in\u0103u.<\/p>\n<blockquote>\n<p data-start=\"625\" data-end=\"795\">\u201e<em>Orice alt\u0103 sec\u021bie de votare deschis\u0103 f\u0103r\u0103 acordul autorit\u0103\u021bilor constitu\u021bionale ale Republicii Moldova este un demers neprietenos<\/em>\u201d, a declarat Mihai Pop\u0219oi pentru pres\u0103.<\/p>\n<\/blockquote>\n<p data-start=\"797\" data-end=\"911\">Ministrul a precizat c\u0103 pozi\u021bia oficial\u0103 a Chi\u0219in\u0103ului va fi transmis\u0103 Moscovei prin intermediul notei de protest.<\/p>\n<p data-start=\"913\" data-end=\"1132\" data-is-last-node=\"\" data-is-only-node=\"\">Anterior, administra\u021bia de la Tiraspol a anun\u021bat c\u0103 \u00een regiunea transnistrean\u0103 urmeaz\u0103 s\u0103 fie deschise 16 sec\u021bii de votare pentru alegerile pentru Duma de Stat a Federa\u021biei Ruse, programate pentru 20 septembrie.<\/p>\n<p>Articolul <a href=\"https:\/\/nordnews.md\/stiri-nationale\/social\/chisinau-nota-protest-rusia-sectii-vot-transnistria\/\">Chi\u0219in\u0103ul preg\u0103te\u0219te o not\u0103 de protest pentru Rusia dup\u0103 anun\u021bul privind sec\u021biile de vot din Transnistria<\/a> apare prima dat\u0103 \u00een <a href=\"https:\/\/nordnews.md\/\">NordNews<\/a>.<\/p>","protected":false},"excerpt":{"rendered":"<p>Autorit\u0103\u021bile de la Chi\u0219in\u0103u vor transmite Federa\u021biei Ruse o not\u0103 de protest \u00een leg\u0103tur\u0103 cu inten\u021bia de a deschide 16 sec\u021bii de votare \u00een regiunea [&hellip;]<\/p>\n","protected":false},"author":1,"featured_media":0,"comment_status":"open","ping_status":"closed","sticky":false,"template":"","format":"standard","meta":{"footnotes":""},"categories":[1],"tags":[],"class_list":["post-3635","post","type-post","status-publish","format-standard","hentry","category-uncategorized"],"yoast_head":"<!-- This site is optimized with the Yoast SEO plugin v21.3 - https:\/\/yoast.com\/wordpress\/plugins\/seo\/ -->\n<title>Chi\u0219in\u0103ul preg\u0103te\u0219te o not\u0103 de protest pentru Rusia dup\u0103 anun\u021bul privind sec\u021biile de vot din Transnistria - Canal Regional<\/title>\n<meta name=\"robots\" content=\"index, follow, max-snippet:-1, max-image-preview:large, max-video-preview:-1\" \/>\n<link rel=\"canonical\" href=\"https:\/\/canalregionaltv.md\/?p=3635\" \/>\n<meta property=\"og:locale\" content=\"en_US\" \/>\n<meta property=\"og:type\" content=\"article\" \/>\n<meta property=\"og:title\" content=\"Chi\u0219in\u0103ul preg\u0103te\u0219te o not\u0103 de protest pentru Rusia dup\u0103 anun\u021bul privind sec\u021biile de vot din Transnistria - Canal Regional\" \/>\n<meta property=\"og:description\" content=\"Autorit\u0103\u021bile de la Chi\u0219in\u0103u vor transmite Federa\u021biei Ruse o not\u0103 de protest \u00een leg\u0103tur\u0103 cu inten\u021bia de a deschide 16 sec\u021bii de votare \u00een regiunea [&hellip;]\" \/>\n<meta property=\"og:url\" content=\"https:\/\/canalregionaltv.md\/?p=3635\" \/>\n<meta property=\"og:site_name\" content=\"Canal Regional\" \/>\n<meta property=\"article:author\" content=\"Canal Regional, Canal Regional TV\" \/>\n<meta property=\"article:published_time\" content=\"2026-09-02T15:02:09+00:00\" \/>\n<meta name=\"author\" content=\"admin_axts737o\" \/>\n<meta name=\"twitter:card\" content=\"summary_large_image\" \/>\n<meta name=\"twitter:label1\" content=\"Written by\" \/>\n\t<meta name=\"twitter:data1\" content=\"admin_axts737o\" \/>\n\t<meta name=\"twitter:label2\" content=\"Est. reading time\" \/>\n\t<meta name=\"twitter:data2\" content=\"1 minute\" \/>\n<script type=\"application\/ld+json\" class=\"yoast-schema-graph\">{\"@context\":\"https:\/\/schema.org\",\"@graph\":[{\"@type\":\"Article\",\"@id\":\"https:\/\/canalregionaltv.md\/?p=3635#article\",\"isPartOf\":{\"@id\":\"https:\/\/canalregionaltv.md\/?p=3635\"},\"author\":{\"name\":\"admin_axts737o\",\"@id\":\"https:\/\/canalregionaltv.md\/#\/schema\/person\/96db60230b2eedd2fd6d09d267f32f8f\"},\"headline\":\"Chi\u0219in\u0103ul preg\u0103te\u0219te o not\u0103 de protest pentru Rusia dup\u0103 anun\u021bul privind sec\u021biile de vot din Transnistria\",\"datePublished\":\"2026-09-02T15:02:09+00:00\",\"dateModified\":\"2026-09-02T15:02:09+00:00\",\"mainEntityOfPage\":{\"@id\":\"https:\/\/canalregionaltv.md\/?p=3635\"},\"wordCount\":222,\"commentCount\":0,\"publisher\":{\"@id\":\"https:\/\/canalregionaltv.md\/#organization\"},\"inLanguage\":\"en-US\",\"potentialAction\":[{\"@type\":\"CommentAction\",\"name\":\"Comment\",\"target\":[\"https:\/\/canalregionaltv.md\/?p=3635#respond\"]}]},{\"@type\":\"WebPage\",\"@id\":\"https:\/\/canalregionaltv.md\/?p=3635\",\"url\":\"https:\/\/canalregionaltv.md\/?p=3635\",\"name\":\"Chi\u0219in\u0103ul preg\u0103te\u0219te o not\u0103 de protest pentru Rusia dup\u0103 anun\u021bul privind sec\u021biile de vot din Transnistria - Canal Regional\",\"isPartOf\":{\"@id\":\"https:\/\/canalregionaltv.md\/#website\"},\"datePublished\":\"2026-09-02T15:02:09+00:00\",\"dateModified\":\"2026-09-02T15:02:09+00:00\",\"breadcrumb\":{\"@id\":\"https:\/\/canalregionaltv.md\/?p=3635#breadcrumb\"},\"inLanguage\":\"en-US\",\"potentialAction\":[{\"@type\":\"ReadAction\",\"target\":[\"https:\/\/canalregionaltv.md\/?p=3635\"]}]},{\"@type\":\"BreadcrumbList\",\"@id\":\"https:\/\/canalregionaltv.md\/?p=3635#breadcrumb\",\"itemListElement\":[{\"@type\":\"ListItem\",\"position\":1,\"name\":\"Home\",\"item\":\"https:\/\/canalregionaltv.md\/\"},{\"@type\":\"ListItem\",\"position\":2,\"name\":\"Chi\u0219in\u0103ul preg\u0103te\u0219te o not\u0103 de protest pentru Rusia dup\u0103 anun\u021bul privind sec\u021biile de vot din Transnistria\"}]},{\"@type\":\"WebSite\",\"@id\":\"https:\/\/canalregionaltv.md\/#website\",\"url\":\"https:\/\/canalregionaltv.md\/\",\"name\":\"Canal Regional\",\"description\":\"Canal Regional\",\"publisher\":{\"@id\":\"https:\/\/canalregionaltv.md\/#organization\"},\"potentialAction\":[{\"@type\":\"SearchAction\",\"target\":{\"@type\":\"EntryPoint\",\"urlTemplate\":\"https:\/\/canalregionaltv.md\/?s={search_term_string}\"},\"query-input\":\"required name=search_term_string\"}],\"inLanguage\":\"en-US\"},{\"@type\":\"Organization\",\"@id\":\"https:\/\/canalregionaltv.md\/#organization\",\"name\":\"Canal Regional\",\"url\":\"https:\/\/canalregionaltv.md\/\",\"logo\":{\"@type\":\"ImageObject\",\"inLanguage\":\"en-US\",\"@id\":\"https:\/\/canalregionaltv.md\/#\/schema\/logo\/image\/\",\"url\":\"https:\/\/canalregionaltv.md\/wp-content\/uploads\/2023\/10\/Logo_r.png\",\"contentUrl\":\"https:\/\/canalregionaltv.md\/wp-content\/uploads\/2023\/10\/Logo_r.png\",\"width\":403,\"height\":112,\"caption\":\"Canal Regional\"},\"image\":{\"@id\":\"https:\/\/canalregionaltv.md\/#\/schema\/logo\/image\/\"}},{\"@type\":\"Person\",\"@id\":\"https:\/\/canalregionaltv.md\/#\/schema\/person\/96db60230b2eedd2fd6d09d267f32f8f\",\"name\":\"admin_axts737o\",\"image\":{\"@type\":\"ImageObject\",\"inLanguage\":\"en-US\",\"@id\":\"https:\/\/canalregionaltv.md\/#\/schema\/person\/image\/\",\"url\":\"https:\/\/secure.gravatar.com\/avatar\/409e62ddd56f511fb1262f27a1535ee7719603a42e55b11651be97d388418cae?s=96&d=mm&r=g\",\"contentUrl\":\"https:\/\/secure.gravatar.com\/avatar\/409e62ddd56f511fb1262f27a1535ee7719603a42e55b11651be97d388418cae?s=96&d=mm&r=g\",\"caption\":\"admin_axts737o\"},\"sameAs\":[\"https:\/\/canalregionaltv.md\",\"Canal Regional, Canal Regional TV\",\"canal Regional\"],\"url\":\"https:\/\/canalregionaltv.md\/?author=1\"}]}<\/script>\n<!-- \/ Yoast SEO plugin. -->","yoast_head_json":{"title":"Chi\u0219in\u0103ul preg\u0103te\u0219te o not\u0103 de protest pentru Rusia dup\u0103 anun\u021bul privind sec\u021biile de vot din Transnistria - Canal Regional","robots":{"index":"index","follow":"follow","max-snippet":"max-snippet:-1","max-image-preview":"max-image-preview:large","max-video-preview":"max-video-preview:-1"},"canonical":"https:\/\/canalregionaltv.md\/?p=3635","og_locale":"en_US","og_type":"article","og_title":"Chi\u0219in\u0103ul preg\u0103te\u0219te o not\u0103 de protest pentru Rusia dup\u0103 anun\u021bul privind sec\u021biile de vot din Transnistria - Canal Regional","og_description":"Autorit\u0103\u021bile de la Chi\u0219in\u0103u vor transmite Federa\u021biei Ruse o not\u0103 de protest \u00een leg\u0103tur\u0103 cu inten\u021bia de a deschide 16 sec\u021bii de votare \u00een regiunea [&hellip;]","og_url":"https:\/\/canalregionaltv.md\/?p=3635","og_site_name":"Canal Regional","article_author":"Canal Regional, Canal Regional TV","article_published_time":"2026-09-02T15:02:09+00:00","author":"admin_axts737o","twitter_card":"summary_large_image","twitter_misc":{"Written by":"admin_axts737o","Est. reading time":"1 minute"},"schema":{"@context":"https:\/\/schema.org","@graph":[{"@type":"Article","@id":"https:\/\/canalregionaltv.md\/?p=3635#article","isPartOf":{"@id":"https:\/\/canalregionaltv.md\/?p=3635"},"author":{"name":"admin_axts737o","@id":"https:\/\/canalregionaltv.md\/#\/schema\/person\/96db60230b2eedd2fd6d09d267f32f8f"},"headline":"Chi\u0219in\u0103ul preg\u0103te\u0219te o not\u0103 de protest pentru Rusia dup\u0103 anun\u021bul privind sec\u021biile de vot din Transnistria","datePublished":"2026-09-02T15:02:09+00:00","dateModified":"2026-09-02T15:02:09+00:00","mainEntityOfPage":{"@id":"https:\/\/canalregionaltv.md\/?p=3635"},"wordCount":222,"commentCount":0,"publisher":{"@id":"https:\/\/canalregionaltv.md\/#organization"},"inLanguage":"en-US","potentialAction":[{"@type":"CommentAction","name":"Comment","target":["https:\/\/canalregionaltv.md\/?p=3635#respond"]}]},{"@type":"WebPage","@id":"https:\/\/canalregionaltv.md\/?p=3635","url":"https:\/\/canalregionaltv.md\/?p=3635","name":"Chi\u0219in\u0103ul preg\u0103te\u0219te o not\u0103 de protest pentru Rusia dup\u0103 anun\u021bul privind sec\u021biile de vot din Transnistria - Canal Regional","isPartOf":{"@id":"https:\/\/canalregionaltv.md\/#website"},"datePublished":"2026-09-02T15:02:09+00:00","dateModified":"2026-09-02T15:02:09+00:00","breadcrumb":{"@id":"https:\/\/canalregionaltv.md\/?p=3635#breadcrumb"},"inLanguage":"en-US","potentialAction":[{"@type":"ReadAction","target":["https:\/\/canalregionaltv.md\/?p=3635"]}]},{"@type":"BreadcrumbList","@id":"https:\/\/canalregionaltv.md\/?p=3635#breadcrumb","itemListElement":[{"@type":"ListItem","position":1,"name":"Home","item":"https:\/\/canalregionaltv.md\/"},{"@type":"ListItem","position":2,"name":"Chi\u0219in\u0103ul preg\u0103te\u0219te o not\u0103 de protest pentru Rusia dup\u0103 anun\u021bul privind sec\u021biile de vot din Transnistria"}]},{"@type":"WebSite","@id":"https:\/\/canalregionaltv.md\/#website","url":"https:\/\/canalregionaltv.md\/","name":"Canal Regional","description":"Canal Regional","publisher":{"@id":"https:\/\/canalregionaltv.md\/#organization"},"potentialAction":[{"@type":"SearchAction","target":{"@type":"EntryPoint","urlTemplate":"https:\/\/canalregionaltv.md\/?s={search_term_string}"},"query-input":"required name=search_term_string"}],"inLanguage":"en-US"},{"@type":"Organization","@id":"https:\/\/canalregionaltv.md\/#organization","name":"Canal Regional","url":"https:\/\/canalregionaltv.md\/","logo":{"@type":"ImageObject","inLanguage":"en-US","@id":"https:\/\/canalregionaltv.md\/#\/schema\/logo\/image\/","url":"https:\/\/canalregionaltv.md\/wp-content\/uploads\/2023\/10\/Logo_r.png","contentUrl":"https:\/\/canalregionaltv.md\/wp-content\/uploads\/2023\/10\/Logo_r.png","width":403,"height":112,"caption":"Canal Regional"},"image":{"@id":"https:\/\/canalregionaltv.md\/#\/schema\/logo\/image\/"}},{"@type":"Person","@id":"https:\/\/canalregionaltv.md\/#\/schema\/person\/96db60230b2eedd2fd6d09d267f32f8f","name":"admin_axts737o","image":{"@type":"ImageObject","inLanguage":"en-US","@id":"https:\/\/canalregionaltv.md\/#\/schema\/person\/image\/","url":"https:\/\/secure.gravatar.com\/avatar\/409e62ddd56f511fb1262f27a1535ee7719603a42e55b11651be97d388418cae?s=96&d=mm&r=g","contentUrl":"https:\/\/secure.gravatar.com\/avatar\/409e62ddd56f511fb1262f27a1535ee7719603a42e55b11651be97d388418cae?s=96&d=mm&r=g","caption":"admin_axts737o"},"sameAs":["https:\/\/canalregionaltv.md","Canal Regional, Canal Regional TV","canal Regional"],"url":"https:\/\/canalregionaltv.md\/?author=1"}]}},"_links":{"self":[{"href":"https:\/\/canalregionaltv.md\/index.php?rest_route=\/wp\/v2\/posts\/3635","targetHints":{"allow":["GET"]}}],"collection":[{"href":"https:\/\/canalregionaltv.md\/index.php?rest_route=\/wp\/v2\/posts"}],"about":[{"href":"https:\/\/canalregionaltv.md\/index.php?rest_route=\/wp\/v2\/types\/post"}],"author":[{"embeddable":true,"href":"https:\/\/canalregionaltv.md\/index.php?rest_route=\/wp\/v2\/users\/1"}],"replies":[{"embeddable":true,"href":"https:\/\/canalregionaltv.md\/index.php?rest_route=%2Fwp%2Fv2%2Fcomments&post=3635"}],"version-history":[{"count":0,"href":"https:\/\/canalregionaltv.md\/index.php?rest_route=\/wp\/v2\/posts\/3635\/revisions"}],"wp:attachment":[{"href":"https:\/\/canalregionaltv.md\/index.php?rest_route=%2Fwp%2Fv2%2Fmedia&parent=3635"}],"wp:term":[{"taxonomy":"category","embeddable":true,"href":"https:\/\/canalregionaltv.md\/index.php?rest_route=%2Fwp%2Fv2%2Fcategories&post=3635"},{"taxonomy":"post_tag","embeddable":true,"href":"https:\/\/canalregionaltv.md\/index.php?rest_route=%2Fwp%2Fv2%2Ftags&post=3635"}],"curies":[{"name":"wp","href":"https:\/\/api.w.org\/{rel}","templated":true}]}}