{"id":3636,"date":"2026-09-02T17:02:09","date_gmt":"2026-09-02T15:02:09","guid":{"rendered":"https:\/\/canalregionaltv.md\/?p=3636"},"modified":"2026-09-02T17:02:09","modified_gmt":"2026-09-02T15:02:09","slug":"guvernul-a-rectificat-bugetul-pentru-2026-deficitul-ajunge-la-peste-23-de-miliarde-de-lei","status":"publish","type":"post","link":"https:\/\/canalregionaltv.md\/?p=3636","title":{"rendered":"Guvernul a rectificat bugetul pentru 2026. Deficitul ajunge la peste 23 de miliarde de lei"},"content":{"rendered":"<h3 class=\"PDq2pG_selectionAnchorContainer\" data-start=\"96\" data-end=\"457\">Guvernul a aprobat rectificarea bugetului de stat pentru anul 2026, prin majorarea unor cheltuieli destinate compensa\u021biilor pentru energie, pl\u0103\u021bilor unice pentru angaja\u021bii din sectorul bugetar \u0219i investi\u021biilor \u00een infrastructura local\u0103 \u0219i drumuri. \u00cen urma modific\u0103rilor, deficitul bugetar va ajunge la 23,07 miliarde de lei, echivalentul a 5,95% din PIB.<\/h3>\n<p data-start=\"459\" data-end=\"618\">Premierul Vasile Tofan a declarat c\u0103 rectificarea este necesar\u0103 \u00een special pentru preg\u0103tirea sezonului rece \u0219i sus\u021binerea angaja\u021bilor din sectorul bugetar.<\/p>\n<blockquote data-start=\"620\" data-end=\"910\">\n<p data-start=\"622\" data-end=\"910\">\u201e<em>Schimb\u0103rile sunt necesare pentru a asigura compensa\u021biile pentru perioada rece, dar \u0219i pentru plata unic\u0103 acordat\u0103 angaja\u021bilor din sectorul bugetar. \u00cen acela\u0219i timp, major\u0103m Fondul rutier \u0219i aloc\u0103m resurse pentru finalizarea proiectelor de infrastructur\u0103 local\u0103<\/em>\u201d, a declarat Vasile Tofan.<\/p>\n<\/blockquote>\n<p data-start=\"912\" data-end=\"1240\">Pentru pl\u0103\u021bile unice destinate unor categorii de angaja\u021bi din sectorul bugetar sunt prev\u0103zute 560 de milioane de lei. Pl\u0103\u021bile vor fi acordate angaja\u021bilor eligibili al c\u0103ror salariu mediu lunar nu dep\u0103\u0219e\u0219te 20 de mii de lei, iar valoarea acestora va fi de patru mii, trei mii sau dou\u0103 mii de lei, \u00een func\u021bie de categoria profesional\u0103.<\/p>\n<p data-start=\"1242\" data-end=\"1480\">Totodat\u0103, transferurile c\u0103tre bugetul asigur\u0103rilor sociale de stat vor fi majorate cu 1,6 miliarde de lei. Din aceast\u0103 sum\u0103, 550 de milioane de lei sunt destinate compensa\u021biilor pentru energie acordate sub form\u0103 de plat\u0103 monetar\u0103.<\/p>\n<p data-start=\"1482\" data-end=\"1691\">Pentru dezvoltarea regional\u0103 \u0219i local\u0103 sunt prev\u0103zute suplimentar un\u00a0miliard de lei, bani destina\u021bi finaliz\u0103rii proiectelor de infrastructur\u0103. Fondul rutier va fi majorat cu \u00eenc\u0103 300 de milioane de lei.<\/p>\n<p data-start=\"1693\" data-end=\"1933\">Rectificarea prevede \u0219i suplimentarea cu 651,7 milioane de lei a cheltuielilor pentru salarizarea personalului din institu\u021biile finan\u021bate de la bugetul de stat \u0219i din institu\u021biile de \u00eenv\u0103\u021b\u0103m\u00e2nt aflate \u00een subordinea autorit\u0103\u021bilor locale.<\/p>\n<p data-start=\"1935\" data-end=\"2054\">\u00cen acela\u0219i timp, cheltuielile pentru proiectele finan\u021bate din surse externe vor fi reduse cu 959,8 milioane de lei.<\/p>\n<p data-start=\"2056\" data-end=\"2523\">La partea de venituri, \u00eencas\u0103rile din TVA sunt estimate s\u0103 creasc\u0103 cu 600 de milioane de lei, cele din impozitul pe venit, cu 220 de milioane de lei, iar accizele pentru produsele fabricate pe teritoriul \u021b\u0103rii, cu 134,7 milioane de lei. \u00cen schimb, sunt prognozate reduceri ale veniturilor din accizele la m\u0103rfurile importate, cu 122,1 milioane de lei, \u0219i din taxele vamale, cu 170 de milioane de lei. Granturile vor sc\u0103dea cu 837 de milioane de lei.<\/p>\n<p data-start=\"2525\" data-end=\"2766\">Dup\u0103 rectificare, veniturile bugetului de stat sunt estimate la 80,27 miliarde de lei, iar cheltuielile, la 103,35 miliarde de lei. Deficitul va constitui 23,07 miliarde de lei, ceea ce reprezint\u0103 5,95% din Produsul Intern Brut.<\/p>\n<p>\u00a0<\/p>\n<p data-start=\"2768\" data-end=\"2892\" data-is-last-node=\"\" data-is-only-node=\"\">Guvernul sus\u021bine c\u0103 m\u0103surile urm\u0103resc, totodat\u0103, reducerea treptat\u0103 a deficitului bugetar p\u00e2n\u0103 la nivelul de 3% din PIB.<\/p>\n<p>Articolul <a href=\"https:\/\/nordnews.md\/stiri-nationale\/economic\/bugetul-2026-rectificat-deficit\/\">Guvernul a rectificat bugetul pentru 2026. Deficitul ajunge la peste 23 de miliarde de lei<\/a> apare prima dat\u0103 \u00een <a href=\"https:\/\/nordnews.md\/\">NordNews<\/a>.<\/p>","protected":false},"excerpt":{"rendered":"<p>Guvernul a aprobat rectificarea bugetului de stat pentru anul 2026, prin majorarea unor cheltuieli destinate compensa\u021biilor pentru energie, pl\u0103\u021bilor unice pentru angaja\u021bii din sectorul bugetar [&hellip;]<\/p>\n","protected":false},"author":1,"featured_media":0,"comment_status":"open","ping_status":"closed","sticky":false,"template":"","format":"standard","meta":{"footnotes":""},"categories":[1],"tags":[],"class_list":["post-3636","post","type-post","status-publish","format-standard","hentry","category-uncategorized"],"yoast_head":"<!-- This site is optimized with the Yoast SEO plugin v21.3 - https:\/\/yoast.com\/wordpress\/plugins\/seo\/ -->\n<title>Guvernul a rectificat bugetul pentru 2026. Deficitul ajunge la peste 23 de miliarde de lei - Canal Regional<\/title>\n<meta name=\"robots\" content=\"index, follow, max-snippet:-1, max-image-preview:large, max-video-preview:-1\" \/>\n<link rel=\"canonical\" href=\"https:\/\/canalregionaltv.md\/?p=3636\" \/>\n<meta property=\"og:locale\" content=\"en_US\" \/>\n<meta property=\"og:type\" content=\"article\" \/>\n<meta property=\"og:title\" content=\"Guvernul a rectificat bugetul pentru 2026. Deficitul ajunge la peste 23 de miliarde de lei - Canal Regional\" \/>\n<meta property=\"og:description\" content=\"Guvernul a aprobat rectificarea bugetului de stat pentru anul 2026, prin majorarea unor cheltuieli destinate compensa\u021biilor pentru energie, pl\u0103\u021bilor unice pentru angaja\u021bii din sectorul bugetar [&hellip;]\" \/>\n<meta property=\"og:url\" content=\"https:\/\/canalregionaltv.md\/?p=3636\" \/>\n<meta property=\"og:site_name\" content=\"Canal Regional\" \/>\n<meta property=\"article:author\" content=\"Canal Regional, Canal Regional TV\" \/>\n<meta property=\"article:published_time\" content=\"2026-09-02T15:02:09+00:00\" \/>\n<meta name=\"author\" content=\"admin_axts737o\" \/>\n<meta name=\"twitter:card\" content=\"summary_large_image\" \/>\n<meta name=\"twitter:label1\" content=\"Written by\" \/>\n\t<meta name=\"twitter:data1\" content=\"admin_axts737o\" \/>\n\t<meta name=\"twitter:label2\" content=\"Est. reading time\" \/>\n\t<meta name=\"twitter:data2\" content=\"2 minutes\" \/>\n<script type=\"application\/ld+json\" class=\"yoast-schema-graph\">{\"@context\":\"https:\/\/schema.org\",\"@graph\":[{\"@type\":\"Article\",\"@id\":\"https:\/\/canalregionaltv.md\/?p=3636#article\",\"isPartOf\":{\"@id\":\"https:\/\/canalregionaltv.md\/?p=3636\"},\"author\":{\"name\":\"admin_axts737o\",\"@id\":\"https:\/\/canalregionaltv.md\/#\/schema\/person\/96db60230b2eedd2fd6d09d267f32f8f\"},\"headline\":\"Guvernul a rectificat bugetul pentru 2026. Deficitul ajunge la peste 23 de miliarde de lei\",\"datePublished\":\"2026-09-02T15:02:09+00:00\",\"dateModified\":\"2026-09-02T15:02:09+00:00\",\"mainEntityOfPage\":{\"@id\":\"https:\/\/canalregionaltv.md\/?p=3636\"},\"wordCount\":465,\"commentCount\":0,\"publisher\":{\"@id\":\"https:\/\/canalregionaltv.md\/#organization\"},\"inLanguage\":\"en-US\",\"potentialAction\":[{\"@type\":\"CommentAction\",\"name\":\"Comment\",\"target\":[\"https:\/\/canalregionaltv.md\/?p=3636#respond\"]}]},{\"@type\":\"WebPage\",\"@id\":\"https:\/\/canalregionaltv.md\/?p=3636\",\"url\":\"https:\/\/canalregionaltv.md\/?p=3636\",\"name\":\"Guvernul a rectificat bugetul pentru 2026. Deficitul ajunge la peste 23 de miliarde de lei - Canal Regional\",\"isPartOf\":{\"@id\":\"https:\/\/canalregionaltv.md\/#website\"},\"datePublished\":\"2026-09-02T15:02:09+00:00\",\"dateModified\":\"2026-09-02T15:02:09+00:00\",\"breadcrumb\":{\"@id\":\"https:\/\/canalregionaltv.md\/?p=3636#breadcrumb\"},\"inLanguage\":\"en-US\",\"potentialAction\":[{\"@type\":\"ReadAction\",\"target\":[\"https:\/\/canalregionaltv.md\/?p=3636\"]}]},{\"@type\":\"BreadcrumbList\",\"@id\":\"https:\/\/canalregionaltv.md\/?p=3636#breadcrumb\",\"itemListElement\":[{\"@type\":\"ListItem\",\"position\":1,\"name\":\"Home\",\"item\":\"https:\/\/canalregionaltv.md\/\"},{\"@type\":\"ListItem\",\"position\":2,\"name\":\"Guvernul a rectificat bugetul pentru 2026. Deficitul ajunge la peste 23 de miliarde de lei\"}]},{\"@type\":\"WebSite\",\"@id\":\"https:\/\/canalregionaltv.md\/#website\",\"url\":\"https:\/\/canalregionaltv.md\/\",\"name\":\"Canal Regional\",\"description\":\"Canal Regional\",\"publisher\":{\"@id\":\"https:\/\/canalregionaltv.md\/#organization\"},\"potentialAction\":[{\"@type\":\"SearchAction\",\"target\":{\"@type\":\"EntryPoint\",\"urlTemplate\":\"https:\/\/canalregionaltv.md\/?s={search_term_string}\"},\"query-input\":\"required name=search_term_string\"}],\"inLanguage\":\"en-US\"},{\"@type\":\"Organization\",\"@id\":\"https:\/\/canalregionaltv.md\/#organization\",\"name\":\"Canal Regional\",\"url\":\"https:\/\/canalregionaltv.md\/\",\"logo\":{\"@type\":\"ImageObject\",\"inLanguage\":\"en-US\",\"@id\":\"https:\/\/canalregionaltv.md\/#\/schema\/logo\/image\/\",\"url\":\"https:\/\/canalregionaltv.md\/wp-content\/uploads\/2023\/10\/Logo_r.png\",\"contentUrl\":\"https:\/\/canalregionaltv.md\/wp-content\/uploads\/2023\/10\/Logo_r.png\",\"width\":403,\"height\":112,\"caption\":\"Canal Regional\"},\"image\":{\"@id\":\"https:\/\/canalregionaltv.md\/#\/schema\/logo\/image\/\"}},{\"@type\":\"Person\",\"@id\":\"https:\/\/canalregionaltv.md\/#\/schema\/person\/96db60230b2eedd2fd6d09d267f32f8f\",\"name\":\"admin_axts737o\",\"image\":{\"@type\":\"ImageObject\",\"inLanguage\":\"en-US\",\"@id\":\"https:\/\/canalregionaltv.md\/#\/schema\/person\/image\/\",\"url\":\"https:\/\/secure.gravatar.com\/avatar\/409e62ddd56f511fb1262f27a1535ee7719603a42e55b11651be97d388418cae?s=96&d=mm&r=g\",\"contentUrl\":\"https:\/\/secure.gravatar.com\/avatar\/409e62ddd56f511fb1262f27a1535ee7719603a42e55b11651be97d388418cae?s=96&d=mm&r=g\",\"caption\":\"admin_axts737o\"},\"sameAs\":[\"https:\/\/canalregionaltv.md\",\"Canal Regional, Canal Regional TV\",\"canal Regional\"],\"url\":\"https:\/\/canalregionaltv.md\/?author=1\"}]}<\/script>\n<!-- \/ Yoast SEO plugin. -->","yoast_head_json":{"title":"Guvernul a rectificat bugetul pentru 2026. Deficitul ajunge la peste 23 de miliarde de lei - Canal Regional","robots":{"index":"index","follow":"follow","max-snippet":"max-snippet:-1","max-image-preview":"max-image-preview:large","max-video-preview":"max-video-preview:-1"},"canonical":"https:\/\/canalregionaltv.md\/?p=3636","og_locale":"en_US","og_type":"article","og_title":"Guvernul a rectificat bugetul pentru 2026. Deficitul ajunge la peste 23 de miliarde de lei - Canal Regional","og_description":"Guvernul a aprobat rectificarea bugetului de stat pentru anul 2026, prin majorarea unor cheltuieli destinate compensa\u021biilor pentru energie, pl\u0103\u021bilor unice pentru angaja\u021bii din sectorul bugetar [&hellip;]","og_url":"https:\/\/canalregionaltv.md\/?p=3636","og_site_name":"Canal Regional","article_author":"Canal Regional, Canal Regional TV","article_published_time":"2026-09-02T15:02:09+00:00","author":"admin_axts737o","twitter_card":"summary_large_image","twitter_misc":{"Written by":"admin_axts737o","Est. reading time":"2 minutes"},"schema":{"@context":"https:\/\/schema.org","@graph":[{"@type":"Article","@id":"https:\/\/canalregionaltv.md\/?p=3636#article","isPartOf":{"@id":"https:\/\/canalregionaltv.md\/?p=3636"},"author":{"name":"admin_axts737o","@id":"https:\/\/canalregionaltv.md\/#\/schema\/person\/96db60230b2eedd2fd6d09d267f32f8f"},"headline":"Guvernul a rectificat bugetul pentru 2026. Deficitul ajunge la peste 23 de miliarde de lei","datePublished":"2026-09-02T15:02:09+00:00","dateModified":"2026-09-02T15:02:09+00:00","mainEntityOfPage":{"@id":"https:\/\/canalregionaltv.md\/?p=3636"},"wordCount":465,"commentCount":0,"publisher":{"@id":"https:\/\/canalregionaltv.md\/#organization"},"inLanguage":"en-US","potentialAction":[{"@type":"CommentAction","name":"Comment","target":["https:\/\/canalregionaltv.md\/?p=3636#respond"]}]},{"@type":"WebPage","@id":"https:\/\/canalregionaltv.md\/?p=3636","url":"https:\/\/canalregionaltv.md\/?p=3636","name":"Guvernul a rectificat bugetul pentru 2026. Deficitul ajunge la peste 23 de miliarde de lei - Canal Regional","isPartOf":{"@id":"https:\/\/canalregionaltv.md\/#website"},"datePublished":"2026-09-02T15:02:09+00:00","dateModified":"2026-09-02T15:02:09+00:00","breadcrumb":{"@id":"https:\/\/canalregionaltv.md\/?p=3636#breadcrumb"},"inLanguage":"en-US","potentialAction":[{"@type":"ReadAction","target":["https:\/\/canalregionaltv.md\/?p=3636"]}]},{"@type":"BreadcrumbList","@id":"https:\/\/canalregionaltv.md\/?p=3636#breadcrumb","itemListElement":[{"@type":"ListItem","position":1,"name":"Home","item":"https:\/\/canalregionaltv.md\/"},{"@type":"ListItem","position":2,"name":"Guvernul a rectificat bugetul pentru 2026. Deficitul ajunge la peste 23 de miliarde de lei"}]},{"@type":"WebSite","@id":"https:\/\/canalregionaltv.md\/#website","url":"https:\/\/canalregionaltv.md\/","name":"Canal Regional","description":"Canal Regional","publisher":{"@id":"https:\/\/canalregionaltv.md\/#organization"},"potentialAction":[{"@type":"SearchAction","target":{"@type":"EntryPoint","urlTemplate":"https:\/\/canalregionaltv.md\/?s={search_term_string}"},"query-input":"required name=search_term_string"}],"inLanguage":"en-US"},{"@type":"Organization","@id":"https:\/\/canalregionaltv.md\/#organization","name":"Canal Regional","url":"https:\/\/canalregionaltv.md\/","logo":{"@type":"ImageObject","inLanguage":"en-US","@id":"https:\/\/canalregionaltv.md\/#\/schema\/logo\/image\/","url":"https:\/\/canalregionaltv.md\/wp-content\/uploads\/2023\/10\/Logo_r.png","contentUrl":"https:\/\/canalregionaltv.md\/wp-content\/uploads\/2023\/10\/Logo_r.png","width":403,"height":112,"caption":"Canal Regional"},"image":{"@id":"https:\/\/canalregionaltv.md\/#\/schema\/logo\/image\/"}},{"@type":"Person","@id":"https:\/\/canalregionaltv.md\/#\/schema\/person\/96db60230b2eedd2fd6d09d267f32f8f","name":"admin_axts737o","image":{"@type":"ImageObject","inLanguage":"en-US","@id":"https:\/\/canalregionaltv.md\/#\/schema\/person\/image\/","url":"https:\/\/secure.gravatar.com\/avatar\/409e62ddd56f511fb1262f27a1535ee7719603a42e55b11651be97d388418cae?s=96&d=mm&r=g","contentUrl":"https:\/\/secure.gravatar.com\/avatar\/409e62ddd56f511fb1262f27a1535ee7719603a42e55b11651be97d388418cae?s=96&d=mm&r=g","caption":"admin_axts737o"},"sameAs":["https:\/\/canalregionaltv.md","Canal Regional, Canal Regional TV","canal Regional"],"url":"https:\/\/canalregionaltv.md\/?author=1"}]}},"_links":{"self":[{"href":"https:\/\/canalregionaltv.md\/index.php?rest_route=\/wp\/v2\/posts\/3636","targetHints":{"allow":["GET"]}}],"collection":[{"href":"https:\/\/canalregionaltv.md\/index.php?rest_route=\/wp\/v2\/posts"}],"about":[{"href":"https:\/\/canalregionaltv.md\/index.php?rest_route=\/wp\/v2\/types\/post"}],"author":[{"embeddable":true,"href":"https:\/\/canalregionaltv.md\/index.php?rest_route=\/wp\/v2\/users\/1"}],"replies":[{"embeddable":true,"href":"https:\/\/canalregionaltv.md\/index.php?rest_route=%2Fwp%2Fv2%2Fcomments&post=3636"}],"version-history":[{"count":0,"href":"https:\/\/canalregionaltv.md\/index.php?rest_route=\/wp\/v2\/posts\/3636\/revisions"}],"wp:attachment":[{"href":"https:\/\/canalregionaltv.md\/index.php?rest_route=%2Fwp%2Fv2%2Fmedia&parent=3636"}],"wp:term":[{"taxonomy":"category","embeddable":true,"href":"https:\/\/canalregionaltv.md\/index.php?rest_route=%2Fwp%2Fv2%2Fcategories&post=3636"},{"taxonomy":"post_tag","embeddable":true,"href":"https:\/\/canalregionaltv.md\/index.php?rest_route=%2Fwp%2Fv2%2Ftags&post=3636"}],"curies":[{"name":"wp","href":"https:\/\/api.w.org\/{rel}","templated":true}]}}