{"id":3638,"date":"2026-09-03T17:03:03","date_gmt":"2026-09-03T15:03:03","guid":{"rendered":"https:\/\/canalregionaltv.md\/?p=3638"},"modified":"2026-09-03T17:03:03","modified_gmt":"2026-09-03T15:03:03","slug":"video-facturi-mai-mari-inainte-de-sezonul-rece-tariful-la-gaz-a-trecut-de-20-de-lei-pentru-un-metru-cub","status":"publish","type":"post","link":"https:\/\/canalregionaltv.md\/?p=3638","title":{"rendered":"VIDEO\u00a0Facturi mai mari \u00eenainte de sezonul rece. Tariful la gaz a trecut de 20 de lei pentru un metru cub"},"content":{"rendered":"<h3>Consumatorii casnici vor pl\u0103ti mai mult pentru gazele naturale odat\u0103 cu intrarea \u00een vigoare a noului tarif. De la 1 septembrie, un metru cub cost\u0103 20 de lei \u0219i 30 de bani, fa\u021b\u0103 de 14 lei \u0219i 42 de bani anterior. Majorarea este de aproape 41 la sut\u0103 \u0219i \u00eenseamn\u0103 c\u0103, pentru un consum de 100 de metri cubi, factura va fi cu aproximativ 588 de lei mai mare.<\/h3>\n<p>Scumpirea vine \u00eenaintea sezonului rece, c\u00e2nd consumul cre\u0219te considerabil \u00een gospod\u0103riile care folosesc gazele \u0219i pentru \u00eenc\u0103lzire. La B\u0103l\u021bi, oamenii spun c\u0103 majorarea se va resim\u021bi puternic \u00een bugetul familiei.<\/p>\n\n<blockquote>\n<p>\u201e<em>Cred c\u0103 este r\u0103u, pentru c\u0103 pentru oamenii care au doar aragaz pe gaz este una, iar pentru cei care au \u00eenc\u0103lzire, sumele care vor veni vor fi, desigur, mari. Dac\u0103 anul trecut pre\u021bul era mai mic \u0219i veneau facturi de cinci \u0219i opt mii la cei cu apartamente cu trei camere, imagina\u021bi-v\u0103 c\u00e2t vor fi acum sumele. \u201d,\u00a0<\/em>spune Iana, locuitoare a mun. B\u0103l\u021bi<\/p>\n<p>\u201e<em>Oamenii \u0219i-au instalat centrale pe gaz, iar acum se dovede\u0219te c\u0103 pentru ei nu este foarte avantajos, pentru c\u0103 pl\u0103tesc pentru \u021bevile de tranzit \u0219i pe teritoriul lor \u0219i pl\u0103tesc pentru \u00eenc\u0103lzire, care este foarte scump\u0103. Eu sunt pentru ca oamenii s\u0103 renun\u021be la centralele pe gaz \u0219i s\u0103 treac\u0103 la o \u00eenc\u0103lzire centralizat\u0103 normal\u0103, a\u0219a cum este pentru to\u021bi, \u0219i s\u0103 nu se ocupe cu prostii<\/em>\u201d, zice\u00a0Sergiu, locuitor al mun. B\u0103l\u021bi<\/p>\n<\/blockquote>\n<p>Pentru familiile cu venituri mici, fiecare leu \u00een plus la factur\u0103 conteaz\u0103. Cei mai vulnerabili sunt pensionarii, care se a\u0219teapt\u0103 la o iarn\u0103 grea.<\/p>\n<blockquote>\n<p><em>\u201eO pensie va merge la servicii comunale, iar pensia so\u021biei, pentru grad de invaliditate, o s\u0103 o preconiz\u0103m pentru cel mai necesar.\u201d, <\/em>a spus Vasile, locuitor al mun. B\u0103l\u021bi<\/p>\n<\/blockquote>\n<p>Majorarea tarifului este cauzat\u0103 de cre\u0219terea cota\u021biilor gazelor pe pie\u021bele interna\u021bionale. Expertul \u00een energetic\u0103 Sergiu Tofilat spune c\u0103 pre\u021bul gazelor pe bursele europene a urcat de la aproximativ 30-31 de euro pentru un megawatt-or\u0103 \u00een februarie la peste 70 de euro \u00een prezent. Una dintre cauze, afirm\u0103 expertul, este conflictul din Orientul Mijlociu \u0219i reducerea livr\u0103rilor de petrol \u0219i gaze din regiunea Golfului Persic.<\/p>\n<blockquote>\n<p><em>\u201eDin cauza conflictului \u00een Orientul Mijlociu, \u00een Golful Persic, \u021b\u0103rile arabe nu mai pot exporta petrol \u0219i gaze, s-a format un deficit de 20% din consum la nivel global. Respectiv, \u021b\u0103rile din Asia majoreaz\u0103 pre\u021burile ca s\u0103 poat\u0103 lua gazele care, \u00een mod normal, ajung \u00een Europa, cu tankerele, iar Uniunea European\u0103 este, la r\u00e2ndul ei, nevoit\u0103 \u0219i ea s\u0103 majoreze pre\u021burile, ca s\u0103 poat\u0103 procura gaze.\u201d<\/em>, men\u021bioneaz\u0103 Sergiu Tofilat, expert \u00een energetic\u0103<\/p>\n<\/blockquote>\n<p>Tariful la gaze a oscilat puternic \u00een ultimii ani, odat\u0103 cu evolu\u021bia pre\u021burilor de import. \u00cen februarie, acesta fusese redus de la 16 lei \u0219i 73 de bani la 14 lei \u0219i 42 de bani pentru un metru cub. De la 1 septembrie, consumatorii casnici achit\u0103 20 de lei \u0219i 30 de bani pentru un metru cub, cu aproape \u0219ase lei mai mult dec\u00e2t \u00een ultimele \u0219apte luni.<\/p>\n<p>Articolul <a href=\"https:\/\/nordnews.md\/stiri-locale\/balti\/tariful-la-gaz-a-trecut-de-20-de-lei-pentru-un-metru-cub\/\">&lt;span class=&#8221;badge-status&#8221; style=&#8221;background: #ff1813;&#8221;&gt;VIDEO&lt;\/span&gt;\u00a0Facturi mai mari \u00eenainte de sezonul rece. Tariful la gaz a trecut de 20 de lei pentru un metru cub<\/a> apare prima dat\u0103 \u00een <a href=\"https:\/\/nordnews.md\/\">NordNews<\/a>.<\/p>","protected":false},"excerpt":{"rendered":"<p>Consumatorii casnici vor pl\u0103ti mai mult pentru gazele naturale odat\u0103 cu intrarea \u00een vigoare a noului tarif. De la 1 septembrie, un metru cub cost\u0103 [&hellip;]<\/p>\n","protected":false},"author":1,"featured_media":0,"comment_status":"open","ping_status":"closed","sticky":false,"template":"","format":"standard","meta":{"footnotes":""},"categories":[1],"tags":[],"class_list":["post-3638","post","type-post","status-publish","format-standard","hentry","category-uncategorized"],"yoast_head":"<!-- This site is optimized with the Yoast SEO plugin v21.3 - https:\/\/yoast.com\/wordpress\/plugins\/seo\/ -->\n<title>VIDEO\u00a0Facturi mai mari \u00eenainte de sezonul rece. Tariful la gaz a trecut de 20 de lei pentru un metru cub - Canal Regional<\/title>\n<meta name=\"robots\" content=\"index, follow, max-snippet:-1, max-image-preview:large, max-video-preview:-1\" \/>\n<link rel=\"canonical\" href=\"https:\/\/canalregionaltv.md\/?p=3638\" \/>\n<meta property=\"og:locale\" content=\"en_US\" \/>\n<meta property=\"og:type\" content=\"article\" \/>\n<meta property=\"og:title\" content=\"VIDEO\u00a0Facturi mai mari \u00eenainte de sezonul rece. Tariful la gaz a trecut de 20 de lei pentru un metru cub - Canal Regional\" \/>\n<meta property=\"og:description\" content=\"Consumatorii casnici vor pl\u0103ti mai mult pentru gazele naturale odat\u0103 cu intrarea \u00een vigoare a noului tarif. De la 1 septembrie, un metru cub cost\u0103 [&hellip;]\" \/>\n<meta property=\"og:url\" content=\"https:\/\/canalregionaltv.md\/?p=3638\" \/>\n<meta property=\"og:site_name\" content=\"Canal Regional\" \/>\n<meta property=\"article:author\" content=\"Canal Regional, Canal Regional TV\" \/>\n<meta property=\"article:published_time\" content=\"2026-09-03T15:03:03+00:00\" \/>\n<meta name=\"author\" content=\"admin_axts737o\" \/>\n<meta name=\"twitter:card\" content=\"summary_large_image\" \/>\n<meta name=\"twitter:label1\" content=\"Written by\" \/>\n\t<meta name=\"twitter:data1\" content=\"admin_axts737o\" \/>\n\t<meta name=\"twitter:label2\" content=\"Est. reading time\" \/>\n\t<meta name=\"twitter:data2\" content=\"3 minutes\" \/>\n<script type=\"application\/ld+json\" class=\"yoast-schema-graph\">{\"@context\":\"https:\/\/schema.org\",\"@graph\":[{\"@type\":\"Article\",\"@id\":\"https:\/\/canalregionaltv.md\/?p=3638#article\",\"isPartOf\":{\"@id\":\"https:\/\/canalregionaltv.md\/?p=3638\"},\"author\":{\"name\":\"admin_axts737o\",\"@id\":\"https:\/\/canalregionaltv.md\/#\/schema\/person\/96db60230b2eedd2fd6d09d267f32f8f\"},\"headline\":\"VIDEO\u00a0Facturi mai mari \u00eenainte de sezonul rece. Tariful la gaz a trecut de 20 de lei pentru un metru cub\",\"datePublished\":\"2026-09-03T15:03:03+00:00\",\"dateModified\":\"2026-09-03T15:03:03+00:00\",\"mainEntityOfPage\":{\"@id\":\"https:\/\/canalregionaltv.md\/?p=3638\"},\"wordCount\":577,\"commentCount\":0,\"publisher\":{\"@id\":\"https:\/\/canalregionaltv.md\/#organization\"},\"inLanguage\":\"en-US\",\"potentialAction\":[{\"@type\":\"CommentAction\",\"name\":\"Comment\",\"target\":[\"https:\/\/canalregionaltv.md\/?p=3638#respond\"]}]},{\"@type\":\"WebPage\",\"@id\":\"https:\/\/canalregionaltv.md\/?p=3638\",\"url\":\"https:\/\/canalregionaltv.md\/?p=3638\",\"name\":\"VIDEO\u00a0Facturi mai mari \u00eenainte de sezonul rece. Tariful la gaz a trecut de 20 de lei pentru un metru cub - Canal Regional\",\"isPartOf\":{\"@id\":\"https:\/\/canalregionaltv.md\/#website\"},\"datePublished\":\"2026-09-03T15:03:03+00:00\",\"dateModified\":\"2026-09-03T15:03:03+00:00\",\"breadcrumb\":{\"@id\":\"https:\/\/canalregionaltv.md\/?p=3638#breadcrumb\"},\"inLanguage\":\"en-US\",\"potentialAction\":[{\"@type\":\"ReadAction\",\"target\":[\"https:\/\/canalregionaltv.md\/?p=3638\"]}]},{\"@type\":\"BreadcrumbList\",\"@id\":\"https:\/\/canalregionaltv.md\/?p=3638#breadcrumb\",\"itemListElement\":[{\"@type\":\"ListItem\",\"position\":1,\"name\":\"Home\",\"item\":\"https:\/\/canalregionaltv.md\/\"},{\"@type\":\"ListItem\",\"position\":2,\"name\":\"VIDEO\u00a0Facturi mai mari \u00eenainte de sezonul rece. Tariful la gaz a trecut de 20 de lei pentru un metru cub\"}]},{\"@type\":\"WebSite\",\"@id\":\"https:\/\/canalregionaltv.md\/#website\",\"url\":\"https:\/\/canalregionaltv.md\/\",\"name\":\"Canal Regional\",\"description\":\"Canal Regional\",\"publisher\":{\"@id\":\"https:\/\/canalregionaltv.md\/#organization\"},\"potentialAction\":[{\"@type\":\"SearchAction\",\"target\":{\"@type\":\"EntryPoint\",\"urlTemplate\":\"https:\/\/canalregionaltv.md\/?s={search_term_string}\"},\"query-input\":\"required name=search_term_string\"}],\"inLanguage\":\"en-US\"},{\"@type\":\"Organization\",\"@id\":\"https:\/\/canalregionaltv.md\/#organization\",\"name\":\"Canal Regional\",\"url\":\"https:\/\/canalregionaltv.md\/\",\"logo\":{\"@type\":\"ImageObject\",\"inLanguage\":\"en-US\",\"@id\":\"https:\/\/canalregionaltv.md\/#\/schema\/logo\/image\/\",\"url\":\"https:\/\/canalregionaltv.md\/wp-content\/uploads\/2023\/10\/Logo_r.png\",\"contentUrl\":\"https:\/\/canalregionaltv.md\/wp-content\/uploads\/2023\/10\/Logo_r.png\",\"width\":403,\"height\":112,\"caption\":\"Canal Regional\"},\"image\":{\"@id\":\"https:\/\/canalregionaltv.md\/#\/schema\/logo\/image\/\"}},{\"@type\":\"Person\",\"@id\":\"https:\/\/canalregionaltv.md\/#\/schema\/person\/96db60230b2eedd2fd6d09d267f32f8f\",\"name\":\"admin_axts737o\",\"image\":{\"@type\":\"ImageObject\",\"inLanguage\":\"en-US\",\"@id\":\"https:\/\/canalregionaltv.md\/#\/schema\/person\/image\/\",\"url\":\"https:\/\/secure.gravatar.com\/avatar\/409e62ddd56f511fb1262f27a1535ee7719603a42e55b11651be97d388418cae?s=96&d=mm&r=g\",\"contentUrl\":\"https:\/\/secure.gravatar.com\/avatar\/409e62ddd56f511fb1262f27a1535ee7719603a42e55b11651be97d388418cae?s=96&d=mm&r=g\",\"caption\":\"admin_axts737o\"},\"sameAs\":[\"https:\/\/canalregionaltv.md\",\"Canal Regional, Canal Regional TV\",\"canal Regional\"],\"url\":\"https:\/\/canalregionaltv.md\/?author=1\"}]}<\/script>\n<!-- \/ Yoast SEO plugin. -->","yoast_head_json":{"title":"VIDEO\u00a0Facturi mai mari \u00eenainte de sezonul rece. Tariful la gaz a trecut de 20 de lei pentru un metru cub - Canal Regional","robots":{"index":"index","follow":"follow","max-snippet":"max-snippet:-1","max-image-preview":"max-image-preview:large","max-video-preview":"max-video-preview:-1"},"canonical":"https:\/\/canalregionaltv.md\/?p=3638","og_locale":"en_US","og_type":"article","og_title":"VIDEO\u00a0Facturi mai mari \u00eenainte de sezonul rece. Tariful la gaz a trecut de 20 de lei pentru un metru cub - Canal Regional","og_description":"Consumatorii casnici vor pl\u0103ti mai mult pentru gazele naturale odat\u0103 cu intrarea \u00een vigoare a noului tarif. De la 1 septembrie, un metru cub cost\u0103 [&hellip;]","og_url":"https:\/\/canalregionaltv.md\/?p=3638","og_site_name":"Canal Regional","article_author":"Canal Regional, Canal Regional TV","article_published_time":"2026-09-03T15:03:03+00:00","author":"admin_axts737o","twitter_card":"summary_large_image","twitter_misc":{"Written by":"admin_axts737o","Est. reading time":"3 minutes"},"schema":{"@context":"https:\/\/schema.org","@graph":[{"@type":"Article","@id":"https:\/\/canalregionaltv.md\/?p=3638#article","isPartOf":{"@id":"https:\/\/canalregionaltv.md\/?p=3638"},"author":{"name":"admin_axts737o","@id":"https:\/\/canalregionaltv.md\/#\/schema\/person\/96db60230b2eedd2fd6d09d267f32f8f"},"headline":"VIDEO\u00a0Facturi mai mari \u00eenainte de sezonul rece. Tariful la gaz a trecut de 20 de lei pentru un metru cub","datePublished":"2026-09-03T15:03:03+00:00","dateModified":"2026-09-03T15:03:03+00:00","mainEntityOfPage":{"@id":"https:\/\/canalregionaltv.md\/?p=3638"},"wordCount":577,"commentCount":0,"publisher":{"@id":"https:\/\/canalregionaltv.md\/#organization"},"inLanguage":"en-US","potentialAction":[{"@type":"CommentAction","name":"Comment","target":["https:\/\/canalregionaltv.md\/?p=3638#respond"]}]},{"@type":"WebPage","@id":"https:\/\/canalregionaltv.md\/?p=3638","url":"https:\/\/canalregionaltv.md\/?p=3638","name":"VIDEO\u00a0Facturi mai mari \u00eenainte de sezonul rece. Tariful la gaz a trecut de 20 de lei pentru un metru cub - Canal Regional","isPartOf":{"@id":"https:\/\/canalregionaltv.md\/#website"},"datePublished":"2026-09-03T15:03:03+00:00","dateModified":"2026-09-03T15:03:03+00:00","breadcrumb":{"@id":"https:\/\/canalregionaltv.md\/?p=3638#breadcrumb"},"inLanguage":"en-US","potentialAction":[{"@type":"ReadAction","target":["https:\/\/canalregionaltv.md\/?p=3638"]}]},{"@type":"BreadcrumbList","@id":"https:\/\/canalregionaltv.md\/?p=3638#breadcrumb","itemListElement":[{"@type":"ListItem","position":1,"name":"Home","item":"https:\/\/canalregionaltv.md\/"},{"@type":"ListItem","position":2,"name":"VIDEO\u00a0Facturi mai mari \u00eenainte de sezonul rece. Tariful la gaz a trecut de 20 de lei pentru un metru cub"}]},{"@type":"WebSite","@id":"https:\/\/canalregionaltv.md\/#website","url":"https:\/\/canalregionaltv.md\/","name":"Canal Regional","description":"Canal Regional","publisher":{"@id":"https:\/\/canalregionaltv.md\/#organization"},"potentialAction":[{"@type":"SearchAction","target":{"@type":"EntryPoint","urlTemplate":"https:\/\/canalregionaltv.md\/?s={search_term_string}"},"query-input":"required name=search_term_string"}],"inLanguage":"en-US"},{"@type":"Organization","@id":"https:\/\/canalregionaltv.md\/#organization","name":"Canal Regional","url":"https:\/\/canalregionaltv.md\/","logo":{"@type":"ImageObject","inLanguage":"en-US","@id":"https:\/\/canalregionaltv.md\/#\/schema\/logo\/image\/","url":"https:\/\/canalregionaltv.md\/wp-content\/uploads\/2023\/10\/Logo_r.png","contentUrl":"https:\/\/canalregionaltv.md\/wp-content\/uploads\/2023\/10\/Logo_r.png","width":403,"height":112,"caption":"Canal Regional"},"image":{"@id":"https:\/\/canalregionaltv.md\/#\/schema\/logo\/image\/"}},{"@type":"Person","@id":"https:\/\/canalregionaltv.md\/#\/schema\/person\/96db60230b2eedd2fd6d09d267f32f8f","name":"admin_axts737o","image":{"@type":"ImageObject","inLanguage":"en-US","@id":"https:\/\/canalregionaltv.md\/#\/schema\/person\/image\/","url":"https:\/\/secure.gravatar.com\/avatar\/409e62ddd56f511fb1262f27a1535ee7719603a42e55b11651be97d388418cae?s=96&d=mm&r=g","contentUrl":"https:\/\/secure.gravatar.com\/avatar\/409e62ddd56f511fb1262f27a1535ee7719603a42e55b11651be97d388418cae?s=96&d=mm&r=g","caption":"admin_axts737o"},"sameAs":["https:\/\/canalregionaltv.md","Canal Regional, Canal Regional TV","canal Regional"],"url":"https:\/\/canalregionaltv.md\/?author=1"}]}},"_links":{"self":[{"href":"https:\/\/canalregionaltv.md\/index.php?rest_route=\/wp\/v2\/posts\/3638","targetHints":{"allow":["GET"]}}],"collection":[{"href":"https:\/\/canalregionaltv.md\/index.php?rest_route=\/wp\/v2\/posts"}],"about":[{"href":"https:\/\/canalregionaltv.md\/index.php?rest_route=\/wp\/v2\/types\/post"}],"author":[{"embeddable":true,"href":"https:\/\/canalregionaltv.md\/index.php?rest_route=\/wp\/v2\/users\/1"}],"replies":[{"embeddable":true,"href":"https:\/\/canalregionaltv.md\/index.php?rest_route=%2Fwp%2Fv2%2Fcomments&post=3638"}],"version-history":[{"count":0,"href":"https:\/\/canalregionaltv.md\/index.php?rest_route=\/wp\/v2\/posts\/3638\/revisions"}],"wp:attachment":[{"href":"https:\/\/canalregionaltv.md\/index.php?rest_route=%2Fwp%2Fv2%2Fmedia&parent=3638"}],"wp:term":[{"taxonomy":"category","embeddable":true,"href":"https:\/\/canalregionaltv.md\/index.php?rest_route=%2Fwp%2Fv2%2Fcategories&post=3638"},{"taxonomy":"post_tag","embeddable":true,"href":"https:\/\/canalregionaltv.md\/index.php?rest_route=%2Fwp%2Fv2%2Ftags&post=3638"}],"curies":[{"name":"wp","href":"https:\/\/api.w.org\/{rel}","templated":true}]}}