{"id":3640,"date":"2026-09-03T17:03:03","date_gmt":"2026-09-03T15:03:03","guid":{"rendered":"https:\/\/canalregionaltv.md\/?p=3640"},"modified":"2026-09-03T17:03:03","modified_gmt":"2026-09-03T15:03:03","slug":"in-pofida-avizelor-sis-zapsa-si-sandulescu-raman-in-cursa-pentru-sefia-trm","status":"publish","type":"post","link":"https:\/\/canalregionaltv.md\/?p=3640","title":{"rendered":"\u00cen pofida avizelor SIS, Zap\u0219a \u0219i Sandulescu r\u0103m\u00e2n \u00een cursa pentru \u0219efia TRM"},"content":{"rendered":"<h3>Andrei Zap\u0219a \u0219i Sergiu Sandulescu r\u0103m\u00e2n \u00een cursa pentru func\u021bia de director general al companiei publice \u201eTeleradio-Moldova\u201d, dup\u0103 ce au fost audia\u021bi de Consiliul de Supraveghere. Membrii Consiliului au decis s\u0103-i reconfirme \u00een concurs, \u00een pofida avizelor SIS, care au identificat factori de risc \u00een cazul celor doi candida\u021bi, transmite IPN.<\/h3>\n<p>Serviciul de Informa\u021bii \u0219i Securitate a identificat factorii de risc \u00een urma verific\u0103rii compatibilit\u0103\u021bii celor doi cu func\u021bia de director general al TRM. Avizele au \u00eens\u0103 caracter consultativ, iar Consiliul de Supraveghere le-a oferit candida\u021bilor posibilitatea s\u0103 se expun\u0103 asupra constat\u0103rilor Serviciului.<\/p>\n<p>Explica\u021biile acestora au fost examinate \u00een cadrul \u0219edin\u021bei din 2 septembrie, desf\u0103\u0219urat\u0103 cu u\u0219ile \u00eenchise. \u00cen urma audierilor, Consiliul a decis s\u0103-i reconfirme \u00een concurs \u0219i s\u0103-i admit\u0103 la ultima etap\u0103 \u2013 interviul.<\/p>\n<p>Concursul a fost lansat dup\u0103 demisia fostului director general al TRM, Vlad \u021aurcanu, \u00een mai 2026, pe fondul scandalului privind punctajele acordate de juriul Republicii Moldova la Eurovision.<\/p>\n<p>Procedura a fost suspendat\u0103 pe 17 iulie, dup\u0103 ce SIS a solicitat verific\u0103ri suplimentare \u00een privin\u021ba celor patru candida\u021bi admi\u0219i la interviu. \u00centre timp, Dorin Scobioal\u0103 \u0219i Ecaterina Chept\u0103naru au fost declara\u021bi de SIS compatibili cu func\u021bia \u0219i admi\u0219i la etapa interviului.<\/p>\n<p>Articolul <a href=\"https:\/\/nordnews.md\/stiri-nationale\/social\/in-pofida-avizelor-sis-zapsa-si-sandulescu-raman-in-cursa-pentru-sefia-trm\/\">\u00cen pofida avizelor SIS, Zap\u0219a \u0219i Sandulescu r\u0103m\u00e2n \u00een cursa pentru \u0219efia TRM<\/a> apare prima dat\u0103 \u00een <a href=\"https:\/\/nordnews.md\/\">NordNews<\/a>.<\/p>","protected":false},"excerpt":{"rendered":"<p>Andrei Zap\u0219a \u0219i Sergiu Sandulescu r\u0103m\u00e2n \u00een cursa pentru func\u021bia de director general al companiei publice \u201eTeleradio-Moldova\u201d, dup\u0103 ce au fost audia\u021bi de Consiliul de [&hellip;]<\/p>\n","protected":false},"author":1,"featured_media":0,"comment_status":"open","ping_status":"closed","sticky":false,"template":"","format":"standard","meta":{"footnotes":""},"categories":[1],"tags":[],"class_list":["post-3640","post","type-post","status-publish","format-standard","hentry","category-uncategorized"],"yoast_head":"<!-- This site is optimized with the Yoast SEO plugin v21.3 - https:\/\/yoast.com\/wordpress\/plugins\/seo\/ -->\n<title>\u00cen pofida avizelor SIS, Zap\u0219a \u0219i Sandulescu r\u0103m\u00e2n \u00een cursa pentru \u0219efia TRM - Canal Regional<\/title>\n<meta name=\"robots\" content=\"index, follow, max-snippet:-1, max-image-preview:large, max-video-preview:-1\" \/>\n<link rel=\"canonical\" href=\"https:\/\/canalregionaltv.md\/?p=3640\" \/>\n<meta property=\"og:locale\" content=\"en_US\" \/>\n<meta property=\"og:type\" content=\"article\" \/>\n<meta property=\"og:title\" content=\"\u00cen pofida avizelor SIS, Zap\u0219a \u0219i Sandulescu r\u0103m\u00e2n \u00een cursa pentru \u0219efia TRM - Canal Regional\" \/>\n<meta property=\"og:description\" content=\"Andrei Zap\u0219a \u0219i Sergiu Sandulescu r\u0103m\u00e2n \u00een cursa pentru func\u021bia de director general al companiei publice \u201eTeleradio-Moldova\u201d, dup\u0103 ce au fost audia\u021bi de Consiliul de [&hellip;]\" \/>\n<meta property=\"og:url\" content=\"https:\/\/canalregionaltv.md\/?p=3640\" \/>\n<meta property=\"og:site_name\" content=\"Canal Regional\" \/>\n<meta property=\"article:author\" content=\"Canal Regional, Canal Regional TV\" \/>\n<meta property=\"article:published_time\" content=\"2026-09-03T15:03:03+00:00\" \/>\n<meta name=\"author\" content=\"admin_axts737o\" \/>\n<meta name=\"twitter:card\" content=\"summary_large_image\" \/>\n<meta name=\"twitter:label1\" content=\"Written by\" \/>\n\t<meta name=\"twitter:data1\" content=\"admin_axts737o\" \/>\n\t<meta name=\"twitter:label2\" content=\"Est. reading time\" \/>\n\t<meta name=\"twitter:data2\" content=\"1 minute\" \/>\n<script type=\"application\/ld+json\" class=\"yoast-schema-graph\">{\"@context\":\"https:\/\/schema.org\",\"@graph\":[{\"@type\":\"Article\",\"@id\":\"https:\/\/canalregionaltv.md\/?p=3640#article\",\"isPartOf\":{\"@id\":\"https:\/\/canalregionaltv.md\/?p=3640\"},\"author\":{\"name\":\"admin_axts737o\",\"@id\":\"https:\/\/canalregionaltv.md\/#\/schema\/person\/96db60230b2eedd2fd6d09d267f32f8f\"},\"headline\":\"\u00cen pofida avizelor SIS, Zap\u0219a \u0219i Sandulescu r\u0103m\u00e2n \u00een cursa pentru \u0219efia TRM\",\"datePublished\":\"2026-09-03T15:03:03+00:00\",\"dateModified\":\"2026-09-03T15:03:03+00:00\",\"mainEntityOfPage\":{\"@id\":\"https:\/\/canalregionaltv.md\/?p=3640\"},\"wordCount\":257,\"commentCount\":0,\"publisher\":{\"@id\":\"https:\/\/canalregionaltv.md\/#organization\"},\"inLanguage\":\"en-US\",\"potentialAction\":[{\"@type\":\"CommentAction\",\"name\":\"Comment\",\"target\":[\"https:\/\/canalregionaltv.md\/?p=3640#respond\"]}]},{\"@type\":\"WebPage\",\"@id\":\"https:\/\/canalregionaltv.md\/?p=3640\",\"url\":\"https:\/\/canalregionaltv.md\/?p=3640\",\"name\":\"\u00cen pofida avizelor SIS, Zap\u0219a \u0219i Sandulescu r\u0103m\u00e2n \u00een cursa pentru \u0219efia TRM - Canal Regional\",\"isPartOf\":{\"@id\":\"https:\/\/canalregionaltv.md\/#website\"},\"datePublished\":\"2026-09-03T15:03:03+00:00\",\"dateModified\":\"2026-09-03T15:03:03+00:00\",\"breadcrumb\":{\"@id\":\"https:\/\/canalregionaltv.md\/?p=3640#breadcrumb\"},\"inLanguage\":\"en-US\",\"potentialAction\":[{\"@type\":\"ReadAction\",\"target\":[\"https:\/\/canalregionaltv.md\/?p=3640\"]}]},{\"@type\":\"BreadcrumbList\",\"@id\":\"https:\/\/canalregionaltv.md\/?p=3640#breadcrumb\",\"itemListElement\":[{\"@type\":\"ListItem\",\"position\":1,\"name\":\"Home\",\"item\":\"https:\/\/canalregionaltv.md\/\"},{\"@type\":\"ListItem\",\"position\":2,\"name\":\"\u00cen pofida avizelor SIS, Zap\u0219a \u0219i Sandulescu r\u0103m\u00e2n \u00een cursa pentru \u0219efia TRM\"}]},{\"@type\":\"WebSite\",\"@id\":\"https:\/\/canalregionaltv.md\/#website\",\"url\":\"https:\/\/canalregionaltv.md\/\",\"name\":\"Canal Regional\",\"description\":\"Canal Regional\",\"publisher\":{\"@id\":\"https:\/\/canalregionaltv.md\/#organization\"},\"potentialAction\":[{\"@type\":\"SearchAction\",\"target\":{\"@type\":\"EntryPoint\",\"urlTemplate\":\"https:\/\/canalregionaltv.md\/?s={search_term_string}\"},\"query-input\":\"required name=search_term_string\"}],\"inLanguage\":\"en-US\"},{\"@type\":\"Organization\",\"@id\":\"https:\/\/canalregionaltv.md\/#organization\",\"name\":\"Canal Regional\",\"url\":\"https:\/\/canalregionaltv.md\/\",\"logo\":{\"@type\":\"ImageObject\",\"inLanguage\":\"en-US\",\"@id\":\"https:\/\/canalregionaltv.md\/#\/schema\/logo\/image\/\",\"url\":\"https:\/\/canalregionaltv.md\/wp-content\/uploads\/2023\/10\/Logo_r.png\",\"contentUrl\":\"https:\/\/canalregionaltv.md\/wp-content\/uploads\/2023\/10\/Logo_r.png\",\"width\":403,\"height\":112,\"caption\":\"Canal Regional\"},\"image\":{\"@id\":\"https:\/\/canalregionaltv.md\/#\/schema\/logo\/image\/\"}},{\"@type\":\"Person\",\"@id\":\"https:\/\/canalregionaltv.md\/#\/schema\/person\/96db60230b2eedd2fd6d09d267f32f8f\",\"name\":\"admin_axts737o\",\"image\":{\"@type\":\"ImageObject\",\"inLanguage\":\"en-US\",\"@id\":\"https:\/\/canalregionaltv.md\/#\/schema\/person\/image\/\",\"url\":\"https:\/\/secure.gravatar.com\/avatar\/409e62ddd56f511fb1262f27a1535ee7719603a42e55b11651be97d388418cae?s=96&d=mm&r=g\",\"contentUrl\":\"https:\/\/secure.gravatar.com\/avatar\/409e62ddd56f511fb1262f27a1535ee7719603a42e55b11651be97d388418cae?s=96&d=mm&r=g\",\"caption\":\"admin_axts737o\"},\"sameAs\":[\"https:\/\/canalregionaltv.md\",\"Canal Regional, Canal Regional TV\",\"canal Regional\"],\"url\":\"https:\/\/canalregionaltv.md\/?author=1\"}]}<\/script>\n<!-- \/ Yoast SEO plugin. -->","yoast_head_json":{"title":"\u00cen pofida avizelor SIS, Zap\u0219a \u0219i Sandulescu r\u0103m\u00e2n \u00een cursa pentru \u0219efia TRM - Canal Regional","robots":{"index":"index","follow":"follow","max-snippet":"max-snippet:-1","max-image-preview":"max-image-preview:large","max-video-preview":"max-video-preview:-1"},"canonical":"https:\/\/canalregionaltv.md\/?p=3640","og_locale":"en_US","og_type":"article","og_title":"\u00cen pofida avizelor SIS, Zap\u0219a \u0219i Sandulescu r\u0103m\u00e2n \u00een cursa pentru \u0219efia TRM - Canal Regional","og_description":"Andrei Zap\u0219a \u0219i Sergiu Sandulescu r\u0103m\u00e2n \u00een cursa pentru func\u021bia de director general al companiei publice \u201eTeleradio-Moldova\u201d, dup\u0103 ce au fost audia\u021bi de Consiliul de [&hellip;]","og_url":"https:\/\/canalregionaltv.md\/?p=3640","og_site_name":"Canal Regional","article_author":"Canal Regional, Canal Regional TV","article_published_time":"2026-09-03T15:03:03+00:00","author":"admin_axts737o","twitter_card":"summary_large_image","twitter_misc":{"Written by":"admin_axts737o","Est. reading time":"1 minute"},"schema":{"@context":"https:\/\/schema.org","@graph":[{"@type":"Article","@id":"https:\/\/canalregionaltv.md\/?p=3640#article","isPartOf":{"@id":"https:\/\/canalregionaltv.md\/?p=3640"},"author":{"name":"admin_axts737o","@id":"https:\/\/canalregionaltv.md\/#\/schema\/person\/96db60230b2eedd2fd6d09d267f32f8f"},"headline":"\u00cen pofida avizelor SIS, Zap\u0219a \u0219i Sandulescu r\u0103m\u00e2n \u00een cursa pentru \u0219efia TRM","datePublished":"2026-09-03T15:03:03+00:00","dateModified":"2026-09-03T15:03:03+00:00","mainEntityOfPage":{"@id":"https:\/\/canalregionaltv.md\/?p=3640"},"wordCount":257,"commentCount":0,"publisher":{"@id":"https:\/\/canalregionaltv.md\/#organization"},"inLanguage":"en-US","potentialAction":[{"@type":"CommentAction","name":"Comment","target":["https:\/\/canalregionaltv.md\/?p=3640#respond"]}]},{"@type":"WebPage","@id":"https:\/\/canalregionaltv.md\/?p=3640","url":"https:\/\/canalregionaltv.md\/?p=3640","name":"\u00cen pofida avizelor SIS, Zap\u0219a \u0219i Sandulescu r\u0103m\u00e2n \u00een cursa pentru \u0219efia TRM - Canal Regional","isPartOf":{"@id":"https:\/\/canalregionaltv.md\/#website"},"datePublished":"2026-09-03T15:03:03+00:00","dateModified":"2026-09-03T15:03:03+00:00","breadcrumb":{"@id":"https:\/\/canalregionaltv.md\/?p=3640#breadcrumb"},"inLanguage":"en-US","potentialAction":[{"@type":"ReadAction","target":["https:\/\/canalregionaltv.md\/?p=3640"]}]},{"@type":"BreadcrumbList","@id":"https:\/\/canalregionaltv.md\/?p=3640#breadcrumb","itemListElement":[{"@type":"ListItem","position":1,"name":"Home","item":"https:\/\/canalregionaltv.md\/"},{"@type":"ListItem","position":2,"name":"\u00cen pofida avizelor SIS, Zap\u0219a \u0219i Sandulescu r\u0103m\u00e2n \u00een cursa pentru \u0219efia TRM"}]},{"@type":"WebSite","@id":"https:\/\/canalregionaltv.md\/#website","url":"https:\/\/canalregionaltv.md\/","name":"Canal Regional","description":"Canal Regional","publisher":{"@id":"https:\/\/canalregionaltv.md\/#organization"},"potentialAction":[{"@type":"SearchAction","target":{"@type":"EntryPoint","urlTemplate":"https:\/\/canalregionaltv.md\/?s={search_term_string}"},"query-input":"required name=search_term_string"}],"inLanguage":"en-US"},{"@type":"Organization","@id":"https:\/\/canalregionaltv.md\/#organization","name":"Canal Regional","url":"https:\/\/canalregionaltv.md\/","logo":{"@type":"ImageObject","inLanguage":"en-US","@id":"https:\/\/canalregionaltv.md\/#\/schema\/logo\/image\/","url":"https:\/\/canalregionaltv.md\/wp-content\/uploads\/2023\/10\/Logo_r.png","contentUrl":"https:\/\/canalregionaltv.md\/wp-content\/uploads\/2023\/10\/Logo_r.png","width":403,"height":112,"caption":"Canal Regional"},"image":{"@id":"https:\/\/canalregionaltv.md\/#\/schema\/logo\/image\/"}},{"@type":"Person","@id":"https:\/\/canalregionaltv.md\/#\/schema\/person\/96db60230b2eedd2fd6d09d267f32f8f","name":"admin_axts737o","image":{"@type":"ImageObject","inLanguage":"en-US","@id":"https:\/\/canalregionaltv.md\/#\/schema\/person\/image\/","url":"https:\/\/secure.gravatar.com\/avatar\/409e62ddd56f511fb1262f27a1535ee7719603a42e55b11651be97d388418cae?s=96&d=mm&r=g","contentUrl":"https:\/\/secure.gravatar.com\/avatar\/409e62ddd56f511fb1262f27a1535ee7719603a42e55b11651be97d388418cae?s=96&d=mm&r=g","caption":"admin_axts737o"},"sameAs":["https:\/\/canalregionaltv.md","Canal Regional, Canal Regional TV","canal Regional"],"url":"https:\/\/canalregionaltv.md\/?author=1"}]}},"_links":{"self":[{"href":"https:\/\/canalregionaltv.md\/index.php?rest_route=\/wp\/v2\/posts\/3640","targetHints":{"allow":["GET"]}}],"collection":[{"href":"https:\/\/canalregionaltv.md\/index.php?rest_route=\/wp\/v2\/posts"}],"about":[{"href":"https:\/\/canalregionaltv.md\/index.php?rest_route=\/wp\/v2\/types\/post"}],"author":[{"embeddable":true,"href":"https:\/\/canalregionaltv.md\/index.php?rest_route=\/wp\/v2\/users\/1"}],"replies":[{"embeddable":true,"href":"https:\/\/canalregionaltv.md\/index.php?rest_route=%2Fwp%2Fv2%2Fcomments&post=3640"}],"version-history":[{"count":0,"href":"https:\/\/canalregionaltv.md\/index.php?rest_route=\/wp\/v2\/posts\/3640\/revisions"}],"wp:attachment":[{"href":"https:\/\/canalregionaltv.md\/index.php?rest_route=%2Fwp%2Fv2%2Fmedia&parent=3640"}],"wp:term":[{"taxonomy":"category","embeddable":true,"href":"https:\/\/canalregionaltv.md\/index.php?rest_route=%2Fwp%2Fv2%2Fcategories&post=3640"},{"taxonomy":"post_tag","embeddable":true,"href":"https:\/\/canalregionaltv.md\/index.php?rest_route=%2Fwp%2Fv2%2Ftags&post=3640"}],"curies":[{"name":"wp","href":"https:\/\/api.w.org\/{rel}","templated":true}]}}