{"id":3641,"date":"2026-09-03T17:03:03","date_gmt":"2026-09-03T15:03:03","guid":{"rendered":"https:\/\/canalregionaltv.md\/?p=3641"},"modified":"2026-09-03T17:03:03","modified_gmt":"2026-09-03T15:03:03","slug":"fondatorii-flyone-anunta-ca-vor-recurge-la-arbitraj-international-si-resping-cererea-de-a-vinde-compania","status":"publish","type":"post","link":"https:\/\/canalregionaltv.md\/?p=3641","title":{"rendered":"Fondatorii FlyOne anun\u021b\u0103 c\u0103 vor recurge la arbitraj interna\u021bional \u0219i resping cererea de a vinde compania"},"content":{"rendered":"<h3>Proprietarii celui mai mare transportator aerian din Republica Moldova resping cererea autorit\u0103\u021bilor de a-\u0219i schimba structura de control, \u00eentr-un moment \u00een care compania se afl\u0103 sub presiunea unui termen-limit\u0103 care expir\u0103 pe 22 septembrie. Anterior, surse guvernamentale au <a href=\"https:\/\/ipn.md\/flyone-intre-doua-scenarii-autoritatile-cer-schimbarea-controlului-proprietarii-refuza-sa-vanda\/\" target=\"_blank\" rel=\"noopener\" data-saferedirecturl=\"https:\/\/www.google.com\/url?q=https:\/\/ipn.md\/flyone-intre-doua-scenarii-autoritatile-cer-schimbarea-controlului-proprietarii-refuza-sa-vanda\/&amp;source=gmail&amp;ust=1788447178062000&amp;usg=AOvVaw1LqdiXQKfAc4GiKPH9GNhj\">vorbit<\/a>, pentru IPN, despre un plan \u00een dou\u0103 etape care ar putea duce, \u00een cazul unui refuz, la suspendarea activit\u0103\u021bii FlyOne pe teritoriul Republicii Moldova.<\/h3>\n<p>Directorul general \u0219i fondatorul companiei, Mircea Maleca, <a href=\"https:\/\/ziua.md\/interviu-mircea-maleca-director-general-al-flyone-ceea-ce-se-intampla-in-aviatie-si-in-mediul-de-afaceri-e-un-semnal-prost-pentru-investitori-si-parteneri\/\" target=\"_blank\" rel=\"noopener\" data-saferedirecturl=\"https:\/\/www.google.com\/url?q=https:\/\/ziua.md\/interviu-mircea-maleca-director-general-al-flyone-ceea-ce-se-intampla-in-aviatie-si-in-mediul-de-afaceri-e-un-semnal-prost-pentru-investitori-si-parteneri\/&amp;source=gmail&amp;ust=1788447178062000&amp;usg=AOvVaw0k04TvhTDFqvFxQO0Jvc0h\">insist\u0103<\/a> c\u0103 FlyOne \u201enu are nicio restric\u021bie de operare\u201d \u0219i c\u0103 toate cursele se desf\u0103\u0219oar\u0103 conform orarului.<\/p>\n<p>\u00cen centrul disputei dintre FlyOne \u0219i autorit\u0103\u021bi se afl\u0103 hot\u0103r\u00e2rea din 22 iunie a Consiliului pentru Examinarea Investi\u021biilor de Importan\u021b\u0103 pentru Securitatea Statului (CEIISS), care i-a obligat pe fondatorii FlyOne s\u0103-\u0219i \u00eenstr\u0103ineze cotele-p\u0103r\u021bi \u00een termen de 90 de zile. Maleca sus\u021bine c\u0103 decizia s-ar \u00eentemeia pe prevederi legale abrogate \u0219i c\u0103 examinarea, despre care afirm\u0103 c\u0103 ar fi trebuit s\u0103 dureze 45 de zile, s-a prelungit p\u00e2n\u0103 la aproape 11 luni.<\/p>\n<p>Autorit\u0103\u021bile afirm\u0103, \u00eens\u0103, c\u0103 procedura a durat aproape 11 luni deoarece FlyOne ar fi refuzat s\u0103 furnizeze informa\u021bii complete despre beneficiarii efectivi \u0219i despre fluxurile financiare dintre FlyOne Moldova \u0219i entitatea afiliat\u0103 din Armenia \u2013 exact aspectele despre care CEIISS sus\u021bine c\u0103 nu au putut fi clarificate integral.<\/p>\n<p>Maleca, \u00eentr-un interviu pentru portalul Ziua, respinge acuza\u021biile de lips\u0103 de transparen\u021b\u0103, afirm\u00e2nd c\u0103 firma a furnizat \u201econstant\u201d informa\u021bii despre structura ac\u021bionariatului \u00eenc\u0103 de la \u00eenfiin\u021bare. Este aceea\u0219i linie de ap\u0103rare sus\u021binut\u0103 anterior \u0219i de cofondatorul Vladimir Cebotari \u00een declara\u021biile pentru IPN.<\/p>\n<p>At\u00e2t Maleca, c\u00e2t \u0219i Cebotari folosesc sintagma \u201eatac raider\u201d pentru a descrie ac\u021biunile statului, suger\u00e2nd c\u0103 obiectivul real ar fi eliminarea FlyOne de pe pia\u021b\u0103 \u00een beneficiul unor actori apropia\u021bi actualei guvern\u0103ri.<\/p>\n<p>Maleca a insistat asupra importan\u021bei economice a companiei: peste 600 de angaja\u021bi, o flot\u0103 de 30 de aeronave \u2013 despre care afirm\u0103 c\u0103 reprezint\u0103 peste 85% din totalul avioanelor de pasageri \u00eenregistrate \u00een Republica Moldova \u2013, o cre\u0219tere anual\u0103 de 25-30% \u0219i o contribu\u021bie anual\u0103 la buget estimat\u0103 la circa jum\u0103tate de miliard de lei.<\/p>\n<p>Cebotari declara anterior, \u00eentr-o discu\u021bie cu IPN, c\u0103 aproximativ 400 de mii de pasageri au deja bilete achizi\u021bionate, iar circa 300 de angaja\u021bi au credite ipotecare \u0219i ar putea fi afecta\u021bi direct de o eventual\u0103 sistare a opera\u021biunilor.<\/p>\n<p><strong><em>Refuzul de a vinde \u0219i calea instan\u021belor<\/em><\/strong><\/p>\n<p>Mircea Maleca a confirmat faptul c\u0103 FlyOne a contestat deja deciziile CEIISS \u0219i ale Agen\u021biei Servicii Publice \u0219i a ini\u021biat o procedur\u0103 de arbitraj interna\u021bional \u00een materie de investi\u021bii \u00eempotriva statului. Acesta afirm\u0103, de asemenea, c\u0103 disputa ar putea ajunge, \u00een cele din urm\u0103, \u0219i la Curtea European\u0103 a Drepturilor Omului.<\/p>\n<p>Combinat\u0103 cu pozi\u021bia ferm\u0103 exprimat\u0103 anterior pentru IPN de Vladimir Cebotari, potrivit c\u0103reia proprietarii companiei \u201enu iau \u00een considerare\u201d v\u00e2nzarea participa\u021biilor, escaladarea juridic\u0103 dintre cele dou\u0103 p\u0103r\u021bi cre\u0219te probabilitatea ca, dup\u0103 expirarea termenului-limit\u0103 impus, autorit\u0103\u021bile s\u0103 recurg\u0103 la procedurile care ar putea conduce la suspendarea activit\u0103\u021bii FlyOne.<\/p>\n<p>Articolul <a href=\"https:\/\/nordnews.md\/stiri-nationale\/social\/fondatorii-flyone-anunta-ca-vor-recurge-la-arbitraj-international-si-resping-cererea-de-a-vinde-compania\/\">Fondatorii FlyOne anun\u021b\u0103 c\u0103 vor recurge la arbitraj interna\u021bional \u0219i resping cererea de a vinde compania<\/a> apare prima dat\u0103 \u00een <a href=\"https:\/\/nordnews.md\/\">NordNews<\/a>.<\/p>","protected":false},"excerpt":{"rendered":"<p>Proprietarii celui mai mare transportator aerian din Republica Moldova resping cererea autorit\u0103\u021bilor de a-\u0219i schimba structura de control, \u00eentr-un moment \u00een care compania se afl\u0103 [&hellip;]<\/p>\n","protected":false},"author":1,"featured_media":0,"comment_status":"open","ping_status":"closed","sticky":false,"template":"","format":"standard","meta":{"footnotes":""},"categories":[1],"tags":[],"class_list":["post-3641","post","type-post","status-publish","format-standard","hentry","category-uncategorized"],"yoast_head":"<!-- This site is optimized with the Yoast SEO plugin v21.3 - https:\/\/yoast.com\/wordpress\/plugins\/seo\/ -->\n<title>Fondatorii FlyOne anun\u021b\u0103 c\u0103 vor recurge la arbitraj interna\u021bional \u0219i resping cererea de a vinde compania - Canal Regional<\/title>\n<meta name=\"robots\" content=\"index, follow, max-snippet:-1, max-image-preview:large, max-video-preview:-1\" \/>\n<link rel=\"canonical\" href=\"https:\/\/canalregionaltv.md\/?p=3641\" \/>\n<meta property=\"og:locale\" content=\"en_US\" \/>\n<meta property=\"og:type\" content=\"article\" \/>\n<meta property=\"og:title\" content=\"Fondatorii FlyOne anun\u021b\u0103 c\u0103 vor recurge la arbitraj interna\u021bional \u0219i resping cererea de a vinde compania - Canal Regional\" \/>\n<meta property=\"og:description\" content=\"Proprietarii celui mai mare transportator aerian din Republica Moldova resping cererea autorit\u0103\u021bilor de a-\u0219i schimba structura de control, \u00eentr-un moment \u00een care compania se afl\u0103 [&hellip;]\" \/>\n<meta property=\"og:url\" content=\"https:\/\/canalregionaltv.md\/?p=3641\" \/>\n<meta property=\"og:site_name\" content=\"Canal Regional\" \/>\n<meta property=\"article:author\" content=\"Canal Regional, Canal Regional TV\" \/>\n<meta property=\"article:published_time\" content=\"2026-09-03T15:03:03+00:00\" \/>\n<meta name=\"author\" content=\"admin_axts737o\" \/>\n<meta name=\"twitter:card\" content=\"summary_large_image\" \/>\n<meta name=\"twitter:label1\" content=\"Written by\" \/>\n\t<meta name=\"twitter:data1\" content=\"admin_axts737o\" \/>\n\t<meta name=\"twitter:label2\" content=\"Est. reading time\" \/>\n\t<meta name=\"twitter:data2\" content=\"3 minutes\" \/>\n<script type=\"application\/ld+json\" class=\"yoast-schema-graph\">{\"@context\":\"https:\/\/schema.org\",\"@graph\":[{\"@type\":\"Article\",\"@id\":\"https:\/\/canalregionaltv.md\/?p=3641#article\",\"isPartOf\":{\"@id\":\"https:\/\/canalregionaltv.md\/?p=3641\"},\"author\":{\"name\":\"admin_axts737o\",\"@id\":\"https:\/\/canalregionaltv.md\/#\/schema\/person\/96db60230b2eedd2fd6d09d267f32f8f\"},\"headline\":\"Fondatorii FlyOne anun\u021b\u0103 c\u0103 vor recurge la arbitraj interna\u021bional \u0219i resping cererea de a vinde compania\",\"datePublished\":\"2026-09-03T15:03:03+00:00\",\"dateModified\":\"2026-09-03T15:03:03+00:00\",\"mainEntityOfPage\":{\"@id\":\"https:\/\/canalregionaltv.md\/?p=3641\"},\"wordCount\":562,\"commentCount\":0,\"publisher\":{\"@id\":\"https:\/\/canalregionaltv.md\/#organization\"},\"inLanguage\":\"en-US\",\"potentialAction\":[{\"@type\":\"CommentAction\",\"name\":\"Comment\",\"target\":[\"https:\/\/canalregionaltv.md\/?p=3641#respond\"]}]},{\"@type\":\"WebPage\",\"@id\":\"https:\/\/canalregionaltv.md\/?p=3641\",\"url\":\"https:\/\/canalregionaltv.md\/?p=3641\",\"name\":\"Fondatorii FlyOne anun\u021b\u0103 c\u0103 vor recurge la arbitraj interna\u021bional \u0219i resping cererea de a vinde compania - Canal Regional\",\"isPartOf\":{\"@id\":\"https:\/\/canalregionaltv.md\/#website\"},\"datePublished\":\"2026-09-03T15:03:03+00:00\",\"dateModified\":\"2026-09-03T15:03:03+00:00\",\"breadcrumb\":{\"@id\":\"https:\/\/canalregionaltv.md\/?p=3641#breadcrumb\"},\"inLanguage\":\"en-US\",\"potentialAction\":[{\"@type\":\"ReadAction\",\"target\":[\"https:\/\/canalregionaltv.md\/?p=3641\"]}]},{\"@type\":\"BreadcrumbList\",\"@id\":\"https:\/\/canalregionaltv.md\/?p=3641#breadcrumb\",\"itemListElement\":[{\"@type\":\"ListItem\",\"position\":1,\"name\":\"Home\",\"item\":\"https:\/\/canalregionaltv.md\/\"},{\"@type\":\"ListItem\",\"position\":2,\"name\":\"Fondatorii FlyOne anun\u021b\u0103 c\u0103 vor recurge la arbitraj interna\u021bional \u0219i resping cererea de a vinde compania\"}]},{\"@type\":\"WebSite\",\"@id\":\"https:\/\/canalregionaltv.md\/#website\",\"url\":\"https:\/\/canalregionaltv.md\/\",\"name\":\"Canal Regional\",\"description\":\"Canal Regional\",\"publisher\":{\"@id\":\"https:\/\/canalregionaltv.md\/#organization\"},\"potentialAction\":[{\"@type\":\"SearchAction\",\"target\":{\"@type\":\"EntryPoint\",\"urlTemplate\":\"https:\/\/canalregionaltv.md\/?s={search_term_string}\"},\"query-input\":\"required name=search_term_string\"}],\"inLanguage\":\"en-US\"},{\"@type\":\"Organization\",\"@id\":\"https:\/\/canalregionaltv.md\/#organization\",\"name\":\"Canal Regional\",\"url\":\"https:\/\/canalregionaltv.md\/\",\"logo\":{\"@type\":\"ImageObject\",\"inLanguage\":\"en-US\",\"@id\":\"https:\/\/canalregionaltv.md\/#\/schema\/logo\/image\/\",\"url\":\"https:\/\/canalregionaltv.md\/wp-content\/uploads\/2023\/10\/Logo_r.png\",\"contentUrl\":\"https:\/\/canalregionaltv.md\/wp-content\/uploads\/2023\/10\/Logo_r.png\",\"width\":403,\"height\":112,\"caption\":\"Canal Regional\"},\"image\":{\"@id\":\"https:\/\/canalregionaltv.md\/#\/schema\/logo\/image\/\"}},{\"@type\":\"Person\",\"@id\":\"https:\/\/canalregionaltv.md\/#\/schema\/person\/96db60230b2eedd2fd6d09d267f32f8f\",\"name\":\"admin_axts737o\",\"image\":{\"@type\":\"ImageObject\",\"inLanguage\":\"en-US\",\"@id\":\"https:\/\/canalregionaltv.md\/#\/schema\/person\/image\/\",\"url\":\"https:\/\/secure.gravatar.com\/avatar\/409e62ddd56f511fb1262f27a1535ee7719603a42e55b11651be97d388418cae?s=96&d=mm&r=g\",\"contentUrl\":\"https:\/\/secure.gravatar.com\/avatar\/409e62ddd56f511fb1262f27a1535ee7719603a42e55b11651be97d388418cae?s=96&d=mm&r=g\",\"caption\":\"admin_axts737o\"},\"sameAs\":[\"https:\/\/canalregionaltv.md\",\"Canal Regional, Canal Regional TV\",\"canal Regional\"],\"url\":\"https:\/\/canalregionaltv.md\/?author=1\"}]}<\/script>\n<!-- \/ Yoast SEO plugin. -->","yoast_head_json":{"title":"Fondatorii FlyOne anun\u021b\u0103 c\u0103 vor recurge la arbitraj interna\u021bional \u0219i resping cererea de a vinde compania - Canal Regional","robots":{"index":"index","follow":"follow","max-snippet":"max-snippet:-1","max-image-preview":"max-image-preview:large","max-video-preview":"max-video-preview:-1"},"canonical":"https:\/\/canalregionaltv.md\/?p=3641","og_locale":"en_US","og_type":"article","og_title":"Fondatorii FlyOne anun\u021b\u0103 c\u0103 vor recurge la arbitraj interna\u021bional \u0219i resping cererea de a vinde compania - Canal Regional","og_description":"Proprietarii celui mai mare transportator aerian din Republica Moldova resping cererea autorit\u0103\u021bilor de a-\u0219i schimba structura de control, \u00eentr-un moment \u00een care compania se afl\u0103 [&hellip;]","og_url":"https:\/\/canalregionaltv.md\/?p=3641","og_site_name":"Canal Regional","article_author":"Canal Regional, Canal Regional TV","article_published_time":"2026-09-03T15:03:03+00:00","author":"admin_axts737o","twitter_card":"summary_large_image","twitter_misc":{"Written by":"admin_axts737o","Est. reading time":"3 minutes"},"schema":{"@context":"https:\/\/schema.org","@graph":[{"@type":"Article","@id":"https:\/\/canalregionaltv.md\/?p=3641#article","isPartOf":{"@id":"https:\/\/canalregionaltv.md\/?p=3641"},"author":{"name":"admin_axts737o","@id":"https:\/\/canalregionaltv.md\/#\/schema\/person\/96db60230b2eedd2fd6d09d267f32f8f"},"headline":"Fondatorii FlyOne anun\u021b\u0103 c\u0103 vor recurge la arbitraj interna\u021bional \u0219i resping cererea de a vinde compania","datePublished":"2026-09-03T15:03:03+00:00","dateModified":"2026-09-03T15:03:03+00:00","mainEntityOfPage":{"@id":"https:\/\/canalregionaltv.md\/?p=3641"},"wordCount":562,"commentCount":0,"publisher":{"@id":"https:\/\/canalregionaltv.md\/#organization"},"inLanguage":"en-US","potentialAction":[{"@type":"CommentAction","name":"Comment","target":["https:\/\/canalregionaltv.md\/?p=3641#respond"]}]},{"@type":"WebPage","@id":"https:\/\/canalregionaltv.md\/?p=3641","url":"https:\/\/canalregionaltv.md\/?p=3641","name":"Fondatorii FlyOne anun\u021b\u0103 c\u0103 vor recurge la arbitraj interna\u021bional \u0219i resping cererea de a vinde compania - Canal Regional","isPartOf":{"@id":"https:\/\/canalregionaltv.md\/#website"},"datePublished":"2026-09-03T15:03:03+00:00","dateModified":"2026-09-03T15:03:03+00:00","breadcrumb":{"@id":"https:\/\/canalregionaltv.md\/?p=3641#breadcrumb"},"inLanguage":"en-US","potentialAction":[{"@type":"ReadAction","target":["https:\/\/canalregionaltv.md\/?p=3641"]}]},{"@type":"BreadcrumbList","@id":"https:\/\/canalregionaltv.md\/?p=3641#breadcrumb","itemListElement":[{"@type":"ListItem","position":1,"name":"Home","item":"https:\/\/canalregionaltv.md\/"},{"@type":"ListItem","position":2,"name":"Fondatorii FlyOne anun\u021b\u0103 c\u0103 vor recurge la arbitraj interna\u021bional \u0219i resping cererea de a vinde compania"}]},{"@type":"WebSite","@id":"https:\/\/canalregionaltv.md\/#website","url":"https:\/\/canalregionaltv.md\/","name":"Canal Regional","description":"Canal Regional","publisher":{"@id":"https:\/\/canalregionaltv.md\/#organization"},"potentialAction":[{"@type":"SearchAction","target":{"@type":"EntryPoint","urlTemplate":"https:\/\/canalregionaltv.md\/?s={search_term_string}"},"query-input":"required name=search_term_string"}],"inLanguage":"en-US"},{"@type":"Organization","@id":"https:\/\/canalregionaltv.md\/#organization","name":"Canal Regional","url":"https:\/\/canalregionaltv.md\/","logo":{"@type":"ImageObject","inLanguage":"en-US","@id":"https:\/\/canalregionaltv.md\/#\/schema\/logo\/image\/","url":"https:\/\/canalregionaltv.md\/wp-content\/uploads\/2023\/10\/Logo_r.png","contentUrl":"https:\/\/canalregionaltv.md\/wp-content\/uploads\/2023\/10\/Logo_r.png","width":403,"height":112,"caption":"Canal Regional"},"image":{"@id":"https:\/\/canalregionaltv.md\/#\/schema\/logo\/image\/"}},{"@type":"Person","@id":"https:\/\/canalregionaltv.md\/#\/schema\/person\/96db60230b2eedd2fd6d09d267f32f8f","name":"admin_axts737o","image":{"@type":"ImageObject","inLanguage":"en-US","@id":"https:\/\/canalregionaltv.md\/#\/schema\/person\/image\/","url":"https:\/\/secure.gravatar.com\/avatar\/409e62ddd56f511fb1262f27a1535ee7719603a42e55b11651be97d388418cae?s=96&d=mm&r=g","contentUrl":"https:\/\/secure.gravatar.com\/avatar\/409e62ddd56f511fb1262f27a1535ee7719603a42e55b11651be97d388418cae?s=96&d=mm&r=g","caption":"admin_axts737o"},"sameAs":["https:\/\/canalregionaltv.md","Canal Regional, Canal Regional TV","canal Regional"],"url":"https:\/\/canalregionaltv.md\/?author=1"}]}},"_links":{"self":[{"href":"https:\/\/canalregionaltv.md\/index.php?rest_route=\/wp\/v2\/posts\/3641","targetHints":{"allow":["GET"]}}],"collection":[{"href":"https:\/\/canalregionaltv.md\/index.php?rest_route=\/wp\/v2\/posts"}],"about":[{"href":"https:\/\/canalregionaltv.md\/index.php?rest_route=\/wp\/v2\/types\/post"}],"author":[{"embeddable":true,"href":"https:\/\/canalregionaltv.md\/index.php?rest_route=\/wp\/v2\/users\/1"}],"replies":[{"embeddable":true,"href":"https:\/\/canalregionaltv.md\/index.php?rest_route=%2Fwp%2Fv2%2Fcomments&post=3641"}],"version-history":[{"count":0,"href":"https:\/\/canalregionaltv.md\/index.php?rest_route=\/wp\/v2\/posts\/3641\/revisions"}],"wp:attachment":[{"href":"https:\/\/canalregionaltv.md\/index.php?rest_route=%2Fwp%2Fv2%2Fmedia&parent=3641"}],"wp:term":[{"taxonomy":"category","embeddable":true,"href":"https:\/\/canalregionaltv.md\/index.php?rest_route=%2Fwp%2Fv2%2Fcategories&post=3641"},{"taxonomy":"post_tag","embeddable":true,"href":"https:\/\/canalregionaltv.md\/index.php?rest_route=%2Fwp%2Fv2%2Ftags&post=3641"}],"curies":[{"name":"wp","href":"https:\/\/api.w.org\/{rel}","templated":true}]}}