{"id":3642,"date":"2026-09-03T17:03:03","date_gmt":"2026-09-03T15:03:03","guid":{"rendered":"https:\/\/canalregionaltv.md\/?p=3642"},"modified":"2026-09-03T17:03:03","modified_gmt":"2026-09-03T15:03:03","slug":"profesorii-nu-mai-trebuie-sa-si-reconfirme-periodic-gradele-didactice","status":"publish","type":"post","link":"https:\/\/canalregionaltv.md\/?p=3642","title":{"rendered":"Profesorii nu mai trebuie s\u0103-\u0219i reconfirme periodic gradele didactice"},"content":{"rendered":"<h3 class=\"isSelectedEnd\">Cadrele didactice din Republica Moldova nu mai sunt obligate s\u0103-\u0219i reconfirme periodic gradele didactice. Noile reguli au intrat \u00een vigoare odat\u0103 cu \u00eenceputul anului de studii 2026\u20132027 \u0219i fac parte din m\u0103surile de debirocratizare a sistemului educa\u021bional.<\/h3>\n<p class=\"isSelectedEnd\">Potrivit noilor prevederi, gradul didactic doi va fi men\u021binut pe perioad\u0103 nelimitat\u0103 dup\u0103 dou\u0103 confirm\u0103ri consecutive, iar gradul didactic unu \u2013 dup\u0103 o singur\u0103 confirmare. Gradul didactic superior va fi acordat \u00een continuare f\u0103r\u0103 obliga\u021bia unei reconfirm\u0103ri ulterioare.<\/p>\n<p class=\"isSelectedEnd\">De o valabilitate nelimitat\u0103 a gradului beneficiaz\u0103 \u0219i cadrele didactice care au cel pu\u021bin 30 de ani de activitate \u00een domeniu sau au atins v\u00e2rsta de pensionare. Pentru acestea este suficient\u0103 depunerea unei cereri, f\u0103r\u0103 parcurgerea unor proceduri suplimentare de confirmare.<\/p>\n<p class=\"isSelectedEnd\">Ministerul Educa\u021biei \u0219i Cercet\u0103rii a simplificat \u0219i procedura de atestare. Dosarele pentru conferirea gradelor didactice unu \u0219i superior vor fi depuse \u00een format electronic, iar activit\u0103\u021bile realizate \u00een cadrul evalu\u0103rii interne vor putea fi recunoscute la atestare. Astfel, profesorii nu vor mai fi nevoi\u021bi s\u0103 repete acelea\u0219i probe sau s\u0103 prezinte documente cu informa\u021bii deja disponibile.<\/p>\n<p class=\"isSelectedEnd\">Totodat\u0103, a fost redus num\u0103rul creditelor profesionale necesare pentru confirmare \u0219i au fost eliminate unele documente considerate redundante.<\/p>\n<p class=\"isSelectedEnd\">Ministrul Educa\u021biei \u0219i Cercet\u0103rii, Dan Perciun, sus\u021bine c\u0103 modific\u0103rile urm\u0103resc reducerea timpului pe care profesorii \u00eel aloc\u0103 procedurilor administrative.<\/p>\n<blockquote>\n<p class=\"isSelectedEnd\"><em>\u201eDin discu\u021biile cu profesorii \u0219tim c\u0103 reducerea birocra\u021biei poate contribui la men\u021binerea cadrelor didactice \u00een sistem \u0219i la cre\u0219terea atractivit\u0103\u021bii profesiei. Profesorii trebuie s\u0103 aib\u0103 mai mult timp pentru elevi \u0219i pentru activitatea la clas\u0103, nu pentru completarea repetat\u0103 a acelora\u0219i documente\u201d,<\/em> a declarat ministrul.<\/p>\n<\/blockquote>\n<p class=\"isSelectedEnd\">Noile prevederi extind \u0219i posibilitatea de a ob\u021bine grade didactice. Tinerii speciali\u0219ti se pot prezenta la atestare dup\u0103 cel pu\u021bin doi ani de activitate didactic\u0103. \u00cen cazul mai\u0219trilor-instructori din institu\u021biile de \u00eenv\u0103\u021b\u0103m\u00e2nt profesional tehnic, gradele didactice pot fi solicitate inclusiv de cei cu studii profesional-tehnice secundare.<\/p>\n<p class=\"isSelectedEnd\">Regulamentul recunoa\u0219te, de asemenea, mai multe modalit\u0103\u021bi de dob\u00e2ndire a calific\u0103rii, inclusiv recalificarea \u0219i validarea competen\u021belor profesionale.<\/p>\n<p class=\"isSelectedEnd\">Modificarea Regulamentului de atestare face parte din pachetul de m\u0103suri pentru debirocratizarea sistemului educa\u021bional \u00een 2026. Documentul a fost elaborat de MEC \u00een urma consult\u0103rilor cu cadre didactice, sindicate \u0219i organiza\u021bii de profil.<\/p>\n<p>\u00cen ultimii ani, ministerul a anun\u021bat reducerea num\u0103rului de controale \u0219i a documentelor obligatorii pentru institu\u021biile de \u00eenv\u0103\u021b\u0103m\u00e2nt.<\/p>\n<p>Articolul <a href=\"https:\/\/nordnews.md\/stiri-nationale\/social\/profesorii-nu-mai-trebuie-sa-si-reconfirme-periodic-gradele-didactice\/\">Profesorii nu mai trebuie s\u0103-\u0219i reconfirme periodic gradele didactice<\/a> apare prima dat\u0103 \u00een <a href=\"https:\/\/nordnews.md\/\">NordNews<\/a>.<\/p>","protected":false},"excerpt":{"rendered":"<p>Cadrele didactice din Republica Moldova nu mai sunt obligate s\u0103-\u0219i reconfirme periodic gradele didactice. Noile reguli au intrat \u00een vigoare odat\u0103 cu \u00eenceputul anului de [&hellip;]<\/p>\n","protected":false},"author":1,"featured_media":0,"comment_status":"open","ping_status":"closed","sticky":false,"template":"","format":"standard","meta":{"footnotes":""},"categories":[1],"tags":[],"class_list":["post-3642","post","type-post","status-publish","format-standard","hentry","category-uncategorized"],"yoast_head":"<!-- This site is optimized with the Yoast SEO plugin v21.3 - https:\/\/yoast.com\/wordpress\/plugins\/seo\/ -->\n<title>Profesorii nu mai trebuie s\u0103-\u0219i reconfirme periodic gradele didactice - Canal Regional<\/title>\n<meta name=\"robots\" content=\"index, follow, max-snippet:-1, max-image-preview:large, max-video-preview:-1\" \/>\n<link rel=\"canonical\" href=\"https:\/\/canalregionaltv.md\/?p=3642\" \/>\n<meta property=\"og:locale\" content=\"en_US\" \/>\n<meta property=\"og:type\" content=\"article\" \/>\n<meta property=\"og:title\" content=\"Profesorii nu mai trebuie s\u0103-\u0219i reconfirme periodic gradele didactice - Canal Regional\" \/>\n<meta property=\"og:description\" content=\"Cadrele didactice din Republica Moldova nu mai sunt obligate s\u0103-\u0219i reconfirme periodic gradele didactice. Noile reguli au intrat \u00een vigoare odat\u0103 cu \u00eenceputul anului de [&hellip;]\" \/>\n<meta property=\"og:url\" content=\"https:\/\/canalregionaltv.md\/?p=3642\" \/>\n<meta property=\"og:site_name\" content=\"Canal Regional\" \/>\n<meta property=\"article:author\" content=\"Canal Regional, Canal Regional TV\" \/>\n<meta property=\"article:published_time\" content=\"2026-09-03T15:03:03+00:00\" \/>\n<meta name=\"author\" content=\"admin_axts737o\" \/>\n<meta name=\"twitter:card\" content=\"summary_large_image\" \/>\n<meta name=\"twitter:label1\" content=\"Written by\" \/>\n\t<meta name=\"twitter:data1\" content=\"admin_axts737o\" \/>\n\t<meta name=\"twitter:label2\" content=\"Est. reading time\" \/>\n\t<meta name=\"twitter:data2\" content=\"2 minutes\" \/>\n<script type=\"application\/ld+json\" class=\"yoast-schema-graph\">{\"@context\":\"https:\/\/schema.org\",\"@graph\":[{\"@type\":\"Article\",\"@id\":\"https:\/\/canalregionaltv.md\/?p=3642#article\",\"isPartOf\":{\"@id\":\"https:\/\/canalregionaltv.md\/?p=3642\"},\"author\":{\"name\":\"admin_axts737o\",\"@id\":\"https:\/\/canalregionaltv.md\/#\/schema\/person\/96db60230b2eedd2fd6d09d267f32f8f\"},\"headline\":\"Profesorii nu mai trebuie s\u0103-\u0219i reconfirme periodic gradele didactice\",\"datePublished\":\"2026-09-03T15:03:03+00:00\",\"dateModified\":\"2026-09-03T15:03:03+00:00\",\"mainEntityOfPage\":{\"@id\":\"https:\/\/canalregionaltv.md\/?p=3642\"},\"wordCount\":444,\"commentCount\":0,\"publisher\":{\"@id\":\"https:\/\/canalregionaltv.md\/#organization\"},\"inLanguage\":\"en-US\",\"potentialAction\":[{\"@type\":\"CommentAction\",\"name\":\"Comment\",\"target\":[\"https:\/\/canalregionaltv.md\/?p=3642#respond\"]}]},{\"@type\":\"WebPage\",\"@id\":\"https:\/\/canalregionaltv.md\/?p=3642\",\"url\":\"https:\/\/canalregionaltv.md\/?p=3642\",\"name\":\"Profesorii nu mai trebuie s\u0103-\u0219i reconfirme periodic gradele didactice - Canal Regional\",\"isPartOf\":{\"@id\":\"https:\/\/canalregionaltv.md\/#website\"},\"datePublished\":\"2026-09-03T15:03:03+00:00\",\"dateModified\":\"2026-09-03T15:03:03+00:00\",\"breadcrumb\":{\"@id\":\"https:\/\/canalregionaltv.md\/?p=3642#breadcrumb\"},\"inLanguage\":\"en-US\",\"potentialAction\":[{\"@type\":\"ReadAction\",\"target\":[\"https:\/\/canalregionaltv.md\/?p=3642\"]}]},{\"@type\":\"BreadcrumbList\",\"@id\":\"https:\/\/canalregionaltv.md\/?p=3642#breadcrumb\",\"itemListElement\":[{\"@type\":\"ListItem\",\"position\":1,\"name\":\"Home\",\"item\":\"https:\/\/canalregionaltv.md\/\"},{\"@type\":\"ListItem\",\"position\":2,\"name\":\"Profesorii nu mai trebuie s\u0103-\u0219i reconfirme periodic gradele didactice\"}]},{\"@type\":\"WebSite\",\"@id\":\"https:\/\/canalregionaltv.md\/#website\",\"url\":\"https:\/\/canalregionaltv.md\/\",\"name\":\"Canal Regional\",\"description\":\"Canal Regional\",\"publisher\":{\"@id\":\"https:\/\/canalregionaltv.md\/#organization\"},\"potentialAction\":[{\"@type\":\"SearchAction\",\"target\":{\"@type\":\"EntryPoint\",\"urlTemplate\":\"https:\/\/canalregionaltv.md\/?s={search_term_string}\"},\"query-input\":\"required name=search_term_string\"}],\"inLanguage\":\"en-US\"},{\"@type\":\"Organization\",\"@id\":\"https:\/\/canalregionaltv.md\/#organization\",\"name\":\"Canal Regional\",\"url\":\"https:\/\/canalregionaltv.md\/\",\"logo\":{\"@type\":\"ImageObject\",\"inLanguage\":\"en-US\",\"@id\":\"https:\/\/canalregionaltv.md\/#\/schema\/logo\/image\/\",\"url\":\"https:\/\/canalregionaltv.md\/wp-content\/uploads\/2023\/10\/Logo_r.png\",\"contentUrl\":\"https:\/\/canalregionaltv.md\/wp-content\/uploads\/2023\/10\/Logo_r.png\",\"width\":403,\"height\":112,\"caption\":\"Canal Regional\"},\"image\":{\"@id\":\"https:\/\/canalregionaltv.md\/#\/schema\/logo\/image\/\"}},{\"@type\":\"Person\",\"@id\":\"https:\/\/canalregionaltv.md\/#\/schema\/person\/96db60230b2eedd2fd6d09d267f32f8f\",\"name\":\"admin_axts737o\",\"image\":{\"@type\":\"ImageObject\",\"inLanguage\":\"en-US\",\"@id\":\"https:\/\/canalregionaltv.md\/#\/schema\/person\/image\/\",\"url\":\"https:\/\/secure.gravatar.com\/avatar\/409e62ddd56f511fb1262f27a1535ee7719603a42e55b11651be97d388418cae?s=96&d=mm&r=g\",\"contentUrl\":\"https:\/\/secure.gravatar.com\/avatar\/409e62ddd56f511fb1262f27a1535ee7719603a42e55b11651be97d388418cae?s=96&d=mm&r=g\",\"caption\":\"admin_axts737o\"},\"sameAs\":[\"https:\/\/canalregionaltv.md\",\"Canal Regional, Canal Regional TV\",\"canal Regional\"],\"url\":\"https:\/\/canalregionaltv.md\/?author=1\"}]}<\/script>\n<!-- \/ Yoast SEO plugin. -->","yoast_head_json":{"title":"Profesorii nu mai trebuie s\u0103-\u0219i reconfirme periodic gradele didactice - Canal Regional","robots":{"index":"index","follow":"follow","max-snippet":"max-snippet:-1","max-image-preview":"max-image-preview:large","max-video-preview":"max-video-preview:-1"},"canonical":"https:\/\/canalregionaltv.md\/?p=3642","og_locale":"en_US","og_type":"article","og_title":"Profesorii nu mai trebuie s\u0103-\u0219i reconfirme periodic gradele didactice - Canal Regional","og_description":"Cadrele didactice din Republica Moldova nu mai sunt obligate s\u0103-\u0219i reconfirme periodic gradele didactice. Noile reguli au intrat \u00een vigoare odat\u0103 cu \u00eenceputul anului de [&hellip;]","og_url":"https:\/\/canalregionaltv.md\/?p=3642","og_site_name":"Canal Regional","article_author":"Canal Regional, Canal Regional TV","article_published_time":"2026-09-03T15:03:03+00:00","author":"admin_axts737o","twitter_card":"summary_large_image","twitter_misc":{"Written by":"admin_axts737o","Est. reading time":"2 minutes"},"schema":{"@context":"https:\/\/schema.org","@graph":[{"@type":"Article","@id":"https:\/\/canalregionaltv.md\/?p=3642#article","isPartOf":{"@id":"https:\/\/canalregionaltv.md\/?p=3642"},"author":{"name":"admin_axts737o","@id":"https:\/\/canalregionaltv.md\/#\/schema\/person\/96db60230b2eedd2fd6d09d267f32f8f"},"headline":"Profesorii nu mai trebuie s\u0103-\u0219i reconfirme periodic gradele didactice","datePublished":"2026-09-03T15:03:03+00:00","dateModified":"2026-09-03T15:03:03+00:00","mainEntityOfPage":{"@id":"https:\/\/canalregionaltv.md\/?p=3642"},"wordCount":444,"commentCount":0,"publisher":{"@id":"https:\/\/canalregionaltv.md\/#organization"},"inLanguage":"en-US","potentialAction":[{"@type":"CommentAction","name":"Comment","target":["https:\/\/canalregionaltv.md\/?p=3642#respond"]}]},{"@type":"WebPage","@id":"https:\/\/canalregionaltv.md\/?p=3642","url":"https:\/\/canalregionaltv.md\/?p=3642","name":"Profesorii nu mai trebuie s\u0103-\u0219i reconfirme periodic gradele didactice - Canal Regional","isPartOf":{"@id":"https:\/\/canalregionaltv.md\/#website"},"datePublished":"2026-09-03T15:03:03+00:00","dateModified":"2026-09-03T15:03:03+00:00","breadcrumb":{"@id":"https:\/\/canalregionaltv.md\/?p=3642#breadcrumb"},"inLanguage":"en-US","potentialAction":[{"@type":"ReadAction","target":["https:\/\/canalregionaltv.md\/?p=3642"]}]},{"@type":"BreadcrumbList","@id":"https:\/\/canalregionaltv.md\/?p=3642#breadcrumb","itemListElement":[{"@type":"ListItem","position":1,"name":"Home","item":"https:\/\/canalregionaltv.md\/"},{"@type":"ListItem","position":2,"name":"Profesorii nu mai trebuie s\u0103-\u0219i reconfirme periodic gradele didactice"}]},{"@type":"WebSite","@id":"https:\/\/canalregionaltv.md\/#website","url":"https:\/\/canalregionaltv.md\/","name":"Canal Regional","description":"Canal Regional","publisher":{"@id":"https:\/\/canalregionaltv.md\/#organization"},"potentialAction":[{"@type":"SearchAction","target":{"@type":"EntryPoint","urlTemplate":"https:\/\/canalregionaltv.md\/?s={search_term_string}"},"query-input":"required name=search_term_string"}],"inLanguage":"en-US"},{"@type":"Organization","@id":"https:\/\/canalregionaltv.md\/#organization","name":"Canal Regional","url":"https:\/\/canalregionaltv.md\/","logo":{"@type":"ImageObject","inLanguage":"en-US","@id":"https:\/\/canalregionaltv.md\/#\/schema\/logo\/image\/","url":"https:\/\/canalregionaltv.md\/wp-content\/uploads\/2023\/10\/Logo_r.png","contentUrl":"https:\/\/canalregionaltv.md\/wp-content\/uploads\/2023\/10\/Logo_r.png","width":403,"height":112,"caption":"Canal Regional"},"image":{"@id":"https:\/\/canalregionaltv.md\/#\/schema\/logo\/image\/"}},{"@type":"Person","@id":"https:\/\/canalregionaltv.md\/#\/schema\/person\/96db60230b2eedd2fd6d09d267f32f8f","name":"admin_axts737o","image":{"@type":"ImageObject","inLanguage":"en-US","@id":"https:\/\/canalregionaltv.md\/#\/schema\/person\/image\/","url":"https:\/\/secure.gravatar.com\/avatar\/409e62ddd56f511fb1262f27a1535ee7719603a42e55b11651be97d388418cae?s=96&d=mm&r=g","contentUrl":"https:\/\/secure.gravatar.com\/avatar\/409e62ddd56f511fb1262f27a1535ee7719603a42e55b11651be97d388418cae?s=96&d=mm&r=g","caption":"admin_axts737o"},"sameAs":["https:\/\/canalregionaltv.md","Canal Regional, Canal Regional TV","canal Regional"],"url":"https:\/\/canalregionaltv.md\/?author=1"}]}},"_links":{"self":[{"href":"https:\/\/canalregionaltv.md\/index.php?rest_route=\/wp\/v2\/posts\/3642","targetHints":{"allow":["GET"]}}],"collection":[{"href":"https:\/\/canalregionaltv.md\/index.php?rest_route=\/wp\/v2\/posts"}],"about":[{"href":"https:\/\/canalregionaltv.md\/index.php?rest_route=\/wp\/v2\/types\/post"}],"author":[{"embeddable":true,"href":"https:\/\/canalregionaltv.md\/index.php?rest_route=\/wp\/v2\/users\/1"}],"replies":[{"embeddable":true,"href":"https:\/\/canalregionaltv.md\/index.php?rest_route=%2Fwp%2Fv2%2Fcomments&post=3642"}],"version-history":[{"count":0,"href":"https:\/\/canalregionaltv.md\/index.php?rest_route=\/wp\/v2\/posts\/3642\/revisions"}],"wp:attachment":[{"href":"https:\/\/canalregionaltv.md\/index.php?rest_route=%2Fwp%2Fv2%2Fmedia&parent=3642"}],"wp:term":[{"taxonomy":"category","embeddable":true,"href":"https:\/\/canalregionaltv.md\/index.php?rest_route=%2Fwp%2Fv2%2Fcategories&post=3642"},{"taxonomy":"post_tag","embeddable":true,"href":"https:\/\/canalregionaltv.md\/index.php?rest_route=%2Fwp%2Fv2%2Ftags&post=3642"}],"curies":[{"name":"wp","href":"https:\/\/api.w.org\/{rel}","templated":true}]}}