{"id":3645,"date":"2026-09-04T17:02:29","date_gmt":"2026-09-04T15:02:29","guid":{"rendered":"https:\/\/canalregionaltv.md\/?p=3645"},"modified":"2026-09-04T17:02:29","modified_gmt":"2026-09-04T15:02:29","slug":"dorin-recean-revocat-din-consiliul-de-administratie-al-moldatsa","status":"publish","type":"post","link":"https:\/\/canalregionaltv.md\/?p=3645","title":{"rendered":"Dorin Recean, revocat din Consiliul de administra\u021bie al Moldatsa"},"content":{"rendered":"<h3 class=\"isSelectedEnd\">Fostul premier Dorin Recean nu mai face parte din Consiliul de administra\u021bie al \u00ce.S. \u201eMoldatsa\u201d. Mandatul s\u0103u a \u00eencetat \u00een baza unui ordin emis de Agen\u021bia Propriet\u0103\u021bii Publice.<\/h3>\n<p class=\"isSelectedEnd\">Recean fusese numit \u00een Consiliul de administra\u021bie al \u00eentreprinderii la mijlocul lunii iunie. La acel moment, el preciza c\u0103 mandatul s\u0103u va fi unul limitat \u0219i c\u0103 urma s\u0103 contribuie la restructurarea Moldatsa, inclusiv prin eliminarea func\u021biilor redundante \u0219i a vulnerabilit\u0103\u021bilor care ar putea favoriza abuzurile.<\/p>\n<p class=\"isSelectedEnd\">\u00centreprinderea a ajuns \u00een aten\u021bia public\u0103 \u00een urma unor informa\u021bii privind salariile \u0219i stimulentele acordate angaja\u021bilor, dar \u0219i modul \u00een care au fost ocupate anumite func\u021bii.<\/p>\n<p class=\"isSelectedEnd\">Administratorul Moldatsa, Dumitru Vangheli, a fost demis dup\u0103 ce s-a constatat c\u0103 a inclus informa\u021bii false \u00een CV. \u00cen aceea\u0219i perioad\u0103, Anastasia Taburceanu, Radu Marian \u0219i Roman Cojuhari au renun\u021bat la func\u021biile pe care le de\u021bineau.<\/p>\n<p>Anterior, o evaluare a integrit\u0103\u021bii institu\u021bionale realizat\u0103 de Centrul Na\u021bional Anticorup\u021bie a identificat mai multe deficien\u021be la Moldatsa. Printre acestea se num\u0103r\u0103 angaj\u0103ri f\u0103r\u0103 organizarea concursurilor, acordarea discre\u021bionar\u0103 a premiilor \u0219i vulnerabilit\u0103\u021bi \u00een procedurile de achizi\u021bii publice.<\/p>\n<p>Articolul <a href=\"https:\/\/nordnews.md\/stiri-nationale\/politic\/dorin-recean-moldatsa-consiliul-administratie\/\">Dorin Recean, revocat din Consiliul de administra\u021bie al Moldatsa<\/a> apare prima dat\u0103 \u00een <a href=\"https:\/\/nordnews.md\/\">NordNews<\/a>.<\/p>","protected":false},"excerpt":{"rendered":"<p>Fostul premier Dorin Recean nu mai face parte din Consiliul de administra\u021bie al \u00ce.S. \u201eMoldatsa\u201d. Mandatul s\u0103u a \u00eencetat \u00een baza unui ordin emis de [&hellip;]<\/p>\n","protected":false},"author":1,"featured_media":0,"comment_status":"open","ping_status":"closed","sticky":false,"template":"","format":"standard","meta":{"footnotes":""},"categories":[1],"tags":[],"class_list":["post-3645","post","type-post","status-publish","format-standard","hentry","category-uncategorized"],"yoast_head":"<!-- This site is optimized with the Yoast SEO plugin v21.3 - https:\/\/yoast.com\/wordpress\/plugins\/seo\/ -->\n<title>Dorin Recean, revocat din Consiliul de administra\u021bie al Moldatsa - Canal Regional<\/title>\n<meta name=\"robots\" content=\"index, follow, max-snippet:-1, max-image-preview:large, max-video-preview:-1\" \/>\n<link rel=\"canonical\" href=\"https:\/\/canalregionaltv.md\/?p=3645\" \/>\n<meta property=\"og:locale\" content=\"en_US\" \/>\n<meta property=\"og:type\" content=\"article\" \/>\n<meta property=\"og:title\" content=\"Dorin Recean, revocat din Consiliul de administra\u021bie al Moldatsa - Canal Regional\" \/>\n<meta property=\"og:description\" content=\"Fostul premier Dorin Recean nu mai face parte din Consiliul de administra\u021bie al \u00ce.S. \u201eMoldatsa\u201d. Mandatul s\u0103u a \u00eencetat \u00een baza unui ordin emis de [&hellip;]\" \/>\n<meta property=\"og:url\" content=\"https:\/\/canalregionaltv.md\/?p=3645\" \/>\n<meta property=\"og:site_name\" content=\"Canal Regional\" \/>\n<meta property=\"article:author\" content=\"Canal Regional, Canal Regional TV\" \/>\n<meta property=\"article:published_time\" content=\"2026-09-04T15:02:29+00:00\" \/>\n<meta name=\"author\" content=\"admin_axts737o\" \/>\n<meta name=\"twitter:card\" content=\"summary_large_image\" \/>\n<meta name=\"twitter:label1\" content=\"Written by\" \/>\n\t<meta name=\"twitter:data1\" content=\"admin_axts737o\" \/>\n\t<meta name=\"twitter:label2\" content=\"Est. reading time\" \/>\n\t<meta name=\"twitter:data2\" content=\"1 minute\" \/>\n<script type=\"application\/ld+json\" class=\"yoast-schema-graph\">{\"@context\":\"https:\/\/schema.org\",\"@graph\":[{\"@type\":\"Article\",\"@id\":\"https:\/\/canalregionaltv.md\/?p=3645#article\",\"isPartOf\":{\"@id\":\"https:\/\/canalregionaltv.md\/?p=3645\"},\"author\":{\"name\":\"admin_axts737o\",\"@id\":\"https:\/\/canalregionaltv.md\/#\/schema\/person\/96db60230b2eedd2fd6d09d267f32f8f\"},\"headline\":\"Dorin Recean, revocat din Consiliul de administra\u021bie al Moldatsa\",\"datePublished\":\"2026-09-04T15:02:29+00:00\",\"dateModified\":\"2026-09-04T15:02:29+00:00\",\"mainEntityOfPage\":{\"@id\":\"https:\/\/canalregionaltv.md\/?p=3645\"},\"wordCount\":227,\"commentCount\":0,\"publisher\":{\"@id\":\"https:\/\/canalregionaltv.md\/#organization\"},\"inLanguage\":\"en-US\",\"potentialAction\":[{\"@type\":\"CommentAction\",\"name\":\"Comment\",\"target\":[\"https:\/\/canalregionaltv.md\/?p=3645#respond\"]}]},{\"@type\":\"WebPage\",\"@id\":\"https:\/\/canalregionaltv.md\/?p=3645\",\"url\":\"https:\/\/canalregionaltv.md\/?p=3645\",\"name\":\"Dorin Recean, revocat din Consiliul de administra\u021bie al Moldatsa - Canal Regional\",\"isPartOf\":{\"@id\":\"https:\/\/canalregionaltv.md\/#website\"},\"datePublished\":\"2026-09-04T15:02:29+00:00\",\"dateModified\":\"2026-09-04T15:02:29+00:00\",\"breadcrumb\":{\"@id\":\"https:\/\/canalregionaltv.md\/?p=3645#breadcrumb\"},\"inLanguage\":\"en-US\",\"potentialAction\":[{\"@type\":\"ReadAction\",\"target\":[\"https:\/\/canalregionaltv.md\/?p=3645\"]}]},{\"@type\":\"BreadcrumbList\",\"@id\":\"https:\/\/canalregionaltv.md\/?p=3645#breadcrumb\",\"itemListElement\":[{\"@type\":\"ListItem\",\"position\":1,\"name\":\"Home\",\"item\":\"https:\/\/canalregionaltv.md\/\"},{\"@type\":\"ListItem\",\"position\":2,\"name\":\"Dorin Recean, revocat din Consiliul de administra\u021bie al Moldatsa\"}]},{\"@type\":\"WebSite\",\"@id\":\"https:\/\/canalregionaltv.md\/#website\",\"url\":\"https:\/\/canalregionaltv.md\/\",\"name\":\"Canal Regional\",\"description\":\"Canal Regional\",\"publisher\":{\"@id\":\"https:\/\/canalregionaltv.md\/#organization\"},\"potentialAction\":[{\"@type\":\"SearchAction\",\"target\":{\"@type\":\"EntryPoint\",\"urlTemplate\":\"https:\/\/canalregionaltv.md\/?s={search_term_string}\"},\"query-input\":\"required name=search_term_string\"}],\"inLanguage\":\"en-US\"},{\"@type\":\"Organization\",\"@id\":\"https:\/\/canalregionaltv.md\/#organization\",\"name\":\"Canal Regional\",\"url\":\"https:\/\/canalregionaltv.md\/\",\"logo\":{\"@type\":\"ImageObject\",\"inLanguage\":\"en-US\",\"@id\":\"https:\/\/canalregionaltv.md\/#\/schema\/logo\/image\/\",\"url\":\"https:\/\/canalregionaltv.md\/wp-content\/uploads\/2023\/10\/Logo_r.png\",\"contentUrl\":\"https:\/\/canalregionaltv.md\/wp-content\/uploads\/2023\/10\/Logo_r.png\",\"width\":403,\"height\":112,\"caption\":\"Canal Regional\"},\"image\":{\"@id\":\"https:\/\/canalregionaltv.md\/#\/schema\/logo\/image\/\"}},{\"@type\":\"Person\",\"@id\":\"https:\/\/canalregionaltv.md\/#\/schema\/person\/96db60230b2eedd2fd6d09d267f32f8f\",\"name\":\"admin_axts737o\",\"image\":{\"@type\":\"ImageObject\",\"inLanguage\":\"en-US\",\"@id\":\"https:\/\/canalregionaltv.md\/#\/schema\/person\/image\/\",\"url\":\"https:\/\/secure.gravatar.com\/avatar\/409e62ddd56f511fb1262f27a1535ee7719603a42e55b11651be97d388418cae?s=96&d=mm&r=g\",\"contentUrl\":\"https:\/\/secure.gravatar.com\/avatar\/409e62ddd56f511fb1262f27a1535ee7719603a42e55b11651be97d388418cae?s=96&d=mm&r=g\",\"caption\":\"admin_axts737o\"},\"sameAs\":[\"https:\/\/canalregionaltv.md\",\"Canal Regional, Canal Regional TV\",\"canal Regional\"],\"url\":\"https:\/\/canalregionaltv.md\/?author=1\"}]}<\/script>\n<!-- \/ Yoast SEO plugin. -->","yoast_head_json":{"title":"Dorin Recean, revocat din Consiliul de administra\u021bie al Moldatsa - Canal Regional","robots":{"index":"index","follow":"follow","max-snippet":"max-snippet:-1","max-image-preview":"max-image-preview:large","max-video-preview":"max-video-preview:-1"},"canonical":"https:\/\/canalregionaltv.md\/?p=3645","og_locale":"en_US","og_type":"article","og_title":"Dorin Recean, revocat din Consiliul de administra\u021bie al Moldatsa - Canal Regional","og_description":"Fostul premier Dorin Recean nu mai face parte din Consiliul de administra\u021bie al \u00ce.S. \u201eMoldatsa\u201d. Mandatul s\u0103u a \u00eencetat \u00een baza unui ordin emis de [&hellip;]","og_url":"https:\/\/canalregionaltv.md\/?p=3645","og_site_name":"Canal Regional","article_author":"Canal Regional, Canal Regional TV","article_published_time":"2026-09-04T15:02:29+00:00","author":"admin_axts737o","twitter_card":"summary_large_image","twitter_misc":{"Written by":"admin_axts737o","Est. reading time":"1 minute"},"schema":{"@context":"https:\/\/schema.org","@graph":[{"@type":"Article","@id":"https:\/\/canalregionaltv.md\/?p=3645#article","isPartOf":{"@id":"https:\/\/canalregionaltv.md\/?p=3645"},"author":{"name":"admin_axts737o","@id":"https:\/\/canalregionaltv.md\/#\/schema\/person\/96db60230b2eedd2fd6d09d267f32f8f"},"headline":"Dorin Recean, revocat din Consiliul de administra\u021bie al Moldatsa","datePublished":"2026-09-04T15:02:29+00:00","dateModified":"2026-09-04T15:02:29+00:00","mainEntityOfPage":{"@id":"https:\/\/canalregionaltv.md\/?p=3645"},"wordCount":227,"commentCount":0,"publisher":{"@id":"https:\/\/canalregionaltv.md\/#organization"},"inLanguage":"en-US","potentialAction":[{"@type":"CommentAction","name":"Comment","target":["https:\/\/canalregionaltv.md\/?p=3645#respond"]}]},{"@type":"WebPage","@id":"https:\/\/canalregionaltv.md\/?p=3645","url":"https:\/\/canalregionaltv.md\/?p=3645","name":"Dorin Recean, revocat din Consiliul de administra\u021bie al Moldatsa - Canal Regional","isPartOf":{"@id":"https:\/\/canalregionaltv.md\/#website"},"datePublished":"2026-09-04T15:02:29+00:00","dateModified":"2026-09-04T15:02:29+00:00","breadcrumb":{"@id":"https:\/\/canalregionaltv.md\/?p=3645#breadcrumb"},"inLanguage":"en-US","potentialAction":[{"@type":"ReadAction","target":["https:\/\/canalregionaltv.md\/?p=3645"]}]},{"@type":"BreadcrumbList","@id":"https:\/\/canalregionaltv.md\/?p=3645#breadcrumb","itemListElement":[{"@type":"ListItem","position":1,"name":"Home","item":"https:\/\/canalregionaltv.md\/"},{"@type":"ListItem","position":2,"name":"Dorin Recean, revocat din Consiliul de administra\u021bie al Moldatsa"}]},{"@type":"WebSite","@id":"https:\/\/canalregionaltv.md\/#website","url":"https:\/\/canalregionaltv.md\/","name":"Canal Regional","description":"Canal Regional","publisher":{"@id":"https:\/\/canalregionaltv.md\/#organization"},"potentialAction":[{"@type":"SearchAction","target":{"@type":"EntryPoint","urlTemplate":"https:\/\/canalregionaltv.md\/?s={search_term_string}"},"query-input":"required name=search_term_string"}],"inLanguage":"en-US"},{"@type":"Organization","@id":"https:\/\/canalregionaltv.md\/#organization","name":"Canal Regional","url":"https:\/\/canalregionaltv.md\/","logo":{"@type":"ImageObject","inLanguage":"en-US","@id":"https:\/\/canalregionaltv.md\/#\/schema\/logo\/image\/","url":"https:\/\/canalregionaltv.md\/wp-content\/uploads\/2023\/10\/Logo_r.png","contentUrl":"https:\/\/canalregionaltv.md\/wp-content\/uploads\/2023\/10\/Logo_r.png","width":403,"height":112,"caption":"Canal Regional"},"image":{"@id":"https:\/\/canalregionaltv.md\/#\/schema\/logo\/image\/"}},{"@type":"Person","@id":"https:\/\/canalregionaltv.md\/#\/schema\/person\/96db60230b2eedd2fd6d09d267f32f8f","name":"admin_axts737o","image":{"@type":"ImageObject","inLanguage":"en-US","@id":"https:\/\/canalregionaltv.md\/#\/schema\/person\/image\/","url":"https:\/\/secure.gravatar.com\/avatar\/409e62ddd56f511fb1262f27a1535ee7719603a42e55b11651be97d388418cae?s=96&d=mm&r=g","contentUrl":"https:\/\/secure.gravatar.com\/avatar\/409e62ddd56f511fb1262f27a1535ee7719603a42e55b11651be97d388418cae?s=96&d=mm&r=g","caption":"admin_axts737o"},"sameAs":["https:\/\/canalregionaltv.md","Canal Regional, Canal Regional TV","canal Regional"],"url":"https:\/\/canalregionaltv.md\/?author=1"}]}},"_links":{"self":[{"href":"https:\/\/canalregionaltv.md\/index.php?rest_route=\/wp\/v2\/posts\/3645","targetHints":{"allow":["GET"]}}],"collection":[{"href":"https:\/\/canalregionaltv.md\/index.php?rest_route=\/wp\/v2\/posts"}],"about":[{"href":"https:\/\/canalregionaltv.md\/index.php?rest_route=\/wp\/v2\/types\/post"}],"author":[{"embeddable":true,"href":"https:\/\/canalregionaltv.md\/index.php?rest_route=\/wp\/v2\/users\/1"}],"replies":[{"embeddable":true,"href":"https:\/\/canalregionaltv.md\/index.php?rest_route=%2Fwp%2Fv2%2Fcomments&post=3645"}],"version-history":[{"count":0,"href":"https:\/\/canalregionaltv.md\/index.php?rest_route=\/wp\/v2\/posts\/3645\/revisions"}],"wp:attachment":[{"href":"https:\/\/canalregionaltv.md\/index.php?rest_route=%2Fwp%2Fv2%2Fmedia&parent=3645"}],"wp:term":[{"taxonomy":"category","embeddable":true,"href":"https:\/\/canalregionaltv.md\/index.php?rest_route=%2Fwp%2Fv2%2Fcategories&post=3645"},{"taxonomy":"post_tag","embeddable":true,"href":"https:\/\/canalregionaltv.md\/index.php?rest_route=%2Fwp%2Fv2%2Ftags&post=3645"}],"curies":[{"name":"wp","href":"https:\/\/api.w.org\/{rel}","templated":true}]}}