{"id":3646,"date":"2026-09-04T17:02:29","date_gmt":"2026-09-04T15:02:29","guid":{"rendered":"https:\/\/canalregionaltv.md\/?p=3646"},"modified":"2026-09-04T17:02:29","modified_gmt":"2026-09-04T15:02:29","slug":"video-serviciul-vamal-implineste-35-de-ani-radu-vrabie-avem-responsabilitatea-pentru-vama-pe-care-o-construim","status":"publish","type":"post","link":"https:\/\/canalregionaltv.md\/?p=3646","title":{"rendered":"VIDEO\u00a0Serviciul Vamal \u00eempline\u0219te 35 de ani. Radu Vrabie: \u201eAvem responsabilitatea pentru Vama pe care o construim\u201d"},"content":{"rendered":"<h3 class=\"PDq2pG_selectionAnchorContainer\" data-start=\"21\" data-end=\"241\">Cu ochii-n patru la hotar de 35 de ani. Serviciul Vamal \u00ee\u0219i marcheaz\u0103 ast\u0103zi aniversarea, iar directorul institu\u021biei, Radu Vrabie, spune c\u0103 urm\u0103toarea miz\u0103 este construirea unei v\u0103mi \u201emoderne, puternice \u0219i europene\u201d. Mesajul a fost transmis vineri, 4 septembrie, cu ocazia Zilei profesionale a func\u021bionarului vamal \u0219i a \u00eemplinirii a 35 de ani de la crearea sistemului vamal al Republicii Moldova.<\/h3>\n<p data-start=\"425\" data-end=\"624\">Radu Vrabie le-a mul\u021bumit actualilor angaja\u021bi, dar \u0219i veteranilor institu\u021biei, afirm\u00e2nd c\u0103 munca unui func\u021bionar vamal presupune vigilen\u021b\u0103 \u0219i decizii care, uneori, trebuie luate \u00een doar c\u00e2teva clipe.<\/p>\n<p data-start=\"425\" data-end=\"624\">\n<\/p><p data-start=\"626\" data-end=\"810\">Directorul Serviciului Vamal a vorbit \u0219i despre angaja\u021bii care lucreaz\u0103 \u00een ture de noapte, \u00een zile aglomerate sau de s\u0103rb\u0103tori, precum \u0219i despre sprijinul oferit de familiile acestora.<\/p>\n<blockquote data-start=\"812\" data-end=\"949\">\n<p data-start=\"814\" data-end=\"949\"><em>\u201eAvem responsabilitatea pentru Vama pe care o construim \u00een anii care urmeaz\u0103. Modern\u0103, puternic\u0103 \u0219i european\u0103\u201d,<\/em><strong> a declarat Radu Vrabie.<\/strong><\/p>\n<\/blockquote>\n<p data-start=\"951\" data-end=\"1060\">Cu prilejul anivers\u0103rii, acesta le-a urat func\u021bionarilor vamali s\u0103n\u0103tate, putere \u0219i satisfac\u021bie profesional\u0103.<\/p>\n<p>Articolul <a href=\"https:\/\/nordnews.md\/stiri-nationale\/serviciul-vamal-implineste-35-de-ani\/\">&lt;span class=&#8221;badge-status&#8221; style=&#8221;background: #ff1813;&#8221;&gt;VIDEO&lt;\/span&gt;\u00a0Serviciul Vamal \u00eempline\u0219te 35 de ani. Radu Vrabie: \u201eAvem responsabilitatea pentru Vama pe care o construim\u201d<\/a> apare prima dat\u0103 \u00een <a href=\"https:\/\/nordnews.md\/\">NordNews<\/a>.<\/p>","protected":false},"excerpt":{"rendered":"<p>Cu ochii-n patru la hotar de 35 de ani. Serviciul Vamal \u00ee\u0219i marcheaz\u0103 ast\u0103zi aniversarea, iar directorul institu\u021biei, Radu Vrabie, spune c\u0103 urm\u0103toarea miz\u0103 este [&hellip;]<\/p>\n","protected":false},"author":1,"featured_media":0,"comment_status":"open","ping_status":"closed","sticky":false,"template":"","format":"standard","meta":{"footnotes":""},"categories":[1],"tags":[],"class_list":["post-3646","post","type-post","status-publish","format-standard","hentry","category-uncategorized"],"yoast_head":"<!-- This site is optimized with the Yoast SEO plugin v21.3 - https:\/\/yoast.com\/wordpress\/plugins\/seo\/ -->\n<title>VIDEO\u00a0Serviciul Vamal \u00eempline\u0219te 35 de ani. Radu Vrabie: \u201eAvem responsabilitatea pentru Vama pe care o construim\u201d - Canal Regional<\/title>\n<meta name=\"robots\" content=\"index, follow, max-snippet:-1, max-image-preview:large, max-video-preview:-1\" \/>\n<link rel=\"canonical\" href=\"https:\/\/canalregionaltv.md\/?p=3646\" \/>\n<meta property=\"og:locale\" content=\"en_US\" \/>\n<meta property=\"og:type\" content=\"article\" \/>\n<meta property=\"og:title\" content=\"VIDEO\u00a0Serviciul Vamal \u00eempline\u0219te 35 de ani. Radu Vrabie: \u201eAvem responsabilitatea pentru Vama pe care o construim\u201d - Canal Regional\" \/>\n<meta property=\"og:description\" content=\"Cu ochii-n patru la hotar de 35 de ani. Serviciul Vamal \u00ee\u0219i marcheaz\u0103 ast\u0103zi aniversarea, iar directorul institu\u021biei, Radu Vrabie, spune c\u0103 urm\u0103toarea miz\u0103 este [&hellip;]\" \/>\n<meta property=\"og:url\" content=\"https:\/\/canalregionaltv.md\/?p=3646\" \/>\n<meta property=\"og:site_name\" content=\"Canal Regional\" \/>\n<meta property=\"article:author\" content=\"Canal Regional, Canal Regional TV\" \/>\n<meta property=\"article:published_time\" content=\"2026-09-04T15:02:29+00:00\" \/>\n<meta name=\"author\" content=\"admin_axts737o\" \/>\n<meta name=\"twitter:card\" content=\"summary_large_image\" \/>\n<meta name=\"twitter:label1\" content=\"Written by\" \/>\n\t<meta name=\"twitter:data1\" content=\"admin_axts737o\" \/>\n\t<meta name=\"twitter:label2\" content=\"Est. reading time\" \/>\n\t<meta name=\"twitter:data2\" content=\"1 minute\" \/>\n<script type=\"application\/ld+json\" class=\"yoast-schema-graph\">{\"@context\":\"https:\/\/schema.org\",\"@graph\":[{\"@type\":\"Article\",\"@id\":\"https:\/\/canalregionaltv.md\/?p=3646#article\",\"isPartOf\":{\"@id\":\"https:\/\/canalregionaltv.md\/?p=3646\"},\"author\":{\"name\":\"admin_axts737o\",\"@id\":\"https:\/\/canalregionaltv.md\/#\/schema\/person\/96db60230b2eedd2fd6d09d267f32f8f\"},\"headline\":\"VIDEO\u00a0Serviciul Vamal \u00eempline\u0219te 35 de ani. Radu Vrabie: \u201eAvem responsabilitatea pentru Vama pe care o construim\u201d\",\"datePublished\":\"2026-09-04T15:02:29+00:00\",\"dateModified\":\"2026-09-04T15:02:29+00:00\",\"mainEntityOfPage\":{\"@id\":\"https:\/\/canalregionaltv.md\/?p=3646\"},\"wordCount\":217,\"commentCount\":0,\"publisher\":{\"@id\":\"https:\/\/canalregionaltv.md\/#organization\"},\"inLanguage\":\"en-US\",\"potentialAction\":[{\"@type\":\"CommentAction\",\"name\":\"Comment\",\"target\":[\"https:\/\/canalregionaltv.md\/?p=3646#respond\"]}]},{\"@type\":\"WebPage\",\"@id\":\"https:\/\/canalregionaltv.md\/?p=3646\",\"url\":\"https:\/\/canalregionaltv.md\/?p=3646\",\"name\":\"VIDEO\u00a0Serviciul Vamal \u00eempline\u0219te 35 de ani. Radu Vrabie: \u201eAvem responsabilitatea pentru Vama pe care o construim\u201d - Canal Regional\",\"isPartOf\":{\"@id\":\"https:\/\/canalregionaltv.md\/#website\"},\"datePublished\":\"2026-09-04T15:02:29+00:00\",\"dateModified\":\"2026-09-04T15:02:29+00:00\",\"breadcrumb\":{\"@id\":\"https:\/\/canalregionaltv.md\/?p=3646#breadcrumb\"},\"inLanguage\":\"en-US\",\"potentialAction\":[{\"@type\":\"ReadAction\",\"target\":[\"https:\/\/canalregionaltv.md\/?p=3646\"]}]},{\"@type\":\"BreadcrumbList\",\"@id\":\"https:\/\/canalregionaltv.md\/?p=3646#breadcrumb\",\"itemListElement\":[{\"@type\":\"ListItem\",\"position\":1,\"name\":\"Home\",\"item\":\"https:\/\/canalregionaltv.md\/\"},{\"@type\":\"ListItem\",\"position\":2,\"name\":\"VIDEO\u00a0Serviciul Vamal \u00eempline\u0219te 35 de ani. Radu Vrabie: \u201eAvem responsabilitatea pentru Vama pe care o construim\u201d\"}]},{\"@type\":\"WebSite\",\"@id\":\"https:\/\/canalregionaltv.md\/#website\",\"url\":\"https:\/\/canalregionaltv.md\/\",\"name\":\"Canal Regional\",\"description\":\"Canal Regional\",\"publisher\":{\"@id\":\"https:\/\/canalregionaltv.md\/#organization\"},\"potentialAction\":[{\"@type\":\"SearchAction\",\"target\":{\"@type\":\"EntryPoint\",\"urlTemplate\":\"https:\/\/canalregionaltv.md\/?s={search_term_string}\"},\"query-input\":\"required name=search_term_string\"}],\"inLanguage\":\"en-US\"},{\"@type\":\"Organization\",\"@id\":\"https:\/\/canalregionaltv.md\/#organization\",\"name\":\"Canal Regional\",\"url\":\"https:\/\/canalregionaltv.md\/\",\"logo\":{\"@type\":\"ImageObject\",\"inLanguage\":\"en-US\",\"@id\":\"https:\/\/canalregionaltv.md\/#\/schema\/logo\/image\/\",\"url\":\"https:\/\/canalregionaltv.md\/wp-content\/uploads\/2023\/10\/Logo_r.png\",\"contentUrl\":\"https:\/\/canalregionaltv.md\/wp-content\/uploads\/2023\/10\/Logo_r.png\",\"width\":403,\"height\":112,\"caption\":\"Canal Regional\"},\"image\":{\"@id\":\"https:\/\/canalregionaltv.md\/#\/schema\/logo\/image\/\"}},{\"@type\":\"Person\",\"@id\":\"https:\/\/canalregionaltv.md\/#\/schema\/person\/96db60230b2eedd2fd6d09d267f32f8f\",\"name\":\"admin_axts737o\",\"image\":{\"@type\":\"ImageObject\",\"inLanguage\":\"en-US\",\"@id\":\"https:\/\/canalregionaltv.md\/#\/schema\/person\/image\/\",\"url\":\"https:\/\/secure.gravatar.com\/avatar\/409e62ddd56f511fb1262f27a1535ee7719603a42e55b11651be97d388418cae?s=96&d=mm&r=g\",\"contentUrl\":\"https:\/\/secure.gravatar.com\/avatar\/409e62ddd56f511fb1262f27a1535ee7719603a42e55b11651be97d388418cae?s=96&d=mm&r=g\",\"caption\":\"admin_axts737o\"},\"sameAs\":[\"https:\/\/canalregionaltv.md\",\"Canal Regional, Canal Regional TV\",\"canal Regional\"],\"url\":\"https:\/\/canalregionaltv.md\/?author=1\"}]}<\/script>\n<!-- \/ Yoast SEO plugin. -->","yoast_head_json":{"title":"VIDEO\u00a0Serviciul Vamal \u00eempline\u0219te 35 de ani. Radu Vrabie: \u201eAvem responsabilitatea pentru Vama pe care o construim\u201d - Canal Regional","robots":{"index":"index","follow":"follow","max-snippet":"max-snippet:-1","max-image-preview":"max-image-preview:large","max-video-preview":"max-video-preview:-1"},"canonical":"https:\/\/canalregionaltv.md\/?p=3646","og_locale":"en_US","og_type":"article","og_title":"VIDEO\u00a0Serviciul Vamal \u00eempline\u0219te 35 de ani. Radu Vrabie: \u201eAvem responsabilitatea pentru Vama pe care o construim\u201d - Canal Regional","og_description":"Cu ochii-n patru la hotar de 35 de ani. Serviciul Vamal \u00ee\u0219i marcheaz\u0103 ast\u0103zi aniversarea, iar directorul institu\u021biei, Radu Vrabie, spune c\u0103 urm\u0103toarea miz\u0103 este [&hellip;]","og_url":"https:\/\/canalregionaltv.md\/?p=3646","og_site_name":"Canal Regional","article_author":"Canal Regional, Canal Regional TV","article_published_time":"2026-09-04T15:02:29+00:00","author":"admin_axts737o","twitter_card":"summary_large_image","twitter_misc":{"Written by":"admin_axts737o","Est. reading time":"1 minute"},"schema":{"@context":"https:\/\/schema.org","@graph":[{"@type":"Article","@id":"https:\/\/canalregionaltv.md\/?p=3646#article","isPartOf":{"@id":"https:\/\/canalregionaltv.md\/?p=3646"},"author":{"name":"admin_axts737o","@id":"https:\/\/canalregionaltv.md\/#\/schema\/person\/96db60230b2eedd2fd6d09d267f32f8f"},"headline":"VIDEO\u00a0Serviciul Vamal \u00eempline\u0219te 35 de ani. Radu Vrabie: \u201eAvem responsabilitatea pentru Vama pe care o construim\u201d","datePublished":"2026-09-04T15:02:29+00:00","dateModified":"2026-09-04T15:02:29+00:00","mainEntityOfPage":{"@id":"https:\/\/canalregionaltv.md\/?p=3646"},"wordCount":217,"commentCount":0,"publisher":{"@id":"https:\/\/canalregionaltv.md\/#organization"},"inLanguage":"en-US","potentialAction":[{"@type":"CommentAction","name":"Comment","target":["https:\/\/canalregionaltv.md\/?p=3646#respond"]}]},{"@type":"WebPage","@id":"https:\/\/canalregionaltv.md\/?p=3646","url":"https:\/\/canalregionaltv.md\/?p=3646","name":"VIDEO\u00a0Serviciul Vamal \u00eempline\u0219te 35 de ani. Radu Vrabie: \u201eAvem responsabilitatea pentru Vama pe care o construim\u201d - Canal Regional","isPartOf":{"@id":"https:\/\/canalregionaltv.md\/#website"},"datePublished":"2026-09-04T15:02:29+00:00","dateModified":"2026-09-04T15:02:29+00:00","breadcrumb":{"@id":"https:\/\/canalregionaltv.md\/?p=3646#breadcrumb"},"inLanguage":"en-US","potentialAction":[{"@type":"ReadAction","target":["https:\/\/canalregionaltv.md\/?p=3646"]}]},{"@type":"BreadcrumbList","@id":"https:\/\/canalregionaltv.md\/?p=3646#breadcrumb","itemListElement":[{"@type":"ListItem","position":1,"name":"Home","item":"https:\/\/canalregionaltv.md\/"},{"@type":"ListItem","position":2,"name":"VIDEO\u00a0Serviciul Vamal \u00eempline\u0219te 35 de ani. Radu Vrabie: \u201eAvem responsabilitatea pentru Vama pe care o construim\u201d"}]},{"@type":"WebSite","@id":"https:\/\/canalregionaltv.md\/#website","url":"https:\/\/canalregionaltv.md\/","name":"Canal Regional","description":"Canal Regional","publisher":{"@id":"https:\/\/canalregionaltv.md\/#organization"},"potentialAction":[{"@type":"SearchAction","target":{"@type":"EntryPoint","urlTemplate":"https:\/\/canalregionaltv.md\/?s={search_term_string}"},"query-input":"required name=search_term_string"}],"inLanguage":"en-US"},{"@type":"Organization","@id":"https:\/\/canalregionaltv.md\/#organization","name":"Canal Regional","url":"https:\/\/canalregionaltv.md\/","logo":{"@type":"ImageObject","inLanguage":"en-US","@id":"https:\/\/canalregionaltv.md\/#\/schema\/logo\/image\/","url":"https:\/\/canalregionaltv.md\/wp-content\/uploads\/2023\/10\/Logo_r.png","contentUrl":"https:\/\/canalregionaltv.md\/wp-content\/uploads\/2023\/10\/Logo_r.png","width":403,"height":112,"caption":"Canal Regional"},"image":{"@id":"https:\/\/canalregionaltv.md\/#\/schema\/logo\/image\/"}},{"@type":"Person","@id":"https:\/\/canalregionaltv.md\/#\/schema\/person\/96db60230b2eedd2fd6d09d267f32f8f","name":"admin_axts737o","image":{"@type":"ImageObject","inLanguage":"en-US","@id":"https:\/\/canalregionaltv.md\/#\/schema\/person\/image\/","url":"https:\/\/secure.gravatar.com\/avatar\/409e62ddd56f511fb1262f27a1535ee7719603a42e55b11651be97d388418cae?s=96&d=mm&r=g","contentUrl":"https:\/\/secure.gravatar.com\/avatar\/409e62ddd56f511fb1262f27a1535ee7719603a42e55b11651be97d388418cae?s=96&d=mm&r=g","caption":"admin_axts737o"},"sameAs":["https:\/\/canalregionaltv.md","Canal Regional, Canal Regional TV","canal Regional"],"url":"https:\/\/canalregionaltv.md\/?author=1"}]}},"_links":{"self":[{"href":"https:\/\/canalregionaltv.md\/index.php?rest_route=\/wp\/v2\/posts\/3646","targetHints":{"allow":["GET"]}}],"collection":[{"href":"https:\/\/canalregionaltv.md\/index.php?rest_route=\/wp\/v2\/posts"}],"about":[{"href":"https:\/\/canalregionaltv.md\/index.php?rest_route=\/wp\/v2\/types\/post"}],"author":[{"embeddable":true,"href":"https:\/\/canalregionaltv.md\/index.php?rest_route=\/wp\/v2\/users\/1"}],"replies":[{"embeddable":true,"href":"https:\/\/canalregionaltv.md\/index.php?rest_route=%2Fwp%2Fv2%2Fcomments&post=3646"}],"version-history":[{"count":0,"href":"https:\/\/canalregionaltv.md\/index.php?rest_route=\/wp\/v2\/posts\/3646\/revisions"}],"wp:attachment":[{"href":"https:\/\/canalregionaltv.md\/index.php?rest_route=%2Fwp%2Fv2%2Fmedia&parent=3646"}],"wp:term":[{"taxonomy":"category","embeddable":true,"href":"https:\/\/canalregionaltv.md\/index.php?rest_route=%2Fwp%2Fv2%2Fcategories&post=3646"},{"taxonomy":"post_tag","embeddable":true,"href":"https:\/\/canalregionaltv.md\/index.php?rest_route=%2Fwp%2Fv2%2Ftags&post=3646"}],"curies":[{"name":"wp","href":"https:\/\/api.w.org\/{rel}","templated":true}]}}