{"id":3647,"date":"2026-09-04T17:02:29","date_gmt":"2026-09-04T15:02:29","guid":{"rendered":"https:\/\/canalregionaltv.md\/?p=3647"},"modified":"2026-09-04T17:02:29","modified_gmt":"2026-09-04T15:02:29","slug":"amenzi-de-25-de-mii-de-lei-pentru-doua-persoane-condamnate-pentru-cruzime-fata-de-animale","status":"publish","type":"post","link":"https:\/\/canalregionaltv.md\/?p=3647","title":{"rendered":"Amenzi de 25 de mii de lei pentru dou\u0103 persoane condamnate pentru cruzime fa\u021b\u0103 de animale"},"content":{"rendered":"<h3 class=\"isSelectedEnd\">Dou\u0103 persoane au fost amendate cu c\u00e2te 25 de mii de lei pentru cruzime fa\u021b\u0103 de animale, \u00een dou\u0103 dosare examinate de instan\u021bele din F\u0103le\u0219ti \u0219i Drochia. Unul dintre inculpa\u021bi a fost condamnat dup\u0103 ce a b\u0103tut mortal un c\u00e2ine, iar \u00een cel\u0103lalt caz, proprietara unei turme a fost g\u0103sit\u0103 vinovat\u0103 pentru c\u0103 nu a asigurat hrana \u0219i apa necesare animalelor.<\/h3>\n<p class=\"isSelectedEnd\">Primul caz s-a produs \u00een luna iunie. Un b\u0103rbat de 30 de ani a lovit \u00een repetate r\u00e2nduri un c\u00e2ine care se afla \u00een apropierea c\u0103ruciorului \u00een care era copilul s\u0103u. Animalul a murit a doua zi.<\/p>\n<p class=\"isSelectedEnd\">\u00cen timpul procesului, b\u0103rbatul \u0219i-a recunoscut vina. Acesta a spus c\u0103 inten\u021bia sa a fost s\u0103 alunge c\u00e2inele, nu s\u0103-l omoare sau s\u0103-i provoace suferin\u021b\u0103.<\/p>\n<p class=\"isSelectedEnd\">Al doilea caz a fost \u00eenregistrat \u00een raionul Drochia. O femeie care de\u021binea 78 de ovine \u0219i 25 de caprine nu le-ar fi asigurat, timp de c\u00e2teva luni, suficient\u0103 hran\u0103, ap\u0103 \u0219i \u00eengrijire. \u00cen urma unui control efectuat la st\u00e2n\u0103, autorit\u0103\u021bile au constatat c\u0103 mai multe animale au murit. Procurorii sus\u021bin c\u0103 decesul acestora a fost provocat de lipsa hranei \u0219i a apei.<\/p>\n<p class=\"isSelectedEnd\">\u0218i \u00een acest caz, femeia \u0219i-a recunoscut vina. Instan\u021bele au stabilit \u00een ambele cauze amenzi de c\u00e2te 500 de unit\u0103\u021bi conven\u021bionale, ceea ce reprezint\u0103 25 de mii de lei. Hot\u0103r\u00e2rile pot fi contestate \u00een condi\u021biile prev\u0103zute de lege.<\/p>\n<p class=\"isSelectedEnd\">Cazurile au loc pe fondul solicit\u0103rilor venite din partea organiza\u021biilor \u0219i voluntarilor pentru protec\u021bia animalelor de a \u00een\u0103spri pedepsele pentru actele de cruzime.<\/p>\n<p>La mijlocul lunii august, activi\u0219tii au protestat \u00een fa\u021ba Guvernului \u0219i au cerut, pentru cazurile grave, pedepse cu \u00eenchisoarea de p\u00e2n\u0103 la \u0219apte ani. Ace\u0219tia au solicitat \u0219i crearea unei structuri na\u021bionale care s\u0103 se ocupe de protec\u021bia \u0219i gestionarea animalelor.<\/p>\n<p>Articolul <a href=\"https:\/\/nordnews.md\/stiri-locale\/falesti\/amenzi-de-25-de-mii-de-lei-pentru-doua-persoane-condamnate-pentru-cruzime-fata-de-animale\/\">Amenzi de 25 de mii de lei pentru dou\u0103 persoane condamnate pentru cruzime fa\u021b\u0103 de animale<\/a> apare prima dat\u0103 \u00een <a href=\"https:\/\/nordnews.md\/\">NordNews<\/a>.<\/p>","protected":false},"excerpt":{"rendered":"<p>Dou\u0103 persoane au fost amendate cu c\u00e2te 25 de mii de lei pentru cruzime fa\u021b\u0103 de animale, \u00een dou\u0103 dosare examinate de instan\u021bele din F\u0103le\u0219ti [&hellip;]<\/p>\n","protected":false},"author":1,"featured_media":0,"comment_status":"open","ping_status":"closed","sticky":false,"template":"","format":"standard","meta":{"footnotes":""},"categories":[1],"tags":[],"class_list":["post-3647","post","type-post","status-publish","format-standard","hentry","category-uncategorized"],"yoast_head":"<!-- This site is optimized with the Yoast SEO plugin v21.3 - https:\/\/yoast.com\/wordpress\/plugins\/seo\/ -->\n<title>Amenzi de 25 de mii de lei pentru dou\u0103 persoane condamnate pentru cruzime fa\u021b\u0103 de animale - Canal Regional<\/title>\n<meta name=\"robots\" content=\"index, follow, max-snippet:-1, max-image-preview:large, max-video-preview:-1\" \/>\n<link rel=\"canonical\" href=\"https:\/\/canalregionaltv.md\/?p=3647\" \/>\n<meta property=\"og:locale\" content=\"en_US\" \/>\n<meta property=\"og:type\" content=\"article\" \/>\n<meta property=\"og:title\" content=\"Amenzi de 25 de mii de lei pentru dou\u0103 persoane condamnate pentru cruzime fa\u021b\u0103 de animale - Canal Regional\" \/>\n<meta property=\"og:description\" content=\"Dou\u0103 persoane au fost amendate cu c\u00e2te 25 de mii de lei pentru cruzime fa\u021b\u0103 de animale, \u00een dou\u0103 dosare examinate de instan\u021bele din F\u0103le\u0219ti [&hellip;]\" \/>\n<meta property=\"og:url\" content=\"https:\/\/canalregionaltv.md\/?p=3647\" \/>\n<meta property=\"og:site_name\" content=\"Canal Regional\" \/>\n<meta property=\"article:author\" content=\"Canal Regional, Canal Regional TV\" \/>\n<meta property=\"article:published_time\" content=\"2026-09-04T15:02:29+00:00\" \/>\n<meta name=\"author\" content=\"admin_axts737o\" \/>\n<meta name=\"twitter:card\" content=\"summary_large_image\" \/>\n<meta name=\"twitter:label1\" content=\"Written by\" \/>\n\t<meta name=\"twitter:data1\" content=\"admin_axts737o\" \/>\n\t<meta name=\"twitter:label2\" content=\"Est. reading time\" \/>\n\t<meta name=\"twitter:data2\" content=\"2 minutes\" \/>\n<script type=\"application\/ld+json\" class=\"yoast-schema-graph\">{\"@context\":\"https:\/\/schema.org\",\"@graph\":[{\"@type\":\"Article\",\"@id\":\"https:\/\/canalregionaltv.md\/?p=3647#article\",\"isPartOf\":{\"@id\":\"https:\/\/canalregionaltv.md\/?p=3647\"},\"author\":{\"name\":\"admin_axts737o\",\"@id\":\"https:\/\/canalregionaltv.md\/#\/schema\/person\/96db60230b2eedd2fd6d09d267f32f8f\"},\"headline\":\"Amenzi de 25 de mii de lei pentru dou\u0103 persoane condamnate pentru cruzime fa\u021b\u0103 de animale\",\"datePublished\":\"2026-09-04T15:02:29+00:00\",\"dateModified\":\"2026-09-04T15:02:29+00:00\",\"mainEntityOfPage\":{\"@id\":\"https:\/\/canalregionaltv.md\/?p=3647\"},\"wordCount\":360,\"commentCount\":0,\"publisher\":{\"@id\":\"https:\/\/canalregionaltv.md\/#organization\"},\"inLanguage\":\"en-US\",\"potentialAction\":[{\"@type\":\"CommentAction\",\"name\":\"Comment\",\"target\":[\"https:\/\/canalregionaltv.md\/?p=3647#respond\"]}]},{\"@type\":\"WebPage\",\"@id\":\"https:\/\/canalregionaltv.md\/?p=3647\",\"url\":\"https:\/\/canalregionaltv.md\/?p=3647\",\"name\":\"Amenzi de 25 de mii de lei pentru dou\u0103 persoane condamnate pentru cruzime fa\u021b\u0103 de animale - Canal Regional\",\"isPartOf\":{\"@id\":\"https:\/\/canalregionaltv.md\/#website\"},\"datePublished\":\"2026-09-04T15:02:29+00:00\",\"dateModified\":\"2026-09-04T15:02:29+00:00\",\"breadcrumb\":{\"@id\":\"https:\/\/canalregionaltv.md\/?p=3647#breadcrumb\"},\"inLanguage\":\"en-US\",\"potentialAction\":[{\"@type\":\"ReadAction\",\"target\":[\"https:\/\/canalregionaltv.md\/?p=3647\"]}]},{\"@type\":\"BreadcrumbList\",\"@id\":\"https:\/\/canalregionaltv.md\/?p=3647#breadcrumb\",\"itemListElement\":[{\"@type\":\"ListItem\",\"position\":1,\"name\":\"Home\",\"item\":\"https:\/\/canalregionaltv.md\/\"},{\"@type\":\"ListItem\",\"position\":2,\"name\":\"Amenzi de 25 de mii de lei pentru dou\u0103 persoane condamnate pentru cruzime fa\u021b\u0103 de animale\"}]},{\"@type\":\"WebSite\",\"@id\":\"https:\/\/canalregionaltv.md\/#website\",\"url\":\"https:\/\/canalregionaltv.md\/\",\"name\":\"Canal Regional\",\"description\":\"Canal Regional\",\"publisher\":{\"@id\":\"https:\/\/canalregionaltv.md\/#organization\"},\"potentialAction\":[{\"@type\":\"SearchAction\",\"target\":{\"@type\":\"EntryPoint\",\"urlTemplate\":\"https:\/\/canalregionaltv.md\/?s={search_term_string}\"},\"query-input\":\"required name=search_term_string\"}],\"inLanguage\":\"en-US\"},{\"@type\":\"Organization\",\"@id\":\"https:\/\/canalregionaltv.md\/#organization\",\"name\":\"Canal Regional\",\"url\":\"https:\/\/canalregionaltv.md\/\",\"logo\":{\"@type\":\"ImageObject\",\"inLanguage\":\"en-US\",\"@id\":\"https:\/\/canalregionaltv.md\/#\/schema\/logo\/image\/\",\"url\":\"https:\/\/canalregionaltv.md\/wp-content\/uploads\/2023\/10\/Logo_r.png\",\"contentUrl\":\"https:\/\/canalregionaltv.md\/wp-content\/uploads\/2023\/10\/Logo_r.png\",\"width\":403,\"height\":112,\"caption\":\"Canal Regional\"},\"image\":{\"@id\":\"https:\/\/canalregionaltv.md\/#\/schema\/logo\/image\/\"}},{\"@type\":\"Person\",\"@id\":\"https:\/\/canalregionaltv.md\/#\/schema\/person\/96db60230b2eedd2fd6d09d267f32f8f\",\"name\":\"admin_axts737o\",\"image\":{\"@type\":\"ImageObject\",\"inLanguage\":\"en-US\",\"@id\":\"https:\/\/canalregionaltv.md\/#\/schema\/person\/image\/\",\"url\":\"https:\/\/secure.gravatar.com\/avatar\/409e62ddd56f511fb1262f27a1535ee7719603a42e55b11651be97d388418cae?s=96&d=mm&r=g\",\"contentUrl\":\"https:\/\/secure.gravatar.com\/avatar\/409e62ddd56f511fb1262f27a1535ee7719603a42e55b11651be97d388418cae?s=96&d=mm&r=g\",\"caption\":\"admin_axts737o\"},\"sameAs\":[\"https:\/\/canalregionaltv.md\",\"Canal Regional, Canal Regional TV\",\"canal Regional\"],\"url\":\"https:\/\/canalregionaltv.md\/?author=1\"}]}<\/script>\n<!-- \/ Yoast SEO plugin. -->","yoast_head_json":{"title":"Amenzi de 25 de mii de lei pentru dou\u0103 persoane condamnate pentru cruzime fa\u021b\u0103 de animale - Canal Regional","robots":{"index":"index","follow":"follow","max-snippet":"max-snippet:-1","max-image-preview":"max-image-preview:large","max-video-preview":"max-video-preview:-1"},"canonical":"https:\/\/canalregionaltv.md\/?p=3647","og_locale":"en_US","og_type":"article","og_title":"Amenzi de 25 de mii de lei pentru dou\u0103 persoane condamnate pentru cruzime fa\u021b\u0103 de animale - Canal Regional","og_description":"Dou\u0103 persoane au fost amendate cu c\u00e2te 25 de mii de lei pentru cruzime fa\u021b\u0103 de animale, \u00een dou\u0103 dosare examinate de instan\u021bele din F\u0103le\u0219ti [&hellip;]","og_url":"https:\/\/canalregionaltv.md\/?p=3647","og_site_name":"Canal Regional","article_author":"Canal Regional, Canal Regional TV","article_published_time":"2026-09-04T15:02:29+00:00","author":"admin_axts737o","twitter_card":"summary_large_image","twitter_misc":{"Written by":"admin_axts737o","Est. reading time":"2 minutes"},"schema":{"@context":"https:\/\/schema.org","@graph":[{"@type":"Article","@id":"https:\/\/canalregionaltv.md\/?p=3647#article","isPartOf":{"@id":"https:\/\/canalregionaltv.md\/?p=3647"},"author":{"name":"admin_axts737o","@id":"https:\/\/canalregionaltv.md\/#\/schema\/person\/96db60230b2eedd2fd6d09d267f32f8f"},"headline":"Amenzi de 25 de mii de lei pentru dou\u0103 persoane condamnate pentru cruzime fa\u021b\u0103 de animale","datePublished":"2026-09-04T15:02:29+00:00","dateModified":"2026-09-04T15:02:29+00:00","mainEntityOfPage":{"@id":"https:\/\/canalregionaltv.md\/?p=3647"},"wordCount":360,"commentCount":0,"publisher":{"@id":"https:\/\/canalregionaltv.md\/#organization"},"inLanguage":"en-US","potentialAction":[{"@type":"CommentAction","name":"Comment","target":["https:\/\/canalregionaltv.md\/?p=3647#respond"]}]},{"@type":"WebPage","@id":"https:\/\/canalregionaltv.md\/?p=3647","url":"https:\/\/canalregionaltv.md\/?p=3647","name":"Amenzi de 25 de mii de lei pentru dou\u0103 persoane condamnate pentru cruzime fa\u021b\u0103 de animale - Canal Regional","isPartOf":{"@id":"https:\/\/canalregionaltv.md\/#website"},"datePublished":"2026-09-04T15:02:29+00:00","dateModified":"2026-09-04T15:02:29+00:00","breadcrumb":{"@id":"https:\/\/canalregionaltv.md\/?p=3647#breadcrumb"},"inLanguage":"en-US","potentialAction":[{"@type":"ReadAction","target":["https:\/\/canalregionaltv.md\/?p=3647"]}]},{"@type":"BreadcrumbList","@id":"https:\/\/canalregionaltv.md\/?p=3647#breadcrumb","itemListElement":[{"@type":"ListItem","position":1,"name":"Home","item":"https:\/\/canalregionaltv.md\/"},{"@type":"ListItem","position":2,"name":"Amenzi de 25 de mii de lei pentru dou\u0103 persoane condamnate pentru cruzime fa\u021b\u0103 de animale"}]},{"@type":"WebSite","@id":"https:\/\/canalregionaltv.md\/#website","url":"https:\/\/canalregionaltv.md\/","name":"Canal Regional","description":"Canal Regional","publisher":{"@id":"https:\/\/canalregionaltv.md\/#organization"},"potentialAction":[{"@type":"SearchAction","target":{"@type":"EntryPoint","urlTemplate":"https:\/\/canalregionaltv.md\/?s={search_term_string}"},"query-input":"required name=search_term_string"}],"inLanguage":"en-US"},{"@type":"Organization","@id":"https:\/\/canalregionaltv.md\/#organization","name":"Canal Regional","url":"https:\/\/canalregionaltv.md\/","logo":{"@type":"ImageObject","inLanguage":"en-US","@id":"https:\/\/canalregionaltv.md\/#\/schema\/logo\/image\/","url":"https:\/\/canalregionaltv.md\/wp-content\/uploads\/2023\/10\/Logo_r.png","contentUrl":"https:\/\/canalregionaltv.md\/wp-content\/uploads\/2023\/10\/Logo_r.png","width":403,"height":112,"caption":"Canal Regional"},"image":{"@id":"https:\/\/canalregionaltv.md\/#\/schema\/logo\/image\/"}},{"@type":"Person","@id":"https:\/\/canalregionaltv.md\/#\/schema\/person\/96db60230b2eedd2fd6d09d267f32f8f","name":"admin_axts737o","image":{"@type":"ImageObject","inLanguage":"en-US","@id":"https:\/\/canalregionaltv.md\/#\/schema\/person\/image\/","url":"https:\/\/secure.gravatar.com\/avatar\/409e62ddd56f511fb1262f27a1535ee7719603a42e55b11651be97d388418cae?s=96&d=mm&r=g","contentUrl":"https:\/\/secure.gravatar.com\/avatar\/409e62ddd56f511fb1262f27a1535ee7719603a42e55b11651be97d388418cae?s=96&d=mm&r=g","caption":"admin_axts737o"},"sameAs":["https:\/\/canalregionaltv.md","Canal Regional, Canal Regional TV","canal Regional"],"url":"https:\/\/canalregionaltv.md\/?author=1"}]}},"_links":{"self":[{"href":"https:\/\/canalregionaltv.md\/index.php?rest_route=\/wp\/v2\/posts\/3647","targetHints":{"allow":["GET"]}}],"collection":[{"href":"https:\/\/canalregionaltv.md\/index.php?rest_route=\/wp\/v2\/posts"}],"about":[{"href":"https:\/\/canalregionaltv.md\/index.php?rest_route=\/wp\/v2\/types\/post"}],"author":[{"embeddable":true,"href":"https:\/\/canalregionaltv.md\/index.php?rest_route=\/wp\/v2\/users\/1"}],"replies":[{"embeddable":true,"href":"https:\/\/canalregionaltv.md\/index.php?rest_route=%2Fwp%2Fv2%2Fcomments&post=3647"}],"version-history":[{"count":0,"href":"https:\/\/canalregionaltv.md\/index.php?rest_route=\/wp\/v2\/posts\/3647\/revisions"}],"wp:attachment":[{"href":"https:\/\/canalregionaltv.md\/index.php?rest_route=%2Fwp%2Fv2%2Fmedia&parent=3647"}],"wp:term":[{"taxonomy":"category","embeddable":true,"href":"https:\/\/canalregionaltv.md\/index.php?rest_route=%2Fwp%2Fv2%2Fcategories&post=3647"},{"taxonomy":"post_tag","embeddable":true,"href":"https:\/\/canalregionaltv.md\/index.php?rest_route=%2Fwp%2Fv2%2Ftags&post=3647"}],"curies":[{"name":"wp","href":"https:\/\/api.w.org\/{rel}","templated":true}]}}