{"id":3649,"date":"2026-09-05T17:02:16","date_gmt":"2026-09-05T15:02:16","guid":{"rendered":"https:\/\/canalregionaltv.md\/?p=3649"},"modified":"2026-09-05T17:02:16","modified_gmt":"2026-09-05T15:02:16","slug":"un-moldovean-suspectat-ca-a-organizat-transportarea-ilegala-a-trei-cetateni-indieni","status":"publish","type":"post","link":"https:\/\/canalregionaltv.md\/?p=3649","title":{"rendered":"Un moldovean, suspectat c\u0103 a organizat transportarea ilegal\u0103 a trei cet\u0103\u021beni indieni"},"content":{"rendered":"<h3 class=\"isSelectedEnd\">Un b\u0103rbat din Republica Moldova a fost re\u021binut \u0219i este cercetat penal pentru c\u0103 ar fi organizat transportarea ilegal\u0103 a trei cet\u0103\u021beni indieni care inten\u021bionau s\u0103 ajung\u0103 \u00een Rom\u00e2nia \u0219i, ulterior, \u00een alte state ale Uniunii Europene. Potrivit Poli\u021biei de Frontier\u0103, migran\u021bii ar fi pl\u0103tit 4 mii de euro pentru organizarea deplas\u0103rii.<\/h3>\n<p class=\"isSelectedEnd\">Cei trei cet\u0103\u021beni indieni au fost depista\u021bi \u00een apropierea localit\u0103\u021bii Semeni, raionul Ungheni. Ace\u0219tia se deplasau prin f\u00e2\u0219ia de protec\u021bie a frontierei, \u00een direc\u021bia r\u00e2ului Prut, c\u00e2nd au fost identifica\u021bi de oamenii legii.<\/p>\n<p class=\"isSelectedEnd\">\u00cen urma investiga\u021biilor, poli\u021bi\u0219tii de frontier\u0103 au stabilit identitatea unui cet\u0103\u021bean moldovean suspectat c\u0103 ar fi organizat transportarea migran\u021bilor \u0219i l-au re\u021binut.<\/p>\n<p class=\"isSelectedEnd\">B\u0103rbatul este cercetat pentru organizarea migra\u021biei ilegale \u00een form\u0103 agravant\u0103. Ini\u021bial, instan\u021ba a dispus arestarea preventiv\u0103 a acestuia pentru 30 de zile. Ulterior, m\u0103sura preventiv\u0103 a fost \u00eenlocuit\u0103 cu arest la domiciliu.<\/p>\n<p class=\"isSelectedEnd\">Ancheta continu\u0103 pentru stabilirea tuturor circumstan\u021belor \u0219i a eventualelor persoane implicate \u00een organizarea transport\u0103rii ilegale.<\/p>\n<p>Dac\u0103 va fi g\u0103sit vinovat, b\u0103rbatul risc\u0103, potrivit Codului penal, amend\u0103 de la 100 de mii la 150 de mii de lei sau \u00eenchisoare de la trei p\u00e2n\u0103 la \u0219apte ani.<\/p>\n<p>Articolul <a href=\"https:\/\/nordnews.md\/stiri-nationale\/un-moldovean-suspectat-ca-a-organizat-transportarea-ilegala-a-trei-cetateni-indieni\/\">Un moldovean, suspectat c\u0103 a organizat transportarea ilegal\u0103 a trei cet\u0103\u021beni indieni<\/a> apare prima dat\u0103 \u00een <a href=\"https:\/\/nordnews.md\/\">NordNews<\/a>.<\/p>","protected":false},"excerpt":{"rendered":"<p>Un b\u0103rbat din Republica Moldova a fost re\u021binut \u0219i este cercetat penal pentru c\u0103 ar fi organizat transportarea ilegal\u0103 a trei cet\u0103\u021beni indieni care inten\u021bionau [&hellip;]<\/p>\n","protected":false},"author":1,"featured_media":0,"comment_status":"open","ping_status":"closed","sticky":false,"template":"","format":"standard","meta":{"footnotes":""},"categories":[1],"tags":[],"class_list":["post-3649","post","type-post","status-publish","format-standard","hentry","category-uncategorized"],"yoast_head":"<!-- This site is optimized with the Yoast SEO plugin v21.3 - https:\/\/yoast.com\/wordpress\/plugins\/seo\/ -->\n<title>Un moldovean, suspectat c\u0103 a organizat transportarea ilegal\u0103 a trei cet\u0103\u021beni indieni - Canal Regional<\/title>\n<meta name=\"robots\" content=\"index, follow, max-snippet:-1, max-image-preview:large, max-video-preview:-1\" \/>\n<link rel=\"canonical\" href=\"https:\/\/canalregionaltv.md\/?p=3649\" \/>\n<meta property=\"og:locale\" content=\"en_US\" \/>\n<meta property=\"og:type\" content=\"article\" \/>\n<meta property=\"og:title\" content=\"Un moldovean, suspectat c\u0103 a organizat transportarea ilegal\u0103 a trei cet\u0103\u021beni indieni - Canal Regional\" \/>\n<meta property=\"og:description\" content=\"Un b\u0103rbat din Republica Moldova a fost re\u021binut \u0219i este cercetat penal pentru c\u0103 ar fi organizat transportarea ilegal\u0103 a trei cet\u0103\u021beni indieni care inten\u021bionau [&hellip;]\" \/>\n<meta property=\"og:url\" content=\"https:\/\/canalregionaltv.md\/?p=3649\" \/>\n<meta property=\"og:site_name\" content=\"Canal Regional\" \/>\n<meta property=\"article:author\" content=\"Canal Regional, Canal Regional TV\" \/>\n<meta property=\"article:published_time\" content=\"2026-09-05T15:02:16+00:00\" \/>\n<meta name=\"author\" content=\"admin_axts737o\" \/>\n<meta name=\"twitter:card\" content=\"summary_large_image\" \/>\n<meta name=\"twitter:label1\" content=\"Written by\" \/>\n\t<meta name=\"twitter:data1\" content=\"admin_axts737o\" \/>\n\t<meta name=\"twitter:label2\" content=\"Est. reading time\" \/>\n\t<meta name=\"twitter:data2\" content=\"1 minute\" \/>\n<script type=\"application\/ld+json\" class=\"yoast-schema-graph\">{\"@context\":\"https:\/\/schema.org\",\"@graph\":[{\"@type\":\"Article\",\"@id\":\"https:\/\/canalregionaltv.md\/?p=3649#article\",\"isPartOf\":{\"@id\":\"https:\/\/canalregionaltv.md\/?p=3649\"},\"author\":{\"name\":\"admin_axts737o\",\"@id\":\"https:\/\/canalregionaltv.md\/#\/schema\/person\/96db60230b2eedd2fd6d09d267f32f8f\"},\"headline\":\"Un moldovean, suspectat c\u0103 a organizat transportarea ilegal\u0103 a trei cet\u0103\u021beni indieni\",\"datePublished\":\"2026-09-05T15:02:16+00:00\",\"dateModified\":\"2026-09-05T15:02:16+00:00\",\"mainEntityOfPage\":{\"@id\":\"https:\/\/canalregionaltv.md\/?p=3649\"},\"wordCount\":248,\"commentCount\":0,\"publisher\":{\"@id\":\"https:\/\/canalregionaltv.md\/#organization\"},\"inLanguage\":\"en-US\",\"potentialAction\":[{\"@type\":\"CommentAction\",\"name\":\"Comment\",\"target\":[\"https:\/\/canalregionaltv.md\/?p=3649#respond\"]}]},{\"@type\":\"WebPage\",\"@id\":\"https:\/\/canalregionaltv.md\/?p=3649\",\"url\":\"https:\/\/canalregionaltv.md\/?p=3649\",\"name\":\"Un moldovean, suspectat c\u0103 a organizat transportarea ilegal\u0103 a trei cet\u0103\u021beni indieni - Canal Regional\",\"isPartOf\":{\"@id\":\"https:\/\/canalregionaltv.md\/#website\"},\"datePublished\":\"2026-09-05T15:02:16+00:00\",\"dateModified\":\"2026-09-05T15:02:16+00:00\",\"breadcrumb\":{\"@id\":\"https:\/\/canalregionaltv.md\/?p=3649#breadcrumb\"},\"inLanguage\":\"en-US\",\"potentialAction\":[{\"@type\":\"ReadAction\",\"target\":[\"https:\/\/canalregionaltv.md\/?p=3649\"]}]},{\"@type\":\"BreadcrumbList\",\"@id\":\"https:\/\/canalregionaltv.md\/?p=3649#breadcrumb\",\"itemListElement\":[{\"@type\":\"ListItem\",\"position\":1,\"name\":\"Home\",\"item\":\"https:\/\/canalregionaltv.md\/\"},{\"@type\":\"ListItem\",\"position\":2,\"name\":\"Un moldovean, suspectat c\u0103 a organizat transportarea ilegal\u0103 a trei cet\u0103\u021beni indieni\"}]},{\"@type\":\"WebSite\",\"@id\":\"https:\/\/canalregionaltv.md\/#website\",\"url\":\"https:\/\/canalregionaltv.md\/\",\"name\":\"Canal Regional\",\"description\":\"Canal Regional\",\"publisher\":{\"@id\":\"https:\/\/canalregionaltv.md\/#organization\"},\"potentialAction\":[{\"@type\":\"SearchAction\",\"target\":{\"@type\":\"EntryPoint\",\"urlTemplate\":\"https:\/\/canalregionaltv.md\/?s={search_term_string}\"},\"query-input\":\"required name=search_term_string\"}],\"inLanguage\":\"en-US\"},{\"@type\":\"Organization\",\"@id\":\"https:\/\/canalregionaltv.md\/#organization\",\"name\":\"Canal Regional\",\"url\":\"https:\/\/canalregionaltv.md\/\",\"logo\":{\"@type\":\"ImageObject\",\"inLanguage\":\"en-US\",\"@id\":\"https:\/\/canalregionaltv.md\/#\/schema\/logo\/image\/\",\"url\":\"https:\/\/canalregionaltv.md\/wp-content\/uploads\/2023\/10\/Logo_r.png\",\"contentUrl\":\"https:\/\/canalregionaltv.md\/wp-content\/uploads\/2023\/10\/Logo_r.png\",\"width\":403,\"height\":112,\"caption\":\"Canal Regional\"},\"image\":{\"@id\":\"https:\/\/canalregionaltv.md\/#\/schema\/logo\/image\/\"}},{\"@type\":\"Person\",\"@id\":\"https:\/\/canalregionaltv.md\/#\/schema\/person\/96db60230b2eedd2fd6d09d267f32f8f\",\"name\":\"admin_axts737o\",\"image\":{\"@type\":\"ImageObject\",\"inLanguage\":\"en-US\",\"@id\":\"https:\/\/canalregionaltv.md\/#\/schema\/person\/image\/\",\"url\":\"https:\/\/secure.gravatar.com\/avatar\/409e62ddd56f511fb1262f27a1535ee7719603a42e55b11651be97d388418cae?s=96&d=mm&r=g\",\"contentUrl\":\"https:\/\/secure.gravatar.com\/avatar\/409e62ddd56f511fb1262f27a1535ee7719603a42e55b11651be97d388418cae?s=96&d=mm&r=g\",\"caption\":\"admin_axts737o\"},\"sameAs\":[\"https:\/\/canalregionaltv.md\",\"Canal Regional, Canal Regional TV\",\"canal Regional\"],\"url\":\"https:\/\/canalregionaltv.md\/?author=1\"}]}<\/script>\n<!-- \/ Yoast SEO plugin. -->","yoast_head_json":{"title":"Un moldovean, suspectat c\u0103 a organizat transportarea ilegal\u0103 a trei cet\u0103\u021beni indieni - Canal Regional","robots":{"index":"index","follow":"follow","max-snippet":"max-snippet:-1","max-image-preview":"max-image-preview:large","max-video-preview":"max-video-preview:-1"},"canonical":"https:\/\/canalregionaltv.md\/?p=3649","og_locale":"en_US","og_type":"article","og_title":"Un moldovean, suspectat c\u0103 a organizat transportarea ilegal\u0103 a trei cet\u0103\u021beni indieni - Canal Regional","og_description":"Un b\u0103rbat din Republica Moldova a fost re\u021binut \u0219i este cercetat penal pentru c\u0103 ar fi organizat transportarea ilegal\u0103 a trei cet\u0103\u021beni indieni care inten\u021bionau [&hellip;]","og_url":"https:\/\/canalregionaltv.md\/?p=3649","og_site_name":"Canal Regional","article_author":"Canal Regional, Canal Regional TV","article_published_time":"2026-09-05T15:02:16+00:00","author":"admin_axts737o","twitter_card":"summary_large_image","twitter_misc":{"Written by":"admin_axts737o","Est. reading time":"1 minute"},"schema":{"@context":"https:\/\/schema.org","@graph":[{"@type":"Article","@id":"https:\/\/canalregionaltv.md\/?p=3649#article","isPartOf":{"@id":"https:\/\/canalregionaltv.md\/?p=3649"},"author":{"name":"admin_axts737o","@id":"https:\/\/canalregionaltv.md\/#\/schema\/person\/96db60230b2eedd2fd6d09d267f32f8f"},"headline":"Un moldovean, suspectat c\u0103 a organizat transportarea ilegal\u0103 a trei cet\u0103\u021beni indieni","datePublished":"2026-09-05T15:02:16+00:00","dateModified":"2026-09-05T15:02:16+00:00","mainEntityOfPage":{"@id":"https:\/\/canalregionaltv.md\/?p=3649"},"wordCount":248,"commentCount":0,"publisher":{"@id":"https:\/\/canalregionaltv.md\/#organization"},"inLanguage":"en-US","potentialAction":[{"@type":"CommentAction","name":"Comment","target":["https:\/\/canalregionaltv.md\/?p=3649#respond"]}]},{"@type":"WebPage","@id":"https:\/\/canalregionaltv.md\/?p=3649","url":"https:\/\/canalregionaltv.md\/?p=3649","name":"Un moldovean, suspectat c\u0103 a organizat transportarea ilegal\u0103 a trei cet\u0103\u021beni indieni - Canal Regional","isPartOf":{"@id":"https:\/\/canalregionaltv.md\/#website"},"datePublished":"2026-09-05T15:02:16+00:00","dateModified":"2026-09-05T15:02:16+00:00","breadcrumb":{"@id":"https:\/\/canalregionaltv.md\/?p=3649#breadcrumb"},"inLanguage":"en-US","potentialAction":[{"@type":"ReadAction","target":["https:\/\/canalregionaltv.md\/?p=3649"]}]},{"@type":"BreadcrumbList","@id":"https:\/\/canalregionaltv.md\/?p=3649#breadcrumb","itemListElement":[{"@type":"ListItem","position":1,"name":"Home","item":"https:\/\/canalregionaltv.md\/"},{"@type":"ListItem","position":2,"name":"Un moldovean, suspectat c\u0103 a organizat transportarea ilegal\u0103 a trei cet\u0103\u021beni indieni"}]},{"@type":"WebSite","@id":"https:\/\/canalregionaltv.md\/#website","url":"https:\/\/canalregionaltv.md\/","name":"Canal Regional","description":"Canal Regional","publisher":{"@id":"https:\/\/canalregionaltv.md\/#organization"},"potentialAction":[{"@type":"SearchAction","target":{"@type":"EntryPoint","urlTemplate":"https:\/\/canalregionaltv.md\/?s={search_term_string}"},"query-input":"required name=search_term_string"}],"inLanguage":"en-US"},{"@type":"Organization","@id":"https:\/\/canalregionaltv.md\/#organization","name":"Canal Regional","url":"https:\/\/canalregionaltv.md\/","logo":{"@type":"ImageObject","inLanguage":"en-US","@id":"https:\/\/canalregionaltv.md\/#\/schema\/logo\/image\/","url":"https:\/\/canalregionaltv.md\/wp-content\/uploads\/2023\/10\/Logo_r.png","contentUrl":"https:\/\/canalregionaltv.md\/wp-content\/uploads\/2023\/10\/Logo_r.png","width":403,"height":112,"caption":"Canal Regional"},"image":{"@id":"https:\/\/canalregionaltv.md\/#\/schema\/logo\/image\/"}},{"@type":"Person","@id":"https:\/\/canalregionaltv.md\/#\/schema\/person\/96db60230b2eedd2fd6d09d267f32f8f","name":"admin_axts737o","image":{"@type":"ImageObject","inLanguage":"en-US","@id":"https:\/\/canalregionaltv.md\/#\/schema\/person\/image\/","url":"https:\/\/secure.gravatar.com\/avatar\/409e62ddd56f511fb1262f27a1535ee7719603a42e55b11651be97d388418cae?s=96&d=mm&r=g","contentUrl":"https:\/\/secure.gravatar.com\/avatar\/409e62ddd56f511fb1262f27a1535ee7719603a42e55b11651be97d388418cae?s=96&d=mm&r=g","caption":"admin_axts737o"},"sameAs":["https:\/\/canalregionaltv.md","Canal Regional, Canal Regional TV","canal Regional"],"url":"https:\/\/canalregionaltv.md\/?author=1"}]}},"_links":{"self":[{"href":"https:\/\/canalregionaltv.md\/index.php?rest_route=\/wp\/v2\/posts\/3649","targetHints":{"allow":["GET"]}}],"collection":[{"href":"https:\/\/canalregionaltv.md\/index.php?rest_route=\/wp\/v2\/posts"}],"about":[{"href":"https:\/\/canalregionaltv.md\/index.php?rest_route=\/wp\/v2\/types\/post"}],"author":[{"embeddable":true,"href":"https:\/\/canalregionaltv.md\/index.php?rest_route=\/wp\/v2\/users\/1"}],"replies":[{"embeddable":true,"href":"https:\/\/canalregionaltv.md\/index.php?rest_route=%2Fwp%2Fv2%2Fcomments&post=3649"}],"version-history":[{"count":0,"href":"https:\/\/canalregionaltv.md\/index.php?rest_route=\/wp\/v2\/posts\/3649\/revisions"}],"wp:attachment":[{"href":"https:\/\/canalregionaltv.md\/index.php?rest_route=%2Fwp%2Fv2%2Fmedia&parent=3649"}],"wp:term":[{"taxonomy":"category","embeddable":true,"href":"https:\/\/canalregionaltv.md\/index.php?rest_route=%2Fwp%2Fv2%2Fcategories&post=3649"},{"taxonomy":"post_tag","embeddable":true,"href":"https:\/\/canalregionaltv.md\/index.php?rest_route=%2Fwp%2Fv2%2Ftags&post=3649"}],"curies":[{"name":"wp","href":"https:\/\/api.w.org\/{rel}","templated":true}]}}