{"id":3650,"date":"2026-09-05T17:02:16","date_gmt":"2026-09-05T15:02:16","guid":{"rendered":"https:\/\/canalregionaltv.md\/?p=3650"},"modified":"2026-09-05T17:02:16","modified_gmt":"2026-09-05T15:02:16","slug":"reorganizarea-cfm-ar-putea-fi-accelerata-printr-o-lege-speciala-noua-cfm-infra-ar-urma-sa-fie-creata-pana-la-sfarsitul-anului","status":"publish","type":"post","link":"https:\/\/canalregionaltv.md\/?p=3650","title":{"rendered":"Reorganizarea CFM ar putea fi accelerat\u0103 printr-o lege special\u0103. Noua \u201eCFM Infra\u201d ar urma s\u0103 fie creat\u0103 p\u00e2n\u0103 la sf\u00e2r\u0219itul anului"},"content":{"rendered":"<h3 class=\"isSelectedEnd\">Autorit\u0103\u021bile propun o lege special\u0103 pentru accelerarea reorganiz\u0103rii \u00centreprinderii de Stat \u201eCalea Ferat\u0103 din Moldova\u201d \u0219i crearea Societ\u0103\u021bii pe Ac\u021biuni \u201eCFM Infra\u201d, care va administra infrastructura feroviar\u0103. Potrivit proiectului, procesul ar urma s\u0103 fie finalizat p\u00e2n\u0103 la sf\u00e2r\u0219itul anului 2026.<\/h3>\n<p class=\"isSelectedEnd\">Ini\u021biativa prevede derog\u0103ri de la mai multe proceduri stabilite de legisla\u021bia general\u0103. Autorii proiectului sus\u021bin c\u0103, \u00een cazul aplic\u0103rii tuturor etapelor prev\u0103zute de procedura obi\u0219nuit\u0103, reorganizarea ar putea fi \u00eencheiat\u0103 abia \u00een martie-aprilie 2027.<\/p>\n<p class=\"isSelectedEnd\">Termenul de decembrie 2026 este prev\u0103zut \u00een Agenda de reforme aferent\u0103 Planului de cre\u0219tere al Republicii Moldova pentru perioada 2025-2027 \u0219i, potrivit notei de fundamentare, \u201enu poate fi modificat\u201d.<\/p>\n<p class=\"isSelectedEnd\">Reorganizarea urm\u0103re\u0219te separarea administratorului infrastructurii feroviare de operatorii de transport, \u00een conformitate cu prevederile Codului transportului feroviar.<\/p>\n<p class=\"isSelectedEnd\">\u00cen prezent, CFM se afl\u0103 deja \u00een proces de restructurare. \u00cen urma unei decizii a Guvernului, este creat\u0103 o societate pe ac\u021biuni care va prelua activitatea de transport feroviar de pasageri \u0219i m\u0103rfuri. Pentru finalizarea reformei, \u00eentreprinderea de stat r\u0103mas\u0103 urmeaz\u0103 s\u0103 fie transformat\u0103 \u00een S.A. \u201eCFM Infra\u201d, responsabil\u0103 de administrarea infrastructurii feroviare.<\/p>\n<p class=\"isSelectedEnd\">Una dintre principalele modific\u0103ri propuse vizeaz\u0103 evaluarea patrimoniului. Doar activele care vor constitui aportul la capitalul social al noii societ\u0103\u021bi ar urma s\u0103 fie evaluate obligatoriu. Celelalte bunuri transmise c\u0103tre \u201eCFM Infra\u201d vor fi \u00eenregistrate la valoarea contabil\u0103 existent\u0103 \u00een situa\u021biile financiare ale CFM.<\/p>\n<p class=\"isSelectedEnd\">Autorit\u0103\u021bile estimeaz\u0103 c\u0103 o evaluare integral\u0103 a patrimoniului ar necesita cheltuieli de ordinul zecilor de milioane de lei din bugetul de stat.<\/p>\n<p class=\"isSelectedEnd\">Proiectul prevede \u0219i reducerea termenelor pentru informarea creditorilor. Ace\u0219tia ar urma s\u0103 fie anun\u021ba\u021bi \u00een termen de cinci zile de la publicarea avizului privind reorganizarea \u0219i vor avea la dispozi\u021bie 10 zile pentru a solicita garan\u021bii sau alte m\u0103suri de protec\u021bie a crean\u021belor. \u00cen acela\u0219i timp, creditorii nu vor putea \u00eempiedica desf\u0103\u0219urarea reorganiz\u0103rii.<\/p>\n<p class=\"isSelectedEnd\">Potrivit autorilor, derog\u0103rile sunt necesare pentru respectarea termenului stabilit \u00een Agenda de reforme \u0219i pentru evitarea am\u00e2n\u0103rii procesului p\u00e2n\u0103 \u00een prim\u0103vara anului viitor.<\/p>\n<p class=\"isSelectedEnd\">Autorit\u0103\u021bile precizeaz\u0103 c\u0103 reorganizarea CFM nu presupune privatizarea \u00eentreprinderii. \u201eCFM Infra\u201d va avea capital integral de stat, iar infrastructura feroviar\u0103 va r\u0103m\u00e2ne \u00een proprietatea \u0219i sub controlul statului.<\/p>\n<p>Noua structur\u0103 ar urma, \u00eens\u0103, s\u0103 creeze condi\u021bii pentru accesul operatorilor priva\u021bi la infrastructura feroviar\u0103. Ace\u0219tia vor putea utiliza re\u021beaua \u00een condi\u021bii transparente \u0219i nediscriminatorii, contra unei taxe pentru accesul la infrastructur\u0103.<\/p>\n<p>Articolul <a href=\"https:\/\/nordnews.md\/uncategorized\/reorganizarea-cfm-ar-putea-fi-accelerata-printr-o-lege-speciala-noua-cfm-infra-ar-urma-sa-fie-creata-pana-la-sfarsitul-anului\/\">Reorganizarea CFM ar putea fi accelerat\u0103 printr-o lege special\u0103. Noua \u201eCFM Infra\u201d ar urma s\u0103 fie creat\u0103 p\u00e2n\u0103 la sf\u00e2r\u0219itul anului<\/a> apare prima dat\u0103 \u00een <a href=\"https:\/\/nordnews.md\/\">NordNews<\/a>.<\/p>","protected":false},"excerpt":{"rendered":"<p>Autorit\u0103\u021bile propun o lege special\u0103 pentru accelerarea reorganiz\u0103rii \u00centreprinderii de Stat \u201eCalea Ferat\u0103 din Moldova\u201d \u0219i crearea Societ\u0103\u021bii pe Ac\u021biuni \u201eCFM Infra\u201d, care va administra [&hellip;]<\/p>\n","protected":false},"author":1,"featured_media":0,"comment_status":"open","ping_status":"closed","sticky":false,"template":"","format":"standard","meta":{"footnotes":""},"categories":[1],"tags":[],"class_list":["post-3650","post","type-post","status-publish","format-standard","hentry","category-uncategorized"],"yoast_head":"<!-- This site is optimized with the Yoast SEO plugin v21.3 - https:\/\/yoast.com\/wordpress\/plugins\/seo\/ -->\n<title>Reorganizarea CFM ar putea fi accelerat\u0103 printr-o lege special\u0103. Noua \u201eCFM Infra\u201d ar urma s\u0103 fie creat\u0103 p\u00e2n\u0103 la sf\u00e2r\u0219itul anului - Canal Regional<\/title>\n<meta name=\"robots\" content=\"index, follow, max-snippet:-1, max-image-preview:large, max-video-preview:-1\" \/>\n<link rel=\"canonical\" href=\"https:\/\/canalregionaltv.md\/?p=3650\" \/>\n<meta property=\"og:locale\" content=\"en_US\" \/>\n<meta property=\"og:type\" content=\"article\" \/>\n<meta property=\"og:title\" content=\"Reorganizarea CFM ar putea fi accelerat\u0103 printr-o lege special\u0103. Noua \u201eCFM Infra\u201d ar urma s\u0103 fie creat\u0103 p\u00e2n\u0103 la sf\u00e2r\u0219itul anului - Canal Regional\" \/>\n<meta property=\"og:description\" content=\"Autorit\u0103\u021bile propun o lege special\u0103 pentru accelerarea reorganiz\u0103rii \u00centreprinderii de Stat \u201eCalea Ferat\u0103 din Moldova\u201d \u0219i crearea Societ\u0103\u021bii pe Ac\u021biuni \u201eCFM Infra\u201d, care va administra [&hellip;]\" \/>\n<meta property=\"og:url\" content=\"https:\/\/canalregionaltv.md\/?p=3650\" \/>\n<meta property=\"og:site_name\" content=\"Canal Regional\" \/>\n<meta property=\"article:author\" content=\"Canal Regional, Canal Regional TV\" \/>\n<meta property=\"article:published_time\" content=\"2026-09-05T15:02:16+00:00\" \/>\n<meta name=\"author\" content=\"admin_axts737o\" \/>\n<meta name=\"twitter:card\" content=\"summary_large_image\" \/>\n<meta name=\"twitter:label1\" content=\"Written by\" \/>\n\t<meta name=\"twitter:data1\" content=\"admin_axts737o\" \/>\n\t<meta name=\"twitter:label2\" content=\"Est. reading time\" \/>\n\t<meta name=\"twitter:data2\" content=\"2 minutes\" \/>\n<script type=\"application\/ld+json\" class=\"yoast-schema-graph\">{\"@context\":\"https:\/\/schema.org\",\"@graph\":[{\"@type\":\"Article\",\"@id\":\"https:\/\/canalregionaltv.md\/?p=3650#article\",\"isPartOf\":{\"@id\":\"https:\/\/canalregionaltv.md\/?p=3650\"},\"author\":{\"name\":\"admin_axts737o\",\"@id\":\"https:\/\/canalregionaltv.md\/#\/schema\/person\/96db60230b2eedd2fd6d09d267f32f8f\"},\"headline\":\"Reorganizarea CFM ar putea fi accelerat\u0103 printr-o lege special\u0103. Noua \u201eCFM Infra\u201d ar urma s\u0103 fie creat\u0103 p\u00e2n\u0103 la sf\u00e2r\u0219itul anului\",\"datePublished\":\"2026-09-05T15:02:16+00:00\",\"dateModified\":\"2026-09-05T15:02:16+00:00\",\"mainEntityOfPage\":{\"@id\":\"https:\/\/canalregionaltv.md\/?p=3650\"},\"wordCount\":476,\"commentCount\":0,\"publisher\":{\"@id\":\"https:\/\/canalregionaltv.md\/#organization\"},\"inLanguage\":\"en-US\",\"potentialAction\":[{\"@type\":\"CommentAction\",\"name\":\"Comment\",\"target\":[\"https:\/\/canalregionaltv.md\/?p=3650#respond\"]}]},{\"@type\":\"WebPage\",\"@id\":\"https:\/\/canalregionaltv.md\/?p=3650\",\"url\":\"https:\/\/canalregionaltv.md\/?p=3650\",\"name\":\"Reorganizarea CFM ar putea fi accelerat\u0103 printr-o lege special\u0103. Noua \u201eCFM Infra\u201d ar urma s\u0103 fie creat\u0103 p\u00e2n\u0103 la sf\u00e2r\u0219itul anului - Canal Regional\",\"isPartOf\":{\"@id\":\"https:\/\/canalregionaltv.md\/#website\"},\"datePublished\":\"2026-09-05T15:02:16+00:00\",\"dateModified\":\"2026-09-05T15:02:16+00:00\",\"breadcrumb\":{\"@id\":\"https:\/\/canalregionaltv.md\/?p=3650#breadcrumb\"},\"inLanguage\":\"en-US\",\"potentialAction\":[{\"@type\":\"ReadAction\",\"target\":[\"https:\/\/canalregionaltv.md\/?p=3650\"]}]},{\"@type\":\"BreadcrumbList\",\"@id\":\"https:\/\/canalregionaltv.md\/?p=3650#breadcrumb\",\"itemListElement\":[{\"@type\":\"ListItem\",\"position\":1,\"name\":\"Home\",\"item\":\"https:\/\/canalregionaltv.md\/\"},{\"@type\":\"ListItem\",\"position\":2,\"name\":\"Reorganizarea CFM ar putea fi accelerat\u0103 printr-o lege special\u0103. Noua \u201eCFM Infra\u201d ar urma s\u0103 fie creat\u0103 p\u00e2n\u0103 la sf\u00e2r\u0219itul anului\"}]},{\"@type\":\"WebSite\",\"@id\":\"https:\/\/canalregionaltv.md\/#website\",\"url\":\"https:\/\/canalregionaltv.md\/\",\"name\":\"Canal Regional\",\"description\":\"Canal Regional\",\"publisher\":{\"@id\":\"https:\/\/canalregionaltv.md\/#organization\"},\"potentialAction\":[{\"@type\":\"SearchAction\",\"target\":{\"@type\":\"EntryPoint\",\"urlTemplate\":\"https:\/\/canalregionaltv.md\/?s={search_term_string}\"},\"query-input\":\"required name=search_term_string\"}],\"inLanguage\":\"en-US\"},{\"@type\":\"Organization\",\"@id\":\"https:\/\/canalregionaltv.md\/#organization\",\"name\":\"Canal Regional\",\"url\":\"https:\/\/canalregionaltv.md\/\",\"logo\":{\"@type\":\"ImageObject\",\"inLanguage\":\"en-US\",\"@id\":\"https:\/\/canalregionaltv.md\/#\/schema\/logo\/image\/\",\"url\":\"https:\/\/canalregionaltv.md\/wp-content\/uploads\/2023\/10\/Logo_r.png\",\"contentUrl\":\"https:\/\/canalregionaltv.md\/wp-content\/uploads\/2023\/10\/Logo_r.png\",\"width\":403,\"height\":112,\"caption\":\"Canal Regional\"},\"image\":{\"@id\":\"https:\/\/canalregionaltv.md\/#\/schema\/logo\/image\/\"}},{\"@type\":\"Person\",\"@id\":\"https:\/\/canalregionaltv.md\/#\/schema\/person\/96db60230b2eedd2fd6d09d267f32f8f\",\"name\":\"admin_axts737o\",\"image\":{\"@type\":\"ImageObject\",\"inLanguage\":\"en-US\",\"@id\":\"https:\/\/canalregionaltv.md\/#\/schema\/person\/image\/\",\"url\":\"https:\/\/secure.gravatar.com\/avatar\/409e62ddd56f511fb1262f27a1535ee7719603a42e55b11651be97d388418cae?s=96&d=mm&r=g\",\"contentUrl\":\"https:\/\/secure.gravatar.com\/avatar\/409e62ddd56f511fb1262f27a1535ee7719603a42e55b11651be97d388418cae?s=96&d=mm&r=g\",\"caption\":\"admin_axts737o\"},\"sameAs\":[\"https:\/\/canalregionaltv.md\",\"Canal Regional, Canal Regional TV\",\"canal Regional\"],\"url\":\"https:\/\/canalregionaltv.md\/?author=1\"}]}<\/script>\n<!-- \/ Yoast SEO plugin. -->","yoast_head_json":{"title":"Reorganizarea CFM ar putea fi accelerat\u0103 printr-o lege special\u0103. Noua \u201eCFM Infra\u201d ar urma s\u0103 fie creat\u0103 p\u00e2n\u0103 la sf\u00e2r\u0219itul anului - Canal Regional","robots":{"index":"index","follow":"follow","max-snippet":"max-snippet:-1","max-image-preview":"max-image-preview:large","max-video-preview":"max-video-preview:-1"},"canonical":"https:\/\/canalregionaltv.md\/?p=3650","og_locale":"en_US","og_type":"article","og_title":"Reorganizarea CFM ar putea fi accelerat\u0103 printr-o lege special\u0103. Noua \u201eCFM Infra\u201d ar urma s\u0103 fie creat\u0103 p\u00e2n\u0103 la sf\u00e2r\u0219itul anului - Canal Regional","og_description":"Autorit\u0103\u021bile propun o lege special\u0103 pentru accelerarea reorganiz\u0103rii \u00centreprinderii de Stat \u201eCalea Ferat\u0103 din Moldova\u201d \u0219i crearea Societ\u0103\u021bii pe Ac\u021biuni \u201eCFM Infra\u201d, care va administra [&hellip;]","og_url":"https:\/\/canalregionaltv.md\/?p=3650","og_site_name":"Canal Regional","article_author":"Canal Regional, Canal Regional TV","article_published_time":"2026-09-05T15:02:16+00:00","author":"admin_axts737o","twitter_card":"summary_large_image","twitter_misc":{"Written by":"admin_axts737o","Est. reading time":"2 minutes"},"schema":{"@context":"https:\/\/schema.org","@graph":[{"@type":"Article","@id":"https:\/\/canalregionaltv.md\/?p=3650#article","isPartOf":{"@id":"https:\/\/canalregionaltv.md\/?p=3650"},"author":{"name":"admin_axts737o","@id":"https:\/\/canalregionaltv.md\/#\/schema\/person\/96db60230b2eedd2fd6d09d267f32f8f"},"headline":"Reorganizarea CFM ar putea fi accelerat\u0103 printr-o lege special\u0103. Noua \u201eCFM Infra\u201d ar urma s\u0103 fie creat\u0103 p\u00e2n\u0103 la sf\u00e2r\u0219itul anului","datePublished":"2026-09-05T15:02:16+00:00","dateModified":"2026-09-05T15:02:16+00:00","mainEntityOfPage":{"@id":"https:\/\/canalregionaltv.md\/?p=3650"},"wordCount":476,"commentCount":0,"publisher":{"@id":"https:\/\/canalregionaltv.md\/#organization"},"inLanguage":"en-US","potentialAction":[{"@type":"CommentAction","name":"Comment","target":["https:\/\/canalregionaltv.md\/?p=3650#respond"]}]},{"@type":"WebPage","@id":"https:\/\/canalregionaltv.md\/?p=3650","url":"https:\/\/canalregionaltv.md\/?p=3650","name":"Reorganizarea CFM ar putea fi accelerat\u0103 printr-o lege special\u0103. Noua \u201eCFM Infra\u201d ar urma s\u0103 fie creat\u0103 p\u00e2n\u0103 la sf\u00e2r\u0219itul anului - Canal Regional","isPartOf":{"@id":"https:\/\/canalregionaltv.md\/#website"},"datePublished":"2026-09-05T15:02:16+00:00","dateModified":"2026-09-05T15:02:16+00:00","breadcrumb":{"@id":"https:\/\/canalregionaltv.md\/?p=3650#breadcrumb"},"inLanguage":"en-US","potentialAction":[{"@type":"ReadAction","target":["https:\/\/canalregionaltv.md\/?p=3650"]}]},{"@type":"BreadcrumbList","@id":"https:\/\/canalregionaltv.md\/?p=3650#breadcrumb","itemListElement":[{"@type":"ListItem","position":1,"name":"Home","item":"https:\/\/canalregionaltv.md\/"},{"@type":"ListItem","position":2,"name":"Reorganizarea CFM ar putea fi accelerat\u0103 printr-o lege special\u0103. Noua \u201eCFM Infra\u201d ar urma s\u0103 fie creat\u0103 p\u00e2n\u0103 la sf\u00e2r\u0219itul anului"}]},{"@type":"WebSite","@id":"https:\/\/canalregionaltv.md\/#website","url":"https:\/\/canalregionaltv.md\/","name":"Canal Regional","description":"Canal Regional","publisher":{"@id":"https:\/\/canalregionaltv.md\/#organization"},"potentialAction":[{"@type":"SearchAction","target":{"@type":"EntryPoint","urlTemplate":"https:\/\/canalregionaltv.md\/?s={search_term_string}"},"query-input":"required name=search_term_string"}],"inLanguage":"en-US"},{"@type":"Organization","@id":"https:\/\/canalregionaltv.md\/#organization","name":"Canal Regional","url":"https:\/\/canalregionaltv.md\/","logo":{"@type":"ImageObject","inLanguage":"en-US","@id":"https:\/\/canalregionaltv.md\/#\/schema\/logo\/image\/","url":"https:\/\/canalregionaltv.md\/wp-content\/uploads\/2023\/10\/Logo_r.png","contentUrl":"https:\/\/canalregionaltv.md\/wp-content\/uploads\/2023\/10\/Logo_r.png","width":403,"height":112,"caption":"Canal Regional"},"image":{"@id":"https:\/\/canalregionaltv.md\/#\/schema\/logo\/image\/"}},{"@type":"Person","@id":"https:\/\/canalregionaltv.md\/#\/schema\/person\/96db60230b2eedd2fd6d09d267f32f8f","name":"admin_axts737o","image":{"@type":"ImageObject","inLanguage":"en-US","@id":"https:\/\/canalregionaltv.md\/#\/schema\/person\/image\/","url":"https:\/\/secure.gravatar.com\/avatar\/409e62ddd56f511fb1262f27a1535ee7719603a42e55b11651be97d388418cae?s=96&d=mm&r=g","contentUrl":"https:\/\/secure.gravatar.com\/avatar\/409e62ddd56f511fb1262f27a1535ee7719603a42e55b11651be97d388418cae?s=96&d=mm&r=g","caption":"admin_axts737o"},"sameAs":["https:\/\/canalregionaltv.md","Canal Regional, Canal Regional TV","canal Regional"],"url":"https:\/\/canalregionaltv.md\/?author=1"}]}},"_links":{"self":[{"href":"https:\/\/canalregionaltv.md\/index.php?rest_route=\/wp\/v2\/posts\/3650","targetHints":{"allow":["GET"]}}],"collection":[{"href":"https:\/\/canalregionaltv.md\/index.php?rest_route=\/wp\/v2\/posts"}],"about":[{"href":"https:\/\/canalregionaltv.md\/index.php?rest_route=\/wp\/v2\/types\/post"}],"author":[{"embeddable":true,"href":"https:\/\/canalregionaltv.md\/index.php?rest_route=\/wp\/v2\/users\/1"}],"replies":[{"embeddable":true,"href":"https:\/\/canalregionaltv.md\/index.php?rest_route=%2Fwp%2Fv2%2Fcomments&post=3650"}],"version-history":[{"count":0,"href":"https:\/\/canalregionaltv.md\/index.php?rest_route=\/wp\/v2\/posts\/3650\/revisions"}],"wp:attachment":[{"href":"https:\/\/canalregionaltv.md\/index.php?rest_route=%2Fwp%2Fv2%2Fmedia&parent=3650"}],"wp:term":[{"taxonomy":"category","embeddable":true,"href":"https:\/\/canalregionaltv.md\/index.php?rest_route=%2Fwp%2Fv2%2Fcategories&post=3650"},{"taxonomy":"post_tag","embeddable":true,"href":"https:\/\/canalregionaltv.md\/index.php?rest_route=%2Fwp%2Fv2%2Ftags&post=3650"}],"curies":[{"name":"wp","href":"https:\/\/api.w.org\/{rel}","templated":true}]}}