{"id":3652,"date":"2026-09-05T17:02:17","date_gmt":"2026-09-05T15:02:17","guid":{"rendered":"https:\/\/canalregionaltv.md\/?p=3652"},"modified":"2026-09-05T17:02:17","modified_gmt":"2026-09-05T15:02:17","slug":"faoam-se-majoreaza-cu-167-de-milioane-de-lei-banii-vor-fi-alocati-pentru-servicii-medicale","status":"publish","type":"post","link":"https:\/\/canalregionaltv.md\/?p=3652","title":{"rendered":"FAOAM se majoreaz\u0103 cu 167 de milioane de lei. Banii vor fi aloca\u021bi pentru servicii medicale"},"content":{"rendered":"<h3 class=\"isSelectedEnd\">Veniturile \u0219i cheltuielile fondurilor asigur\u0103rii obligatorii de asisten\u021b\u0103 medical\u0103 pentru anul 2026 vor fi majorate cu c\u00e2te 167\u00a0 de milioane de lei. Parlamentul a aprobat, \u00een prima lectur\u0103, proiectul de rectificare a legii FAOAM.<\/h3>\n<p class=\"isSelectedEnd\">\u00cen urma modific\u0103rii, veniturile fondurilor vor ajunge la 18,99 miliarde de lei, iar cheltuielile \u2013 la 19,38 miliarde de lei. Ambele componente cresc cu aproximativ 0,9%.<\/p>\n<p class=\"isSelectedEnd\">Proiectul a fost prezentat de secretarul general al Ministerului S\u0103n\u0103t\u0103\u021bii, Lilia Gantea. Potrivit acesteia, cea mai mare parte a banilor suplimentari, aproximativ 157 de milioane de lei, va fi direc\u021bionat\u0103 pentru asigurarea accesului popula\u021biei la servicii medicale spitalice\u0219ti.<\/p>\n<p class=\"isSelectedEnd\">Alte 2,9 milioane de lei vor acoperi cheltuielile pentru asisten\u021ba medical\u0103 primar\u0103, iar 1,48 milioane de lei vor fi alocate serviciilor de asisten\u021b\u0103 medical\u0103 urgent\u0103 prespitaliceasc\u0103.<\/p>\n<p class=\"isSelectedEnd\">\u201eAceste venituri suplimentare, \u00een sum\u0103 de 167,4 milioane de lei, vor fi \u00eendreptate spre acoperirea cheltuielilor pentru acordarea asisten\u021bei medicale primare, \u00een sum\u0103 de 2 milioane 919 mii de lei, a serviciilor de asisten\u021b\u0103 medical\u0103 urgent\u0103 prespitaliceasc\u0103, \u00een sum\u0103 de 1 milion 481 de mii de lei, precum \u0219i a cotei preponderente pentru asigurarea accesului popula\u021biei la servicii medicale spitalice\u0219ti, \u00een sum\u0103 de 157 de milioane de lei\u201d, a declarat Lilia Gantea.<\/p>\n<p class=\"isSelectedEnd\">Potrivit Ministerului S\u0103n\u0103t\u0103\u021bii, cre\u0219terea veniturilor FAOAM este determinat\u0103, \u00eentre altele, de majorarea num\u0103rului persoanelor care au achitat prima de asigurare medical\u0103 \u00een sum\u0103 fix\u0103. Au crescut \u0219i \u00eencas\u0103rile din impozitul unic achitat de reziden\u021bii parcurilor pentru tehnologia informa\u021biei \u0219i de antreprenorii independen\u021bi.<\/p>\n<p class=\"isSelectedEnd\">La veniturile suplimentare au contribuit \u0219i dona\u021biile voluntare externe destinate finan\u021b\u0103rii serviciilor medicale acordate refugia\u021bilor din Ucraina.<\/p>\n<p class=\"isSelectedEnd\">Banii suplimentari vor permite cre\u0219terea num\u0103rului de cazuri acute tratate \u0219i finan\u021barea unor programe medicale speciale. Printre acestea se num\u0103r\u0103 interven\u021biile pentru tratarea cataractei \u0219i opera\u021biile cardiochirurgicale.<\/p>\n<p class=\"isSelectedEnd\">Vor fi suplimentate, de asemenea, fondurile pentru chirurgia de o zi, tratamentul cazurilor cronice, serviciile de reabilitare, dializ\u0103 \u0219i radioterapie. Alte 6 milioane de lei vor fi alocate serviciilor de \u00eengrijire paliativ\u0103.<\/p>\n<p class=\"isSelectedEnd\">Dup\u0103 rectificare, deficitul FAOAM pentru anul 2026 va ajunge la 3,85 miliarde de lei.<\/p>\n<p>Proiectul urmeaz\u0103 s\u0103 fie examinat de Parlament \u00een lectura a doua. \u00cen cazul adopt\u0103rii, modific\u0103rile vor intra \u00een vigoare dup\u0103 publicarea \u00een Monitorul Oficial.<\/p>\n<p>Articolul <a href=\"https:\/\/nordnews.md\/stiri-nationale\/economic\/faoam-se-majoreaza-cu-167-de-milioane-de-lei-banii-vor-fi-alocati-pentru-servicii-medicale\/\">FAOAM se majoreaz\u0103 cu 167 de milioane de lei. Banii vor fi aloca\u021bi pentru servicii medicale<\/a> apare prima dat\u0103 \u00een <a href=\"https:\/\/nordnews.md\/\">NordNews<\/a>.<\/p>","protected":false},"excerpt":{"rendered":"<p>Veniturile \u0219i cheltuielile fondurilor asigur\u0103rii obligatorii de asisten\u021b\u0103 medical\u0103 pentru anul 2026 vor fi majorate cu c\u00e2te 167\u00a0 de milioane de lei. Parlamentul a aprobat, [&hellip;]<\/p>\n","protected":false},"author":1,"featured_media":0,"comment_status":"open","ping_status":"closed","sticky":false,"template":"","format":"standard","meta":{"footnotes":""},"categories":[1],"tags":[],"class_list":["post-3652","post","type-post","status-publish","format-standard","hentry","category-uncategorized"],"yoast_head":"<!-- This site is optimized with the Yoast SEO plugin v21.3 - https:\/\/yoast.com\/wordpress\/plugins\/seo\/ -->\n<title>FAOAM se majoreaz\u0103 cu 167 de milioane de lei. Banii vor fi aloca\u021bi pentru servicii medicale - Canal Regional<\/title>\n<meta name=\"robots\" content=\"index, follow, max-snippet:-1, max-image-preview:large, max-video-preview:-1\" \/>\n<link rel=\"canonical\" href=\"https:\/\/canalregionaltv.md\/?p=3652\" \/>\n<meta property=\"og:locale\" content=\"en_US\" \/>\n<meta property=\"og:type\" content=\"article\" \/>\n<meta property=\"og:title\" content=\"FAOAM se majoreaz\u0103 cu 167 de milioane de lei. Banii vor fi aloca\u021bi pentru servicii medicale - Canal Regional\" \/>\n<meta property=\"og:description\" content=\"Veniturile \u0219i cheltuielile fondurilor asigur\u0103rii obligatorii de asisten\u021b\u0103 medical\u0103 pentru anul 2026 vor fi majorate cu c\u00e2te 167\u00a0 de milioane de lei. Parlamentul a aprobat, [&hellip;]\" \/>\n<meta property=\"og:url\" content=\"https:\/\/canalregionaltv.md\/?p=3652\" \/>\n<meta property=\"og:site_name\" content=\"Canal Regional\" \/>\n<meta property=\"article:author\" content=\"Canal Regional, Canal Regional TV\" \/>\n<meta property=\"article:published_time\" content=\"2026-09-05T15:02:17+00:00\" \/>\n<meta name=\"author\" content=\"admin_axts737o\" \/>\n<meta name=\"twitter:card\" content=\"summary_large_image\" \/>\n<meta name=\"twitter:label1\" content=\"Written by\" \/>\n\t<meta name=\"twitter:data1\" content=\"admin_axts737o\" \/>\n\t<meta name=\"twitter:label2\" content=\"Est. reading time\" \/>\n\t<meta name=\"twitter:data2\" content=\"2 minutes\" \/>\n<script type=\"application\/ld+json\" class=\"yoast-schema-graph\">{\"@context\":\"https:\/\/schema.org\",\"@graph\":[{\"@type\":\"Article\",\"@id\":\"https:\/\/canalregionaltv.md\/?p=3652#article\",\"isPartOf\":{\"@id\":\"https:\/\/canalregionaltv.md\/?p=3652\"},\"author\":{\"name\":\"admin_axts737o\",\"@id\":\"https:\/\/canalregionaltv.md\/#\/schema\/person\/96db60230b2eedd2fd6d09d267f32f8f\"},\"headline\":\"FAOAM se majoreaz\u0103 cu 167 de milioane de lei. Banii vor fi aloca\u021bi pentru servicii medicale\",\"datePublished\":\"2026-09-05T15:02:17+00:00\",\"dateModified\":\"2026-09-05T15:02:17+00:00\",\"mainEntityOfPage\":{\"@id\":\"https:\/\/canalregionaltv.md\/?p=3652\"},\"wordCount\":405,\"commentCount\":0,\"publisher\":{\"@id\":\"https:\/\/canalregionaltv.md\/#organization\"},\"inLanguage\":\"en-US\",\"potentialAction\":[{\"@type\":\"CommentAction\",\"name\":\"Comment\",\"target\":[\"https:\/\/canalregionaltv.md\/?p=3652#respond\"]}]},{\"@type\":\"WebPage\",\"@id\":\"https:\/\/canalregionaltv.md\/?p=3652\",\"url\":\"https:\/\/canalregionaltv.md\/?p=3652\",\"name\":\"FAOAM se majoreaz\u0103 cu 167 de milioane de lei. Banii vor fi aloca\u021bi pentru servicii medicale - Canal Regional\",\"isPartOf\":{\"@id\":\"https:\/\/canalregionaltv.md\/#website\"},\"datePublished\":\"2026-09-05T15:02:17+00:00\",\"dateModified\":\"2026-09-05T15:02:17+00:00\",\"breadcrumb\":{\"@id\":\"https:\/\/canalregionaltv.md\/?p=3652#breadcrumb\"},\"inLanguage\":\"en-US\",\"potentialAction\":[{\"@type\":\"ReadAction\",\"target\":[\"https:\/\/canalregionaltv.md\/?p=3652\"]}]},{\"@type\":\"BreadcrumbList\",\"@id\":\"https:\/\/canalregionaltv.md\/?p=3652#breadcrumb\",\"itemListElement\":[{\"@type\":\"ListItem\",\"position\":1,\"name\":\"Home\",\"item\":\"https:\/\/canalregionaltv.md\/\"},{\"@type\":\"ListItem\",\"position\":2,\"name\":\"FAOAM se majoreaz\u0103 cu 167 de milioane de lei. Banii vor fi aloca\u021bi pentru servicii medicale\"}]},{\"@type\":\"WebSite\",\"@id\":\"https:\/\/canalregionaltv.md\/#website\",\"url\":\"https:\/\/canalregionaltv.md\/\",\"name\":\"Canal Regional\",\"description\":\"Canal Regional\",\"publisher\":{\"@id\":\"https:\/\/canalregionaltv.md\/#organization\"},\"potentialAction\":[{\"@type\":\"SearchAction\",\"target\":{\"@type\":\"EntryPoint\",\"urlTemplate\":\"https:\/\/canalregionaltv.md\/?s={search_term_string}\"},\"query-input\":\"required name=search_term_string\"}],\"inLanguage\":\"en-US\"},{\"@type\":\"Organization\",\"@id\":\"https:\/\/canalregionaltv.md\/#organization\",\"name\":\"Canal Regional\",\"url\":\"https:\/\/canalregionaltv.md\/\",\"logo\":{\"@type\":\"ImageObject\",\"inLanguage\":\"en-US\",\"@id\":\"https:\/\/canalregionaltv.md\/#\/schema\/logo\/image\/\",\"url\":\"https:\/\/canalregionaltv.md\/wp-content\/uploads\/2023\/10\/Logo_r.png\",\"contentUrl\":\"https:\/\/canalregionaltv.md\/wp-content\/uploads\/2023\/10\/Logo_r.png\",\"width\":403,\"height\":112,\"caption\":\"Canal Regional\"},\"image\":{\"@id\":\"https:\/\/canalregionaltv.md\/#\/schema\/logo\/image\/\"}},{\"@type\":\"Person\",\"@id\":\"https:\/\/canalregionaltv.md\/#\/schema\/person\/96db60230b2eedd2fd6d09d267f32f8f\",\"name\":\"admin_axts737o\",\"image\":{\"@type\":\"ImageObject\",\"inLanguage\":\"en-US\",\"@id\":\"https:\/\/canalregionaltv.md\/#\/schema\/person\/image\/\",\"url\":\"https:\/\/secure.gravatar.com\/avatar\/409e62ddd56f511fb1262f27a1535ee7719603a42e55b11651be97d388418cae?s=96&d=mm&r=g\",\"contentUrl\":\"https:\/\/secure.gravatar.com\/avatar\/409e62ddd56f511fb1262f27a1535ee7719603a42e55b11651be97d388418cae?s=96&d=mm&r=g\",\"caption\":\"admin_axts737o\"},\"sameAs\":[\"https:\/\/canalregionaltv.md\",\"Canal Regional, Canal Regional TV\",\"canal Regional\"],\"url\":\"https:\/\/canalregionaltv.md\/?author=1\"}]}<\/script>\n<!-- \/ Yoast SEO plugin. -->","yoast_head_json":{"title":"FAOAM se majoreaz\u0103 cu 167 de milioane de lei. Banii vor fi aloca\u021bi pentru servicii medicale - Canal Regional","robots":{"index":"index","follow":"follow","max-snippet":"max-snippet:-1","max-image-preview":"max-image-preview:large","max-video-preview":"max-video-preview:-1"},"canonical":"https:\/\/canalregionaltv.md\/?p=3652","og_locale":"en_US","og_type":"article","og_title":"FAOAM se majoreaz\u0103 cu 167 de milioane de lei. Banii vor fi aloca\u021bi pentru servicii medicale - Canal Regional","og_description":"Veniturile \u0219i cheltuielile fondurilor asigur\u0103rii obligatorii de asisten\u021b\u0103 medical\u0103 pentru anul 2026 vor fi majorate cu c\u00e2te 167\u00a0 de milioane de lei. Parlamentul a aprobat, [&hellip;]","og_url":"https:\/\/canalregionaltv.md\/?p=3652","og_site_name":"Canal Regional","article_author":"Canal Regional, Canal Regional TV","article_published_time":"2026-09-05T15:02:17+00:00","author":"admin_axts737o","twitter_card":"summary_large_image","twitter_misc":{"Written by":"admin_axts737o","Est. reading time":"2 minutes"},"schema":{"@context":"https:\/\/schema.org","@graph":[{"@type":"Article","@id":"https:\/\/canalregionaltv.md\/?p=3652#article","isPartOf":{"@id":"https:\/\/canalregionaltv.md\/?p=3652"},"author":{"name":"admin_axts737o","@id":"https:\/\/canalregionaltv.md\/#\/schema\/person\/96db60230b2eedd2fd6d09d267f32f8f"},"headline":"FAOAM se majoreaz\u0103 cu 167 de milioane de lei. Banii vor fi aloca\u021bi pentru servicii medicale","datePublished":"2026-09-05T15:02:17+00:00","dateModified":"2026-09-05T15:02:17+00:00","mainEntityOfPage":{"@id":"https:\/\/canalregionaltv.md\/?p=3652"},"wordCount":405,"commentCount":0,"publisher":{"@id":"https:\/\/canalregionaltv.md\/#organization"},"inLanguage":"en-US","potentialAction":[{"@type":"CommentAction","name":"Comment","target":["https:\/\/canalregionaltv.md\/?p=3652#respond"]}]},{"@type":"WebPage","@id":"https:\/\/canalregionaltv.md\/?p=3652","url":"https:\/\/canalregionaltv.md\/?p=3652","name":"FAOAM se majoreaz\u0103 cu 167 de milioane de lei. Banii vor fi aloca\u021bi pentru servicii medicale - Canal Regional","isPartOf":{"@id":"https:\/\/canalregionaltv.md\/#website"},"datePublished":"2026-09-05T15:02:17+00:00","dateModified":"2026-09-05T15:02:17+00:00","breadcrumb":{"@id":"https:\/\/canalregionaltv.md\/?p=3652#breadcrumb"},"inLanguage":"en-US","potentialAction":[{"@type":"ReadAction","target":["https:\/\/canalregionaltv.md\/?p=3652"]}]},{"@type":"BreadcrumbList","@id":"https:\/\/canalregionaltv.md\/?p=3652#breadcrumb","itemListElement":[{"@type":"ListItem","position":1,"name":"Home","item":"https:\/\/canalregionaltv.md\/"},{"@type":"ListItem","position":2,"name":"FAOAM se majoreaz\u0103 cu 167 de milioane de lei. Banii vor fi aloca\u021bi pentru servicii medicale"}]},{"@type":"WebSite","@id":"https:\/\/canalregionaltv.md\/#website","url":"https:\/\/canalregionaltv.md\/","name":"Canal Regional","description":"Canal Regional","publisher":{"@id":"https:\/\/canalregionaltv.md\/#organization"},"potentialAction":[{"@type":"SearchAction","target":{"@type":"EntryPoint","urlTemplate":"https:\/\/canalregionaltv.md\/?s={search_term_string}"},"query-input":"required name=search_term_string"}],"inLanguage":"en-US"},{"@type":"Organization","@id":"https:\/\/canalregionaltv.md\/#organization","name":"Canal Regional","url":"https:\/\/canalregionaltv.md\/","logo":{"@type":"ImageObject","inLanguage":"en-US","@id":"https:\/\/canalregionaltv.md\/#\/schema\/logo\/image\/","url":"https:\/\/canalregionaltv.md\/wp-content\/uploads\/2023\/10\/Logo_r.png","contentUrl":"https:\/\/canalregionaltv.md\/wp-content\/uploads\/2023\/10\/Logo_r.png","width":403,"height":112,"caption":"Canal Regional"},"image":{"@id":"https:\/\/canalregionaltv.md\/#\/schema\/logo\/image\/"}},{"@type":"Person","@id":"https:\/\/canalregionaltv.md\/#\/schema\/person\/96db60230b2eedd2fd6d09d267f32f8f","name":"admin_axts737o","image":{"@type":"ImageObject","inLanguage":"en-US","@id":"https:\/\/canalregionaltv.md\/#\/schema\/person\/image\/","url":"https:\/\/secure.gravatar.com\/avatar\/409e62ddd56f511fb1262f27a1535ee7719603a42e55b11651be97d388418cae?s=96&d=mm&r=g","contentUrl":"https:\/\/secure.gravatar.com\/avatar\/409e62ddd56f511fb1262f27a1535ee7719603a42e55b11651be97d388418cae?s=96&d=mm&r=g","caption":"admin_axts737o"},"sameAs":["https:\/\/canalregionaltv.md","Canal Regional, Canal Regional TV","canal Regional"],"url":"https:\/\/canalregionaltv.md\/?author=1"}]}},"_links":{"self":[{"href":"https:\/\/canalregionaltv.md\/index.php?rest_route=\/wp\/v2\/posts\/3652","targetHints":{"allow":["GET"]}}],"collection":[{"href":"https:\/\/canalregionaltv.md\/index.php?rest_route=\/wp\/v2\/posts"}],"about":[{"href":"https:\/\/canalregionaltv.md\/index.php?rest_route=\/wp\/v2\/types\/post"}],"author":[{"embeddable":true,"href":"https:\/\/canalregionaltv.md\/index.php?rest_route=\/wp\/v2\/users\/1"}],"replies":[{"embeddable":true,"href":"https:\/\/canalregionaltv.md\/index.php?rest_route=%2Fwp%2Fv2%2Fcomments&post=3652"}],"version-history":[{"count":0,"href":"https:\/\/canalregionaltv.md\/index.php?rest_route=\/wp\/v2\/posts\/3652\/revisions"}],"wp:attachment":[{"href":"https:\/\/canalregionaltv.md\/index.php?rest_route=%2Fwp%2Fv2%2Fmedia&parent=3652"}],"wp:term":[{"taxonomy":"category","embeddable":true,"href":"https:\/\/canalregionaltv.md\/index.php?rest_route=%2Fwp%2Fv2%2Fcategories&post=3652"},{"taxonomy":"post_tag","embeddable":true,"href":"https:\/\/canalregionaltv.md\/index.php?rest_route=%2Fwp%2Fv2%2Ftags&post=3652"}],"curies":[{"name":"wp","href":"https:\/\/api.w.org\/{rel}","templated":true}]}}