{"id":3653,"date":"2026-09-06T17:04:30","date_gmt":"2026-09-06T15:04:30","guid":{"rendered":"https:\/\/canalregionaltv.md\/?p=3653"},"modified":"2026-09-06T17:04:30","modified_gmt":"2026-09-06T15:04:30","slug":"un-moldovean-de-26-de-ani-cautat-in-romania-dupa-ce-a-abandonat-o-masina-furata","status":"publish","type":"post","link":"https:\/\/canalregionaltv.md\/?p=3653","title":{"rendered":"Un moldovean de 26 de ani, c\u0103utat \u00een Rom\u00e2nia dup\u0103 ce a abandonat o ma\u0219in\u0103 furat\u0103"},"content":{"rendered":"<h3 class=\"isSelectedEnd\">Un cet\u0103\u021bean al Republicii Moldova, \u00een v\u00e2rst\u0103 de 26 de ani, este c\u0103utat de poli\u021bi\u0219tii rom\u00e2ni dup\u0103 ce ar fi abandonat \u00eentr-o zon\u0103 \u00eemp\u0103durit\u0103 din jude\u021bul Mehedin\u021bi un automobil \u00eenmatriculat \u00een Bulgaria. Ma\u0219ina ar fi fost furat\u0103 de pe teritoriul Bulgariei, citat de <a href=\"https:\/\/www.news.ro\/eveniment\/cetatean-din-republica-moldova-cautat-de-politisti-din-mai-multe-judete-inclusiv-cu-un-elicopter-dupa-ce-a-abandonat-langa-o-padure-din-mehedinti-un-autoturism-furat-din-bulgaria-si-apoi-a-disparut-1922405305412026092322700241\">news.ro.<\/a><\/h3>\n<p class=\"isSelectedEnd\">Incidentul a avut loc s\u00e2mb\u0103t\u0103, \u00een jurul orei 15:30. Poli\u021bi\u0219tii din cadrul Poli\u021biei Ora\u0219ului Strehaia au f\u0103cut semnal regulamentar de oprire unui autoturism \u00eenmatriculat \u00een Bulgaria, \u00eens\u0103 \u0219oferul nu a oprit.<\/p>\n<p class=\"isSelectedEnd\">Ulterior, ma\u0219ina a fost g\u0103sit\u0103 abandonat\u0103 \u00een apropierea unei p\u0103duri. Poli\u021bi\u0219tii au declan\u0219at c\u0103ut\u0103rile pentru identificarea \u0219i re\u021binerea conduc\u0103torului auto.<\/p>\n<p class=\"isSelectedEnd\">La opera\u021biune particip\u0103 echipaje ale Inspectoratului de Poli\u021bie Jude\u021bean Mehedin\u021bi, cu sprijinul poli\u021bi\u0219tilor din jude\u021bele Dolj, Gorj \u0219i Cara\u0219-Severin, al Poli\u021biei de Frontier\u0103 Mehedin\u021bi \u0219i al jandarmilor mehedin\u021beni.<\/p>\n<p class=\"isSelectedEnd\">\u00cen zon\u0103 a fost mobilizat \u0219i un elicopter al Inspectoratului General de Avia\u021bie al Ministerului Afacerilor Interne pentru sprijinirea opera\u021biunilor de c\u0103utare.<\/p>\n<p>Poli\u021bia precizeaz\u0103 c\u0103 verific\u0103rile sunt \u00een desf\u0103\u0219urare pentru stabilirea tuturor circumstan\u021belor \u0219i depistarea b\u0103rbatului. \u00cen func\u021bie de rezultatele anchetei, autorit\u0103\u021bile urmeaz\u0103 s\u0103 dispun\u0103 m\u0103surile prev\u0103zute de lege.<\/p>\n<p>Articolul <a href=\"https:\/\/nordnews.md\/stiri-externe\/in-lume\/un-moldovean-de-26-de-ani-cautat-in-romania-dupa-ce-a-abandonat-o-masina-furata\/\">Un moldovean de 26 de ani, c\u0103utat \u00een Rom\u00e2nia dup\u0103 ce a abandonat o ma\u0219in\u0103 furat\u0103<\/a> apare prima dat\u0103 \u00een <a href=\"https:\/\/nordnews.md\/\">NordNews<\/a>.<\/p>","protected":false},"excerpt":{"rendered":"<p>Un cet\u0103\u021bean al Republicii Moldova, \u00een v\u00e2rst\u0103 de 26 de ani, este c\u0103utat de poli\u021bi\u0219tii rom\u00e2ni dup\u0103 ce ar fi abandonat \u00eentr-o zon\u0103 \u00eemp\u0103durit\u0103 din [&hellip;]<\/p>\n","protected":false},"author":1,"featured_media":0,"comment_status":"open","ping_status":"closed","sticky":false,"template":"","format":"standard","meta":{"footnotes":""},"categories":[1],"tags":[],"class_list":["post-3653","post","type-post","status-publish","format-standard","hentry","category-uncategorized"],"yoast_head":"<!-- This site is optimized with the Yoast SEO plugin v21.3 - https:\/\/yoast.com\/wordpress\/plugins\/seo\/ -->\n<title>Un moldovean de 26 de ani, c\u0103utat \u00een Rom\u00e2nia dup\u0103 ce a abandonat o ma\u0219in\u0103 furat\u0103 - Canal Regional<\/title>\n<meta name=\"robots\" content=\"index, follow, max-snippet:-1, max-image-preview:large, max-video-preview:-1\" \/>\n<link rel=\"canonical\" href=\"https:\/\/canalregionaltv.md\/?p=3653\" \/>\n<meta property=\"og:locale\" content=\"en_US\" \/>\n<meta property=\"og:type\" content=\"article\" \/>\n<meta property=\"og:title\" content=\"Un moldovean de 26 de ani, c\u0103utat \u00een Rom\u00e2nia dup\u0103 ce a abandonat o ma\u0219in\u0103 furat\u0103 - Canal Regional\" \/>\n<meta property=\"og:description\" content=\"Un cet\u0103\u021bean al Republicii Moldova, \u00een v\u00e2rst\u0103 de 26 de ani, este c\u0103utat de poli\u021bi\u0219tii rom\u00e2ni dup\u0103 ce ar fi abandonat \u00eentr-o zon\u0103 \u00eemp\u0103durit\u0103 din [&hellip;]\" \/>\n<meta property=\"og:url\" content=\"https:\/\/canalregionaltv.md\/?p=3653\" \/>\n<meta property=\"og:site_name\" content=\"Canal Regional\" \/>\n<meta property=\"article:author\" content=\"Canal Regional, Canal Regional TV\" \/>\n<meta property=\"article:published_time\" content=\"2026-09-06T15:04:30+00:00\" \/>\n<meta name=\"author\" content=\"admin_axts737o\" \/>\n<meta name=\"twitter:card\" content=\"summary_large_image\" \/>\n<meta name=\"twitter:label1\" content=\"Written by\" \/>\n\t<meta name=\"twitter:data1\" content=\"admin_axts737o\" \/>\n\t<meta name=\"twitter:label2\" content=\"Est. reading time\" \/>\n\t<meta name=\"twitter:data2\" content=\"1 minute\" \/>\n<script type=\"application\/ld+json\" class=\"yoast-schema-graph\">{\"@context\":\"https:\/\/schema.org\",\"@graph\":[{\"@type\":\"Article\",\"@id\":\"https:\/\/canalregionaltv.md\/?p=3653#article\",\"isPartOf\":{\"@id\":\"https:\/\/canalregionaltv.md\/?p=3653\"},\"author\":{\"name\":\"admin_axts737o\",\"@id\":\"https:\/\/canalregionaltv.md\/#\/schema\/person\/96db60230b2eedd2fd6d09d267f32f8f\"},\"headline\":\"Un moldovean de 26 de ani, c\u0103utat \u00een Rom\u00e2nia dup\u0103 ce a abandonat o ma\u0219in\u0103 furat\u0103\",\"datePublished\":\"2026-09-06T15:04:30+00:00\",\"dateModified\":\"2026-09-06T15:04:30+00:00\",\"mainEntityOfPage\":{\"@id\":\"https:\/\/canalregionaltv.md\/?p=3653\"},\"wordCount\":263,\"commentCount\":0,\"publisher\":{\"@id\":\"https:\/\/canalregionaltv.md\/#organization\"},\"inLanguage\":\"en-US\",\"potentialAction\":[{\"@type\":\"CommentAction\",\"name\":\"Comment\",\"target\":[\"https:\/\/canalregionaltv.md\/?p=3653#respond\"]}]},{\"@type\":\"WebPage\",\"@id\":\"https:\/\/canalregionaltv.md\/?p=3653\",\"url\":\"https:\/\/canalregionaltv.md\/?p=3653\",\"name\":\"Un moldovean de 26 de ani, c\u0103utat \u00een Rom\u00e2nia dup\u0103 ce a abandonat o ma\u0219in\u0103 furat\u0103 - Canal Regional\",\"isPartOf\":{\"@id\":\"https:\/\/canalregionaltv.md\/#website\"},\"datePublished\":\"2026-09-06T15:04:30+00:00\",\"dateModified\":\"2026-09-06T15:04:30+00:00\",\"breadcrumb\":{\"@id\":\"https:\/\/canalregionaltv.md\/?p=3653#breadcrumb\"},\"inLanguage\":\"en-US\",\"potentialAction\":[{\"@type\":\"ReadAction\",\"target\":[\"https:\/\/canalregionaltv.md\/?p=3653\"]}]},{\"@type\":\"BreadcrumbList\",\"@id\":\"https:\/\/canalregionaltv.md\/?p=3653#breadcrumb\",\"itemListElement\":[{\"@type\":\"ListItem\",\"position\":1,\"name\":\"Home\",\"item\":\"https:\/\/canalregionaltv.md\/\"},{\"@type\":\"ListItem\",\"position\":2,\"name\":\"Un moldovean de 26 de ani, c\u0103utat \u00een Rom\u00e2nia dup\u0103 ce a abandonat o ma\u0219in\u0103 furat\u0103\"}]},{\"@type\":\"WebSite\",\"@id\":\"https:\/\/canalregionaltv.md\/#website\",\"url\":\"https:\/\/canalregionaltv.md\/\",\"name\":\"Canal Regional\",\"description\":\"Canal Regional\",\"publisher\":{\"@id\":\"https:\/\/canalregionaltv.md\/#organization\"},\"potentialAction\":[{\"@type\":\"SearchAction\",\"target\":{\"@type\":\"EntryPoint\",\"urlTemplate\":\"https:\/\/canalregionaltv.md\/?s={search_term_string}\"},\"query-input\":\"required name=search_term_string\"}],\"inLanguage\":\"en-US\"},{\"@type\":\"Organization\",\"@id\":\"https:\/\/canalregionaltv.md\/#organization\",\"name\":\"Canal Regional\",\"url\":\"https:\/\/canalregionaltv.md\/\",\"logo\":{\"@type\":\"ImageObject\",\"inLanguage\":\"en-US\",\"@id\":\"https:\/\/canalregionaltv.md\/#\/schema\/logo\/image\/\",\"url\":\"https:\/\/canalregionaltv.md\/wp-content\/uploads\/2023\/10\/Logo_r.png\",\"contentUrl\":\"https:\/\/canalregionaltv.md\/wp-content\/uploads\/2023\/10\/Logo_r.png\",\"width\":403,\"height\":112,\"caption\":\"Canal Regional\"},\"image\":{\"@id\":\"https:\/\/canalregionaltv.md\/#\/schema\/logo\/image\/\"}},{\"@type\":\"Person\",\"@id\":\"https:\/\/canalregionaltv.md\/#\/schema\/person\/96db60230b2eedd2fd6d09d267f32f8f\",\"name\":\"admin_axts737o\",\"image\":{\"@type\":\"ImageObject\",\"inLanguage\":\"en-US\",\"@id\":\"https:\/\/canalregionaltv.md\/#\/schema\/person\/image\/\",\"url\":\"https:\/\/secure.gravatar.com\/avatar\/409e62ddd56f511fb1262f27a1535ee7719603a42e55b11651be97d388418cae?s=96&d=mm&r=g\",\"contentUrl\":\"https:\/\/secure.gravatar.com\/avatar\/409e62ddd56f511fb1262f27a1535ee7719603a42e55b11651be97d388418cae?s=96&d=mm&r=g\",\"caption\":\"admin_axts737o\"},\"sameAs\":[\"https:\/\/canalregionaltv.md\",\"Canal Regional, Canal Regional TV\",\"canal Regional\"],\"url\":\"https:\/\/canalregionaltv.md\/?author=1\"}]}<\/script>\n<!-- \/ Yoast SEO plugin. -->","yoast_head_json":{"title":"Un moldovean de 26 de ani, c\u0103utat \u00een Rom\u00e2nia dup\u0103 ce a abandonat o ma\u0219in\u0103 furat\u0103 - Canal Regional","robots":{"index":"index","follow":"follow","max-snippet":"max-snippet:-1","max-image-preview":"max-image-preview:large","max-video-preview":"max-video-preview:-1"},"canonical":"https:\/\/canalregionaltv.md\/?p=3653","og_locale":"en_US","og_type":"article","og_title":"Un moldovean de 26 de ani, c\u0103utat \u00een Rom\u00e2nia dup\u0103 ce a abandonat o ma\u0219in\u0103 furat\u0103 - Canal Regional","og_description":"Un cet\u0103\u021bean al Republicii Moldova, \u00een v\u00e2rst\u0103 de 26 de ani, este c\u0103utat de poli\u021bi\u0219tii rom\u00e2ni dup\u0103 ce ar fi abandonat \u00eentr-o zon\u0103 \u00eemp\u0103durit\u0103 din [&hellip;]","og_url":"https:\/\/canalregionaltv.md\/?p=3653","og_site_name":"Canal Regional","article_author":"Canal Regional, Canal Regional TV","article_published_time":"2026-09-06T15:04:30+00:00","author":"admin_axts737o","twitter_card":"summary_large_image","twitter_misc":{"Written by":"admin_axts737o","Est. reading time":"1 minute"},"schema":{"@context":"https:\/\/schema.org","@graph":[{"@type":"Article","@id":"https:\/\/canalregionaltv.md\/?p=3653#article","isPartOf":{"@id":"https:\/\/canalregionaltv.md\/?p=3653"},"author":{"name":"admin_axts737o","@id":"https:\/\/canalregionaltv.md\/#\/schema\/person\/96db60230b2eedd2fd6d09d267f32f8f"},"headline":"Un moldovean de 26 de ani, c\u0103utat \u00een Rom\u00e2nia dup\u0103 ce a abandonat o ma\u0219in\u0103 furat\u0103","datePublished":"2026-09-06T15:04:30+00:00","dateModified":"2026-09-06T15:04:30+00:00","mainEntityOfPage":{"@id":"https:\/\/canalregionaltv.md\/?p=3653"},"wordCount":263,"commentCount":0,"publisher":{"@id":"https:\/\/canalregionaltv.md\/#organization"},"inLanguage":"en-US","potentialAction":[{"@type":"CommentAction","name":"Comment","target":["https:\/\/canalregionaltv.md\/?p=3653#respond"]}]},{"@type":"WebPage","@id":"https:\/\/canalregionaltv.md\/?p=3653","url":"https:\/\/canalregionaltv.md\/?p=3653","name":"Un moldovean de 26 de ani, c\u0103utat \u00een Rom\u00e2nia dup\u0103 ce a abandonat o ma\u0219in\u0103 furat\u0103 - Canal Regional","isPartOf":{"@id":"https:\/\/canalregionaltv.md\/#website"},"datePublished":"2026-09-06T15:04:30+00:00","dateModified":"2026-09-06T15:04:30+00:00","breadcrumb":{"@id":"https:\/\/canalregionaltv.md\/?p=3653#breadcrumb"},"inLanguage":"en-US","potentialAction":[{"@type":"ReadAction","target":["https:\/\/canalregionaltv.md\/?p=3653"]}]},{"@type":"BreadcrumbList","@id":"https:\/\/canalregionaltv.md\/?p=3653#breadcrumb","itemListElement":[{"@type":"ListItem","position":1,"name":"Home","item":"https:\/\/canalregionaltv.md\/"},{"@type":"ListItem","position":2,"name":"Un moldovean de 26 de ani, c\u0103utat \u00een Rom\u00e2nia dup\u0103 ce a abandonat o ma\u0219in\u0103 furat\u0103"}]},{"@type":"WebSite","@id":"https:\/\/canalregionaltv.md\/#website","url":"https:\/\/canalregionaltv.md\/","name":"Canal Regional","description":"Canal Regional","publisher":{"@id":"https:\/\/canalregionaltv.md\/#organization"},"potentialAction":[{"@type":"SearchAction","target":{"@type":"EntryPoint","urlTemplate":"https:\/\/canalregionaltv.md\/?s={search_term_string}"},"query-input":"required name=search_term_string"}],"inLanguage":"en-US"},{"@type":"Organization","@id":"https:\/\/canalregionaltv.md\/#organization","name":"Canal Regional","url":"https:\/\/canalregionaltv.md\/","logo":{"@type":"ImageObject","inLanguage":"en-US","@id":"https:\/\/canalregionaltv.md\/#\/schema\/logo\/image\/","url":"https:\/\/canalregionaltv.md\/wp-content\/uploads\/2023\/10\/Logo_r.png","contentUrl":"https:\/\/canalregionaltv.md\/wp-content\/uploads\/2023\/10\/Logo_r.png","width":403,"height":112,"caption":"Canal Regional"},"image":{"@id":"https:\/\/canalregionaltv.md\/#\/schema\/logo\/image\/"}},{"@type":"Person","@id":"https:\/\/canalregionaltv.md\/#\/schema\/person\/96db60230b2eedd2fd6d09d267f32f8f","name":"admin_axts737o","image":{"@type":"ImageObject","inLanguage":"en-US","@id":"https:\/\/canalregionaltv.md\/#\/schema\/person\/image\/","url":"https:\/\/secure.gravatar.com\/avatar\/409e62ddd56f511fb1262f27a1535ee7719603a42e55b11651be97d388418cae?s=96&d=mm&r=g","contentUrl":"https:\/\/secure.gravatar.com\/avatar\/409e62ddd56f511fb1262f27a1535ee7719603a42e55b11651be97d388418cae?s=96&d=mm&r=g","caption":"admin_axts737o"},"sameAs":["https:\/\/canalregionaltv.md","Canal Regional, Canal Regional TV","canal Regional"],"url":"https:\/\/canalregionaltv.md\/?author=1"}]}},"_links":{"self":[{"href":"https:\/\/canalregionaltv.md\/index.php?rest_route=\/wp\/v2\/posts\/3653","targetHints":{"allow":["GET"]}}],"collection":[{"href":"https:\/\/canalregionaltv.md\/index.php?rest_route=\/wp\/v2\/posts"}],"about":[{"href":"https:\/\/canalregionaltv.md\/index.php?rest_route=\/wp\/v2\/types\/post"}],"author":[{"embeddable":true,"href":"https:\/\/canalregionaltv.md\/index.php?rest_route=\/wp\/v2\/users\/1"}],"replies":[{"embeddable":true,"href":"https:\/\/canalregionaltv.md\/index.php?rest_route=%2Fwp%2Fv2%2Fcomments&post=3653"}],"version-history":[{"count":0,"href":"https:\/\/canalregionaltv.md\/index.php?rest_route=\/wp\/v2\/posts\/3653\/revisions"}],"wp:attachment":[{"href":"https:\/\/canalregionaltv.md\/index.php?rest_route=%2Fwp%2Fv2%2Fmedia&parent=3653"}],"wp:term":[{"taxonomy":"category","embeddable":true,"href":"https:\/\/canalregionaltv.md\/index.php?rest_route=%2Fwp%2Fv2%2Fcategories&post=3653"},{"taxonomy":"post_tag","embeddable":true,"href":"https:\/\/canalregionaltv.md\/index.php?rest_route=%2Fwp%2Fv2%2Ftags&post=3653"}],"curies":[{"name":"wp","href":"https:\/\/api.w.org\/{rel}","templated":true}]}}