{"id":3655,"date":"2026-09-06T17:04:30","date_gmt":"2026-09-06T15:04:30","guid":{"rendered":"https:\/\/canalregionaltv.md\/?p=3655"},"modified":"2026-09-06T17:04:30","modified_gmt":"2026-09-06T15:04:30","slug":"putin-ii-primeste-pe-emisarii-lui-trump-la-kremlin-ce-mesaj-i-a-transmis-liderului-american","status":"publish","type":"post","link":"https:\/\/canalregionaltv.md\/?p=3655","title":{"rendered":"Putin \u00eei prime\u0219te pe emisarii lui Trump la Kremlin. Ce mesaj i-a transmis liderului american"},"content":{"rendered":"<h3 class=\"isSelectedEnd\">Pre\u015fedintele rus Vladimir Putin s-a \u00eent\u00e2lnit s\u00e2mb\u0103t\u0103 la Kremlin cu emisarii speciali ai pre\u015fedintelui american Donald Trump, Steve Witkoff \u015fi Jared Kushner, c\u0103rora le-a spus c\u0103 rela\u0163iile dintre Moscova \u015fi Washington au fost \u00eentotdeauna benefice \u015fi c\u0103 Rusia consider\u0103 oportun\u0103 continuarea cooper\u0103rii cu Statele Unite, potrivit <a href=\"https:\/\/www.reuters.com\/world\/europe\/putins-envoy-dmitriev-meet-witkoff-kushner-upon-their-arrival-moscow-sources-say-2026-09-05\/\">Reuters<\/a>, citat de <a href=\"https:\/\/stirileprotv.ro\/stiri\/international\/prima-reactie-a-lui-putin-dupa-ce-i-a-primit-pe-emisarii-lui-trump-la-kremlin-un-ordin-rapid-a-fost-dat-de-liderul-rusiei.html\">protv.ro.<\/a><\/h3>\n<p class=\"isSelectedEnd\">Witkoff i-a transmis lui Putin salut\u0103rile lui Donald Trump \u015fi mul\u0163umirile pre\u015fedintelui american pentru \u00eencetarea focului pe durata vizitei delega\u0163iei americane. Putin a declarat, la r\u00e2ndul s\u0103u, c\u0103 Rusia va face tot posibilul pentru a asigura securitatea mediatorilor, potrivit <a href=\"https:\/\/www.news.ro\/externe\/vladimir-putin-spune-ca-discutiile-dintre-sua-si-rusia-sunt-benefice-el-s-a-intalnit-cu-witkoff-si-kushner-1922405605092026092122699941\">News.ro.<\/a><\/p>\n<p class=\"isSelectedEnd\">Cei doi reprezentan\u0163i speciali ai SUA se afl\u0103 la Moscova pentru discu\u0163ii privind reluarea eforturilor de a pune cap\u0103t r\u0103zboiului din Ucraina.<\/p>\n<p class=\"isSelectedEnd\">\u00cent\u00e2lnirea are loc pe fondul intensific\u0103rii atacurilor aeriene dintre Rusia \u015fi Ucraina \u015fi al bloc\u0103rii negocierilor de pace.<\/p>\n<p class=\"isSelectedEnd\">Putin \u015fi pre\u015fedintele ucrainean Volodimir Zelenski au convenit s\u0103 suspende atacurile asupra capitalelor celeilalte p\u0103r\u0163i pe durata discu\u0163iilor.<\/p>\n<h3>Emisarii americani merg pentru prima dat\u0103 la Kiev<\/h3>\n<p class=\"isSelectedEnd\">Steve Witkoff \u015fi Jared Kushner urmeaz\u0103 s\u0103 viziteze duminic\u0103 Kievul, pentru prima dat\u0103 \u00een cadrul actualului proces de pace, au declarat oficiali ucraineni.<\/p>\n<p class=\"isSelectedEnd\">La \u00eenceputul \u00eent\u00e2lnirii de la Moscova, Putin le-a cerut celor doi emisari s\u0103-i transmit\u0103 lui Trump ur\u0103rile sale \u015fi recuno\u015ftin\u0163a sa. Liderul rus a descris situa\u0163ia din Ucraina drept una \u201enu tocmai simpl\u0103\u201d, potrivit Associated Press.<\/p>\n<p class=\"isSelectedEnd\">Rusia a lansat invazia pe scar\u0103 larg\u0103 a Ucrainei la 24 februarie 2022.<\/p>\n<p class=\"isSelectedEnd\">Purt\u0103torul de cuv\u00e2nt al Kremlinului, Dmitri Peskov, a declarat c\u0103 Putin a ordonat suspendarea atacurilor asupra Kievului timp de trei zile, \u00eencep\u00e2nd de la miezul nop\u0163ii de s\u00e2mb\u0103t\u0103.<\/p>\n<p class=\"isSelectedEnd\">La r\u00e2ndul s\u0103u, Zelenski a afirmat c\u0103 Ucraina este preg\u0103tit\u0103 s\u0103 suspende atacurile asupra Moscovei p\u00e2n\u0103 luni.<\/p>\n<blockquote>\n<p class=\"isSelectedEnd\"><em>\u201eDe acum \u015fi p\u00e2n\u0103 la sf\u00e2r\u015fitul zilei de s\u00e2mb\u0103t\u0103, precum \u015fi duminic\u0103 \u015fi luni, Ucraina este gata s\u0103 se ab\u0163in\u0103 de la atacuri asupra Moscovei, \u015fi ne a\u015ftept\u0103m ca ru\u015fii s\u0103 fac\u0103 acela\u015fi lucru \u00een ceea ce prive\u015fte Kievul\u201d<\/em>, a spus Zelenski.<\/p>\n<\/blockquote>\n<p class=\"isSelectedEnd\">Delega\u0163ia american\u0103 a fost \u00eent\u00e2mpinat\u0103 la aeroportul din Moscova de Kirill Dmitriev, reprezentantul rus implicat \u00een negocierile cu Washingtonul. Dmitriev a publicat imagini de la sosirea delega\u0163iei, pe care le-a \u00eenso\u0163it de mesajul: \u201eBine a\u0163i venit la Moscova, artizani ai p\u0103cii\u201d.<\/p>\n<h3>Procesul de pace, \u00een impas<\/h3>\n<p class=\"isSelectedEnd\">Eforturile administra\u0163iei Trump de a pune cap\u0103t r\u0103zboiului \u015fi-au pierdut din ritm, \u00een timp ce aten\u0163ia Washingtonului s-a concentrat \u00een ultimele luni asupra conflictului cu Iranul.<\/p>\n<p class=\"isSelectedEnd\">Ultima vizit\u0103 cunoscut\u0103 la Moscova a lui Witkoff \u015fi Kushner a avut loc \u00een ianuarie, c\u00e2nd cei doi au avut discu\u0163ii cu Putin la Kremlin.<\/p>\n<p class=\"isSelectedEnd\">\u00centre timp, Rusia \u015fi-a intensificat atacurile asupra Kievului \u015fi altor ora\u015fe ucrainene, \u00een timp ce Ucraina continu\u0103 s\u0103 loveasc\u0103 \u0163inte militare \u015fi infrastructur\u0103 de pe teritoriul rus.<\/p>\n<p class=\"isSelectedEnd\">Vineri, o dron\u0103 rus\u0103 a lovit sediul Serviciului de Securitate al Ucrainei, SBU, una dintre institu\u0163iile implicate \u00een opera\u0163iunile militare ucrainene.<\/p>\n<p class=\"isSelectedEnd\">Atacurile ucrainene cu raz\u0103 lung\u0103 de ac\u0163iune au vizat, la r\u00e2ndul lor, instala\u0163ii militare ruse\u015fti, rafin\u0103rii de petrol \u015fi alte obiective considerate importante pentru economia \u015fi efortul de r\u0103zboi al Rusiei.<\/p>\n<h3>Zelenski leag\u0103 atacurile ruse\u015fti de vizita delega\u0163iei americane<\/h3>\n<p class=\"isSelectedEnd\">\u00centr-o postare publicat\u0103 s\u00e2mb\u0103t\u0103 pe re\u0163elele sociale, Volodimir Zelenski a afirmat c\u0103 Rusia a lansat atacuri nocturne asupra aeroporturilor interna\u0163ionale din Kiev \u015fi Boryspil \u015fi a sugerat c\u0103 acestea ar avea leg\u0103tur\u0103 cu vizita planificat\u0103 a oficialilor americani \u00een Ucraina.<\/p>\n<blockquote>\n<p class=\"isSelectedEnd\"><em>\u201e\u00cen mod evident, aceste atacuri ruse\u015fti asupra aeroporturilor reprezint\u0103 o reac\u0163ie la discu\u0163iile \u015fi preg\u0103tirile privind posibilitatea ca partea american\u0103 s\u0103 utilizeze un avion pentru a se deplasa \u00een Ucraina\u201d,<\/em> a spus Zelenski.<\/p>\n<\/blockquote>\n<p class=\"isSelectedEnd\">Pre\u015fedintele ucrainean a avertizat c\u0103 Kievul \u00ee\u015fi va adapta opera\u0163iunile \u00een spa\u0163iul aerian rus ca r\u0103spuns la atacurile Moscovei.<\/p>\n<p>R\u0103zboiul aerian dintre Rusia \u015fi Ucraina s-a intensificat \u00een ultimele s\u0103pt\u0103m\u00e2ni, \u00een timp ce luptele continu\u0103 de-a lungul liniei frontului de aproximativ 1.250 de kilometri.<\/p>\n<p>Articolul <a href=\"https:\/\/nordnews.md\/stiri-externe\/putin-ii-primeste-pe-emisarii-lui-trump-la-kremlin-ce-mesaj-i-a-transmis-liderului-american\/\">Putin \u00eei prime\u0219te pe emisarii lui Trump la Kremlin. Ce mesaj i-a transmis liderului american<\/a> apare prima dat\u0103 \u00een <a href=\"https:\/\/nordnews.md\/\">NordNews<\/a>.<\/p>","protected":false},"excerpt":{"rendered":"<p>Pre\u015fedintele rus Vladimir Putin s-a \u00eent\u00e2lnit s\u00e2mb\u0103t\u0103 la Kremlin cu emisarii speciali ai pre\u015fedintelui american Donald Trump, Steve Witkoff \u015fi Jared Kushner, c\u0103rora le-a spus [&hellip;]<\/p>\n","protected":false},"author":1,"featured_media":0,"comment_status":"open","ping_status":"closed","sticky":false,"template":"","format":"standard","meta":{"footnotes":""},"categories":[1],"tags":[],"class_list":["post-3655","post","type-post","status-publish","format-standard","hentry","category-uncategorized"],"yoast_head":"<!-- This site is optimized with the Yoast SEO plugin v21.3 - https:\/\/yoast.com\/wordpress\/plugins\/seo\/ -->\n<title>Putin \u00eei prime\u0219te pe emisarii lui Trump la Kremlin. Ce mesaj i-a transmis liderului american - Canal Regional<\/title>\n<meta name=\"robots\" content=\"index, follow, max-snippet:-1, max-image-preview:large, max-video-preview:-1\" \/>\n<link rel=\"canonical\" href=\"https:\/\/canalregionaltv.md\/?p=3655\" \/>\n<meta property=\"og:locale\" content=\"en_US\" \/>\n<meta property=\"og:type\" content=\"article\" \/>\n<meta property=\"og:title\" content=\"Putin \u00eei prime\u0219te pe emisarii lui Trump la Kremlin. Ce mesaj i-a transmis liderului american - Canal Regional\" \/>\n<meta property=\"og:description\" content=\"Pre\u015fedintele rus Vladimir Putin s-a \u00eent\u00e2lnit s\u00e2mb\u0103t\u0103 la Kremlin cu emisarii speciali ai pre\u015fedintelui american Donald Trump, Steve Witkoff \u015fi Jared Kushner, c\u0103rora le-a spus [&hellip;]\" \/>\n<meta property=\"og:url\" content=\"https:\/\/canalregionaltv.md\/?p=3655\" \/>\n<meta property=\"og:site_name\" content=\"Canal Regional\" \/>\n<meta property=\"article:author\" content=\"Canal Regional, Canal Regional TV\" \/>\n<meta property=\"article:published_time\" content=\"2026-09-06T15:04:30+00:00\" \/>\n<meta name=\"author\" content=\"admin_axts737o\" \/>\n<meta name=\"twitter:card\" content=\"summary_large_image\" \/>\n<meta name=\"twitter:label1\" content=\"Written by\" \/>\n\t<meta name=\"twitter:data1\" content=\"admin_axts737o\" \/>\n\t<meta name=\"twitter:label2\" content=\"Est. reading time\" \/>\n\t<meta name=\"twitter:data2\" content=\"4 minutes\" \/>\n<script type=\"application\/ld+json\" class=\"yoast-schema-graph\">{\"@context\":\"https:\/\/schema.org\",\"@graph\":[{\"@type\":\"Article\",\"@id\":\"https:\/\/canalregionaltv.md\/?p=3655#article\",\"isPartOf\":{\"@id\":\"https:\/\/canalregionaltv.md\/?p=3655\"},\"author\":{\"name\":\"admin_axts737o\",\"@id\":\"https:\/\/canalregionaltv.md\/#\/schema\/person\/96db60230b2eedd2fd6d09d267f32f8f\"},\"headline\":\"Putin \u00eei prime\u0219te pe emisarii lui Trump la Kremlin. Ce mesaj i-a transmis liderului american\",\"datePublished\":\"2026-09-06T15:04:30+00:00\",\"dateModified\":\"2026-09-06T15:04:30+00:00\",\"mainEntityOfPage\":{\"@id\":\"https:\/\/canalregionaltv.md\/?p=3655\"},\"wordCount\":745,\"commentCount\":0,\"publisher\":{\"@id\":\"https:\/\/canalregionaltv.md\/#organization\"},\"inLanguage\":\"en-US\",\"potentialAction\":[{\"@type\":\"CommentAction\",\"name\":\"Comment\",\"target\":[\"https:\/\/canalregionaltv.md\/?p=3655#respond\"]}]},{\"@type\":\"WebPage\",\"@id\":\"https:\/\/canalregionaltv.md\/?p=3655\",\"url\":\"https:\/\/canalregionaltv.md\/?p=3655\",\"name\":\"Putin \u00eei prime\u0219te pe emisarii lui Trump la Kremlin. Ce mesaj i-a transmis liderului american - Canal Regional\",\"isPartOf\":{\"@id\":\"https:\/\/canalregionaltv.md\/#website\"},\"datePublished\":\"2026-09-06T15:04:30+00:00\",\"dateModified\":\"2026-09-06T15:04:30+00:00\",\"breadcrumb\":{\"@id\":\"https:\/\/canalregionaltv.md\/?p=3655#breadcrumb\"},\"inLanguage\":\"en-US\",\"potentialAction\":[{\"@type\":\"ReadAction\",\"target\":[\"https:\/\/canalregionaltv.md\/?p=3655\"]}]},{\"@type\":\"BreadcrumbList\",\"@id\":\"https:\/\/canalregionaltv.md\/?p=3655#breadcrumb\",\"itemListElement\":[{\"@type\":\"ListItem\",\"position\":1,\"name\":\"Home\",\"item\":\"https:\/\/canalregionaltv.md\/\"},{\"@type\":\"ListItem\",\"position\":2,\"name\":\"Putin \u00eei prime\u0219te pe emisarii lui Trump la Kremlin. Ce mesaj i-a transmis liderului american\"}]},{\"@type\":\"WebSite\",\"@id\":\"https:\/\/canalregionaltv.md\/#website\",\"url\":\"https:\/\/canalregionaltv.md\/\",\"name\":\"Canal Regional\",\"description\":\"Canal Regional\",\"publisher\":{\"@id\":\"https:\/\/canalregionaltv.md\/#organization\"},\"potentialAction\":[{\"@type\":\"SearchAction\",\"target\":{\"@type\":\"EntryPoint\",\"urlTemplate\":\"https:\/\/canalregionaltv.md\/?s={search_term_string}\"},\"query-input\":\"required name=search_term_string\"}],\"inLanguage\":\"en-US\"},{\"@type\":\"Organization\",\"@id\":\"https:\/\/canalregionaltv.md\/#organization\",\"name\":\"Canal Regional\",\"url\":\"https:\/\/canalregionaltv.md\/\",\"logo\":{\"@type\":\"ImageObject\",\"inLanguage\":\"en-US\",\"@id\":\"https:\/\/canalregionaltv.md\/#\/schema\/logo\/image\/\",\"url\":\"https:\/\/canalregionaltv.md\/wp-content\/uploads\/2023\/10\/Logo_r.png\",\"contentUrl\":\"https:\/\/canalregionaltv.md\/wp-content\/uploads\/2023\/10\/Logo_r.png\",\"width\":403,\"height\":112,\"caption\":\"Canal Regional\"},\"image\":{\"@id\":\"https:\/\/canalregionaltv.md\/#\/schema\/logo\/image\/\"}},{\"@type\":\"Person\",\"@id\":\"https:\/\/canalregionaltv.md\/#\/schema\/person\/96db60230b2eedd2fd6d09d267f32f8f\",\"name\":\"admin_axts737o\",\"image\":{\"@type\":\"ImageObject\",\"inLanguage\":\"en-US\",\"@id\":\"https:\/\/canalregionaltv.md\/#\/schema\/person\/image\/\",\"url\":\"https:\/\/secure.gravatar.com\/avatar\/409e62ddd56f511fb1262f27a1535ee7719603a42e55b11651be97d388418cae?s=96&d=mm&r=g\",\"contentUrl\":\"https:\/\/secure.gravatar.com\/avatar\/409e62ddd56f511fb1262f27a1535ee7719603a42e55b11651be97d388418cae?s=96&d=mm&r=g\",\"caption\":\"admin_axts737o\"},\"sameAs\":[\"https:\/\/canalregionaltv.md\",\"Canal Regional, Canal Regional TV\",\"canal Regional\"],\"url\":\"https:\/\/canalregionaltv.md\/?author=1\"}]}<\/script>\n<!-- \/ Yoast SEO plugin. -->","yoast_head_json":{"title":"Putin \u00eei prime\u0219te pe emisarii lui Trump la Kremlin. Ce mesaj i-a transmis liderului american - Canal Regional","robots":{"index":"index","follow":"follow","max-snippet":"max-snippet:-1","max-image-preview":"max-image-preview:large","max-video-preview":"max-video-preview:-1"},"canonical":"https:\/\/canalregionaltv.md\/?p=3655","og_locale":"en_US","og_type":"article","og_title":"Putin \u00eei prime\u0219te pe emisarii lui Trump la Kremlin. Ce mesaj i-a transmis liderului american - Canal Regional","og_description":"Pre\u015fedintele rus Vladimir Putin s-a \u00eent\u00e2lnit s\u00e2mb\u0103t\u0103 la Kremlin cu emisarii speciali ai pre\u015fedintelui american Donald Trump, Steve Witkoff \u015fi Jared Kushner, c\u0103rora le-a spus [&hellip;]","og_url":"https:\/\/canalregionaltv.md\/?p=3655","og_site_name":"Canal Regional","article_author":"Canal Regional, Canal Regional TV","article_published_time":"2026-09-06T15:04:30+00:00","author":"admin_axts737o","twitter_card":"summary_large_image","twitter_misc":{"Written by":"admin_axts737o","Est. reading time":"4 minutes"},"schema":{"@context":"https:\/\/schema.org","@graph":[{"@type":"Article","@id":"https:\/\/canalregionaltv.md\/?p=3655#article","isPartOf":{"@id":"https:\/\/canalregionaltv.md\/?p=3655"},"author":{"name":"admin_axts737o","@id":"https:\/\/canalregionaltv.md\/#\/schema\/person\/96db60230b2eedd2fd6d09d267f32f8f"},"headline":"Putin \u00eei prime\u0219te pe emisarii lui Trump la Kremlin. Ce mesaj i-a transmis liderului american","datePublished":"2026-09-06T15:04:30+00:00","dateModified":"2026-09-06T15:04:30+00:00","mainEntityOfPage":{"@id":"https:\/\/canalregionaltv.md\/?p=3655"},"wordCount":745,"commentCount":0,"publisher":{"@id":"https:\/\/canalregionaltv.md\/#organization"},"inLanguage":"en-US","potentialAction":[{"@type":"CommentAction","name":"Comment","target":["https:\/\/canalregionaltv.md\/?p=3655#respond"]}]},{"@type":"WebPage","@id":"https:\/\/canalregionaltv.md\/?p=3655","url":"https:\/\/canalregionaltv.md\/?p=3655","name":"Putin \u00eei prime\u0219te pe emisarii lui Trump la Kremlin. Ce mesaj i-a transmis liderului american - Canal Regional","isPartOf":{"@id":"https:\/\/canalregionaltv.md\/#website"},"datePublished":"2026-09-06T15:04:30+00:00","dateModified":"2026-09-06T15:04:30+00:00","breadcrumb":{"@id":"https:\/\/canalregionaltv.md\/?p=3655#breadcrumb"},"inLanguage":"en-US","potentialAction":[{"@type":"ReadAction","target":["https:\/\/canalregionaltv.md\/?p=3655"]}]},{"@type":"BreadcrumbList","@id":"https:\/\/canalregionaltv.md\/?p=3655#breadcrumb","itemListElement":[{"@type":"ListItem","position":1,"name":"Home","item":"https:\/\/canalregionaltv.md\/"},{"@type":"ListItem","position":2,"name":"Putin \u00eei prime\u0219te pe emisarii lui Trump la Kremlin. Ce mesaj i-a transmis liderului american"}]},{"@type":"WebSite","@id":"https:\/\/canalregionaltv.md\/#website","url":"https:\/\/canalregionaltv.md\/","name":"Canal Regional","description":"Canal Regional","publisher":{"@id":"https:\/\/canalregionaltv.md\/#organization"},"potentialAction":[{"@type":"SearchAction","target":{"@type":"EntryPoint","urlTemplate":"https:\/\/canalregionaltv.md\/?s={search_term_string}"},"query-input":"required name=search_term_string"}],"inLanguage":"en-US"},{"@type":"Organization","@id":"https:\/\/canalregionaltv.md\/#organization","name":"Canal Regional","url":"https:\/\/canalregionaltv.md\/","logo":{"@type":"ImageObject","inLanguage":"en-US","@id":"https:\/\/canalregionaltv.md\/#\/schema\/logo\/image\/","url":"https:\/\/canalregionaltv.md\/wp-content\/uploads\/2023\/10\/Logo_r.png","contentUrl":"https:\/\/canalregionaltv.md\/wp-content\/uploads\/2023\/10\/Logo_r.png","width":403,"height":112,"caption":"Canal Regional"},"image":{"@id":"https:\/\/canalregionaltv.md\/#\/schema\/logo\/image\/"}},{"@type":"Person","@id":"https:\/\/canalregionaltv.md\/#\/schema\/person\/96db60230b2eedd2fd6d09d267f32f8f","name":"admin_axts737o","image":{"@type":"ImageObject","inLanguage":"en-US","@id":"https:\/\/canalregionaltv.md\/#\/schema\/person\/image\/","url":"https:\/\/secure.gravatar.com\/avatar\/409e62ddd56f511fb1262f27a1535ee7719603a42e55b11651be97d388418cae?s=96&d=mm&r=g","contentUrl":"https:\/\/secure.gravatar.com\/avatar\/409e62ddd56f511fb1262f27a1535ee7719603a42e55b11651be97d388418cae?s=96&d=mm&r=g","caption":"admin_axts737o"},"sameAs":["https:\/\/canalregionaltv.md","Canal Regional, Canal Regional TV","canal Regional"],"url":"https:\/\/canalregionaltv.md\/?author=1"}]}},"_links":{"self":[{"href":"https:\/\/canalregionaltv.md\/index.php?rest_route=\/wp\/v2\/posts\/3655","targetHints":{"allow":["GET"]}}],"collection":[{"href":"https:\/\/canalregionaltv.md\/index.php?rest_route=\/wp\/v2\/posts"}],"about":[{"href":"https:\/\/canalregionaltv.md\/index.php?rest_route=\/wp\/v2\/types\/post"}],"author":[{"embeddable":true,"href":"https:\/\/canalregionaltv.md\/index.php?rest_route=\/wp\/v2\/users\/1"}],"replies":[{"embeddable":true,"href":"https:\/\/canalregionaltv.md\/index.php?rest_route=%2Fwp%2Fv2%2Fcomments&post=3655"}],"version-history":[{"count":0,"href":"https:\/\/canalregionaltv.md\/index.php?rest_route=\/wp\/v2\/posts\/3655\/revisions"}],"wp:attachment":[{"href":"https:\/\/canalregionaltv.md\/index.php?rest_route=%2Fwp%2Fv2%2Fmedia&parent=3655"}],"wp:term":[{"taxonomy":"category","embeddable":true,"href":"https:\/\/canalregionaltv.md\/index.php?rest_route=%2Fwp%2Fv2%2Fcategories&post=3655"},{"taxonomy":"post_tag","embeddable":true,"href":"https:\/\/canalregionaltv.md\/index.php?rest_route=%2Fwp%2Fv2%2Ftags&post=3655"}],"curies":[{"name":"wp","href":"https:\/\/api.w.org\/{rel}","templated":true}]}}