{"id":3657,"date":"2026-09-06T17:04:30","date_gmt":"2026-09-06T15:04:30","guid":{"rendered":"https:\/\/canalregionaltv.md\/?p=3657"},"modified":"2026-09-06T17:04:30","modified_gmt":"2026-09-06T15:04:30","slug":"produsele-de-igiena-vor-pastra-cota-redusa-de-tva-guvernul-renunta-la-majorarea-planificata-pentru-2027","status":"publish","type":"post","link":"https:\/\/canalregionaltv.md\/?p=3657","title":{"rendered":"Produsele de igien\u0103 vor p\u0103stra cota redus\u0103 de TVA. Guvernul renun\u021b\u0103 la majorarea planificat\u0103 pentru 2027"},"content":{"rendered":"<h3 class=\"isSelectedEnd\">Produsele de igien\u0103 vor fi \u00een continuare impozitate cu o cot\u0103 redus\u0103 de TVA. Autorit\u0103\u021bile au decis s\u0103 renun\u021be la majorarea de la 8% la 20%, prev\u0103zut\u0103 ini\u021bial pentru 1 ianuarie 2027, dup\u0103 criticile ap\u0103rute \u00een spa\u021biul public.<\/h3>\n<p class=\"isSelectedEnd\">Ministra Finan\u021belor, Victoria Belous, a anun\u021bat c\u0103 propunerile privind regimul TVA sunt reexaminate \u00een procesul de definitivare a politicii fiscale pentru anul viitor.<\/p>\n<blockquote>\n<p class=\"isSelectedEnd\"><em>\u201e\u00cen prezent, suntem \u00een proces de definitivare a politicii fiscale, iar toate propunerile sunt analizate cu aten\u021bie. Inclusiv propunerile privind regimul TVA pentru produsele de igien\u0103 vor fi reexaminate\u201d,<\/em> a scris ministra pe Facebook.<\/p>\n<\/blockquote>\n<p class=\"isSelectedEnd\">Premierul Vasile Tofan a calificat propunerea de majorare a TVA drept o decizie gre\u0219it\u0103 \u0219i a confirmat c\u0103 aceasta va fi corectat\u0103.<\/p>\n<blockquote>\n<p class=\"isSelectedEnd\"><em>\u201eA fost o decizie gre\u0219it\u0103. O corect\u0103m, dup\u0103 cum a \u0219i anun\u021bat doamna ministr\u0103 Belous. Produsele de igien\u0103 vor r\u0103m\u00e2ne la cota redus\u0103 de TVA\u201d, a<\/em> declarat premierul.<\/p>\n<\/blockquote>\n<p class=\"isSelectedEnd\">Proiectul politicii fiscale pentru 2027 prevede o reform\u0103 mai ampl\u0103 a sistemului de impozitare, care urm\u0103re\u0219te simplificarea regimului fiscal, stimularea investi\u021biilor \u0219i reducerea num\u0103rului de excep\u021bii.<\/p>\n<p>Printre propunerile ini\u021biale s-a num\u0103rat uniformizarea cotei TVA \u0219i eliminarea unor cote reduse. \u00cen urma analiz\u0103rii proiectului, autorit\u0103\u021bile au decis \u00eens\u0103 s\u0103 p\u0103streze regimul preferen\u021bial pentru anumite produse considerate esen\u021biale.<\/p>\n<p>Articolul <a href=\"https:\/\/nordnews.md\/stiri-nationale\/economic\/produsele-de-igiena-vor-pastra-cota-redusa-de-tva-guvernul-renunta-la-majorarea-planificata-pentru-2027\/\">Produsele de igien\u0103 vor p\u0103stra cota redus\u0103 de TVA. Guvernul renun\u021b\u0103 la majorarea planificat\u0103 pentru 2027<\/a> apare prima dat\u0103 \u00een <a href=\"https:\/\/nordnews.md\/\">NordNews<\/a>.<\/p>","protected":false},"excerpt":{"rendered":"<p>Produsele de igien\u0103 vor fi \u00een continuare impozitate cu o cot\u0103 redus\u0103 de TVA. Autorit\u0103\u021bile au decis s\u0103 renun\u021be la majorarea de la 8% la [&hellip;]<\/p>\n","protected":false},"author":1,"featured_media":0,"comment_status":"open","ping_status":"closed","sticky":false,"template":"","format":"standard","meta":{"footnotes":""},"categories":[1],"tags":[],"class_list":["post-3657","post","type-post","status-publish","format-standard","hentry","category-uncategorized"],"yoast_head":"<!-- This site is optimized with the Yoast SEO plugin v21.3 - https:\/\/yoast.com\/wordpress\/plugins\/seo\/ -->\n<title>Produsele de igien\u0103 vor p\u0103stra cota redus\u0103 de TVA. Guvernul renun\u021b\u0103 la majorarea planificat\u0103 pentru 2027 - Canal Regional<\/title>\n<meta name=\"robots\" content=\"index, follow, max-snippet:-1, max-image-preview:large, max-video-preview:-1\" \/>\n<link rel=\"canonical\" href=\"https:\/\/canalregionaltv.md\/?p=3657\" \/>\n<meta property=\"og:locale\" content=\"en_US\" \/>\n<meta property=\"og:type\" content=\"article\" \/>\n<meta property=\"og:title\" content=\"Produsele de igien\u0103 vor p\u0103stra cota redus\u0103 de TVA. Guvernul renun\u021b\u0103 la majorarea planificat\u0103 pentru 2027 - Canal Regional\" \/>\n<meta property=\"og:description\" content=\"Produsele de igien\u0103 vor fi \u00een continuare impozitate cu o cot\u0103 redus\u0103 de TVA. Autorit\u0103\u021bile au decis s\u0103 renun\u021be la majorarea de la 8% la [&hellip;]\" \/>\n<meta property=\"og:url\" content=\"https:\/\/canalregionaltv.md\/?p=3657\" \/>\n<meta property=\"og:site_name\" content=\"Canal Regional\" \/>\n<meta property=\"article:author\" content=\"Canal Regional, Canal Regional TV\" \/>\n<meta property=\"article:published_time\" content=\"2026-09-06T15:04:30+00:00\" \/>\n<meta name=\"author\" content=\"admin_axts737o\" \/>\n<meta name=\"twitter:card\" content=\"summary_large_image\" \/>\n<meta name=\"twitter:label1\" content=\"Written by\" \/>\n\t<meta name=\"twitter:data1\" content=\"admin_axts737o\" \/>\n\t<meta name=\"twitter:label2\" content=\"Est. reading time\" \/>\n\t<meta name=\"twitter:data2\" content=\"1 minute\" \/>\n<script type=\"application\/ld+json\" class=\"yoast-schema-graph\">{\"@context\":\"https:\/\/schema.org\",\"@graph\":[{\"@type\":\"Article\",\"@id\":\"https:\/\/canalregionaltv.md\/?p=3657#article\",\"isPartOf\":{\"@id\":\"https:\/\/canalregionaltv.md\/?p=3657\"},\"author\":{\"name\":\"admin_axts737o\",\"@id\":\"https:\/\/canalregionaltv.md\/#\/schema\/person\/96db60230b2eedd2fd6d09d267f32f8f\"},\"headline\":\"Produsele de igien\u0103 vor p\u0103stra cota redus\u0103 de TVA. Guvernul renun\u021b\u0103 la majorarea planificat\u0103 pentru 2027\",\"datePublished\":\"2026-09-06T15:04:30+00:00\",\"dateModified\":\"2026-09-06T15:04:30+00:00\",\"mainEntityOfPage\":{\"@id\":\"https:\/\/canalregionaltv.md\/?p=3657\"},\"wordCount\":261,\"commentCount\":0,\"publisher\":{\"@id\":\"https:\/\/canalregionaltv.md\/#organization\"},\"inLanguage\":\"en-US\",\"potentialAction\":[{\"@type\":\"CommentAction\",\"name\":\"Comment\",\"target\":[\"https:\/\/canalregionaltv.md\/?p=3657#respond\"]}]},{\"@type\":\"WebPage\",\"@id\":\"https:\/\/canalregionaltv.md\/?p=3657\",\"url\":\"https:\/\/canalregionaltv.md\/?p=3657\",\"name\":\"Produsele de igien\u0103 vor p\u0103stra cota redus\u0103 de TVA. Guvernul renun\u021b\u0103 la majorarea planificat\u0103 pentru 2027 - Canal Regional\",\"isPartOf\":{\"@id\":\"https:\/\/canalregionaltv.md\/#website\"},\"datePublished\":\"2026-09-06T15:04:30+00:00\",\"dateModified\":\"2026-09-06T15:04:30+00:00\",\"breadcrumb\":{\"@id\":\"https:\/\/canalregionaltv.md\/?p=3657#breadcrumb\"},\"inLanguage\":\"en-US\",\"potentialAction\":[{\"@type\":\"ReadAction\",\"target\":[\"https:\/\/canalregionaltv.md\/?p=3657\"]}]},{\"@type\":\"BreadcrumbList\",\"@id\":\"https:\/\/canalregionaltv.md\/?p=3657#breadcrumb\",\"itemListElement\":[{\"@type\":\"ListItem\",\"position\":1,\"name\":\"Home\",\"item\":\"https:\/\/canalregionaltv.md\/\"},{\"@type\":\"ListItem\",\"position\":2,\"name\":\"Produsele de igien\u0103 vor p\u0103stra cota redus\u0103 de TVA. Guvernul renun\u021b\u0103 la majorarea planificat\u0103 pentru 2027\"}]},{\"@type\":\"WebSite\",\"@id\":\"https:\/\/canalregionaltv.md\/#website\",\"url\":\"https:\/\/canalregionaltv.md\/\",\"name\":\"Canal Regional\",\"description\":\"Canal Regional\",\"publisher\":{\"@id\":\"https:\/\/canalregionaltv.md\/#organization\"},\"potentialAction\":[{\"@type\":\"SearchAction\",\"target\":{\"@type\":\"EntryPoint\",\"urlTemplate\":\"https:\/\/canalregionaltv.md\/?s={search_term_string}\"},\"query-input\":\"required name=search_term_string\"}],\"inLanguage\":\"en-US\"},{\"@type\":\"Organization\",\"@id\":\"https:\/\/canalregionaltv.md\/#organization\",\"name\":\"Canal Regional\",\"url\":\"https:\/\/canalregionaltv.md\/\",\"logo\":{\"@type\":\"ImageObject\",\"inLanguage\":\"en-US\",\"@id\":\"https:\/\/canalregionaltv.md\/#\/schema\/logo\/image\/\",\"url\":\"https:\/\/canalregionaltv.md\/wp-content\/uploads\/2023\/10\/Logo_r.png\",\"contentUrl\":\"https:\/\/canalregionaltv.md\/wp-content\/uploads\/2023\/10\/Logo_r.png\",\"width\":403,\"height\":112,\"caption\":\"Canal Regional\"},\"image\":{\"@id\":\"https:\/\/canalregionaltv.md\/#\/schema\/logo\/image\/\"}},{\"@type\":\"Person\",\"@id\":\"https:\/\/canalregionaltv.md\/#\/schema\/person\/96db60230b2eedd2fd6d09d267f32f8f\",\"name\":\"admin_axts737o\",\"image\":{\"@type\":\"ImageObject\",\"inLanguage\":\"en-US\",\"@id\":\"https:\/\/canalregionaltv.md\/#\/schema\/person\/image\/\",\"url\":\"https:\/\/secure.gravatar.com\/avatar\/409e62ddd56f511fb1262f27a1535ee7719603a42e55b11651be97d388418cae?s=96&d=mm&r=g\",\"contentUrl\":\"https:\/\/secure.gravatar.com\/avatar\/409e62ddd56f511fb1262f27a1535ee7719603a42e55b11651be97d388418cae?s=96&d=mm&r=g\",\"caption\":\"admin_axts737o\"},\"sameAs\":[\"https:\/\/canalregionaltv.md\",\"Canal Regional, Canal Regional TV\",\"canal Regional\"],\"url\":\"https:\/\/canalregionaltv.md\/?author=1\"}]}<\/script>\n<!-- \/ Yoast SEO plugin. -->","yoast_head_json":{"title":"Produsele de igien\u0103 vor p\u0103stra cota redus\u0103 de TVA. Guvernul renun\u021b\u0103 la majorarea planificat\u0103 pentru 2027 - Canal Regional","robots":{"index":"index","follow":"follow","max-snippet":"max-snippet:-1","max-image-preview":"max-image-preview:large","max-video-preview":"max-video-preview:-1"},"canonical":"https:\/\/canalregionaltv.md\/?p=3657","og_locale":"en_US","og_type":"article","og_title":"Produsele de igien\u0103 vor p\u0103stra cota redus\u0103 de TVA. Guvernul renun\u021b\u0103 la majorarea planificat\u0103 pentru 2027 - Canal Regional","og_description":"Produsele de igien\u0103 vor fi \u00een continuare impozitate cu o cot\u0103 redus\u0103 de TVA. Autorit\u0103\u021bile au decis s\u0103 renun\u021be la majorarea de la 8% la [&hellip;]","og_url":"https:\/\/canalregionaltv.md\/?p=3657","og_site_name":"Canal Regional","article_author":"Canal Regional, Canal Regional TV","article_published_time":"2026-09-06T15:04:30+00:00","author":"admin_axts737o","twitter_card":"summary_large_image","twitter_misc":{"Written by":"admin_axts737o","Est. reading time":"1 minute"},"schema":{"@context":"https:\/\/schema.org","@graph":[{"@type":"Article","@id":"https:\/\/canalregionaltv.md\/?p=3657#article","isPartOf":{"@id":"https:\/\/canalregionaltv.md\/?p=3657"},"author":{"name":"admin_axts737o","@id":"https:\/\/canalregionaltv.md\/#\/schema\/person\/96db60230b2eedd2fd6d09d267f32f8f"},"headline":"Produsele de igien\u0103 vor p\u0103stra cota redus\u0103 de TVA. Guvernul renun\u021b\u0103 la majorarea planificat\u0103 pentru 2027","datePublished":"2026-09-06T15:04:30+00:00","dateModified":"2026-09-06T15:04:30+00:00","mainEntityOfPage":{"@id":"https:\/\/canalregionaltv.md\/?p=3657"},"wordCount":261,"commentCount":0,"publisher":{"@id":"https:\/\/canalregionaltv.md\/#organization"},"inLanguage":"en-US","potentialAction":[{"@type":"CommentAction","name":"Comment","target":["https:\/\/canalregionaltv.md\/?p=3657#respond"]}]},{"@type":"WebPage","@id":"https:\/\/canalregionaltv.md\/?p=3657","url":"https:\/\/canalregionaltv.md\/?p=3657","name":"Produsele de igien\u0103 vor p\u0103stra cota redus\u0103 de TVA. Guvernul renun\u021b\u0103 la majorarea planificat\u0103 pentru 2027 - Canal Regional","isPartOf":{"@id":"https:\/\/canalregionaltv.md\/#website"},"datePublished":"2026-09-06T15:04:30+00:00","dateModified":"2026-09-06T15:04:30+00:00","breadcrumb":{"@id":"https:\/\/canalregionaltv.md\/?p=3657#breadcrumb"},"inLanguage":"en-US","potentialAction":[{"@type":"ReadAction","target":["https:\/\/canalregionaltv.md\/?p=3657"]}]},{"@type":"BreadcrumbList","@id":"https:\/\/canalregionaltv.md\/?p=3657#breadcrumb","itemListElement":[{"@type":"ListItem","position":1,"name":"Home","item":"https:\/\/canalregionaltv.md\/"},{"@type":"ListItem","position":2,"name":"Produsele de igien\u0103 vor p\u0103stra cota redus\u0103 de TVA. Guvernul renun\u021b\u0103 la majorarea planificat\u0103 pentru 2027"}]},{"@type":"WebSite","@id":"https:\/\/canalregionaltv.md\/#website","url":"https:\/\/canalregionaltv.md\/","name":"Canal Regional","description":"Canal Regional","publisher":{"@id":"https:\/\/canalregionaltv.md\/#organization"},"potentialAction":[{"@type":"SearchAction","target":{"@type":"EntryPoint","urlTemplate":"https:\/\/canalregionaltv.md\/?s={search_term_string}"},"query-input":"required name=search_term_string"}],"inLanguage":"en-US"},{"@type":"Organization","@id":"https:\/\/canalregionaltv.md\/#organization","name":"Canal Regional","url":"https:\/\/canalregionaltv.md\/","logo":{"@type":"ImageObject","inLanguage":"en-US","@id":"https:\/\/canalregionaltv.md\/#\/schema\/logo\/image\/","url":"https:\/\/canalregionaltv.md\/wp-content\/uploads\/2023\/10\/Logo_r.png","contentUrl":"https:\/\/canalregionaltv.md\/wp-content\/uploads\/2023\/10\/Logo_r.png","width":403,"height":112,"caption":"Canal Regional"},"image":{"@id":"https:\/\/canalregionaltv.md\/#\/schema\/logo\/image\/"}},{"@type":"Person","@id":"https:\/\/canalregionaltv.md\/#\/schema\/person\/96db60230b2eedd2fd6d09d267f32f8f","name":"admin_axts737o","image":{"@type":"ImageObject","inLanguage":"en-US","@id":"https:\/\/canalregionaltv.md\/#\/schema\/person\/image\/","url":"https:\/\/secure.gravatar.com\/avatar\/409e62ddd56f511fb1262f27a1535ee7719603a42e55b11651be97d388418cae?s=96&d=mm&r=g","contentUrl":"https:\/\/secure.gravatar.com\/avatar\/409e62ddd56f511fb1262f27a1535ee7719603a42e55b11651be97d388418cae?s=96&d=mm&r=g","caption":"admin_axts737o"},"sameAs":["https:\/\/canalregionaltv.md","Canal Regional, Canal Regional TV","canal Regional"],"url":"https:\/\/canalregionaltv.md\/?author=1"}]}},"_links":{"self":[{"href":"https:\/\/canalregionaltv.md\/index.php?rest_route=\/wp\/v2\/posts\/3657","targetHints":{"allow":["GET"]}}],"collection":[{"href":"https:\/\/canalregionaltv.md\/index.php?rest_route=\/wp\/v2\/posts"}],"about":[{"href":"https:\/\/canalregionaltv.md\/index.php?rest_route=\/wp\/v2\/types\/post"}],"author":[{"embeddable":true,"href":"https:\/\/canalregionaltv.md\/index.php?rest_route=\/wp\/v2\/users\/1"}],"replies":[{"embeddable":true,"href":"https:\/\/canalregionaltv.md\/index.php?rest_route=%2Fwp%2Fv2%2Fcomments&post=3657"}],"version-history":[{"count":0,"href":"https:\/\/canalregionaltv.md\/index.php?rest_route=\/wp\/v2\/posts\/3657\/revisions"}],"wp:attachment":[{"href":"https:\/\/canalregionaltv.md\/index.php?rest_route=%2Fwp%2Fv2%2Fmedia&parent=3657"}],"wp:term":[{"taxonomy":"category","embeddable":true,"href":"https:\/\/canalregionaltv.md\/index.php?rest_route=%2Fwp%2Fv2%2Fcategories&post=3657"},{"taxonomy":"post_tag","embeddable":true,"href":"https:\/\/canalregionaltv.md\/index.php?rest_route=%2Fwp%2Fv2%2Ftags&post=3657"}],"curies":[{"name":"wp","href":"https:\/\/api.w.org\/{rel}","templated":true}]}}